{"id":145493,"date":"2024-12-16T17:48:33","date_gmt":"2024-12-16T17:48:33","guid":{"rendered":"https:\/\/www.nettali.com\/?p=145493"},"modified":"2024-12-16T17:48:33","modified_gmt":"2024-12-16T17:48:33","slug":"madiambal-diagne-je-parie-que-les-pv-de-mes-auditions-ne-seront-pas-fuites","status":"publish","type":"post","link":"https:\/\/www.nettali.com\/2024\/12\/16\/madiambal-diagne-je-parie-que-les-pv-de-mes-auditions-ne-seront-pas-fuites\/","title":{"rendered":"MADIAMBAL DIAGNE - \u00abJe parie que les Pv de mes auditions ne seront pas fuit\u00e9s ! \u00bb"},"content":{"rendered":"<div class=\"xdj266r x11i5rnm xat24cr x1mh8g0r x1vvkbs x126k92a\">\n<div dir=\"auto\"><strong>NETTALICOM - Auditionn\u00e9 \u00e0 trois reprises par la S\u00fbret\u00e9 Urbaine, Madiambal Diagne fait le r\u00e9sum\u00e9 de ses diff\u00e9rents face \u00e0 face avec les enqu\u00eateurs. Il est convaincu que le contenu de ses proc\u00e8s verbaux ne va pas fuiter.<\/strong><\/div>\n<div dir=\"auto\"><\/div>\n<\/div>\n<div class=\"x11i5rnm xat24cr x1mh8g0r x1vvkbs xtlvy1s x126k92a\">\n<div dir=\"auto\"><em>\"J\u2019ai \u00e9t\u00e9 entendu, le vendredi 13 D\u00e9cembre 2024 et le lundi 16 D\u00e9cembre 2024, par les enqu\u00eateurs de la Brigade de la S\u00fbret\u00e9 Urbaine de Dakar. \u00c0 cette occasion, de nombreuses personnes au S\u00e9n\u00e9gal et \u00e0 l\u2019\u00e9tranger, indign\u00e9es, m\u2019ont manifest\u00e9 leur solidarit\u00e9. Je tiens \u00e0 leur t\u00e9moigner de ma profonde gratitude. Je ne saurais, en aucune fa\u00e7on, participer \u00e0 la violation du \u00ab secret d\u2019une enqu\u00eate p\u00e9nale \u00bb. Cependant, il convient de pr\u00e9ciser, \u00e0 l\u2019attention de l\u2019opinion publique, un certain nombre de faits\"<\/em>, \u00e9crit-il d'embl\u00e9e.<\/div>\n<div dir=\"auto\"><\/div>\n<\/div>\n<div class=\"x11i5rnm xat24cr x1mh8g0r x1vvkbs xtlvy1s x126k92a\">\n<div dir=\"auto\"><em>\"Le Premier ministre Ousmane Sonko avait d\u00e9pos\u00e9 une plainte contre moi, durant la campagne \u00e9lectorale des derni\u00e8res \u00e9lections l\u00e9gislatives auxquelles j\u2019\u00e9tais candidat malheureux. Il avait estim\u00e9 que des propos, que j\u2019avais tenus dans une \u00e9mission t\u00e9l\u00e9vis\u00e9e, \u00e9taient diffamatoires \u00e0 son \u00e9gard. La proc\u00e9dure n\u2019avait pas \u00e9t\u00e9 instruite et pour cause. Mais apr\u00e8s que j\u2019ai d\u00e9clar\u00e9, \u00e0 l\u2019issue de ces \u00e9lections, prendre du recul, observer une pause sur mes interventions publiques, d\u2019aucuns ont d\u2019interpr\u00e9t\u00e9 cette nouvelle posture comme une reculade, une d\u00e9robade. Ainsi, Ousmane Sonko a d\u00e9pos\u00e9 une nouvelle plainte pour diffamation, injures publiques, diffusion de fausses nouvelles et tenez-vous bien, \u00ab man\u0153uvres tendant \u00e0 provoquer des troubles politiques graves \u00bb. <\/em><\/div>\n<div dir=\"auto\"><em>Les enqu\u00eateurs de la police ont joint les deux proc\u00e9dures. Il ressort manifestement que le sieur Sonko a voulu s\u2019\u00e9riger en Procureur de la R\u00e9publique. Aussi, les faits relev\u00e9s dans sa plainte pour \u00ab diffamation, injures publiques et diffusion de fausses nouvelles \u00bb, remontent aux ann\u00e9es 2022 et 2023 et sont donc couverts par la prescription p\u00e9nale. Les propos relev\u00e9s pour l\u2019ann\u00e9e 2024 ont \u00e9t\u00e9 tenus durant la campagne des \u00e9lections l\u00e9gislatives et ainsi couverts par l\u2019immunit\u00e9 donn\u00e9e aux candidats par les dispositions de l\u2019article L 117 du Code \u00e9lectoral s\u00e9n\u00e9galais. En tout \u00e9tat de cause, j\u2019ai assum\u00e9 l\u2019int\u00e9gralit\u00e9 des propos que j\u2019ai eus \u00e0 tenir et j\u2019ai apport\u00e9 aux enqu\u00eateurs toutes les pr\u00e9cisions factuelles n\u00e9cessaires. Je parie que la f\u00e2cheuse habitude de voir, des proc\u00e8s-verbaux d\u2019enqu\u00eates p\u00e9nales ouvertes contre des journalistes et des opposants politiques, \u00ab fuiter \u00bb dans certains m\u00e9dias proches du r\u00e9gime Pastef, ne sera pas de mise dans le cas d\u2019esp\u00e8ce. Il y a lieu de souligner que je me suis \u00e9tonn\u00e9 que des questions essentielles, qui ont marqu\u00e9 la vie publique et qui ont provoqu\u00e9 tout le charivari que le S\u00e9n\u00e9gal a connu ces derniers mois et ann\u00e9es, ont \u00e9t\u00e9 absents de mes auditions par ce que n\u2019\u00e9tant curieusement pas vis\u00e9s par la plainte de Ousmane Sonko. Au demeurant je r\u00e9it\u00e8re mon engagement \u00e0 t\u00e9moigner, au cas o\u00f9 des enqu\u00eates officielles seraient ouvertes, sur le \u00ab Protocole du Cap Manuel \u00bb et sur l\u2019Affaire Adji Raby Sarr. Je tiens \u00e0 remercier mon ami et conseil Me Elhadji Amadou Sall, qui m\u2019a assist\u00e9 durant toute ma pr\u00e9sence dans les locaux de la police. L\u2019audition a dur\u00e9 environ trois heures mais j\u2019ai, \u00e0 mon corps d\u00e9fendant, pass\u00e9 plus de 12 heures \u00e0 la police, sans qu\u2019une garde-\u00e0-vue ne me soit notifi\u00e9e. C\u2019est dire que mon supplice peut constituer une forme de torture psychologique et m\u00eame physique\"<\/em>, explique Madiambal Diagne.<\/div>\n<\/div>\n<div class=\"x11i5rnm xat24cr x1mh8g0r x1vvkbs xtlvy1s x126k92a\">\n<div dir=\"auto\"><\/div>\n<div dir=\"auto\">Le lundi 16 d\u00e9cembre 2024, ajoute Madiambal, <em>\"j\u2019ai \u00e9t\u00e9 entendu, sur une plainte de Mamadou Lamine Diop dit \u00ab Diop Ta\u00eff \u00bb, membre du Cabinet du Premier ministre Sonko. Le plaignant s\u2019offusque que j\u2019aie apport\u00e9 un soutien, dans un post de mon compte X, \u00e0 Abdou Nguer, victime de blessures et qui a port\u00e9 plainte contre lui. Abdou Nguer avait post\u00e9 une vid\u00e9o montrant ses blessures et indiquant avoir d\u00e9pos\u00e9 une plainte contre \u00ab Diop Ta\u00eff \u00bb qui l\u2019a agress\u00e9 au couteau, au sortir d\u2019une \u00e9mission. J\u2019ai r\u00e9pliqu\u00e9 \u00e0 la plainte de \u00ab Diop Ta\u00eff \u00bb par une plainte pour \u00ab d\u00e9nonciation calomnieuse \u00bb, sur le fondement de l\u2019article 362 du Code p\u00e9nal s\u00e9n\u00e9galais. Cette plainte a \u00e9t\u00e9 d\u00e9pos\u00e9e \u00e0 la fin de mon audition\".<\/em><\/div>\n<\/div>\n<div class=\"x11i5rnm xat24cr x1mh8g0r x1vvkbs xtlvy1s x126k92a\">\n<div dir=\"auto\"><\/div>\n<div dir=\"auto\">Le m\u00eame jour,\u00a0 lundi 16 d\u00e9cembre 2024, fait remarquer le promoteur du groupe de presse \"Avenir communication\", <em>\" j\u2019ai \u00e9t\u00e9 entendu, sur une plainte de Abdoulaye Sylla, patron de l\u2019entreprise Ecotra et devenu homme politique\". \"Abdoulaye Sylla m\u2019a associ\u00e9 \u00e0 la plainte qu\u2019il a formul\u00e9e contre le Journal Le Quotidien, pour une publication du 6 ao\u00fbt 2024. Il est de notori\u00e9t\u00e9 publique que je ne suis ni le Directeur de publication de ce journal encore moins l\u2019auteur de l\u2019article. Le fait de m\u2019associer \u00e0 la plainte constitue une v\u00e9ritable aberration. Il convient aussi de souligner que, par la voix de son avocat Me Demba Cir\u00e9 Bathily, l\u2019entreprise Ecotra, avait d\u00e9j\u00e0 us\u00e9 de son \u00ab droit de r\u00e9ponse \u00bb, dans l\u2019\u00e9dition du journal Le Quotidien du lendemain, le 7 ao\u00fbt 2024. C\u2019est dire que cette plainte semble bien avoir d\u2019autres motivations. Je dois sinc\u00e8rement dire que cela m\u2019attriste beaucoup. Abdoulaye Sylla a pu passer pour \u00eatre un ami. Au nom de notre guide religieux commun, le d\u00e9funt Serigne Saliou Mback\u00e9, il lui arrivait de m\u2019envoyer parfois un mouton \u00e0 l\u2019occasion de la Tabaski ou un Taureau pour le Magal de Touba. Assur\u00e9ment, la conjoncture politique, qui impose \u00e0 certains esprits faibles de chercher \u00e0 tout prix \u00e0 plaire \u00e0 Ousmane Sonko, peut dicter certaines postures indignes. Je ne me permettrai pas de porter plainte contre Abdoulaye Sylla. J\u2019en aurais honte\"<\/em>, conclut-il.<\/div>\n<\/div>\n<div class=\"x11i5rnm xat24cr x1mh8g0r x1vvkbs xtlvy1s x126k92a\"><\/div>\n<div class=\"x11i5rnm xat24cr x1mh8g0r x1vvkbs xtlvy1s x126k92a\">\n<div dir=\"auto\"><\/div>\n<\/div>\n<div class='share-to-whatsapp-wrapper'><div class='share-on-whsp'>PARTAGER SUR : <\/div><a data-text='MADIAMBAL DIAGNE - \u00abJe parie que les Pv de mes auditions ne seront pas fuit\u00e9s ! \u00bb' data-link='https:\/\/www.nettali.com\/2024\/12\/16\/madiambal-diagne-je-parie-que-les-pv-de-mes-auditions-ne-seront-pas-fuites\/' class='whatsapp-button whatsapp-share'>WhatsApp<\/a><div class='clear '><\/div><\/div>","protected":false},"excerpt":{"rendered":"<p>NETTALICOM - Auditionn\u00e9 \u00e0 trois reprises par la S\u00fbret\u00e9 Urbaine, Madiambal Diagne fait le r\u00e9sum\u00e9 de ses diff\u00e9rents face \u00e0 face avec les enqu\u00eateurs. Il est convaincu que le contenu de ses proc\u00e8s verbaux ne va pas fuiter. \"J\u2019ai \u00e9t\u00e9 entendu, le vendredi 13 D\u00e9cembre 2024 et le lundi 16 D\u00e9cembre 2024, par les enqu\u00eateurs [&hellip;]<\/p>\n","protected":false},"author":4,"featured_media":11117,"comment_status":"open","ping_status":"open","sticky":false,"template":"","format":"standard","meta":{"_et_pb_use_builder":"","_et_pb_old_content":""},"categories":[2],"tags":[],"yoast_head":"<!-- This site is optimized with the Yoast SEO Premium plugin v17.8 (Yoast SEO v17.8) - https:\/\/yoast.com\/wordpress\/plugins\/seo\/ -->\n<title>MADIAMBAL DIAGNE - \u00abJe parie que les Pv de mes auditions ne seront pas fuit\u00e9s ! \u00bb | Nettali.com<\/title>\n<meta name=\"robots\" content=\"index, follow, max-snippet:-1, max-image-preview:large, max-video-preview:-1\" \/>\n<link rel=\"canonical\" href=\"https:\/\/www.nettali.com\/2024\/12\/16\/madiambal-diagne-je-parie-que-les-pv-de-mes-auditions-ne-seront-pas-fuites\/\" \/>\n<meta property=\"og:locale\" content=\"fr_FR\" \/>\n<meta property=\"og:type\" content=\"article\" \/>\n<meta property=\"og:title\" content=\"MADIAMBAL DIAGNE - \u00abJe parie que les Pv de mes auditions ne seront pas fuit\u00e9s ! \u00bb\" \/>\n<meta property=\"og:description\" content=\"NETTALICOM - Auditionn\u00e9 \u00e0 trois reprises par la S\u00fbret\u00e9 Urbaine, Madiambal Diagne fait le r\u00e9sum\u00e9 de ses diff\u00e9rents face \u00e0 face avec les enqu\u00eateurs. Il est convaincu que le contenu de ses proc\u00e8s verbaux ne va pas fuiter. &quot;J\u2019ai \u00e9t\u00e9 entendu, le vendredi 13 D\u00e9cembre 2024 et le lundi 16 D\u00e9cembre 2024, par les enqu\u00eateurs [&hellip;]\" \/>\n<meta property=\"og:url\" content=\"https:\/\/www.nettali.com\/2024\/12\/16\/madiambal-diagne-je-parie-que-les-pv-de-mes-auditions-ne-seront-pas-fuites\/\" \/>\n<meta property=\"og:site_name\" content=\"Nettali.com\" \/>\n<meta property=\"article:publisher\" content=\"https:\/\/www.facebook.com\/nettalicom\" \/>\n<meta property=\"article:published_time\" content=\"2024-12-16T17:48:33+00:00\" \/>\n<meta property=\"og:image\" content=\"https:\/\/www.nettali.com\/wp-content\/uploads\/2019\/06\/Madiambal-diagne.jpg\" \/>\n\t<meta property=\"og:image:width\" content=\"613\" \/>\n\t<meta property=\"og:image:height\" content=\"472\" \/>\n<meta name=\"twitter:card\" content=\"summary_large_image\" \/>\n<meta name=\"twitter:label1\" content=\"\u00c9crit par\" \/>\n\t<meta name=\"twitter:data1\" content=\"Daouda\" \/>\n\t<meta name=\"twitter:label2\" content=\"Dur\u00e9e de lecture estim\u00e9e\" \/>\n\t<meta name=\"twitter:data2\" content=\"5 minutes\" \/>\n<script type=\"application\/ld+json\" class=\"yoast-schema-graph\">{\"@context\":\"https:\/\/schema.org\",\"@graph\":[{\"@type\":\"WebSite\",\"@id\":\"https:\/\/www.nettali.com\/#website\",\"url\":\"https:\/\/www.nettali.com\/\",\"name\":\"Nettali.com\",\"description\":\"Le rendez-vous critique du Net\",\"potentialAction\":[{\"@type\":\"SearchAction\",\"target\":{\"@type\":\"EntryPoint\",\"urlTemplate\":\"https:\/\/www.nettali.com\/?s={search_term_string}\"},\"query-input\":\"required name=search_term_string\"}],\"inLanguage\":\"fr-FR\"},{\"@type\":\"ImageObject\",\"@id\":\"https:\/\/www.nettali.com\/2024\/12\/16\/madiambal-diagne-je-parie-que-les-pv-de-mes-auditions-ne-seront-pas-fuites\/#primaryimage\",\"inLanguage\":\"fr-FR\",\"url\":\"https:\/\/www.nettali.com\/wp-content\/uploads\/2019\/06\/Madiambal-diagne.jpg\",\"contentUrl\":\"https:\/\/www.nettali.com\/wp-content\/uploads\/2019\/06\/Madiambal-diagne.jpg\",\"width\":613,\"height\":472},{\"@type\":\"WebPage\",\"@id\":\"https:\/\/www.nettali.com\/2024\/12\/16\/madiambal-diagne-je-parie-que-les-pv-de-mes-auditions-ne-seront-pas-fuites\/#webpage\",\"url\":\"https:\/\/www.nettali.com\/2024\/12\/16\/madiambal-diagne-je-parie-que-les-pv-de-mes-auditions-ne-seront-pas-fuites\/\",\"name\":\"MADIAMBAL DIAGNE - \\u00abJe parie que les Pv de mes auditions ne seront pas fuit\\u00e9s ! \\u00bb | Nettali.com\",\"isPartOf\":{\"@id\":\"https:\/\/www.nettali.com\/#website\"},\"primaryImageOfPage\":{\"@id\":\"https:\/\/www.nettali.com\/2024\/12\/16\/madiambal-diagne-je-parie-que-les-pv-de-mes-auditions-ne-seront-pas-fuites\/#primaryimage\"},\"datePublished\":\"2024-12-16T17:48:33+00:00\",\"dateModified\":\"2024-12-16T17:48:33+00:00\",\"author\":{\"@id\":\"https:\/\/www.nettali.com\/#\/schema\/person\/3317e0bb3aa1da309fbf7b2780901bf4\"},\"breadcrumb\":{\"@id\":\"https:\/\/www.nettali.com\/2024\/12\/16\/madiambal-diagne-je-parie-que-les-pv-de-mes-auditions-ne-seront-pas-fuites\/#breadcrumb\"},\"inLanguage\":\"fr-FR\",\"potentialAction\":[{\"@type\":\"ReadAction\",\"target\":[\"https:\/\/www.nettali.com\/2024\/12\/16\/madiambal-diagne-je-parie-que-les-pv-de-mes-auditions-ne-seront-pas-fuites\/\"]}]},{\"@type\":\"BreadcrumbList\",\"@id\":\"https:\/\/www.nettali.com\/2024\/12\/16\/madiambal-diagne-je-parie-que-les-pv-de-mes-auditions-ne-seront-pas-fuites\/#breadcrumb\",\"itemListElement\":[{\"@type\":\"ListItem\",\"position\":1,\"name\":\"Accueil\",\"item\":\"https:\/\/www.nettali.com\/\"},{\"@type\":\"ListItem\",\"position\":2,\"name\":\"MADIAMBAL DIAGNE - \\u00abJe parie que les Pv de mes auditions ne seront pas fuit\\u00e9s ! \\u00bb\"}]},{\"@type\":\"Person\",\"@id\":\"https:\/\/www.nettali.com\/#\/schema\/person\/3317e0bb3aa1da309fbf7b2780901bf4\",\"name\":\"Daouda\",\"image\":{\"@type\":\"ImageObject\",\"@id\":\"https:\/\/www.nettali.com\/#personlogo\",\"inLanguage\":\"fr-FR\",\"url\":\"https:\/\/secure.gravatar.com\/avatar\/8d143b5a49345098ddcfee1c49c2f47c?s=96&d=mm&r=g\",\"contentUrl\":\"https:\/\/secure.gravatar.com\/avatar\/8d143b5a49345098ddcfee1c49c2f47c?s=96&d=mm&r=g\",\"caption\":\"Daouda\"},\"sameAs\":[\"https:\/\/www.nettali.com\"]}]}<\/script>\n<!-- \/ Yoast SEO Premium plugin. -->","yoast_head_json":{"title":"MADIAMBAL DIAGNE - \u00abJe parie que les Pv de mes auditions ne seront pas fuit\u00e9s ! \u00bb | Nettali.com","robots":{"index":"index","follow":"follow","max-snippet":"max-snippet:-1","max-image-preview":"max-image-preview:large","max-video-preview":"max-video-preview:-1"},"canonical":"https:\/\/www.nettali.com\/2024\/12\/16\/madiambal-diagne-je-parie-que-les-pv-de-mes-auditions-ne-seront-pas-fuites\/","og_locale":"fr_FR","og_type":"article","og_title":"MADIAMBAL DIAGNE - \u00abJe parie que les Pv de mes auditions ne seront pas fuit\u00e9s ! \u00bb","og_description":"NETTALICOM - Auditionn\u00e9 \u00e0 trois reprises par la S\u00fbret\u00e9 Urbaine, Madiambal Diagne fait le r\u00e9sum\u00e9 de ses diff\u00e9rents face \u00e0 face avec les enqu\u00eateurs. Il est convaincu que le contenu de ses proc\u00e8s verbaux ne va pas fuiter. \"J\u2019ai \u00e9t\u00e9 entendu, le vendredi 13 D\u00e9cembre 2024 et le lundi 16 D\u00e9cembre 2024, par les enqu\u00eateurs [&hellip;]","og_url":"https:\/\/www.nettali.com\/2024\/12\/16\/madiambal-diagne-je-parie-que-les-pv-de-mes-auditions-ne-seront-pas-fuites\/","og_site_name":"Nettali.com","article_publisher":"https:\/\/www.facebook.com\/nettalicom","article_published_time":"2024-12-16T17:48:33+00:00","og_image":[{"width":613,"height":472,"url":"https:\/\/www.nettali.com\/wp-content\/uploads\/2019\/06\/Madiambal-diagne.jpg","type":"image\/jpeg"}],"twitter_card":"summary_large_image","twitter_misc":{"\u00c9crit par":"Daouda","Dur\u00e9e de lecture estim\u00e9e":"5 minutes"},"schema":{"@context":"https:\/\/schema.org","@graph":[{"@type":"WebSite","@id":"https:\/\/www.nettali.com\/#website","url":"https:\/\/www.nettali.com\/","name":"Nettali.com","description":"Le rendez-vous critique du Net","potentialAction":[{"@type":"SearchAction","target":{"@type":"EntryPoint","urlTemplate":"https:\/\/www.nettali.com\/?s={search_term_string}"},"query-input":"required name=search_term_string"}],"inLanguage":"fr-FR"},{"@type":"ImageObject","@id":"https:\/\/www.nettali.com\/2024\/12\/16\/madiambal-diagne-je-parie-que-les-pv-de-mes-auditions-ne-seront-pas-fuites\/#primaryimage","inLanguage":"fr-FR","url":"https:\/\/www.nettali.com\/wp-content\/uploads\/2019\/06\/Madiambal-diagne.jpg","contentUrl":"https:\/\/www.nettali.com\/wp-content\/uploads\/2019\/06\/Madiambal-diagne.jpg","width":613,"height":472},{"@type":"WebPage","@id":"https:\/\/www.nettali.com\/2024\/12\/16\/madiambal-diagne-je-parie-que-les-pv-de-mes-auditions-ne-seront-pas-fuites\/#webpage","url":"https:\/\/www.nettali.com\/2024\/12\/16\/madiambal-diagne-je-parie-que-les-pv-de-mes-auditions-ne-seront-pas-fuites\/","name":"MADIAMBAL DIAGNE - \u00abJe parie que les Pv de mes auditions ne seront pas fuit\u00e9s ! \u00bb | Nettali.com","isPartOf":{"@id":"https:\/\/www.nettali.com\/#website"},"primaryImageOfPage":{"@id":"https:\/\/www.nettali.com\/2024\/12\/16\/madiambal-diagne-je-parie-que-les-pv-de-mes-auditions-ne-seront-pas-fuites\/#primaryimage"},"datePublished":"2024-12-16T17:48:33+00:00","dateModified":"2024-12-16T17:48:33+00:00","author":{"@id":"https:\/\/www.nettali.com\/#\/schema\/person\/3317e0bb3aa1da309fbf7b2780901bf4"},"breadcrumb":{"@id":"https:\/\/www.nettali.com\/2024\/12\/16\/madiambal-diagne-je-parie-que-les-pv-de-mes-auditions-ne-seront-pas-fuites\/#breadcrumb"},"inLanguage":"fr-FR","potentialAction":[{"@type":"ReadAction","target":["https:\/\/www.nettali.com\/2024\/12\/16\/madiambal-diagne-je-parie-que-les-pv-de-mes-auditions-ne-seront-pas-fuites\/"]}]},{"@type":"BreadcrumbList","@id":"https:\/\/www.nettali.com\/2024\/12\/16\/madiambal-diagne-je-parie-que-les-pv-de-mes-auditions-ne-seront-pas-fuites\/#breadcrumb","itemListElement":[{"@type":"ListItem","position":1,"name":"Accueil","item":"https:\/\/www.nettali.com\/"},{"@type":"ListItem","position":2,"name":"MADIAMBAL DIAGNE - \u00abJe parie que les Pv de mes auditions ne seront pas fuit\u00e9s ! \u00bb"}]},{"@type":"Person","@id":"https:\/\/www.nettali.com\/#\/schema\/person\/3317e0bb3aa1da309fbf7b2780901bf4","name":"Daouda","image":{"@type":"ImageObject","@id":"https:\/\/www.nettali.com\/#personlogo","inLanguage":"fr-FR","url":"https:\/\/secure.gravatar.com\/avatar\/8d143b5a49345098ddcfee1c49c2f47c?s=96&d=mm&r=g","contentUrl":"https:\/\/secure.gravatar.com\/avatar\/8d143b5a49345098ddcfee1c49c2f47c?s=96&d=mm&r=g","caption":"Daouda"},"sameAs":["https:\/\/www.nettali.com"]}]}},"_links":{"self":[{"href":"https:\/\/www.nettali.com\/rest\/wp\/v2\/posts\/145493"}],"collection":[{"href":"https:\/\/www.nettali.com\/rest\/wp\/v2\/posts"}],"about":[{"href":"https:\/\/www.nettali.com\/rest\/wp\/v2\/types\/post"}],"author":[{"embeddable":true,"href":"https:\/\/www.nettali.com\/rest\/wp\/v2\/users\/4"}],"replies":[{"embeddable":true,"href":"https:\/\/www.nettali.com\/rest\/wp\/v2\/comments?post=145493"}],"version-history":[{"count":1,"href":"https:\/\/www.nettali.com\/rest\/wp\/v2\/posts\/145493\/revisions"}],"predecessor-version":[{"id":145494,"href":"https:\/\/www.nettali.com\/rest\/wp\/v2\/posts\/145493\/revisions\/145494"}],"wp:featuredmedia":[{"embeddable":true,"href":"https:\/\/www.nettali.com\/rest\/wp\/v2\/media\/11117"}],"wp:attachment":[{"href":"https:\/\/www.nettali.com\/rest\/wp\/v2\/media?parent=145493"}],"wp:term":[{"taxonomy":"category","embeddable":true,"href":"https:\/\/www.nettali.com\/rest\/wp\/v2\/categories?post=145493"},{"taxonomy":"post_tag","embeddable":true,"href":"https:\/\/www.nettali.com\/rest\/wp\/v2\/tags?post=145493"}],"curies":[{"name":"wp","href":"https:\/\/api.w.org\/{rel}","templated":true}]}}