{"id":145482,"date":"2024-12-16T17:13:17","date_gmt":"2024-12-16T17:13:17","guid":{"rendered":"https:\/\/www.nettali.com\/?p=145482"},"modified":"2024-12-16T17:13:17","modified_gmt":"2024-12-16T17:13:17","slug":"accuse-detre-un-nervi-le-lutteur-zarco-annonce-une-plainte-contre-le-depute-tambedou","status":"publish","type":"post","link":"https:\/\/www.nettali.com\/2024\/12\/16\/accuse-detre-un-nervi-le-lutteur-zarco-annonce-une-plainte-contre-le-depute-tambedou\/","title":{"rendered":"ACCUS\u00c9 D'ETRE UN NERVI - Le lutteur Zarco annonce une plainte contre le d\u00e9put\u00e9 Tamb\u00e9dou"},"content":{"rendered":"<p><strong>NETTALI.COM - Lors de la pl\u00e9ni\u00e8re du 14 d\u00e9cembre portant suppression du CESE et du HCCT, le d\u00e9put\u00e9 El Hadji Babacar TAMB\u00c9DOU a accus\u00e9 le lutteur de Grand Yoff Zarco d\u2019\u00eatre un nervi de l\u2019ancien r\u00e9gime qui a recrut\u00e9 des jeunes pour r\u00e9primer les populations lors des manifestations.<\/strong><\/p>\n<p>Une d\u00e9claration faite devant le ministre de la Justice pour demander qu\u2019une enqu\u00eate soit diligent\u00e9e afin de conna\u00eetre les coupables des morts lors de ces \u00e9v\u00e9nements.<\/p>\n<p>Se disant t\u00e9moin oculaire, le d\u00e9put\u00e9 du pouvoir a \u00e9t\u00e9 d\u00e9menti par le lutteur. Dans un live, Zarco s\u2019est lav\u00e9 \u00e0 grande eau et dit n\u2019\u00eatre li\u00e9 de pr\u00e8s ou de loin \u00e0 cette faire. Il annonce une plainte contre El hadj Tamb\u00e9dou pour diffamation.<\/p>\n<div class='share-to-whatsapp-wrapper'><div class='share-on-whsp'>PARTAGER SUR : <\/div><a data-text='ACCUS\u00c9 D'ETRE UN NERVI - Le lutteur Zarco annonce une plainte contre le d\u00e9put\u00e9 Tamb\u00e9dou' data-link='https:\/\/www.nettali.com\/2024\/12\/16\/accuse-detre-un-nervi-le-lutteur-zarco-annonce-une-plainte-contre-le-depute-tambedou\/' class='whatsapp-button whatsapp-share'>WhatsApp<\/a><div class='clear '><\/div><\/div>","protected":false},"excerpt":{"rendered":"<p>NETTALI.COM - Lors de la pl\u00e9ni\u00e8re du 14 d\u00e9cembre portant suppression du CESE et du HCCT, le d\u00e9put\u00e9 El Hadji Babacar TAMB\u00c9DOU a accus\u00e9 le lutteur de Grand Yoff Zarco d\u2019\u00eatre un nervi de l\u2019ancien r\u00e9gime qui a recrut\u00e9 des jeunes pour r\u00e9primer les populations lors des manifestations. Une d\u00e9claration faite devant le ministre de [&hellip;]<\/p>\n","protected":false},"author":5,"featured_media":145483,"comment_status":"open","ping_status":"open","sticky":false,"template":"","format":"standard","meta":{"_et_pb_use_builder":"","_et_pb_old_content":""},"categories":[3],"tags":[],"yoast_head":"<!-- This site is optimized with the Yoast SEO Premium plugin v17.8 (Yoast SEO v17.8) - https:\/\/yoast.com\/wordpress\/plugins\/seo\/ -->\n<title>ACCUS\u00c9 D&#039;ETRE UN NERVI - Le lutteur Zarco annonce une plainte contre le d\u00e9put\u00e9 Tamb\u00e9dou | Nettali.com<\/title>\n<meta name=\"robots\" content=\"index, follow, max-snippet:-1, max-image-preview:large, max-video-preview:-1\" \/>\n<link rel=\"canonical\" href=\"https:\/\/www.nettali.com\/2024\/12\/16\/accuse-detre-un-nervi-le-lutteur-zarco-annonce-une-plainte-contre-le-depute-tambedou\/\" \/>\n<meta property=\"og:locale\" content=\"fr_FR\" \/>\n<meta property=\"og:type\" content=\"article\" \/>\n<meta property=\"og:title\" content=\"ACCUS\u00c9 D&#039;ETRE UN NERVI - Le lutteur Zarco annonce une plainte contre le d\u00e9put\u00e9 Tamb\u00e9dou\" \/>\n<meta property=\"og:description\" content=\"NETTALI.COM - Lors de la pl\u00e9ni\u00e8re du 14 d\u00e9cembre portant suppression du CESE et du HCCT, le d\u00e9put\u00e9 El Hadji Babacar TAMB\u00c9DOU a accus\u00e9 le lutteur de Grand Yoff Zarco d\u2019\u00eatre un nervi de l\u2019ancien r\u00e9gime qui a recrut\u00e9 des jeunes pour r\u00e9primer les populations lors des manifestations. Une d\u00e9claration faite devant le ministre de [&hellip;]\" \/>\n<meta property=\"og:url\" content=\"https:\/\/www.nettali.com\/2024\/12\/16\/accuse-detre-un-nervi-le-lutteur-zarco-annonce-une-plainte-contre-le-depute-tambedou\/\" \/>\n<meta property=\"og:site_name\" content=\"Nettali.com\" \/>\n<meta property=\"article:publisher\" content=\"https:\/\/www.facebook.com\/nettalicom\" \/>\n<meta property=\"article:published_time\" content=\"2024-12-16T17:13:17+00:00\" \/>\n<meta property=\"og:image\" content=\"https:\/\/www.nettali.com\/wp-content\/uploads\/2024\/12\/inbound4285876388458285185.jpg\" \/>\n\t<meta property=\"og:image:width\" content=\"1052\" \/>\n\t<meta property=\"og:image:height\" content=\"762\" \/>\n<meta name=\"twitter:card\" content=\"summary_large_image\" \/>\n<meta name=\"twitter:label1\" content=\"\u00c9crit par\" \/>\n\t<meta name=\"twitter:data1\" content=\"Ibrahima\" \/>\n\t<meta name=\"twitter:label2\" content=\"Dur\u00e9e de lecture estim\u00e9e\" \/>\n\t<meta name=\"twitter:data2\" content=\"1 minute\" \/>\n<script type=\"application\/ld+json\" class=\"yoast-schema-graph\">{\"@context\":\"https:\/\/schema.org\",\"@graph\":[{\"@type\":\"WebSite\",\"@id\":\"https:\/\/www.nettali.com\/#website\",\"url\":\"https:\/\/www.nettali.com\/\",\"name\":\"Nettali.com\",\"description\":\"Le rendez-vous critique du Net\",\"potentialAction\":[{\"@type\":\"SearchAction\",\"target\":{\"@type\":\"EntryPoint\",\"urlTemplate\":\"https:\/\/www.nettali.com\/?s={search_term_string}\"},\"query-input\":\"required name=search_term_string\"}],\"inLanguage\":\"fr-FR\"},{\"@type\":\"ImageObject\",\"@id\":\"https:\/\/www.nettali.com\/2024\/12\/16\/accuse-detre-un-nervi-le-lutteur-zarco-annonce-une-plainte-contre-le-depute-tambedou\/#primaryimage\",\"inLanguage\":\"fr-FR\",\"url\":\"https:\/\/www.nettali.com\/wp-content\/uploads\/2024\/12\/inbound4285876388458285185.jpg\",\"contentUrl\":\"https:\/\/www.nettali.com\/wp-content\/uploads\/2024\/12\/inbound4285876388458285185.jpg\",\"width\":1052,\"height\":762},{\"@type\":\"WebPage\",\"@id\":\"https:\/\/www.nettali.com\/2024\/12\/16\/accuse-detre-un-nervi-le-lutteur-zarco-annonce-une-plainte-contre-le-depute-tambedou\/#webpage\",\"url\":\"https:\/\/www.nettali.com\/2024\/12\/16\/accuse-detre-un-nervi-le-lutteur-zarco-annonce-une-plainte-contre-le-depute-tambedou\/\",\"name\":\"ACCUS\\u00c9 D'ETRE UN NERVI - Le lutteur Zarco annonce une plainte contre le d\\u00e9put\\u00e9 Tamb\\u00e9dou | Nettali.com\",\"isPartOf\":{\"@id\":\"https:\/\/www.nettali.com\/#website\"},\"primaryImageOfPage\":{\"@id\":\"https:\/\/www.nettali.com\/2024\/12\/16\/accuse-detre-un-nervi-le-lutteur-zarco-annonce-une-plainte-contre-le-depute-tambedou\/#primaryimage\"},\"datePublished\":\"2024-12-16T17:13:17+00:00\",\"dateModified\":\"2024-12-16T17:13:17+00:00\",\"author\":{\"@id\":\"https:\/\/www.nettali.com\/#\/schema\/person\/bb147657c2986240405a608162b9bb23\"},\"breadcrumb\":{\"@id\":\"https:\/\/www.nettali.com\/2024\/12\/16\/accuse-detre-un-nervi-le-lutteur-zarco-annonce-une-plainte-contre-le-depute-tambedou\/#breadcrumb\"},\"inLanguage\":\"fr-FR\",\"potentialAction\":[{\"@type\":\"ReadAction\",\"target\":[\"https:\/\/www.nettali.com\/2024\/12\/16\/accuse-detre-un-nervi-le-lutteur-zarco-annonce-une-plainte-contre-le-depute-tambedou\/\"]}]},{\"@type\":\"BreadcrumbList\",\"@id\":\"https:\/\/www.nettali.com\/2024\/12\/16\/accuse-detre-un-nervi-le-lutteur-zarco-annonce-une-plainte-contre-le-depute-tambedou\/#breadcrumb\",\"itemListElement\":[{\"@type\":\"ListItem\",\"position\":1,\"name\":\"Accueil\",\"item\":\"https:\/\/www.nettali.com\/\"},{\"@type\":\"ListItem\",\"position\":2,\"name\":\"ACCUS\\u00c9 D'ETRE UN NERVI - Le lutteur Zarco annonce une plainte contre le d\\u00e9put\\u00e9 Tamb\\u00e9dou\"}]},{\"@type\":\"Person\",\"@id\":\"https:\/\/www.nettali.com\/#\/schema\/person\/bb147657c2986240405a608162b9bb23\",\"name\":\"Ibrahima\",\"image\":{\"@type\":\"ImageObject\",\"@id\":\"https:\/\/www.nettali.com\/#personlogo\",\"inLanguage\":\"fr-FR\",\"url\":\"https:\/\/secure.gravatar.com\/avatar\/26a8a81f09f0dd7624c9d5c36c9ba3a2?s=96&d=mm&r=g\",\"contentUrl\":\"https:\/\/secure.gravatar.com\/avatar\/26a8a81f09f0dd7624c9d5c36c9ba3a2?s=96&d=mm&r=g\",\"caption\":\"Ibrahima\"},\"sameAs\":[\"https:\/\/www.nettali.com\"]}]}<\/script>\n<!-- \/ Yoast SEO Premium plugin. -->","yoast_head_json":{"title":"ACCUS\u00c9 D'ETRE UN NERVI - Le lutteur Zarco annonce une plainte contre le d\u00e9put\u00e9 Tamb\u00e9dou | Nettali.com","robots":{"index":"index","follow":"follow","max-snippet":"max-snippet:-1","max-image-preview":"max-image-preview:large","max-video-preview":"max-video-preview:-1"},"canonical":"https:\/\/www.nettali.com\/2024\/12\/16\/accuse-detre-un-nervi-le-lutteur-zarco-annonce-une-plainte-contre-le-depute-tambedou\/","og_locale":"fr_FR","og_type":"article","og_title":"ACCUS\u00c9 D'ETRE UN NERVI - Le lutteur Zarco annonce une plainte contre le d\u00e9put\u00e9 Tamb\u00e9dou","og_description":"NETTALI.COM - Lors de la pl\u00e9ni\u00e8re du 14 d\u00e9cembre portant suppression du CESE et du HCCT, le d\u00e9put\u00e9 El Hadji Babacar TAMB\u00c9DOU a accus\u00e9 le lutteur de Grand Yoff Zarco d\u2019\u00eatre un nervi de l\u2019ancien r\u00e9gime qui a recrut\u00e9 des jeunes pour r\u00e9primer les populations lors des manifestations. Une d\u00e9claration faite devant le ministre de [&hellip;]","og_url":"https:\/\/www.nettali.com\/2024\/12\/16\/accuse-detre-un-nervi-le-lutteur-zarco-annonce-une-plainte-contre-le-depute-tambedou\/","og_site_name":"Nettali.com","article_publisher":"https:\/\/www.facebook.com\/nettalicom","article_published_time":"2024-12-16T17:13:17+00:00","og_image":[{"width":1052,"height":762,"url":"https:\/\/www.nettali.com\/wp-content\/uploads\/2024\/12\/inbound4285876388458285185.jpg","type":"image\/jpeg"}],"twitter_card":"summary_large_image","twitter_misc":{"\u00c9crit par":"Ibrahima","Dur\u00e9e de lecture estim\u00e9e":"1 minute"},"schema":{"@context":"https:\/\/schema.org","@graph":[{"@type":"WebSite","@id":"https:\/\/www.nettali.com\/#website","url":"https:\/\/www.nettali.com\/","name":"Nettali.com","description":"Le rendez-vous critique du Net","potentialAction":[{"@type":"SearchAction","target":{"@type":"EntryPoint","urlTemplate":"https:\/\/www.nettali.com\/?s={search_term_string}"},"query-input":"required name=search_term_string"}],"inLanguage":"fr-FR"},{"@type":"ImageObject","@id":"https:\/\/www.nettali.com\/2024\/12\/16\/accuse-detre-un-nervi-le-lutteur-zarco-annonce-une-plainte-contre-le-depute-tambedou\/#primaryimage","inLanguage":"fr-FR","url":"https:\/\/www.nettali.com\/wp-content\/uploads\/2024\/12\/inbound4285876388458285185.jpg","contentUrl":"https:\/\/www.nettali.com\/wp-content\/uploads\/2024\/12\/inbound4285876388458285185.jpg","width":1052,"height":762},{"@type":"WebPage","@id":"https:\/\/www.nettali.com\/2024\/12\/16\/accuse-detre-un-nervi-le-lutteur-zarco-annonce-une-plainte-contre-le-depute-tambedou\/#webpage","url":"https:\/\/www.nettali.com\/2024\/12\/16\/accuse-detre-un-nervi-le-lutteur-zarco-annonce-une-plainte-contre-le-depute-tambedou\/","name":"ACCUS\u00c9 D'ETRE UN NERVI - Le lutteur Zarco annonce une plainte contre le d\u00e9put\u00e9 Tamb\u00e9dou | Nettali.com","isPartOf":{"@id":"https:\/\/www.nettali.com\/#website"},"primaryImageOfPage":{"@id":"https:\/\/www.nettali.com\/2024\/12\/16\/accuse-detre-un-nervi-le-lutteur-zarco-annonce-une-plainte-contre-le-depute-tambedou\/#primaryimage"},"datePublished":"2024-12-16T17:13:17+00:00","dateModified":"2024-12-16T17:13:17+00:00","author":{"@id":"https:\/\/www.nettali.com\/#\/schema\/person\/bb147657c2986240405a608162b9bb23"},"breadcrumb":{"@id":"https:\/\/www.nettali.com\/2024\/12\/16\/accuse-detre-un-nervi-le-lutteur-zarco-annonce-une-plainte-contre-le-depute-tambedou\/#breadcrumb"},"inLanguage":"fr-FR","potentialAction":[{"@type":"ReadAction","target":["https:\/\/www.nettali.com\/2024\/12\/16\/accuse-detre-un-nervi-le-lutteur-zarco-annonce-une-plainte-contre-le-depute-tambedou\/"]}]},{"@type":"BreadcrumbList","@id":"https:\/\/www.nettali.com\/2024\/12\/16\/accuse-detre-un-nervi-le-lutteur-zarco-annonce-une-plainte-contre-le-depute-tambedou\/#breadcrumb","itemListElement":[{"@type":"ListItem","position":1,"name":"Accueil","item":"https:\/\/www.nettali.com\/"},{"@type":"ListItem","position":2,"name":"ACCUS\u00c9 D'ETRE UN NERVI - Le lutteur Zarco annonce une plainte contre le d\u00e9put\u00e9 Tamb\u00e9dou"}]},{"@type":"Person","@id":"https:\/\/www.nettali.com\/#\/schema\/person\/bb147657c2986240405a608162b9bb23","name":"Ibrahima","image":{"@type":"ImageObject","@id":"https:\/\/www.nettali.com\/#personlogo","inLanguage":"fr-FR","url":"https:\/\/secure.gravatar.com\/avatar\/26a8a81f09f0dd7624c9d5c36c9ba3a2?s=96&d=mm&r=g","contentUrl":"https:\/\/secure.gravatar.com\/avatar\/26a8a81f09f0dd7624c9d5c36c9ba3a2?s=96&d=mm&r=g","caption":"Ibrahima"},"sameAs":["https:\/\/www.nettali.com"]}]}},"_links":{"self":[{"href":"https:\/\/www.nettali.com\/rest\/wp\/v2\/posts\/145482"}],"collection":[{"href":"https:\/\/www.nettali.com\/rest\/wp\/v2\/posts"}],"about":[{"href":"https:\/\/www.nettali.com\/rest\/wp\/v2\/types\/post"}],"author":[{"embeddable":true,"href":"https:\/\/www.nettali.com\/rest\/wp\/v2\/users\/5"}],"replies":[{"embeddable":true,"href":"https:\/\/www.nettali.com\/rest\/wp\/v2\/comments?post=145482"}],"version-history":[{"count":2,"href":"https:\/\/www.nettali.com\/rest\/wp\/v2\/posts\/145482\/revisions"}],"predecessor-version":[{"id":145487,"href":"https:\/\/www.nettali.com\/rest\/wp\/v2\/posts\/145482\/revisions\/145487"}],"wp:featuredmedia":[{"embeddable":true,"href":"https:\/\/www.nettali.com\/rest\/wp\/v2\/media\/145483"}],"wp:attachment":[{"href":"https:\/\/www.nettali.com\/rest\/wp\/v2\/media?parent=145482"}],"wp:term":[{"taxonomy":"category","embeddable":true,"href":"https:\/\/www.nettali.com\/rest\/wp\/v2\/categories?post=145482"},{"taxonomy":"post_tag","embeddable":true,"href":"https:\/\/www.nettali.com\/rest\/wp\/v2\/tags?post=145482"}],"curies":[{"name":"wp","href":"https:\/\/api.w.org\/{rel}","templated":true}]}}