{"id":145477,"date":"2024-12-16T17:12:37","date_gmt":"2024-12-16T17:12:37","guid":{"rendered":"https:\/\/www.nettali.com\/?p=145477"},"modified":"2024-12-16T17:12:37","modified_gmt":"2024-12-16T17:12:37","slug":"equipe-nationale-yehvann-diouf-choisit-le-senegal","status":"publish","type":"post","link":"https:\/\/www.nettali.com\/2024\/12\/16\/equipe-nationale-yehvann-diouf-choisit-le-senegal\/","title":{"rendered":"\u00c9QUIPE NATIONALE\u00a0 - Yehvann Diouf choisit le S\u00e9n\u00e9gal"},"content":{"rendered":"<p><strong>NETTALI.COM - Ancien international avec les s\u00e9lections de petites cat\u00e9gories de la France, le gardien de but Yehvann Diouf (25 ans) a finalement choisi la s\u00e9lection s\u00e9n\u00e9galaise. C\u2019est du moins ce que le portier du Stade de Reims a laiss\u00e9 entendre.<\/strong><\/p>\n<p>Gardien de but titulaire du Stade de Reims depuis trois saisons, Yehvann Diouf r\u00e9alise d\u2019excellentes performances en Ligue 1 fran\u00e7aise. Comme \u00e0 Strasbourg la semaine derni\u00e8re, le portier a encore \u00e9t\u00e9 d\u00e9terminant sur la pelouse du Stade Auguste-Delaune ce samedi, permettant aux R\u00e9mois d\u2019accrocher un nul face \u00e0 l\u2019AS Monaco (0-0). A 25 ans, le natif de Montreuil-sous-Bois est \u00e0 un tournant dans sa carri\u00e8re, notamment en s\u00e9lection.<\/p>\n<p>Pass\u00e9 par presque toutes les \u00e9quipes fran\u00e7aises de jeunes avec lesquelles il a jou\u00e9 jusqu\u2019en 2019, Yehvann Diouf a, semble-t-il, finalement d\u00e9cid\u00e9 de d\u00e9fendre les couleurs de la s\u00e9lection s\u00e9n\u00e9galaise. Il a fait comprendre son choix \u00e0 l\u2019issue de ce match contre Monaco. \"<em>J\u2019ai rencontr\u00e9 Pape Thiaw, on avait parl\u00e9, il m\u2019avait dit qu\u2019il voulait me s\u00e9lectionner<\/em>\", a confi\u00e9 l\u2019ancien joueur de l\u2019ESTAC Troyes, interrog\u00e9 en zone mixte par Pape Seck.<\/p>\n<p>Alors que Pape Thiaw vient d\u2019\u00eatre confirm\u00e9 par la FSF au poste de s\u00e9lectionneur des Lions, Diouf pourrait d\u00e9j\u00e0 \u00eatre appel\u00e9 pour le prochain rassemblement des Lions, en mars prochain, comptant pour les \u00e9liminatoires du Mondial 2026. Diouf est pr\u00eat, peu importe le r\u00f4le qui lui serait confi\u00e9. \"<em>Num\u00e9ro 1, num\u00e9ro 2, num\u00e9ro 3, je suis l\u00e0. Il (Pape Thiaw) a juste \u00e0 m\u2019appeler, il a mon num\u00e9ro, il me conna\u00eet. On a parl\u00e9 un petit peu. Ca d\u00e9pend de lui<\/em>.\"<\/p>\n<div class='share-to-whatsapp-wrapper'><div class='share-on-whsp'>PARTAGER SUR : <\/div><a data-text='\u00c9QUIPE NATIONALE\u00a0 - Yehvann Diouf choisit le S\u00e9n\u00e9gal' data-link='https:\/\/www.nettali.com\/2024\/12\/16\/equipe-nationale-yehvann-diouf-choisit-le-senegal\/' class='whatsapp-button whatsapp-share'>WhatsApp<\/a><div class='clear '><\/div><\/div>","protected":false},"excerpt":{"rendered":"<p>NETTALI.COM - Ancien international avec les s\u00e9lections de petites cat\u00e9gories de la France, le gardien de but Yehvann Diouf (25 ans) a finalement choisi la s\u00e9lection s\u00e9n\u00e9galaise. C\u2019est du moins ce que le portier du Stade de Reims a laiss\u00e9 entendre. Gardien de but titulaire du Stade de Reims depuis trois saisons, Yehvann Diouf r\u00e9alise [&hellip;]<\/p>\n","protected":false},"author":5,"featured_media":145478,"comment_status":"open","ping_status":"open","sticky":false,"template":"","format":"standard","meta":{"_et_pb_use_builder":"","_et_pb_old_content":""},"categories":[6],"tags":[],"yoast_head":"<!-- This site is optimized with the Yoast SEO Premium plugin v17.8 (Yoast SEO v17.8) - https:\/\/yoast.com\/wordpress\/plugins\/seo\/ -->\n<title>\u00c9QUIPE NATIONALE\u00a0 - Yehvann Diouf choisit le S\u00e9n\u00e9gal | Nettali.com<\/title>\n<meta name=\"robots\" content=\"index, follow, max-snippet:-1, max-image-preview:large, max-video-preview:-1\" \/>\n<link rel=\"canonical\" href=\"https:\/\/www.nettali.com\/2024\/12\/16\/equipe-nationale-yehvann-diouf-choisit-le-senegal\/\" \/>\n<meta property=\"og:locale\" content=\"fr_FR\" \/>\n<meta property=\"og:type\" content=\"article\" \/>\n<meta property=\"og:title\" content=\"\u00c9QUIPE NATIONALE\u00a0 - Yehvann Diouf choisit le S\u00e9n\u00e9gal\" \/>\n<meta property=\"og:description\" content=\"NETTALI.COM - Ancien international avec les s\u00e9lections de petites cat\u00e9gories de la France, le gardien de but Yehvann Diouf (25 ans) a finalement choisi la s\u00e9lection s\u00e9n\u00e9galaise. C\u2019est du moins ce que le portier du Stade de Reims a laiss\u00e9 entendre. Gardien de but titulaire du Stade de Reims depuis trois saisons, Yehvann Diouf r\u00e9alise [&hellip;]\" \/>\n<meta property=\"og:url\" content=\"https:\/\/www.nettali.com\/2024\/12\/16\/equipe-nationale-yehvann-diouf-choisit-le-senegal\/\" \/>\n<meta property=\"og:site_name\" content=\"Nettali.com\" \/>\n<meta property=\"article:publisher\" content=\"https:\/\/www.facebook.com\/nettalicom\" \/>\n<meta property=\"article:published_time\" content=\"2024-12-16T17:12:37+00:00\" \/>\n<meta property=\"og:image\" content=\"https:\/\/www.nettali.com\/wp-content\/uploads\/2024\/12\/yehvann-diouf-dernier-rempart-d-une-defense-remoise-tres-solide-ces-derniers-mois-photo-sipa-christophe-saidi-1679148123.jpg\" \/>\n\t<meta property=\"og:image:width\" content=\"1600\" \/>\n\t<meta property=\"og:image:height\" content=\"1067\" \/>\n<meta name=\"twitter:card\" content=\"summary_large_image\" \/>\n<meta name=\"twitter:label1\" content=\"\u00c9crit par\" \/>\n\t<meta name=\"twitter:data1\" content=\"Ibrahima\" \/>\n\t<meta name=\"twitter:label2\" content=\"Dur\u00e9e de lecture estim\u00e9e\" \/>\n\t<meta name=\"twitter:data2\" content=\"2 minutes\" \/>\n<script type=\"application\/ld+json\" class=\"yoast-schema-graph\">{\"@context\":\"https:\/\/schema.org\",\"@graph\":[{\"@type\":\"WebSite\",\"@id\":\"https:\/\/www.nettali.com\/#website\",\"url\":\"https:\/\/www.nettali.com\/\",\"name\":\"Nettali.com\",\"description\":\"Le rendez-vous critique du Net\",\"potentialAction\":[{\"@type\":\"SearchAction\",\"target\":{\"@type\":\"EntryPoint\",\"urlTemplate\":\"https:\/\/www.nettali.com\/?s={search_term_string}\"},\"query-input\":\"required name=search_term_string\"}],\"inLanguage\":\"fr-FR\"},{\"@type\":\"ImageObject\",\"@id\":\"https:\/\/www.nettali.com\/2024\/12\/16\/equipe-nationale-yehvann-diouf-choisit-le-senegal\/#primaryimage\",\"inLanguage\":\"fr-FR\",\"url\":\"https:\/\/www.nettali.com\/wp-content\/uploads\/2024\/12\/yehvann-diouf-dernier-rempart-d-une-defense-remoise-tres-solide-ces-derniers-mois-photo-sipa-christophe-saidi-1679148123.jpg\",\"contentUrl\":\"https:\/\/www.nettali.com\/wp-content\/uploads\/2024\/12\/yehvann-diouf-dernier-rempart-d-une-defense-remoise-tres-solide-ces-derniers-mois-photo-sipa-christophe-saidi-1679148123.jpg\",\"width\":1600,\"height\":1067},{\"@type\":\"WebPage\",\"@id\":\"https:\/\/www.nettali.com\/2024\/12\/16\/equipe-nationale-yehvann-diouf-choisit-le-senegal\/#webpage\",\"url\":\"https:\/\/www.nettali.com\/2024\/12\/16\/equipe-nationale-yehvann-diouf-choisit-le-senegal\/\",\"name\":\"\\u00c9QUIPE NATIONALE\\u00a0 - Yehvann Diouf choisit le S\\u00e9n\\u00e9gal | Nettali.com\",\"isPartOf\":{\"@id\":\"https:\/\/www.nettali.com\/#website\"},\"primaryImageOfPage\":{\"@id\":\"https:\/\/www.nettali.com\/2024\/12\/16\/equipe-nationale-yehvann-diouf-choisit-le-senegal\/#primaryimage\"},\"datePublished\":\"2024-12-16T17:12:37+00:00\",\"dateModified\":\"2024-12-16T17:12:37+00:00\",\"author\":{\"@id\":\"https:\/\/www.nettali.com\/#\/schema\/person\/bb147657c2986240405a608162b9bb23\"},\"breadcrumb\":{\"@id\":\"https:\/\/www.nettali.com\/2024\/12\/16\/equipe-nationale-yehvann-diouf-choisit-le-senegal\/#breadcrumb\"},\"inLanguage\":\"fr-FR\",\"potentialAction\":[{\"@type\":\"ReadAction\",\"target\":[\"https:\/\/www.nettali.com\/2024\/12\/16\/equipe-nationale-yehvann-diouf-choisit-le-senegal\/\"]}]},{\"@type\":\"BreadcrumbList\",\"@id\":\"https:\/\/www.nettali.com\/2024\/12\/16\/equipe-nationale-yehvann-diouf-choisit-le-senegal\/#breadcrumb\",\"itemListElement\":[{\"@type\":\"ListItem\",\"position\":1,\"name\":\"Accueil\",\"item\":\"https:\/\/www.nettali.com\/\"},{\"@type\":\"ListItem\",\"position\":2,\"name\":\"\\u00c9QUIPE NATIONALE\\u00a0 - Yehvann Diouf choisit le S\\u00e9n\\u00e9gal\"}]},{\"@type\":\"Person\",\"@id\":\"https:\/\/www.nettali.com\/#\/schema\/person\/bb147657c2986240405a608162b9bb23\",\"name\":\"Ibrahima\",\"image\":{\"@type\":\"ImageObject\",\"@id\":\"https:\/\/www.nettali.com\/#personlogo\",\"inLanguage\":\"fr-FR\",\"url\":\"https:\/\/secure.gravatar.com\/avatar\/26a8a81f09f0dd7624c9d5c36c9ba3a2?s=96&d=mm&r=g\",\"contentUrl\":\"https:\/\/secure.gravatar.com\/avatar\/26a8a81f09f0dd7624c9d5c36c9ba3a2?s=96&d=mm&r=g\",\"caption\":\"Ibrahima\"},\"sameAs\":[\"https:\/\/www.nettali.com\"]}]}<\/script>\n<!-- \/ Yoast SEO Premium plugin. -->","yoast_head_json":{"title":"\u00c9QUIPE NATIONALE\u00a0 - Yehvann Diouf choisit le S\u00e9n\u00e9gal | Nettali.com","robots":{"index":"index","follow":"follow","max-snippet":"max-snippet:-1","max-image-preview":"max-image-preview:large","max-video-preview":"max-video-preview:-1"},"canonical":"https:\/\/www.nettali.com\/2024\/12\/16\/equipe-nationale-yehvann-diouf-choisit-le-senegal\/","og_locale":"fr_FR","og_type":"article","og_title":"\u00c9QUIPE NATIONALE\u00a0 - Yehvann Diouf choisit le S\u00e9n\u00e9gal","og_description":"NETTALI.COM - Ancien international avec les s\u00e9lections de petites cat\u00e9gories de la France, le gardien de but Yehvann Diouf (25 ans) a finalement choisi la s\u00e9lection s\u00e9n\u00e9galaise. C\u2019est du moins ce que le portier du Stade de Reims a laiss\u00e9 entendre. Gardien de but titulaire du Stade de Reims depuis trois saisons, Yehvann Diouf r\u00e9alise [&hellip;]","og_url":"https:\/\/www.nettali.com\/2024\/12\/16\/equipe-nationale-yehvann-diouf-choisit-le-senegal\/","og_site_name":"Nettali.com","article_publisher":"https:\/\/www.facebook.com\/nettalicom","article_published_time":"2024-12-16T17:12:37+00:00","og_image":[{"width":1600,"height":1067,"url":"https:\/\/www.nettali.com\/wp-content\/uploads\/2024\/12\/yehvann-diouf-dernier-rempart-d-une-defense-remoise-tres-solide-ces-derniers-mois-photo-sipa-christophe-saidi-1679148123.jpg","type":"image\/jpeg"}],"twitter_card":"summary_large_image","twitter_misc":{"\u00c9crit par":"Ibrahima","Dur\u00e9e de lecture estim\u00e9e":"2 minutes"},"schema":{"@context":"https:\/\/schema.org","@graph":[{"@type":"WebSite","@id":"https:\/\/www.nettali.com\/#website","url":"https:\/\/www.nettali.com\/","name":"Nettali.com","description":"Le rendez-vous critique du Net","potentialAction":[{"@type":"SearchAction","target":{"@type":"EntryPoint","urlTemplate":"https:\/\/www.nettali.com\/?s={search_term_string}"},"query-input":"required name=search_term_string"}],"inLanguage":"fr-FR"},{"@type":"ImageObject","@id":"https:\/\/www.nettali.com\/2024\/12\/16\/equipe-nationale-yehvann-diouf-choisit-le-senegal\/#primaryimage","inLanguage":"fr-FR","url":"https:\/\/www.nettali.com\/wp-content\/uploads\/2024\/12\/yehvann-diouf-dernier-rempart-d-une-defense-remoise-tres-solide-ces-derniers-mois-photo-sipa-christophe-saidi-1679148123.jpg","contentUrl":"https:\/\/www.nettali.com\/wp-content\/uploads\/2024\/12\/yehvann-diouf-dernier-rempart-d-une-defense-remoise-tres-solide-ces-derniers-mois-photo-sipa-christophe-saidi-1679148123.jpg","width":1600,"height":1067},{"@type":"WebPage","@id":"https:\/\/www.nettali.com\/2024\/12\/16\/equipe-nationale-yehvann-diouf-choisit-le-senegal\/#webpage","url":"https:\/\/www.nettali.com\/2024\/12\/16\/equipe-nationale-yehvann-diouf-choisit-le-senegal\/","name":"\u00c9QUIPE NATIONALE\u00a0 - Yehvann Diouf choisit le S\u00e9n\u00e9gal | Nettali.com","isPartOf":{"@id":"https:\/\/www.nettali.com\/#website"},"primaryImageOfPage":{"@id":"https:\/\/www.nettali.com\/2024\/12\/16\/equipe-nationale-yehvann-diouf-choisit-le-senegal\/#primaryimage"},"datePublished":"2024-12-16T17:12:37+00:00","dateModified":"2024-12-16T17:12:37+00:00","author":{"@id":"https:\/\/www.nettali.com\/#\/schema\/person\/bb147657c2986240405a608162b9bb23"},"breadcrumb":{"@id":"https:\/\/www.nettali.com\/2024\/12\/16\/equipe-nationale-yehvann-diouf-choisit-le-senegal\/#breadcrumb"},"inLanguage":"fr-FR","potentialAction":[{"@type":"ReadAction","target":["https:\/\/www.nettali.com\/2024\/12\/16\/equipe-nationale-yehvann-diouf-choisit-le-senegal\/"]}]},{"@type":"BreadcrumbList","@id":"https:\/\/www.nettali.com\/2024\/12\/16\/equipe-nationale-yehvann-diouf-choisit-le-senegal\/#breadcrumb","itemListElement":[{"@type":"ListItem","position":1,"name":"Accueil","item":"https:\/\/www.nettali.com\/"},{"@type":"ListItem","position":2,"name":"\u00c9QUIPE NATIONALE\u00a0 - Yehvann Diouf choisit le S\u00e9n\u00e9gal"}]},{"@type":"Person","@id":"https:\/\/www.nettali.com\/#\/schema\/person\/bb147657c2986240405a608162b9bb23","name":"Ibrahima","image":{"@type":"ImageObject","@id":"https:\/\/www.nettali.com\/#personlogo","inLanguage":"fr-FR","url":"https:\/\/secure.gravatar.com\/avatar\/26a8a81f09f0dd7624c9d5c36c9ba3a2?s=96&d=mm&r=g","contentUrl":"https:\/\/secure.gravatar.com\/avatar\/26a8a81f09f0dd7624c9d5c36c9ba3a2?s=96&d=mm&r=g","caption":"Ibrahima"},"sameAs":["https:\/\/www.nettali.com"]}]}},"_links":{"self":[{"href":"https:\/\/www.nettali.com\/rest\/wp\/v2\/posts\/145477"}],"collection":[{"href":"https:\/\/www.nettali.com\/rest\/wp\/v2\/posts"}],"about":[{"href":"https:\/\/www.nettali.com\/rest\/wp\/v2\/types\/post"}],"author":[{"embeddable":true,"href":"https:\/\/www.nettali.com\/rest\/wp\/v2\/users\/5"}],"replies":[{"embeddable":true,"href":"https:\/\/www.nettali.com\/rest\/wp\/v2\/comments?post=145477"}],"version-history":[{"count":1,"href":"https:\/\/www.nettali.com\/rest\/wp\/v2\/posts\/145477\/revisions"}],"predecessor-version":[{"id":145479,"href":"https:\/\/www.nettali.com\/rest\/wp\/v2\/posts\/145477\/revisions\/145479"}],"wp:featuredmedia":[{"embeddable":true,"href":"https:\/\/www.nettali.com\/rest\/wp\/v2\/media\/145478"}],"wp:attachment":[{"href":"https:\/\/www.nettali.com\/rest\/wp\/v2\/media?parent=145477"}],"wp:term":[{"taxonomy":"category","embeddable":true,"href":"https:\/\/www.nettali.com\/rest\/wp\/v2\/categories?post=145477"},{"taxonomy":"post_tag","embeddable":true,"href":"https:\/\/www.nettali.com\/rest\/wp\/v2\/tags?post=145477"}],"curies":[{"name":"wp","href":"https:\/\/api.w.org\/{rel}","templated":true}]}}