{"id":145454,"date":"2024-12-16T08:55:45","date_gmt":"2024-12-16T08:55:45","guid":{"rendered":"https:\/\/www.nettali.com\/?p=145454"},"modified":"2024-12-16T08:55:45","modified_gmt":"2024-12-16T08:55:45","slug":"sommet-de-la-cedeao-et-de-laes-entre-retrait-irreversible-et-derniers-efforts-de-mediation","status":"publish","type":"post","link":"https:\/\/www.nettali.com\/2024\/12\/16\/sommet-de-la-cedeao-et-de-laes-entre-retrait-irreversible-et-derniers-efforts-de-mediation\/","title":{"rendered":"SOMMET DE LA CEDEAO ET DE L\u2019AES - Entre retrait \"irr\u00e9versible\" et derniers efforts de m\u00e9diation"},"content":{"rendered":"<p><strong>NETTALI.COM - La Communaut\u00e9 \u00e9conomique des \u00c9tats de l'Afrique de l'Ouest (CEDEAO) traverse l\u2019une des crises les plus complexes de son histoire. R\u00e9unis hier \u00e0 Abuja, les chefs d\u2019\u00c9tat et de gouvernement de l\u2019organisation ont fait face \u00e0 une situation in\u00e9dite : la volont\u00e9 affich\u00e9e des r\u00e9gimes militaires du Burkina Faso, du Mali et du Niger \u2013 regroup\u00e9s au sein de l\u2019Alliance des \u00c9tats du Sahel (AES) \u2013 de quitter d\u00e9finitivement la CEDEAO \u00e0 la fin du mois de janvier 2025.<\/strong><\/p>\n<p>Alors que les tensions s\u2019exacerbent, les dirigeants de la CEDEAO tentent, dans un dernier \u00e9lan diplomatique, de convaincre les trois pays sah\u00e9liens de revenir sur leur d\u00e9cision. La prolongation de la mission de m\u00e9diation des pr\u00e9sidents s\u00e9n\u00e9galais Bassirou Diomaye Faye et togolais Faure Gnassingb\u00e9 jusqu\u2019en juillet 2025, traduit une volont\u00e9 manifeste de ne pas rompre le dialogue.<\/p>\n<p>Toutefois, les pays de l\u2019AES, absents de ce sommet, maintiennent une position ferme, affirmant que leur d\u00e9part est \u201cirr\u00e9versible\u201d. Les deux jeunes chefs d\u2019\u00c9tat ont \u00e9t\u00e9 mandat\u00e9s pour poursuivre les efforts de m\u00e9diation. Lors du sommet, Omar Touray, pr\u00e9sident de la Commission de la CEDEAO, a annonc\u00e9 une p\u00e9riode de transition jusqu\u2019au 29 juillet 2025. Cette initiative vise \u00e0 maintenir les portes ouvertes pour les trois pays sah\u00e9liens et \u00e0 permettre un dialogue constructif.<\/p>\n<p>Le pr\u00e9sident Bassirou Diomaye Faye, qui s\u2019est engag\u00e9 avec d\u00e9termination dans cette mission, a r\u00e9cemment d\u00e9clar\u00e9 qu\u2019il faisait des progr\u00e8s dans les n\u00e9gociations. Selon lui, il n\u2019y a aucune raison valable pour que les trois pays quittent d\u00e9finitivement la CEDEAO, compte tenu des d\u00e9fis s\u00e9curitaires communs.<\/p>\n<p>De son c\u00f4t\u00e9, le pr\u00e9sident togolais Faure Gnassingb\u00e9 joue un r\u00f4le discret, mais crucial dans ce processus. Connu pour sa diplomatie pragmatique, il a multipli\u00e9 les rencontres avec les dirigeants sah\u00e9liens pour apaiser les tensions et trouver un terrain d\u2019entente.<\/p>\n<p>Le retrait du Burkina Faso, du Mali et du Niger repr\u00e9sente un v\u00e9ritable tournant pour la CEDEAO. Au-del\u00e0 des enjeux politiques et s\u00e9curitaires, cette crise met en lumi\u00e8re la n\u00e9cessit\u00e9 pour l\u2019organisation de se r\u00e9inventer afin de r\u00e9pondre aux attentes de ses \u00c9tats membres et de leurs populations.<\/p>\n<p>La rupture entre la CEDEAO et les \u00c9tats du Sahel s\u2019inscrit dans un cadre complexe marqu\u00e9 par une succession de coups d\u2019\u00c9tat militaires dans la r\u00e9gion. Depuis 2020, le Mali a connu deux renversements de pouvoir suivis par deux autres au Burkina Faso en 2022 et, plus r\u00e9cemment, par celui du Niger en juillet 2023. Ces crises politiques et institutionnelles ont \u00e9branl\u00e9 l\u2019organisation ouest-africaine, qui s\u2019est retrouv\u00e9e face \u00e0 un dilemme : respecter son principe d\u2019intransigeance vis-\u00e0-vis des changements anticonstitutionnels de pouvoir ou faire preuve de flexibilit\u00e9 face \u00e0 des r\u00e9alit\u00e9s locales complexes.<\/p>\n<p>La CEDEAO avait notamment adopt\u00e9 une posture ferme, apr\u00e8s le coup d\u2019\u00c9tat au Niger en juillet 2023, en mena\u00e7ant d\u2019une intervention militaire et en imposant de lourdes sanctions \u00e9conomiques \u00e0 Niamey. Si ces sanctions ont depuis \u00e9t\u00e9 lev\u00e9es, elles ont laiss\u00e9 des s\u00e9quelles profondes et aliment\u00e9 le sentiment, au sein des r\u00e9gimes militaires sah\u00e9liens, d\u2019une instrumentalisation de l\u2019organisation par des puissances \u00e9trang\u00e8res, en particulier la France.<\/p>\n<p><strong>Une d\u00e9cision irr\u00e9versible pour l\u2019AES<\/strong><\/p>\n<p>Deux jours avant le sommet d\u2019Abuja, les r\u00e9gimes militaires du Mali, du Burkina Faso et du Niger avaient d\u00e9j\u00e0 annonc\u00e9 que leur retrait de la CEDEAO \u00e9tait \u201cirr\u00e9versible\u201d. Cette d\u00e9claration est le prolongement d\u2019une dynamique amorc\u00e9e en janvier 2024, lorsqu\u2019ils avaient formalis\u00e9 leur d\u00e9part par un communiqu\u00e9 conjoint.<\/p>\n<p>Pour les dirigeants sah\u00e9liens, la CEDEAO a \u00e9chou\u00e9 \u00e0 r\u00e9pondre aux besoins pressants de leurs populations, particuli\u00e8rement en mati\u00e8re de s\u00e9curit\u00e9. Depuis une d\u00e9cennie, les trois pays sont confront\u00e9s \u00e0 des insurrections djihadistes qui ont fait des dizaines de milliers de morts et d\u00e9plac\u00e9 des millions de personnes. Cette incapacit\u00e9 \u00e0 stabiliser la r\u00e9gion a nourri un sentiment de d\u00e9fiance envers l\u2019organisation r\u00e9gionale.<\/p>\n<p>Par ailleurs, les pays de l\u2019AES reprochent \u00e0 la CEDEAO une trop grande proximit\u00e9 avec des partenaires \u00e9trangers comme la France, qu\u2019ils accusent d\u2019influence n\u00e9ocoloniale. Dans cette logique, ils ont choisi de se tourner vers des partenaires jug\u00e9s plus \u201csinc\u00e8res\u201d tels que la Russie, renfor\u00e7ant ainsi leur coop\u00e9ration militaire, \u00e9conomique et strat\u00e9gique avec Moscou.<\/p>\n<p><strong>Les enjeux s\u00e9curitaires et \u00e9conomiques : des r\u00e9alit\u00e9s divergentes<\/strong><\/p>\n<p>La fracture entre l\u2019AES et la CEDEAO est accentu\u00e9e par des visions divergentes en mati\u00e8re de s\u00e9curit\u00e9 et d\u2019\u00e9conomie r\u00e9gionale. Pour la CEDEAO, la stabilit\u00e9 politique des \u00c9tats membres constitue un pr\u00e9alable indispensable pour faire face aux menaces s\u00e9curitaires. Toutefois, les r\u00e9gimes militaires sah\u00e9liens estiment que la lutte contre le terrorisme n\u00e9cessite une approche pragmatique, parfois \u00e9loign\u00e9e des principes d\u00e9mocratiques impos\u00e9s par l\u2019organisation.<\/p>\n<p>Dans ce contexte, les pays de l\u2019AES cherchent \u00e0 renforcer leur int\u00e9gration r\u00e9gionale \u00e0 travers des mesures concr\u00e8tes. Ils ont r\u00e9cemment sign\u00e9 un protocole d\u2019accord visant \u00e0 supprimer les frais d\u2019itin\u00e9rance t\u00e9l\u00e9phonique (roaming) entre leurs pays, une mesure qui facilitera les communications et la circulation des citoyens. Par ailleurs, ils ambitionnent d\u2019harmoniser leurs documents de voyage et leurs politiques d\u2019immigration, dans le but de garantir une libre circulation des biens et des personnes.<\/p>\n<p><strong>La question mon\u00e9taire : vers une autonomie financi\u00e8re ?<\/strong><\/p>\n<p>Un autre sujet majeur reste en suspens : l\u2019avenir mon\u00e9taire des pays de l\u2019AES. Membres de l\u2019Union \u00e9conomique et mon\u00e9taire ouestafricaine (UEMOA), ils utilisent toujours le franc CFA, une monnaie largement critiqu\u00e9e pour son arrimage \u00e0 l\u2019euro et sa gestion par le Tr\u00e9sor fran\u00e7ais. Les dirigeants sah\u00e9liens ont plusieurs fois \u00e9voqu\u00e9 la possibilit\u00e9 de quitter la zone CFA afin de cr\u00e9er une monnaie ind\u00e9pendante qui r\u00e9pondrait mieux aux besoins de leurs \u00e9conomies. Cette question, hautement symbolique, illustre leur volont\u00e9 de s\u2019affranchir des influences ext\u00e9rieures et de b\u00e2tir une souverainet\u00e9 \u00e9conomique. Toutefois, une sortie du franc CFA reste complexe, car elle n\u00e9cessiterait des r\u00e9formes structurelles et une coop\u00e9ration mon\u00e9taire solide.<\/p>\n<p>La prolongation des efforts de m\u00e9diation jusqu\u2019en juillet 2025 offre une derni\u00e8re chance de r\u00e9conciliation. Toutefois, le succ\u00e8s de ces initiatives d\u00e9pendra de la capacit\u00e9 des dirigeants r\u00e9gionaux \u00e0 surmonter les divergences id\u00e9ologiques et \u00e0 proposer des solutions concr\u00e8tes aux d\u00e9fis s\u00e9curitaires, \u00e9conomiques et sociaux auxquels fait face la r\u00e9gion.<\/p>\n<p>Au moment o\u00f9 les \u00c9tats de l\u2019AES poursuivent leur chemin vers une int\u00e9gration renforc\u00e9e et une autonomie accrue, la CEDEAO se trouve face \u00e0 un choix historique : pr\u00e9server son unit\u00e9 en s\u2019adaptant aux nouvelles r\u00e9alit\u00e9s g\u00e9opolitiques ou risquer une fragmentation qui affaiblirait l\u2019ensemble de la r\u00e9gion. Quoi qu\u2019il advienne, l\u2019avenir de la coop\u00e9ration ouest-africaine est en jeu et les prochains mois s\u2019annoncent d\u00e9cisifs.<\/p>\n<div class='share-to-whatsapp-wrapper'><div class='share-on-whsp'>PARTAGER SUR : <\/div><a data-text='SOMMET DE LA CEDEAO ET DE L\u2019AES - Entre retrait \"irr\u00e9versible\" et derniers efforts de m\u00e9diation' data-link='https:\/\/www.nettali.com\/2024\/12\/16\/sommet-de-la-cedeao-et-de-laes-entre-retrait-irreversible-et-derniers-efforts-de-mediation\/' class='whatsapp-button whatsapp-share'>WhatsApp<\/a><div class='clear '><\/div><\/div>","protected":false},"excerpt":{"rendered":"<p>NETTALI.COM - La Communaut\u00e9 \u00e9conomique des \u00c9tats de l'Afrique de l'Ouest (CEDEAO) traverse l\u2019une des crises les plus complexes de son histoire. R\u00e9unis hier \u00e0 Abuja, les chefs d\u2019\u00c9tat et de gouvernement de l\u2019organisation ont fait face \u00e0 une situation in\u00e9dite : la volont\u00e9 affich\u00e9e des r\u00e9gimes militaires du Burkina Faso, du Mali et du [&hellip;]<\/p>\n","protected":false},"author":2,"featured_media":145455,"comment_status":"open","ping_status":"open","sticky":false,"template":"","format":"standard","meta":{"_et_pb_use_builder":"","_et_pb_old_content":""},"categories":[8],"tags":[],"yoast_head":"<!-- This site is optimized with the Yoast SEO Premium plugin v17.8 (Yoast SEO v17.8) - https:\/\/yoast.com\/wordpress\/plugins\/seo\/ -->\n<title>SOMMET DE LA CEDEAO ET DE L\u2019AES - Entre retrait &quot;irr\u00e9versible&quot; et derniers efforts de m\u00e9diation | Nettali.com<\/title>\n<meta name=\"robots\" content=\"index, follow, max-snippet:-1, max-image-preview:large, max-video-preview:-1\" \/>\n<link rel=\"canonical\" href=\"https:\/\/www.nettali.com\/2024\/12\/16\/sommet-de-la-cedeao-et-de-laes-entre-retrait-irreversible-et-derniers-efforts-de-mediation\/\" \/>\n<meta property=\"og:locale\" content=\"fr_FR\" \/>\n<meta property=\"og:type\" content=\"article\" \/>\n<meta property=\"og:title\" content=\"SOMMET DE LA CEDEAO ET DE L\u2019AES - Entre retrait &quot;irr\u00e9versible&quot; et derniers efforts de m\u00e9diation\" \/>\n<meta property=\"og:description\" content=\"NETTALI.COM - La Communaut\u00e9 \u00e9conomique des \u00c9tats de l&#039;Afrique de l&#039;Ouest (CEDEAO) traverse l\u2019une des crises les plus complexes de son histoire. R\u00e9unis hier \u00e0 Abuja, les chefs d\u2019\u00c9tat et de gouvernement de l\u2019organisation ont fait face \u00e0 une situation in\u00e9dite : la volont\u00e9 affich\u00e9e des r\u00e9gimes militaires du Burkina Faso, du Mali et du [&hellip;]\" \/>\n<meta property=\"og:url\" content=\"https:\/\/www.nettali.com\/2024\/12\/16\/sommet-de-la-cedeao-et-de-laes-entre-retrait-irreversible-et-derniers-efforts-de-mediation\/\" \/>\n<meta property=\"og:site_name\" content=\"Nettali.com\" \/>\n<meta property=\"article:publisher\" content=\"https:\/\/www.facebook.com\/nettalicom\" \/>\n<meta property=\"article:published_time\" content=\"2024-12-16T08:55:45+00:00\" \/>\n<meta property=\"og:image\" content=\"https:\/\/www.nettali.com\/wp-content\/uploads\/2024\/12\/81373187-58624257.jpg\" \/>\n\t<meta property=\"og:image:width\" content=\"1000\" \/>\n\t<meta property=\"og:image:height\" content=\"562\" \/>\n<meta name=\"twitter:card\" content=\"summary_large_image\" \/>\n<meta name=\"twitter:label1\" content=\"\u00c9crit par\" \/>\n\t<meta name=\"twitter:data1\" content=\"CK\" \/>\n\t<meta name=\"twitter:label2\" content=\"Dur\u00e9e de lecture estim\u00e9e\" \/>\n\t<meta name=\"twitter:data2\" content=\"6 minutes\" \/>\n<script type=\"application\/ld+json\" class=\"yoast-schema-graph\">{\"@context\":\"https:\/\/schema.org\",\"@graph\":[{\"@type\":\"WebSite\",\"@id\":\"https:\/\/www.nettali.com\/#website\",\"url\":\"https:\/\/www.nettali.com\/\",\"name\":\"Nettali.com\",\"description\":\"Le rendez-vous critique du Net\",\"potentialAction\":[{\"@type\":\"SearchAction\",\"target\":{\"@type\":\"EntryPoint\",\"urlTemplate\":\"https:\/\/www.nettali.com\/?s={search_term_string}\"},\"query-input\":\"required name=search_term_string\"}],\"inLanguage\":\"fr-FR\"},{\"@type\":\"ImageObject\",\"@id\":\"https:\/\/www.nettali.com\/2024\/12\/16\/sommet-de-la-cedeao-et-de-laes-entre-retrait-irreversible-et-derniers-efforts-de-mediation\/#primaryimage\",\"inLanguage\":\"fr-FR\",\"url\":\"https:\/\/www.nettali.com\/wp-content\/uploads\/2024\/12\/81373187-58624257.jpg\",\"contentUrl\":\"https:\/\/www.nettali.com\/wp-content\/uploads\/2024\/12\/81373187-58624257.jpg\",\"width\":1000,\"height\":562},{\"@type\":\"WebPage\",\"@id\":\"https:\/\/www.nettali.com\/2024\/12\/16\/sommet-de-la-cedeao-et-de-laes-entre-retrait-irreversible-et-derniers-efforts-de-mediation\/#webpage\",\"url\":\"https:\/\/www.nettali.com\/2024\/12\/16\/sommet-de-la-cedeao-et-de-laes-entre-retrait-irreversible-et-derniers-efforts-de-mediation\/\",\"name\":\"SOMMET DE LA CEDEAO ET DE L\\u2019AES - Entre retrait \\\"irr\\u00e9versible\\\" et derniers efforts de m\\u00e9diation | Nettali.com\",\"isPartOf\":{\"@id\":\"https:\/\/www.nettali.com\/#website\"},\"primaryImageOfPage\":{\"@id\":\"https:\/\/www.nettali.com\/2024\/12\/16\/sommet-de-la-cedeao-et-de-laes-entre-retrait-irreversible-et-derniers-efforts-de-mediation\/#primaryimage\"},\"datePublished\":\"2024-12-16T08:55:45+00:00\",\"dateModified\":\"2024-12-16T08:55:45+00:00\",\"author\":{\"@id\":\"https:\/\/www.nettali.com\/#\/schema\/person\/d8ac7b7e27ddad43f1c0d2ef090d7f71\"},\"breadcrumb\":{\"@id\":\"https:\/\/www.nettali.com\/2024\/12\/16\/sommet-de-la-cedeao-et-de-laes-entre-retrait-irreversible-et-derniers-efforts-de-mediation\/#breadcrumb\"},\"inLanguage\":\"fr-FR\",\"potentialAction\":[{\"@type\":\"ReadAction\",\"target\":[\"https:\/\/www.nettali.com\/2024\/12\/16\/sommet-de-la-cedeao-et-de-laes-entre-retrait-irreversible-et-derniers-efforts-de-mediation\/\"]}]},{\"@type\":\"BreadcrumbList\",\"@id\":\"https:\/\/www.nettali.com\/2024\/12\/16\/sommet-de-la-cedeao-et-de-laes-entre-retrait-irreversible-et-derniers-efforts-de-mediation\/#breadcrumb\",\"itemListElement\":[{\"@type\":\"ListItem\",\"position\":1,\"name\":\"Accueil\",\"item\":\"https:\/\/www.nettali.com\/\"},{\"@type\":\"ListItem\",\"position\":2,\"name\":\"SOMMET DE LA CEDEAO ET DE L\\u2019AES - Entre retrait \\\"irr\\u00e9versible\\\" et derniers efforts de m\\u00e9diation\"}]},{\"@type\":\"Person\",\"@id\":\"https:\/\/www.nettali.com\/#\/schema\/person\/d8ac7b7e27ddad43f1c0d2ef090d7f71\",\"name\":\"CK\",\"image\":{\"@type\":\"ImageObject\",\"@id\":\"https:\/\/www.nettali.com\/#personlogo\",\"inLanguage\":\"fr-FR\",\"url\":\"https:\/\/secure.gravatar.com\/avatar\/1d8d5118b9327d94da7cd4ce7f17fec2?s=96&d=mm&r=g\",\"contentUrl\":\"https:\/\/secure.gravatar.com\/avatar\/1d8d5118b9327d94da7cd4ce7f17fec2?s=96&d=mm&r=g\",\"caption\":\"CK\"},\"sameAs\":[\"https:\/\/www.nettali.com\"]}]}<\/script>\n<!-- \/ Yoast SEO Premium plugin. -->","yoast_head_json":{"title":"SOMMET DE LA CEDEAO ET DE L\u2019AES - Entre retrait \"irr\u00e9versible\" et derniers efforts de m\u00e9diation | Nettali.com","robots":{"index":"index","follow":"follow","max-snippet":"max-snippet:-1","max-image-preview":"max-image-preview:large","max-video-preview":"max-video-preview:-1"},"canonical":"https:\/\/www.nettali.com\/2024\/12\/16\/sommet-de-la-cedeao-et-de-laes-entre-retrait-irreversible-et-derniers-efforts-de-mediation\/","og_locale":"fr_FR","og_type":"article","og_title":"SOMMET DE LA CEDEAO ET DE L\u2019AES - Entre retrait \"irr\u00e9versible\" et derniers efforts de m\u00e9diation","og_description":"NETTALI.COM - La Communaut\u00e9 \u00e9conomique des \u00c9tats de l'Afrique de l'Ouest (CEDEAO) traverse l\u2019une des crises les plus complexes de son histoire. R\u00e9unis hier \u00e0 Abuja, les chefs d\u2019\u00c9tat et de gouvernement de l\u2019organisation ont fait face \u00e0 une situation in\u00e9dite : la volont\u00e9 affich\u00e9e des r\u00e9gimes militaires du Burkina Faso, du Mali et du [&hellip;]","og_url":"https:\/\/www.nettali.com\/2024\/12\/16\/sommet-de-la-cedeao-et-de-laes-entre-retrait-irreversible-et-derniers-efforts-de-mediation\/","og_site_name":"Nettali.com","article_publisher":"https:\/\/www.facebook.com\/nettalicom","article_published_time":"2024-12-16T08:55:45+00:00","og_image":[{"width":1000,"height":562,"url":"https:\/\/www.nettali.com\/wp-content\/uploads\/2024\/12\/81373187-58624257.jpg","type":"image\/jpeg"}],"twitter_card":"summary_large_image","twitter_misc":{"\u00c9crit par":"CK","Dur\u00e9e de lecture estim\u00e9e":"6 minutes"},"schema":{"@context":"https:\/\/schema.org","@graph":[{"@type":"WebSite","@id":"https:\/\/www.nettali.com\/#website","url":"https:\/\/www.nettali.com\/","name":"Nettali.com","description":"Le rendez-vous critique du Net","potentialAction":[{"@type":"SearchAction","target":{"@type":"EntryPoint","urlTemplate":"https:\/\/www.nettali.com\/?s={search_term_string}"},"query-input":"required name=search_term_string"}],"inLanguage":"fr-FR"},{"@type":"ImageObject","@id":"https:\/\/www.nettali.com\/2024\/12\/16\/sommet-de-la-cedeao-et-de-laes-entre-retrait-irreversible-et-derniers-efforts-de-mediation\/#primaryimage","inLanguage":"fr-FR","url":"https:\/\/www.nettali.com\/wp-content\/uploads\/2024\/12\/81373187-58624257.jpg","contentUrl":"https:\/\/www.nettali.com\/wp-content\/uploads\/2024\/12\/81373187-58624257.jpg","width":1000,"height":562},{"@type":"WebPage","@id":"https:\/\/www.nettali.com\/2024\/12\/16\/sommet-de-la-cedeao-et-de-laes-entre-retrait-irreversible-et-derniers-efforts-de-mediation\/#webpage","url":"https:\/\/www.nettali.com\/2024\/12\/16\/sommet-de-la-cedeao-et-de-laes-entre-retrait-irreversible-et-derniers-efforts-de-mediation\/","name":"SOMMET DE LA CEDEAO ET DE L\u2019AES - Entre retrait \"irr\u00e9versible\" et derniers efforts de m\u00e9diation | Nettali.com","isPartOf":{"@id":"https:\/\/www.nettali.com\/#website"},"primaryImageOfPage":{"@id":"https:\/\/www.nettali.com\/2024\/12\/16\/sommet-de-la-cedeao-et-de-laes-entre-retrait-irreversible-et-derniers-efforts-de-mediation\/#primaryimage"},"datePublished":"2024-12-16T08:55:45+00:00","dateModified":"2024-12-16T08:55:45+00:00","author":{"@id":"https:\/\/www.nettali.com\/#\/schema\/person\/d8ac7b7e27ddad43f1c0d2ef090d7f71"},"breadcrumb":{"@id":"https:\/\/www.nettali.com\/2024\/12\/16\/sommet-de-la-cedeao-et-de-laes-entre-retrait-irreversible-et-derniers-efforts-de-mediation\/#breadcrumb"},"inLanguage":"fr-FR","potentialAction":[{"@type":"ReadAction","target":["https:\/\/www.nettali.com\/2024\/12\/16\/sommet-de-la-cedeao-et-de-laes-entre-retrait-irreversible-et-derniers-efforts-de-mediation\/"]}]},{"@type":"BreadcrumbList","@id":"https:\/\/www.nettali.com\/2024\/12\/16\/sommet-de-la-cedeao-et-de-laes-entre-retrait-irreversible-et-derniers-efforts-de-mediation\/#breadcrumb","itemListElement":[{"@type":"ListItem","position":1,"name":"Accueil","item":"https:\/\/www.nettali.com\/"},{"@type":"ListItem","position":2,"name":"SOMMET DE LA CEDEAO ET DE L\u2019AES - Entre retrait \"irr\u00e9versible\" et derniers efforts de m\u00e9diation"}]},{"@type":"Person","@id":"https:\/\/www.nettali.com\/#\/schema\/person\/d8ac7b7e27ddad43f1c0d2ef090d7f71","name":"CK","image":{"@type":"ImageObject","@id":"https:\/\/www.nettali.com\/#personlogo","inLanguage":"fr-FR","url":"https:\/\/secure.gravatar.com\/avatar\/1d8d5118b9327d94da7cd4ce7f17fec2?s=96&d=mm&r=g","contentUrl":"https:\/\/secure.gravatar.com\/avatar\/1d8d5118b9327d94da7cd4ce7f17fec2?s=96&d=mm&r=g","caption":"CK"},"sameAs":["https:\/\/www.nettali.com"]}]}},"_links":{"self":[{"href":"https:\/\/www.nettali.com\/rest\/wp\/v2\/posts\/145454"}],"collection":[{"href":"https:\/\/www.nettali.com\/rest\/wp\/v2\/posts"}],"about":[{"href":"https:\/\/www.nettali.com\/rest\/wp\/v2\/types\/post"}],"author":[{"embeddable":true,"href":"https:\/\/www.nettali.com\/rest\/wp\/v2\/users\/2"}],"replies":[{"embeddable":true,"href":"https:\/\/www.nettali.com\/rest\/wp\/v2\/comments?post=145454"}],"version-history":[{"count":1,"href":"https:\/\/www.nettali.com\/rest\/wp\/v2\/posts\/145454\/revisions"}],"predecessor-version":[{"id":145456,"href":"https:\/\/www.nettali.com\/rest\/wp\/v2\/posts\/145454\/revisions\/145456"}],"wp:featuredmedia":[{"embeddable":true,"href":"https:\/\/www.nettali.com\/rest\/wp\/v2\/media\/145455"}],"wp:attachment":[{"href":"https:\/\/www.nettali.com\/rest\/wp\/v2\/media?parent=145454"}],"wp:term":[{"taxonomy":"category","embeddable":true,"href":"https:\/\/www.nettali.com\/rest\/wp\/v2\/categories?post=145454"},{"taxonomy":"post_tag","embeddable":true,"href":"https:\/\/www.nettali.com\/rest\/wp\/v2\/tags?post=145454"}],"curies":[{"name":"wp","href":"https:\/\/api.w.org\/{rel}","templated":true}]}}