{"id":145402,"date":"2024-12-14T18:28:28","date_gmt":"2024-12-14T18:28:28","guid":{"rendered":"https:\/\/www.nettali.com\/?p=145402"},"modified":"2024-12-14T18:28:28","modified_gmt":"2024-12-14T18:28:28","slug":"66e-session-ordinaire-de-la-cedeao-le-president-diomaye-faye-a-abuja","status":"publish","type":"post","link":"https:\/\/www.nettali.com\/2024\/12\/14\/66e-session-ordinaire-de-la-cedeao-le-president-diomaye-faye-a-abuja\/","title":{"rendered":"66e SESSION ORDINAIRE DE LA CEDEAO - Le pr\u00e9sident Diomaye Faye \u00e0 Abuja"},"content":{"rendered":"<p><strong>NETTALI.COM - Le chef de l\u2019\u00c9tat a quitt\u00e9 Dakar, samedi, pour se rendre \u00e0 Abuja o\u00f9 il va prendre part dimanche \u00e0 la 66<sup>e<\/sup>\u00a0session ordinaire de la Conf\u00e9rence des chefs d\u2019\u00c9tat et de gouvernement de la Communaut\u00e9 \u00e9conomique des \u00c9tats de l\u2019Afrique de l\u2019ouest (CEDEAO).<\/strong><\/p>\n<p>Bassirou Diomaye Faye est tr\u00e8s attendu sur le dossier de l\u2019Alliance des \u00c9tats du Sahel (AES) dans lequel il a \u00e9t\u00e9 nomm\u00e9 envoy\u00e9 sp\u00e9cial aupr\u00e8s des trois pays (Mali, Burkina Faso et Niger), qui forment cette conf\u00e9d\u00e9ration.<\/p>\n<p>Dans un communiqu\u00e9 de la pr\u00e9sidence sur le r\u00e9seau social X, il est indiqu\u00e9 que <em>\u00ab\u00a0le pr\u00e9sident de la R\u00e9publique, Bassirou Diomaye Faye, a quitt\u00e9 Dakar samedi pour se rendre \u00e0 Abuja, en R\u00e9publique f\u00e9d\u00e9rale du Nigeria, afin de participer \u00e0 la soixante-sixi\u00e8me session ordinaire de la Conf\u00e9rence des chefs d\u2019\u00c9tat et de gouvernement de la CEDEAO pr\u00e9vue dimanche\u00a0\u00bb.<\/em><\/p>\n<p>Il a \u00e9t\u00e9 salu\u00e9 \u00e0 son d\u00e9part par le ministre de l\u2019Int\u00e9rieur et de la S\u00e9curit\u00e9 publique, Jean-Baptiste Tine.<\/p>\n<p>Jeudi et vendredi, les ministres des Affaires \u00e9trang\u00e8res des pays membres de l\u2019organisation ouest africaine ont tenu une r\u00e9union dans la capitale nig\u00e9riane, pour pr\u00e9parer l\u2019agenda du sommet<\/p>\n<p>Selon des sources m\u00e9diatiques, les chefs d\u2019\u00c9tat et de gouvernement aborderont des sujets tels que la bonne gouvernance, la lutte contre le terrorisme, qui constitue une des priorit\u00e9s de la Commission de la CEDEAO, l\u2019int\u00e9gration r\u00e9gionale, avec la question du retour du Burkina Faso, du Mali et du Niger, dans l\u2019organisation communautaire.<\/p>\n<p>Ces trois pays, qui avaient act\u00e9 leur \u2018\u2019d\u00e9cision irr\u00e9vocable de quitter la CEDEAO\u2019\u2019 avant de mettre sur pied l\u2019Alliance des Etats du Sahel, tiennent aussi ce samedi, un sommet .<\/p>\n<p>Bassirou Diomaye Fay\u00a0avait \u00e9t\u00e9 d\u00e9sign\u00e9, m\u00e9diateur, par le pr\u00e9sident nig\u00e9rian Bola Tinubu, pr\u00e9sident en exercice de la CEDEAO, lors du dernier sommet des chefs d\u2019\u00c9tat, en juillet dernier. Le pr\u00e9sident Faye partage cette mission de m\u00e9diation avec son homologue togolais Faure Gnassigb\u00e9.<\/p>\n<p>Les deux chefs d\u2019Etat ont pour missions de tenter de faire revenir les trois Etats de l\u2019AES dans l\u2019organisation sous-r\u00e9gionale.<\/p>\n<p>Le pr\u00e9sident s\u00e9n\u00e9galais est tr\u00e8s attendu sur cette question, \u00e0 moins de deux mois de la date butoir du 28 janvier 2025, \u00e9ch\u00e9ance retenue par les textes de la CEDEAO et au terme de laquelle le d\u00e9part des pays de l\u2019AES devrait \u00eatre effectif.<\/p>\n<div class='share-to-whatsapp-wrapper'><div class='share-on-whsp'>PARTAGER SUR : <\/div><a data-text='66e SESSION ORDINAIRE DE LA CEDEAO - Le pr\u00e9sident Diomaye Faye \u00e0 Abuja' data-link='https:\/\/www.nettali.com\/2024\/12\/14\/66e-session-ordinaire-de-la-cedeao-le-president-diomaye-faye-a-abuja\/' class='whatsapp-button whatsapp-share'>WhatsApp<\/a><div class='clear '><\/div><\/div>","protected":false},"excerpt":{"rendered":"<p>NETTALI.COM - Le chef de l\u2019\u00c9tat a quitt\u00e9 Dakar, samedi, pour se rendre \u00e0 Abuja o\u00f9 il va prendre part dimanche \u00e0 la 66e\u00a0session ordinaire de la Conf\u00e9rence des chefs d\u2019\u00c9tat et de gouvernement de la Communaut\u00e9 \u00e9conomique des \u00c9tats de l\u2019Afrique de l\u2019ouest (CEDEAO). Bassirou Diomaye Faye est tr\u00e8s attendu sur le dossier de [&hellip;]<\/p>\n","protected":false},"author":4,"featured_media":145403,"comment_status":"open","ping_status":"open","sticky":false,"template":"","format":"standard","meta":{"_et_pb_use_builder":"","_et_pb_old_content":""},"categories":[2],"tags":[],"yoast_head":"<!-- This site is optimized with the Yoast SEO Premium plugin v17.8 (Yoast SEO v17.8) - https:\/\/yoast.com\/wordpress\/plugins\/seo\/ -->\n<title>66e SESSION ORDINAIRE DE LA CEDEAO - Le pr\u00e9sident Diomaye Faye \u00e0 Abuja | Nettali.com<\/title>\n<meta name=\"robots\" content=\"index, follow, max-snippet:-1, max-image-preview:large, max-video-preview:-1\" \/>\n<link rel=\"canonical\" href=\"https:\/\/www.nettali.com\/2024\/12\/14\/66e-session-ordinaire-de-la-cedeao-le-president-diomaye-faye-a-abuja\/\" \/>\n<meta property=\"og:locale\" content=\"fr_FR\" \/>\n<meta property=\"og:type\" content=\"article\" \/>\n<meta property=\"og:title\" content=\"66e SESSION ORDINAIRE DE LA CEDEAO - Le pr\u00e9sident Diomaye Faye \u00e0 Abuja\" \/>\n<meta property=\"og:description\" content=\"NETTALI.COM - Le chef de l\u2019\u00c9tat a quitt\u00e9 Dakar, samedi, pour se rendre \u00e0 Abuja o\u00f9 il va prendre part dimanche \u00e0 la 66e\u00a0session ordinaire de la Conf\u00e9rence des chefs d\u2019\u00c9tat et de gouvernement de la Communaut\u00e9 \u00e9conomique des \u00c9tats de l\u2019Afrique de l\u2019ouest (CEDEAO). Bassirou Diomaye Faye est tr\u00e8s attendu sur le dossier de [&hellip;]\" \/>\n<meta property=\"og:url\" content=\"https:\/\/www.nettali.com\/2024\/12\/14\/66e-session-ordinaire-de-la-cedeao-le-president-diomaye-faye-a-abuja\/\" \/>\n<meta property=\"og:site_name\" content=\"Nettali.com\" \/>\n<meta property=\"article:publisher\" content=\"https:\/\/www.facebook.com\/nettalicom\" \/>\n<meta property=\"article:published_time\" content=\"2024-12-14T18:28:28+00:00\" \/>\n<meta property=\"og:image\" content=\"https:\/\/www.nettali.com\/wp-content\/uploads\/2024\/12\/Diomaye-avion.jpg\" \/>\n\t<meta property=\"og:image:width\" content=\"1280\" \/>\n\t<meta property=\"og:image:height\" content=\"853\" \/>\n<meta name=\"twitter:card\" content=\"summary_large_image\" \/>\n<meta name=\"twitter:label1\" content=\"\u00c9crit par\" \/>\n\t<meta name=\"twitter:data1\" content=\"Daouda\" \/>\n\t<meta name=\"twitter:label2\" content=\"Dur\u00e9e de lecture estim\u00e9e\" \/>\n\t<meta name=\"twitter:data2\" content=\"2 minutes\" \/>\n<script type=\"application\/ld+json\" class=\"yoast-schema-graph\">{\"@context\":\"https:\/\/schema.org\",\"@graph\":[{\"@type\":\"WebSite\",\"@id\":\"https:\/\/www.nettali.com\/#website\",\"url\":\"https:\/\/www.nettali.com\/\",\"name\":\"Nettali.com\",\"description\":\"Le rendez-vous critique du Net\",\"potentialAction\":[{\"@type\":\"SearchAction\",\"target\":{\"@type\":\"EntryPoint\",\"urlTemplate\":\"https:\/\/www.nettali.com\/?s={search_term_string}\"},\"query-input\":\"required name=search_term_string\"}],\"inLanguage\":\"fr-FR\"},{\"@type\":\"ImageObject\",\"@id\":\"https:\/\/www.nettali.com\/2024\/12\/14\/66e-session-ordinaire-de-la-cedeao-le-president-diomaye-faye-a-abuja\/#primaryimage\",\"inLanguage\":\"fr-FR\",\"url\":\"https:\/\/www.nettali.com\/wp-content\/uploads\/2024\/12\/Diomaye-avion.jpg\",\"contentUrl\":\"https:\/\/www.nettali.com\/wp-content\/uploads\/2024\/12\/Diomaye-avion.jpg\",\"width\":1280,\"height\":853},{\"@type\":\"WebPage\",\"@id\":\"https:\/\/www.nettali.com\/2024\/12\/14\/66e-session-ordinaire-de-la-cedeao-le-president-diomaye-faye-a-abuja\/#webpage\",\"url\":\"https:\/\/www.nettali.com\/2024\/12\/14\/66e-session-ordinaire-de-la-cedeao-le-president-diomaye-faye-a-abuja\/\",\"name\":\"66e SESSION ORDINAIRE DE LA CEDEAO - Le pr\\u00e9sident Diomaye Faye \\u00e0 Abuja | Nettali.com\",\"isPartOf\":{\"@id\":\"https:\/\/www.nettali.com\/#website\"},\"primaryImageOfPage\":{\"@id\":\"https:\/\/www.nettali.com\/2024\/12\/14\/66e-session-ordinaire-de-la-cedeao-le-president-diomaye-faye-a-abuja\/#primaryimage\"},\"datePublished\":\"2024-12-14T18:28:28+00:00\",\"dateModified\":\"2024-12-14T18:28:28+00:00\",\"author\":{\"@id\":\"https:\/\/www.nettali.com\/#\/schema\/person\/3317e0bb3aa1da309fbf7b2780901bf4\"},\"breadcrumb\":{\"@id\":\"https:\/\/www.nettali.com\/2024\/12\/14\/66e-session-ordinaire-de-la-cedeao-le-president-diomaye-faye-a-abuja\/#breadcrumb\"},\"inLanguage\":\"fr-FR\",\"potentialAction\":[{\"@type\":\"ReadAction\",\"target\":[\"https:\/\/www.nettali.com\/2024\/12\/14\/66e-session-ordinaire-de-la-cedeao-le-president-diomaye-faye-a-abuja\/\"]}]},{\"@type\":\"BreadcrumbList\",\"@id\":\"https:\/\/www.nettali.com\/2024\/12\/14\/66e-session-ordinaire-de-la-cedeao-le-president-diomaye-faye-a-abuja\/#breadcrumb\",\"itemListElement\":[{\"@type\":\"ListItem\",\"position\":1,\"name\":\"Accueil\",\"item\":\"https:\/\/www.nettali.com\/\"},{\"@type\":\"ListItem\",\"position\":2,\"name\":\"66e SESSION ORDINAIRE DE LA CEDEAO - Le pr\\u00e9sident Diomaye Faye \\u00e0 Abuja\"}]},{\"@type\":\"Person\",\"@id\":\"https:\/\/www.nettali.com\/#\/schema\/person\/3317e0bb3aa1da309fbf7b2780901bf4\",\"name\":\"Daouda\",\"image\":{\"@type\":\"ImageObject\",\"@id\":\"https:\/\/www.nettali.com\/#personlogo\",\"inLanguage\":\"fr-FR\",\"url\":\"https:\/\/secure.gravatar.com\/avatar\/8d143b5a49345098ddcfee1c49c2f47c?s=96&d=mm&r=g\",\"contentUrl\":\"https:\/\/secure.gravatar.com\/avatar\/8d143b5a49345098ddcfee1c49c2f47c?s=96&d=mm&r=g\",\"caption\":\"Daouda\"},\"sameAs\":[\"https:\/\/www.nettali.com\"]}]}<\/script>\n<!-- \/ Yoast SEO Premium plugin. -->","yoast_head_json":{"title":"66e SESSION ORDINAIRE DE LA CEDEAO - Le pr\u00e9sident Diomaye Faye \u00e0 Abuja | Nettali.com","robots":{"index":"index","follow":"follow","max-snippet":"max-snippet:-1","max-image-preview":"max-image-preview:large","max-video-preview":"max-video-preview:-1"},"canonical":"https:\/\/www.nettali.com\/2024\/12\/14\/66e-session-ordinaire-de-la-cedeao-le-president-diomaye-faye-a-abuja\/","og_locale":"fr_FR","og_type":"article","og_title":"66e SESSION ORDINAIRE DE LA CEDEAO - Le pr\u00e9sident Diomaye Faye \u00e0 Abuja","og_description":"NETTALI.COM - Le chef de l\u2019\u00c9tat a quitt\u00e9 Dakar, samedi, pour se rendre \u00e0 Abuja o\u00f9 il va prendre part dimanche \u00e0 la 66e\u00a0session ordinaire de la Conf\u00e9rence des chefs d\u2019\u00c9tat et de gouvernement de la Communaut\u00e9 \u00e9conomique des \u00c9tats de l\u2019Afrique de l\u2019ouest (CEDEAO). Bassirou Diomaye Faye est tr\u00e8s attendu sur le dossier de [&hellip;]","og_url":"https:\/\/www.nettali.com\/2024\/12\/14\/66e-session-ordinaire-de-la-cedeao-le-president-diomaye-faye-a-abuja\/","og_site_name":"Nettali.com","article_publisher":"https:\/\/www.facebook.com\/nettalicom","article_published_time":"2024-12-14T18:28:28+00:00","og_image":[{"width":1280,"height":853,"url":"https:\/\/www.nettali.com\/wp-content\/uploads\/2024\/12\/Diomaye-avion.jpg","type":"image\/jpeg"}],"twitter_card":"summary_large_image","twitter_misc":{"\u00c9crit par":"Daouda","Dur\u00e9e de lecture estim\u00e9e":"2 minutes"},"schema":{"@context":"https:\/\/schema.org","@graph":[{"@type":"WebSite","@id":"https:\/\/www.nettali.com\/#website","url":"https:\/\/www.nettali.com\/","name":"Nettali.com","description":"Le rendez-vous critique du Net","potentialAction":[{"@type":"SearchAction","target":{"@type":"EntryPoint","urlTemplate":"https:\/\/www.nettali.com\/?s={search_term_string}"},"query-input":"required name=search_term_string"}],"inLanguage":"fr-FR"},{"@type":"ImageObject","@id":"https:\/\/www.nettali.com\/2024\/12\/14\/66e-session-ordinaire-de-la-cedeao-le-president-diomaye-faye-a-abuja\/#primaryimage","inLanguage":"fr-FR","url":"https:\/\/www.nettali.com\/wp-content\/uploads\/2024\/12\/Diomaye-avion.jpg","contentUrl":"https:\/\/www.nettali.com\/wp-content\/uploads\/2024\/12\/Diomaye-avion.jpg","width":1280,"height":853},{"@type":"WebPage","@id":"https:\/\/www.nettali.com\/2024\/12\/14\/66e-session-ordinaire-de-la-cedeao-le-president-diomaye-faye-a-abuja\/#webpage","url":"https:\/\/www.nettali.com\/2024\/12\/14\/66e-session-ordinaire-de-la-cedeao-le-president-diomaye-faye-a-abuja\/","name":"66e SESSION ORDINAIRE DE LA CEDEAO - Le pr\u00e9sident Diomaye Faye \u00e0 Abuja | Nettali.com","isPartOf":{"@id":"https:\/\/www.nettali.com\/#website"},"primaryImageOfPage":{"@id":"https:\/\/www.nettali.com\/2024\/12\/14\/66e-session-ordinaire-de-la-cedeao-le-president-diomaye-faye-a-abuja\/#primaryimage"},"datePublished":"2024-12-14T18:28:28+00:00","dateModified":"2024-12-14T18:28:28+00:00","author":{"@id":"https:\/\/www.nettali.com\/#\/schema\/person\/3317e0bb3aa1da309fbf7b2780901bf4"},"breadcrumb":{"@id":"https:\/\/www.nettali.com\/2024\/12\/14\/66e-session-ordinaire-de-la-cedeao-le-president-diomaye-faye-a-abuja\/#breadcrumb"},"inLanguage":"fr-FR","potentialAction":[{"@type":"ReadAction","target":["https:\/\/www.nettali.com\/2024\/12\/14\/66e-session-ordinaire-de-la-cedeao-le-president-diomaye-faye-a-abuja\/"]}]},{"@type":"BreadcrumbList","@id":"https:\/\/www.nettali.com\/2024\/12\/14\/66e-session-ordinaire-de-la-cedeao-le-president-diomaye-faye-a-abuja\/#breadcrumb","itemListElement":[{"@type":"ListItem","position":1,"name":"Accueil","item":"https:\/\/www.nettali.com\/"},{"@type":"ListItem","position":2,"name":"66e SESSION ORDINAIRE DE LA CEDEAO - Le pr\u00e9sident Diomaye Faye \u00e0 Abuja"}]},{"@type":"Person","@id":"https:\/\/www.nettali.com\/#\/schema\/person\/3317e0bb3aa1da309fbf7b2780901bf4","name":"Daouda","image":{"@type":"ImageObject","@id":"https:\/\/www.nettali.com\/#personlogo","inLanguage":"fr-FR","url":"https:\/\/secure.gravatar.com\/avatar\/8d143b5a49345098ddcfee1c49c2f47c?s=96&d=mm&r=g","contentUrl":"https:\/\/secure.gravatar.com\/avatar\/8d143b5a49345098ddcfee1c49c2f47c?s=96&d=mm&r=g","caption":"Daouda"},"sameAs":["https:\/\/www.nettali.com"]}]}},"_links":{"self":[{"href":"https:\/\/www.nettali.com\/rest\/wp\/v2\/posts\/145402"}],"collection":[{"href":"https:\/\/www.nettali.com\/rest\/wp\/v2\/posts"}],"about":[{"href":"https:\/\/www.nettali.com\/rest\/wp\/v2\/types\/post"}],"author":[{"embeddable":true,"href":"https:\/\/www.nettali.com\/rest\/wp\/v2\/users\/4"}],"replies":[{"embeddable":true,"href":"https:\/\/www.nettali.com\/rest\/wp\/v2\/comments?post=145402"}],"version-history":[{"count":1,"href":"https:\/\/www.nettali.com\/rest\/wp\/v2\/posts\/145402\/revisions"}],"predecessor-version":[{"id":145404,"href":"https:\/\/www.nettali.com\/rest\/wp\/v2\/posts\/145402\/revisions\/145404"}],"wp:featuredmedia":[{"embeddable":true,"href":"https:\/\/www.nettali.com\/rest\/wp\/v2\/media\/145403"}],"wp:attachment":[{"href":"https:\/\/www.nettali.com\/rest\/wp\/v2\/media?parent=145402"}],"wp:term":[{"taxonomy":"category","embeddable":true,"href":"https:\/\/www.nettali.com\/rest\/wp\/v2\/categories?post=145402"},{"taxonomy":"post_tag","embeddable":true,"href":"https:\/\/www.nettali.com\/rest\/wp\/v2\/tags?post=145402"}],"curies":[{"name":"wp","href":"https:\/\/api.w.org\/{rel}","templated":true}]}}