{"id":145384,"date":"2024-12-14T17:07:51","date_gmt":"2024-12-14T17:07:51","guid":{"rendered":"https:\/\/www.nettali.com\/?p=145384"},"modified":"2024-12-14T17:07:51","modified_gmt":"2024-12-14T17:07:51","slug":"revocation-de-barthelemy-dias-amadou-ba-denonce-une-atteinte-grave-a-la-volonte-populaire","status":"publish","type":"post","link":"https:\/\/www.nettali.com\/2024\/12\/14\/revocation-de-barthelemy-dias-amadou-ba-denonce-une-atteinte-grave-a-la-volonte-populaire\/","title":{"rendered":"R\u00c9VOCATION DE BARTH\u00c9L\u00c9MY DIAS - Amadou Ba d\u00e9nonce \"une atteinte grave \u00e0 la volont\u00e9 populaire\""},"content":{"rendered":"<p><strong>NETTALI.COM - Amadou Ba a exprim\u00e9 son indignation apr\u00e8s la r\u00e9vocation de Barth\u00e9l\u00e9my Dias de son poste de maire de Dakar, d\u00e9non\u00e7ant un acte qu'il juge \"<em>injuste<\/em>\" et une \"<em>atteinte grave \u00e0 la volont\u00e9 populaire<\/em>\".<\/strong><\/p>\n<p>\"<em>Nous nous indignons avec force de la r\u00e9vocation injuste de Barth\u00e9l\u00e9my Dias de son mandat de maire de la ville de Dakar. Cet acte constitue une atteinte grave \u00e0 la volont\u00e9 populaire et au fondement m\u00eame de la d\u00e9mocratie locale\",<\/em> a affirm\u00e9 ce samedi 14 d\u00e9cembre le candidat malheureux \u00e0 la pr\u00e9sidentielle de 2024.<\/p>\n<p>Le chef de la Nouvelle Responsabilit\u00e9 a r\u00e9it\u00e9r\u00e9 son soutien \u00e0 Barth\u00e9l\u00e9my Dias, tout en soulignant l'engagement de sa formation politique : \"<em>nous t\u00e9moignons notre soutien ind\u00e9fectible \u00e0 Barth\u00e9l\u00e9my Dias et r\u00e9affirmons notre engagement \u00e0 d\u00e9fendre la l\u00e9gitimit\u00e9 des institutions d\u00e9mocratiques et les droits des \u00e9lus<\/em>\".<\/p>\n<p>Amadou Ba a conclu en rappelant la mission de son mouvement : \"<em>la Nouvelle Responsabilit\u00e9 renouvelle son engagement \u00e0 incarner une alternative forte, libre et ambitieuse. Notre mission est de d\u00e9fendre les libert\u00e9s, b\u00e2tir l'unit\u00e9 et tracer les voies d'un S\u00e9n\u00e9gal prosp\u00e8re . Nous serons aux c\u00f4t\u00e9s des citoyens pour faire entendre leurs aspirations et relever les d\u00e9fis qui nous attendent<\/em>\".<\/p>\n<div class='share-to-whatsapp-wrapper'><div class='share-on-whsp'>PARTAGER SUR : <\/div><a data-text='R\u00c9VOCATION DE BARTH\u00c9L\u00c9MY DIAS - Amadou Ba d\u00e9nonce \"une atteinte grave \u00e0 la volont\u00e9 populaire\"' data-link='https:\/\/www.nettali.com\/2024\/12\/14\/revocation-de-barthelemy-dias-amadou-ba-denonce-une-atteinte-grave-a-la-volonte-populaire\/' class='whatsapp-button whatsapp-share'>WhatsApp<\/a><div class='clear '><\/div><\/div>","protected":false},"excerpt":{"rendered":"<p>NETTALI.COM - Amadou Ba a exprim\u00e9 son indignation apr\u00e8s la r\u00e9vocation de Barth\u00e9l\u00e9my Dias de son poste de maire de Dakar, d\u00e9non\u00e7ant un acte qu'il juge \"injuste\" et une \"atteinte grave \u00e0 la volont\u00e9 populaire\". \"Nous nous indignons avec force de la r\u00e9vocation injuste de Barth\u00e9l\u00e9my Dias de son mandat de maire de la ville [&hellip;]<\/p>\n","protected":false},"author":5,"featured_media":145385,"comment_status":"open","ping_status":"open","sticky":false,"template":"","format":"standard","meta":{"_et_pb_use_builder":"","_et_pb_old_content":""},"categories":[2],"tags":[],"yoast_head":"<!-- This site is optimized with the Yoast SEO Premium plugin v17.8 (Yoast SEO v17.8) - https:\/\/yoast.com\/wordpress\/plugins\/seo\/ -->\n<title>R\u00c9VOCATION DE BARTH\u00c9L\u00c9MY DIAS - Amadou Ba d\u00e9nonce &quot;une atteinte grave \u00e0 la volont\u00e9 populaire&quot; | Nettali.com<\/title>\n<meta name=\"robots\" content=\"index, follow, max-snippet:-1, max-image-preview:large, max-video-preview:-1\" \/>\n<link rel=\"canonical\" href=\"https:\/\/www.nettali.com\/2024\/12\/14\/revocation-de-barthelemy-dias-amadou-ba-denonce-une-atteinte-grave-a-la-volonte-populaire\/\" \/>\n<meta property=\"og:locale\" content=\"fr_FR\" \/>\n<meta property=\"og:type\" content=\"article\" \/>\n<meta property=\"og:title\" content=\"R\u00c9VOCATION DE BARTH\u00c9L\u00c9MY DIAS - Amadou Ba d\u00e9nonce &quot;une atteinte grave \u00e0 la volont\u00e9 populaire&quot;\" \/>\n<meta property=\"og:description\" content=\"NETTALI.COM - Amadou Ba a exprim\u00e9 son indignation apr\u00e8s la r\u00e9vocation de Barth\u00e9l\u00e9my Dias de son poste de maire de Dakar, d\u00e9non\u00e7ant un acte qu&#039;il juge &quot;injuste&quot; et une &quot;atteinte grave \u00e0 la volont\u00e9 populaire&quot;. &quot;Nous nous indignons avec force de la r\u00e9vocation injuste de Barth\u00e9l\u00e9my Dias de son mandat de maire de la ville [&hellip;]\" \/>\n<meta property=\"og:url\" content=\"https:\/\/www.nettali.com\/2024\/12\/14\/revocation-de-barthelemy-dias-amadou-ba-denonce-une-atteinte-grave-a-la-volonte-populaire\/\" \/>\n<meta property=\"og:site_name\" content=\"Nettali.com\" \/>\n<meta property=\"article:publisher\" content=\"https:\/\/www.facebook.com\/nettalicom\" \/>\n<meta property=\"article:published_time\" content=\"2024-12-14T17:07:51+00:00\" \/>\n<meta property=\"og:image\" content=\"https:\/\/www.nettali.com\/wp-content\/uploads\/2024\/12\/amadou-ba-au-niger_0.jpg\" \/>\n\t<meta property=\"og:image:width\" content=\"800\" \/>\n\t<meta property=\"og:image:height\" content=\"537\" \/>\n<meta name=\"twitter:card\" content=\"summary_large_image\" \/>\n<meta name=\"twitter:label1\" content=\"\u00c9crit par\" \/>\n\t<meta name=\"twitter:data1\" content=\"Ibrahima\" \/>\n\t<meta name=\"twitter:label2\" content=\"Dur\u00e9e de lecture estim\u00e9e\" \/>\n\t<meta name=\"twitter:data2\" content=\"1 minute\" \/>\n<script type=\"application\/ld+json\" class=\"yoast-schema-graph\">{\"@context\":\"https:\/\/schema.org\",\"@graph\":[{\"@type\":\"WebSite\",\"@id\":\"https:\/\/www.nettali.com\/#website\",\"url\":\"https:\/\/www.nettali.com\/\",\"name\":\"Nettali.com\",\"description\":\"Le rendez-vous critique du Net\",\"potentialAction\":[{\"@type\":\"SearchAction\",\"target\":{\"@type\":\"EntryPoint\",\"urlTemplate\":\"https:\/\/www.nettali.com\/?s={search_term_string}\"},\"query-input\":\"required name=search_term_string\"}],\"inLanguage\":\"fr-FR\"},{\"@type\":\"ImageObject\",\"@id\":\"https:\/\/www.nettali.com\/2024\/12\/14\/revocation-de-barthelemy-dias-amadou-ba-denonce-une-atteinte-grave-a-la-volonte-populaire\/#primaryimage\",\"inLanguage\":\"fr-FR\",\"url\":\"https:\/\/www.nettali.com\/wp-content\/uploads\/2024\/12\/amadou-ba-au-niger_0.jpg\",\"contentUrl\":\"https:\/\/www.nettali.com\/wp-content\/uploads\/2024\/12\/amadou-ba-au-niger_0.jpg\",\"width\":800,\"height\":537},{\"@type\":\"WebPage\",\"@id\":\"https:\/\/www.nettali.com\/2024\/12\/14\/revocation-de-barthelemy-dias-amadou-ba-denonce-une-atteinte-grave-a-la-volonte-populaire\/#webpage\",\"url\":\"https:\/\/www.nettali.com\/2024\/12\/14\/revocation-de-barthelemy-dias-amadou-ba-denonce-une-atteinte-grave-a-la-volonte-populaire\/\",\"name\":\"R\\u00c9VOCATION DE BARTH\\u00c9L\\u00c9MY DIAS - Amadou Ba d\\u00e9nonce \\\"une atteinte grave \\u00e0 la volont\\u00e9 populaire\\\" | Nettali.com\",\"isPartOf\":{\"@id\":\"https:\/\/www.nettali.com\/#website\"},\"primaryImageOfPage\":{\"@id\":\"https:\/\/www.nettali.com\/2024\/12\/14\/revocation-de-barthelemy-dias-amadou-ba-denonce-une-atteinte-grave-a-la-volonte-populaire\/#primaryimage\"},\"datePublished\":\"2024-12-14T17:07:51+00:00\",\"dateModified\":\"2024-12-14T17:07:51+00:00\",\"author\":{\"@id\":\"https:\/\/www.nettali.com\/#\/schema\/person\/bb147657c2986240405a608162b9bb23\"},\"breadcrumb\":{\"@id\":\"https:\/\/www.nettali.com\/2024\/12\/14\/revocation-de-barthelemy-dias-amadou-ba-denonce-une-atteinte-grave-a-la-volonte-populaire\/#breadcrumb\"},\"inLanguage\":\"fr-FR\",\"potentialAction\":[{\"@type\":\"ReadAction\",\"target\":[\"https:\/\/www.nettali.com\/2024\/12\/14\/revocation-de-barthelemy-dias-amadou-ba-denonce-une-atteinte-grave-a-la-volonte-populaire\/\"]}]},{\"@type\":\"BreadcrumbList\",\"@id\":\"https:\/\/www.nettali.com\/2024\/12\/14\/revocation-de-barthelemy-dias-amadou-ba-denonce-une-atteinte-grave-a-la-volonte-populaire\/#breadcrumb\",\"itemListElement\":[{\"@type\":\"ListItem\",\"position\":1,\"name\":\"Accueil\",\"item\":\"https:\/\/www.nettali.com\/\"},{\"@type\":\"ListItem\",\"position\":2,\"name\":\"R\\u00c9VOCATION DE BARTH\\u00c9L\\u00c9MY DIAS - Amadou Ba d\\u00e9nonce \\\"une atteinte grave \\u00e0 la volont\\u00e9 populaire\\\"\"}]},{\"@type\":\"Person\",\"@id\":\"https:\/\/www.nettali.com\/#\/schema\/person\/bb147657c2986240405a608162b9bb23\",\"name\":\"Ibrahima\",\"image\":{\"@type\":\"ImageObject\",\"@id\":\"https:\/\/www.nettali.com\/#personlogo\",\"inLanguage\":\"fr-FR\",\"url\":\"https:\/\/secure.gravatar.com\/avatar\/26a8a81f09f0dd7624c9d5c36c9ba3a2?s=96&d=mm&r=g\",\"contentUrl\":\"https:\/\/secure.gravatar.com\/avatar\/26a8a81f09f0dd7624c9d5c36c9ba3a2?s=96&d=mm&r=g\",\"caption\":\"Ibrahima\"},\"sameAs\":[\"https:\/\/www.nettali.com\"]}]}<\/script>\n<!-- \/ Yoast SEO Premium plugin. -->","yoast_head_json":{"title":"R\u00c9VOCATION DE BARTH\u00c9L\u00c9MY DIAS - Amadou Ba d\u00e9nonce \"une atteinte grave \u00e0 la volont\u00e9 populaire\" | Nettali.com","robots":{"index":"index","follow":"follow","max-snippet":"max-snippet:-1","max-image-preview":"max-image-preview:large","max-video-preview":"max-video-preview:-1"},"canonical":"https:\/\/www.nettali.com\/2024\/12\/14\/revocation-de-barthelemy-dias-amadou-ba-denonce-une-atteinte-grave-a-la-volonte-populaire\/","og_locale":"fr_FR","og_type":"article","og_title":"R\u00c9VOCATION DE BARTH\u00c9L\u00c9MY DIAS - Amadou Ba d\u00e9nonce \"une atteinte grave \u00e0 la volont\u00e9 populaire\"","og_description":"NETTALI.COM - Amadou Ba a exprim\u00e9 son indignation apr\u00e8s la r\u00e9vocation de Barth\u00e9l\u00e9my Dias de son poste de maire de Dakar, d\u00e9non\u00e7ant un acte qu'il juge \"injuste\" et une \"atteinte grave \u00e0 la volont\u00e9 populaire\". \"Nous nous indignons avec force de la r\u00e9vocation injuste de Barth\u00e9l\u00e9my Dias de son mandat de maire de la ville [&hellip;]","og_url":"https:\/\/www.nettali.com\/2024\/12\/14\/revocation-de-barthelemy-dias-amadou-ba-denonce-une-atteinte-grave-a-la-volonte-populaire\/","og_site_name":"Nettali.com","article_publisher":"https:\/\/www.facebook.com\/nettalicom","article_published_time":"2024-12-14T17:07:51+00:00","og_image":[{"width":800,"height":537,"url":"https:\/\/www.nettali.com\/wp-content\/uploads\/2024\/12\/amadou-ba-au-niger_0.jpg","type":"image\/jpeg"}],"twitter_card":"summary_large_image","twitter_misc":{"\u00c9crit par":"Ibrahima","Dur\u00e9e de lecture estim\u00e9e":"1 minute"},"schema":{"@context":"https:\/\/schema.org","@graph":[{"@type":"WebSite","@id":"https:\/\/www.nettali.com\/#website","url":"https:\/\/www.nettali.com\/","name":"Nettali.com","description":"Le rendez-vous critique du Net","potentialAction":[{"@type":"SearchAction","target":{"@type":"EntryPoint","urlTemplate":"https:\/\/www.nettali.com\/?s={search_term_string}"},"query-input":"required name=search_term_string"}],"inLanguage":"fr-FR"},{"@type":"ImageObject","@id":"https:\/\/www.nettali.com\/2024\/12\/14\/revocation-de-barthelemy-dias-amadou-ba-denonce-une-atteinte-grave-a-la-volonte-populaire\/#primaryimage","inLanguage":"fr-FR","url":"https:\/\/www.nettali.com\/wp-content\/uploads\/2024\/12\/amadou-ba-au-niger_0.jpg","contentUrl":"https:\/\/www.nettali.com\/wp-content\/uploads\/2024\/12\/amadou-ba-au-niger_0.jpg","width":800,"height":537},{"@type":"WebPage","@id":"https:\/\/www.nettali.com\/2024\/12\/14\/revocation-de-barthelemy-dias-amadou-ba-denonce-une-atteinte-grave-a-la-volonte-populaire\/#webpage","url":"https:\/\/www.nettali.com\/2024\/12\/14\/revocation-de-barthelemy-dias-amadou-ba-denonce-une-atteinte-grave-a-la-volonte-populaire\/","name":"R\u00c9VOCATION DE BARTH\u00c9L\u00c9MY DIAS - Amadou Ba d\u00e9nonce \"une atteinte grave \u00e0 la volont\u00e9 populaire\" | Nettali.com","isPartOf":{"@id":"https:\/\/www.nettali.com\/#website"},"primaryImageOfPage":{"@id":"https:\/\/www.nettali.com\/2024\/12\/14\/revocation-de-barthelemy-dias-amadou-ba-denonce-une-atteinte-grave-a-la-volonte-populaire\/#primaryimage"},"datePublished":"2024-12-14T17:07:51+00:00","dateModified":"2024-12-14T17:07:51+00:00","author":{"@id":"https:\/\/www.nettali.com\/#\/schema\/person\/bb147657c2986240405a608162b9bb23"},"breadcrumb":{"@id":"https:\/\/www.nettali.com\/2024\/12\/14\/revocation-de-barthelemy-dias-amadou-ba-denonce-une-atteinte-grave-a-la-volonte-populaire\/#breadcrumb"},"inLanguage":"fr-FR","potentialAction":[{"@type":"ReadAction","target":["https:\/\/www.nettali.com\/2024\/12\/14\/revocation-de-barthelemy-dias-amadou-ba-denonce-une-atteinte-grave-a-la-volonte-populaire\/"]}]},{"@type":"BreadcrumbList","@id":"https:\/\/www.nettali.com\/2024\/12\/14\/revocation-de-barthelemy-dias-amadou-ba-denonce-une-atteinte-grave-a-la-volonte-populaire\/#breadcrumb","itemListElement":[{"@type":"ListItem","position":1,"name":"Accueil","item":"https:\/\/www.nettali.com\/"},{"@type":"ListItem","position":2,"name":"R\u00c9VOCATION DE BARTH\u00c9L\u00c9MY DIAS - Amadou Ba d\u00e9nonce \"une atteinte grave \u00e0 la volont\u00e9 populaire\""}]},{"@type":"Person","@id":"https:\/\/www.nettali.com\/#\/schema\/person\/bb147657c2986240405a608162b9bb23","name":"Ibrahima","image":{"@type":"ImageObject","@id":"https:\/\/www.nettali.com\/#personlogo","inLanguage":"fr-FR","url":"https:\/\/secure.gravatar.com\/avatar\/26a8a81f09f0dd7624c9d5c36c9ba3a2?s=96&d=mm&r=g","contentUrl":"https:\/\/secure.gravatar.com\/avatar\/26a8a81f09f0dd7624c9d5c36c9ba3a2?s=96&d=mm&r=g","caption":"Ibrahima"},"sameAs":["https:\/\/www.nettali.com"]}]}},"_links":{"self":[{"href":"https:\/\/www.nettali.com\/rest\/wp\/v2\/posts\/145384"}],"collection":[{"href":"https:\/\/www.nettali.com\/rest\/wp\/v2\/posts"}],"about":[{"href":"https:\/\/www.nettali.com\/rest\/wp\/v2\/types\/post"}],"author":[{"embeddable":true,"href":"https:\/\/www.nettali.com\/rest\/wp\/v2\/users\/5"}],"replies":[{"embeddable":true,"href":"https:\/\/www.nettali.com\/rest\/wp\/v2\/comments?post=145384"}],"version-history":[{"count":3,"href":"https:\/\/www.nettali.com\/rest\/wp\/v2\/posts\/145384\/revisions"}],"predecessor-version":[{"id":145388,"href":"https:\/\/www.nettali.com\/rest\/wp\/v2\/posts\/145384\/revisions\/145388"}],"wp:featuredmedia":[{"embeddable":true,"href":"https:\/\/www.nettali.com\/rest\/wp\/v2\/media\/145385"}],"wp:attachment":[{"href":"https:\/\/www.nettali.com\/rest\/wp\/v2\/media?parent=145384"}],"wp:term":[{"taxonomy":"category","embeddable":true,"href":"https:\/\/www.nettali.com\/rest\/wp\/v2\/categories?post=145384"},{"taxonomy":"post_tag","embeddable":true,"href":"https:\/\/www.nettali.com\/rest\/wp\/v2\/tags?post=145384"}],"curies":[{"name":"wp","href":"https:\/\/api.w.org\/{rel}","templated":true}]}}