{"id":145326,"date":"2024-12-13T17:00:14","date_gmt":"2024-12-13T17:00:14","guid":{"rendered":"https:\/\/www.nettali.com\/?p=145326"},"modified":"2024-12-13T17:00:14","modified_gmt":"2024-12-13T17:00:14","slug":"equipe-nationale-pape-thiaw-remplace-officiellement-aliou-cisse","status":"publish","type":"post","link":"https:\/\/www.nettali.com\/2024\/12\/13\/equipe-nationale-pape-thiaw-remplace-officiellement-aliou-cisse\/","title":{"rendered":"\u00c9QUIPE NATIONALE - Pape Thiaw remplace officiellement Aliou Ciss\u00e9"},"content":{"rendered":"<p><strong>NETTALI.COM - C'\u00e9tait dans l'air, c'est d\u00e9sormais officiel : Pape Bouna Thiaw a \u00e9t\u00e9 nomm\u00e9 entra\u00eeneur principal de l'\u00e9quipe nationale du S\u00e9n\u00e9gal. Sa nomination a \u00e9t\u00e9 approuv\u00e9e \u00e0 ll'unanimit\u00e9 ce vendredi 13 d\u00e9cembre, par le Comit\u00e9 Ex\u00e9cutif de la F\u00e9d\u00e9ration S\u00e9n\u00e9galaise de Football (FSF).<\/strong><\/p>\n<p>Cette d\u00e9cision s'appuie sur son parcours impressionnant, en particulier son exp\u00e9rience en tant que membre de diverses \u00e9quipes nationales et son engagement r\u00e9ussi, mis en lumi\u00e8re par sa victoire au Championnat d'Afrique des Nations (CHAN), une premi\u00e8re pour le football s\u00e9n\u00e9galais.<\/p>\n<p>De plus, il a remarquablement conduit le S\u00e9n\u00e9gal \u00e0 se qualifier pour la CAN 2025au Maroc, ce qui a convaincu les dirigeants du football s\u00e9n\u00e9galais. En quatre matchs, l'ancien attaquant des Lions affiche un bilan impressionnant : 4 victoires, 8 buts marqu\u00e9s et z\u00e9ro but encaiss\u00e9.<\/p>\n<p>Pour rappel, ni la dur\u00e9e du contrat ni les objectifs ne sont encore r\u00e9v\u00e9l\u00e9s.\u00a0Ces points essentiels feront l\u2019objet de discussions lors de la prochaine rencontre entre Augustin Senghor, pr\u00e9sident de la FSF, le ministre des Sports, et Pape Bouna Thiaw. Cette r\u00e9union sera d\u00e9terminante pour d\u00e9finir les termes de l\u2019accord, notamment la dur\u00e9e du mandat et les ambitions assign\u00e9es au technicien s\u00e9n\u00e9galais vainqueur du CHAN, d\u00e9sormais en charge des Lions<\/p>\n<div class='share-to-whatsapp-wrapper'><div class='share-on-whsp'>PARTAGER SUR : <\/div><a data-text='\u00c9QUIPE NATIONALE - Pape Thiaw remplace officiellement Aliou Ciss\u00e9' data-link='https:\/\/www.nettali.com\/2024\/12\/13\/equipe-nationale-pape-thiaw-remplace-officiellement-aliou-cisse\/' class='whatsapp-button whatsapp-share'>WhatsApp<\/a><div class='clear '><\/div><\/div>","protected":false},"excerpt":{"rendered":"<p>NETTALI.COM - C'\u00e9tait dans l'air, c'est d\u00e9sormais officiel : Pape Bouna Thiaw a \u00e9t\u00e9 nomm\u00e9 entra\u00eeneur principal de l'\u00e9quipe nationale du S\u00e9n\u00e9gal. Sa nomination a \u00e9t\u00e9 approuv\u00e9e \u00e0 ll'unanimit\u00e9 ce vendredi 13 d\u00e9cembre, par le Comit\u00e9 Ex\u00e9cutif de la F\u00e9d\u00e9ration S\u00e9n\u00e9galaise de Football (FSF). Cette d\u00e9cision s'appuie sur son parcours impressionnant, en particulier son exp\u00e9rience [&hellip;]<\/p>\n","protected":false},"author":5,"featured_media":145327,"comment_status":"open","ping_status":"open","sticky":false,"template":"","format":"standard","meta":{"_et_pb_use_builder":"","_et_pb_old_content":""},"categories":[6],"tags":[],"yoast_head":"<!-- This site is optimized with the Yoast SEO Premium plugin v17.8 (Yoast SEO v17.8) - https:\/\/yoast.com\/wordpress\/plugins\/seo\/ -->\n<title>\u00c9QUIPE NATIONALE - Pape Thiaw remplace officiellement Aliou Ciss\u00e9 | Nettali.com<\/title>\n<meta name=\"robots\" content=\"index, follow, max-snippet:-1, max-image-preview:large, max-video-preview:-1\" \/>\n<link rel=\"canonical\" href=\"https:\/\/www.nettali.com\/2024\/12\/13\/equipe-nationale-pape-thiaw-remplace-officiellement-aliou-cisse\/\" \/>\n<meta property=\"og:locale\" content=\"fr_FR\" \/>\n<meta property=\"og:type\" content=\"article\" \/>\n<meta property=\"og:title\" content=\"\u00c9QUIPE NATIONALE - Pape Thiaw remplace officiellement Aliou Ciss\u00e9\" \/>\n<meta property=\"og:description\" content=\"NETTALI.COM - C&#039;\u00e9tait dans l&#039;air, c&#039;est d\u00e9sormais officiel : Pape Bouna Thiaw a \u00e9t\u00e9 nomm\u00e9 entra\u00eeneur principal de l&#039;\u00e9quipe nationale du S\u00e9n\u00e9gal. Sa nomination a \u00e9t\u00e9 approuv\u00e9e \u00e0 ll&#039;unanimit\u00e9 ce vendredi 13 d\u00e9cembre, par le Comit\u00e9 Ex\u00e9cutif de la F\u00e9d\u00e9ration S\u00e9n\u00e9galaise de Football (FSF). Cette d\u00e9cision s&#039;appuie sur son parcours impressionnant, en particulier son exp\u00e9rience [&hellip;]\" \/>\n<meta property=\"og:url\" content=\"https:\/\/www.nettali.com\/2024\/12\/13\/equipe-nationale-pape-thiaw-remplace-officiellement-aliou-cisse\/\" \/>\n<meta property=\"og:site_name\" content=\"Nettali.com\" \/>\n<meta property=\"article:publisher\" content=\"https:\/\/www.facebook.com\/nettalicom\" \/>\n<meta property=\"article:published_time\" content=\"2024-12-13T17:00:14+00:00\" \/>\n<meta property=\"og:image\" content=\"https:\/\/www.nettali.com\/wp-content\/uploads\/2024\/12\/Screenshot_20241213_125847_Gallery.jpg\" \/>\n\t<meta property=\"og:image:width\" content=\"1080\" \/>\n\t<meta property=\"og:image:height\" content=\"629\" \/>\n<meta name=\"twitter:card\" content=\"summary_large_image\" \/>\n<meta name=\"twitter:label1\" content=\"\u00c9crit par\" \/>\n\t<meta name=\"twitter:data1\" content=\"Ibrahima\" \/>\n\t<meta name=\"twitter:label2\" content=\"Dur\u00e9e de lecture estim\u00e9e\" \/>\n\t<meta name=\"twitter:data2\" content=\"2 minutes\" \/>\n<script type=\"application\/ld+json\" class=\"yoast-schema-graph\">{\"@context\":\"https:\/\/schema.org\",\"@graph\":[{\"@type\":\"WebSite\",\"@id\":\"https:\/\/www.nettali.com\/#website\",\"url\":\"https:\/\/www.nettali.com\/\",\"name\":\"Nettali.com\",\"description\":\"Le rendez-vous critique du Net\",\"potentialAction\":[{\"@type\":\"SearchAction\",\"target\":{\"@type\":\"EntryPoint\",\"urlTemplate\":\"https:\/\/www.nettali.com\/?s={search_term_string}\"},\"query-input\":\"required name=search_term_string\"}],\"inLanguage\":\"fr-FR\"},{\"@type\":\"ImageObject\",\"@id\":\"https:\/\/www.nettali.com\/2024\/12\/13\/equipe-nationale-pape-thiaw-remplace-officiellement-aliou-cisse\/#primaryimage\",\"inLanguage\":\"fr-FR\",\"url\":\"https:\/\/www.nettali.com\/wp-content\/uploads\/2024\/12\/Screenshot_20241213_125847_Gallery.jpg\",\"contentUrl\":\"https:\/\/www.nettali.com\/wp-content\/uploads\/2024\/12\/Screenshot_20241213_125847_Gallery.jpg\",\"width\":1080,\"height\":629},{\"@type\":\"WebPage\",\"@id\":\"https:\/\/www.nettali.com\/2024\/12\/13\/equipe-nationale-pape-thiaw-remplace-officiellement-aliou-cisse\/#webpage\",\"url\":\"https:\/\/www.nettali.com\/2024\/12\/13\/equipe-nationale-pape-thiaw-remplace-officiellement-aliou-cisse\/\",\"name\":\"\\u00c9QUIPE NATIONALE - Pape Thiaw remplace officiellement Aliou Ciss\\u00e9 | Nettali.com\",\"isPartOf\":{\"@id\":\"https:\/\/www.nettali.com\/#website\"},\"primaryImageOfPage\":{\"@id\":\"https:\/\/www.nettali.com\/2024\/12\/13\/equipe-nationale-pape-thiaw-remplace-officiellement-aliou-cisse\/#primaryimage\"},\"datePublished\":\"2024-12-13T17:00:14+00:00\",\"dateModified\":\"2024-12-13T17:00:14+00:00\",\"author\":{\"@id\":\"https:\/\/www.nettali.com\/#\/schema\/person\/bb147657c2986240405a608162b9bb23\"},\"breadcrumb\":{\"@id\":\"https:\/\/www.nettali.com\/2024\/12\/13\/equipe-nationale-pape-thiaw-remplace-officiellement-aliou-cisse\/#breadcrumb\"},\"inLanguage\":\"fr-FR\",\"potentialAction\":[{\"@type\":\"ReadAction\",\"target\":[\"https:\/\/www.nettali.com\/2024\/12\/13\/equipe-nationale-pape-thiaw-remplace-officiellement-aliou-cisse\/\"]}]},{\"@type\":\"BreadcrumbList\",\"@id\":\"https:\/\/www.nettali.com\/2024\/12\/13\/equipe-nationale-pape-thiaw-remplace-officiellement-aliou-cisse\/#breadcrumb\",\"itemListElement\":[{\"@type\":\"ListItem\",\"position\":1,\"name\":\"Accueil\",\"item\":\"https:\/\/www.nettali.com\/\"},{\"@type\":\"ListItem\",\"position\":2,\"name\":\"\\u00c9QUIPE NATIONALE - Pape Thiaw remplace officiellement Aliou Ciss\\u00e9\"}]},{\"@type\":\"Person\",\"@id\":\"https:\/\/www.nettali.com\/#\/schema\/person\/bb147657c2986240405a608162b9bb23\",\"name\":\"Ibrahima\",\"image\":{\"@type\":\"ImageObject\",\"@id\":\"https:\/\/www.nettali.com\/#personlogo\",\"inLanguage\":\"fr-FR\",\"url\":\"https:\/\/secure.gravatar.com\/avatar\/26a8a81f09f0dd7624c9d5c36c9ba3a2?s=96&d=mm&r=g\",\"contentUrl\":\"https:\/\/secure.gravatar.com\/avatar\/26a8a81f09f0dd7624c9d5c36c9ba3a2?s=96&d=mm&r=g\",\"caption\":\"Ibrahima\"},\"sameAs\":[\"https:\/\/www.nettali.com\"]}]}<\/script>\n<!-- \/ Yoast SEO Premium plugin. -->","yoast_head_json":{"title":"\u00c9QUIPE NATIONALE - Pape Thiaw remplace officiellement Aliou Ciss\u00e9 | Nettali.com","robots":{"index":"index","follow":"follow","max-snippet":"max-snippet:-1","max-image-preview":"max-image-preview:large","max-video-preview":"max-video-preview:-1"},"canonical":"https:\/\/www.nettali.com\/2024\/12\/13\/equipe-nationale-pape-thiaw-remplace-officiellement-aliou-cisse\/","og_locale":"fr_FR","og_type":"article","og_title":"\u00c9QUIPE NATIONALE - Pape Thiaw remplace officiellement Aliou Ciss\u00e9","og_description":"NETTALI.COM - C'\u00e9tait dans l'air, c'est d\u00e9sormais officiel : Pape Bouna Thiaw a \u00e9t\u00e9 nomm\u00e9 entra\u00eeneur principal de l'\u00e9quipe nationale du S\u00e9n\u00e9gal. Sa nomination a \u00e9t\u00e9 approuv\u00e9e \u00e0 ll'unanimit\u00e9 ce vendredi 13 d\u00e9cembre, par le Comit\u00e9 Ex\u00e9cutif de la F\u00e9d\u00e9ration S\u00e9n\u00e9galaise de Football (FSF). Cette d\u00e9cision s'appuie sur son parcours impressionnant, en particulier son exp\u00e9rience [&hellip;]","og_url":"https:\/\/www.nettali.com\/2024\/12\/13\/equipe-nationale-pape-thiaw-remplace-officiellement-aliou-cisse\/","og_site_name":"Nettali.com","article_publisher":"https:\/\/www.facebook.com\/nettalicom","article_published_time":"2024-12-13T17:00:14+00:00","og_image":[{"width":1080,"height":629,"url":"https:\/\/www.nettali.com\/wp-content\/uploads\/2024\/12\/Screenshot_20241213_125847_Gallery.jpg","type":"image\/jpeg"}],"twitter_card":"summary_large_image","twitter_misc":{"\u00c9crit par":"Ibrahima","Dur\u00e9e de lecture estim\u00e9e":"2 minutes"},"schema":{"@context":"https:\/\/schema.org","@graph":[{"@type":"WebSite","@id":"https:\/\/www.nettali.com\/#website","url":"https:\/\/www.nettali.com\/","name":"Nettali.com","description":"Le rendez-vous critique du Net","potentialAction":[{"@type":"SearchAction","target":{"@type":"EntryPoint","urlTemplate":"https:\/\/www.nettali.com\/?s={search_term_string}"},"query-input":"required name=search_term_string"}],"inLanguage":"fr-FR"},{"@type":"ImageObject","@id":"https:\/\/www.nettali.com\/2024\/12\/13\/equipe-nationale-pape-thiaw-remplace-officiellement-aliou-cisse\/#primaryimage","inLanguage":"fr-FR","url":"https:\/\/www.nettali.com\/wp-content\/uploads\/2024\/12\/Screenshot_20241213_125847_Gallery.jpg","contentUrl":"https:\/\/www.nettali.com\/wp-content\/uploads\/2024\/12\/Screenshot_20241213_125847_Gallery.jpg","width":1080,"height":629},{"@type":"WebPage","@id":"https:\/\/www.nettali.com\/2024\/12\/13\/equipe-nationale-pape-thiaw-remplace-officiellement-aliou-cisse\/#webpage","url":"https:\/\/www.nettali.com\/2024\/12\/13\/equipe-nationale-pape-thiaw-remplace-officiellement-aliou-cisse\/","name":"\u00c9QUIPE NATIONALE - Pape Thiaw remplace officiellement Aliou Ciss\u00e9 | Nettali.com","isPartOf":{"@id":"https:\/\/www.nettali.com\/#website"},"primaryImageOfPage":{"@id":"https:\/\/www.nettali.com\/2024\/12\/13\/equipe-nationale-pape-thiaw-remplace-officiellement-aliou-cisse\/#primaryimage"},"datePublished":"2024-12-13T17:00:14+00:00","dateModified":"2024-12-13T17:00:14+00:00","author":{"@id":"https:\/\/www.nettali.com\/#\/schema\/person\/bb147657c2986240405a608162b9bb23"},"breadcrumb":{"@id":"https:\/\/www.nettali.com\/2024\/12\/13\/equipe-nationale-pape-thiaw-remplace-officiellement-aliou-cisse\/#breadcrumb"},"inLanguage":"fr-FR","potentialAction":[{"@type":"ReadAction","target":["https:\/\/www.nettali.com\/2024\/12\/13\/equipe-nationale-pape-thiaw-remplace-officiellement-aliou-cisse\/"]}]},{"@type":"BreadcrumbList","@id":"https:\/\/www.nettali.com\/2024\/12\/13\/equipe-nationale-pape-thiaw-remplace-officiellement-aliou-cisse\/#breadcrumb","itemListElement":[{"@type":"ListItem","position":1,"name":"Accueil","item":"https:\/\/www.nettali.com\/"},{"@type":"ListItem","position":2,"name":"\u00c9QUIPE NATIONALE - Pape Thiaw remplace officiellement Aliou Ciss\u00e9"}]},{"@type":"Person","@id":"https:\/\/www.nettali.com\/#\/schema\/person\/bb147657c2986240405a608162b9bb23","name":"Ibrahima","image":{"@type":"ImageObject","@id":"https:\/\/www.nettali.com\/#personlogo","inLanguage":"fr-FR","url":"https:\/\/secure.gravatar.com\/avatar\/26a8a81f09f0dd7624c9d5c36c9ba3a2?s=96&d=mm&r=g","contentUrl":"https:\/\/secure.gravatar.com\/avatar\/26a8a81f09f0dd7624c9d5c36c9ba3a2?s=96&d=mm&r=g","caption":"Ibrahima"},"sameAs":["https:\/\/www.nettali.com"]}]}},"_links":{"self":[{"href":"https:\/\/www.nettali.com\/rest\/wp\/v2\/posts\/145326"}],"collection":[{"href":"https:\/\/www.nettali.com\/rest\/wp\/v2\/posts"}],"about":[{"href":"https:\/\/www.nettali.com\/rest\/wp\/v2\/types\/post"}],"author":[{"embeddable":true,"href":"https:\/\/www.nettali.com\/rest\/wp\/v2\/users\/5"}],"replies":[{"embeddable":true,"href":"https:\/\/www.nettali.com\/rest\/wp\/v2\/comments?post=145326"}],"version-history":[{"count":2,"href":"https:\/\/www.nettali.com\/rest\/wp\/v2\/posts\/145326\/revisions"}],"predecessor-version":[{"id":145336,"href":"https:\/\/www.nettali.com\/rest\/wp\/v2\/posts\/145326\/revisions\/145336"}],"wp:featuredmedia":[{"embeddable":true,"href":"https:\/\/www.nettali.com\/rest\/wp\/v2\/media\/145327"}],"wp:attachment":[{"href":"https:\/\/www.nettali.com\/rest\/wp\/v2\/media?parent=145326"}],"wp:term":[{"taxonomy":"category","embeddable":true,"href":"https:\/\/www.nettali.com\/rest\/wp\/v2\/categories?post=145326"},{"taxonomy":"post_tag","embeddable":true,"href":"https:\/\/www.nettali.com\/rest\/wp\/v2\/tags?post=145326"}],"curies":[{"name":"wp","href":"https:\/\/api.w.org\/{rel}","templated":true}]}}