{"id":145307,"date":"2024-12-13T08:08:02","date_gmt":"2024-12-13T08:08:02","guid":{"rendered":"https:\/\/www.nettali.com\/?p=145307"},"modified":"2024-12-17T11:24:24","modified_gmt":"2024-12-17T11:24:24","slug":"nomination-apres-la-semaf-abdoulaye-dia-atterrit-au-wapp","status":"publish","type":"post","link":"https:\/\/www.nettali.com\/2024\/12\/13\/nomination-apres-la-semaf-abdoulaye-dia-atterrit-au-wapp\/","title":{"rendered":"NOMINATION - Apr\u00e8s la Semaf, Abdoulaye Dia promu au WAPP"},"content":{"rendered":"<p><strong>NETTALI.COM -<\/strong> Le West African Power Pool (WAPP) a annonc\u00e9 la nomination d\u2019Abdoulaye Dia au poste de secr\u00e9taire g\u00e9n\u00e9ral, suite \u00e0 un appel \u00e0 candidature au sein des 14 pays de la CEDEAO. Cette nomination, selon une note, a \u00e9t\u00e9 officialis\u00e9e lors de l'Assembl\u00e9e g\u00e9n\u00e9rale du WAPP , tenue le 29 novembre 2024 \u00e0 Abidjan, en C\u00f4te d'Ivoire.<\/p>\n<p>Rappelons qu'Abdoulaye Dia est un ing\u00e9nieur \u00e9lectrom\u00e9canicien chevronn\u00e9, dipl\u00f4m\u00e9 de l'\u00c9cole sup\u00e9rieure interafricaine d\u2019\u00e9lectricit\u00e9 (ESIE) de Bingerville, en C\u00f4te d'Ivoire. Il a d\u00e9montr\u00e9 un engagement envers l'int\u00e9gration africaine \u00e0 travers ses \u00e9tudes et son travail dans divers environnements multiculturels et multinationaux. Son parcours professionnel impressionnant comprend des postes de direction cl\u00e9s au sein du secteur de l'\u00e9nergie, tant au plan national qu'international.<\/p>\n<p>Abdoulaye Dia \u00e9tait jusqu'ici directeur G\u00e9n\u00e9ral de la Soci\u00e9t\u00e9 d\u2019Exploitation de Manantali et Felou (SEMAF) o\u00f9 il avait remplac\u00e9 le mauritanien Ba Yahya, depuis le 21 octobre 2021, date \u00e0 laquelle, il avait pris service \u00e0 la soci\u00e9t\u00e9 d'\u00e9lectricit\u00e9 du barrage de Manantali, F\u00e9lou et Gouina o\u00f9 il a r\u00e9alis\u00e9 un travail monumental en remettant la soci\u00e9t\u00e9 aux normes.<\/p>\n<p>Ancien de Senelec, il avait atterri en terrain connu, puisqu\u2019il avait d\u00e9j\u00e0 eu \u00e0 repr\u00e9senter la Senelec au sein des instances techniques de l\u2019OMVS dont le si\u00e8ge se trouve \u00e0 Dakar et regroupe la Guin\u00e9e, le Mali, la Mauritanie et le S\u00e9n\u00e9gal.<\/p>\n<p>Ancien du Lyc\u00e9e Malick Sy de Thies et du Prytan\u00e9e militaire, le natif de Wodober\u00e9 (Matam) a pass\u00e9 36 ans dans le secteur de l\u2019\u00e9nergie, dont 39 \u00e0 la Senelec, o\u00f9 il a occup\u00e9, en tant qu\u2019ing\u00e9nieur \u00e9lectrom\u00e9canicien, dipl\u00f4m\u00e9 de l\u2019Ecole Sup\u00e9rieure Interafricaine d\u2019Electrici\u00e9 en 1985, plusieurs postes de responsabilit\u00e9 dont ceux de directeur du Transport d\u2019Energie, directeur de la Communication et de l\u2019Informatique, Secr\u00e9taire G\u00e9n\u00e9ral sous l\u2019\u00e8re Makhtar Ciss\u00e9, directeur de cabinet du Ministre du P\u00e9trole et des Energies, Makhtar Ciss\u00e9 et celui de Pr\u00e9sident du Conseil d\u2019Administration du Fonds sp\u00e9cial de Soutien au Secteur de l\u2019Energie.<\/p>\n<p>A souligner que le West African Power Pool (WAPP) compte comme membres, les 14 pays de la CEDEAO et 50 soci\u00e9t\u00e9s d\u2019\u00e9lectricit\u00e9.<\/p>\n<p>&nbsp;<\/p>\n<div class='share-to-whatsapp-wrapper'><div class='share-on-whsp'>PARTAGER SUR : <\/div><a data-text='NOMINATION - Apr\u00e8s la Semaf, Abdoulaye Dia promu au WAPP' data-link='https:\/\/www.nettali.com\/2024\/12\/13\/nomination-apres-la-semaf-abdoulaye-dia-atterrit-au-wapp\/' class='whatsapp-button whatsapp-share'>WhatsApp<\/a><div class='clear '><\/div><\/div>","protected":false},"excerpt":{"rendered":"<p>NETTALI.COM - Le West African Power Pool (WAPP) a annonc\u00e9 la nomination d\u2019Abdoulaye Dia au poste de secr\u00e9taire g\u00e9n\u00e9ral, suite \u00e0 un appel \u00e0 candidature au sein des 14 pays de la CEDEAO. Cette nomination, selon une note, a \u00e9t\u00e9 officialis\u00e9e lors de l'Assembl\u00e9e g\u00e9n\u00e9rale du WAPP , tenue le 29 novembre 2024 \u00e0 Abidjan, [&hellip;]<\/p>\n","protected":false},"author":2,"featured_media":145325,"comment_status":"open","ping_status":"open","sticky":false,"template":"","format":"standard","meta":{"_et_pb_use_builder":"","_et_pb_old_content":""},"categories":[34945],"tags":[],"yoast_head":"<!-- This site is optimized with the Yoast SEO Premium plugin v17.8 (Yoast SEO v17.8) - https:\/\/yoast.com\/wordpress\/plugins\/seo\/ -->\n<title>NOMINATION - Apr\u00e8s la Semaf, Abdoulaye Dia promu au WAPP | Nettali.com<\/title>\n<meta name=\"robots\" content=\"index, follow, max-snippet:-1, max-image-preview:large, max-video-preview:-1\" \/>\n<link rel=\"canonical\" href=\"https:\/\/www.nettali.com\/2024\/12\/13\/nomination-apres-la-semaf-abdoulaye-dia-atterrit-au-wapp\/\" \/>\n<meta property=\"og:locale\" content=\"fr_FR\" \/>\n<meta property=\"og:type\" content=\"article\" \/>\n<meta property=\"og:title\" content=\"NOMINATION - Apr\u00e8s la Semaf, Abdoulaye Dia promu au WAPP\" \/>\n<meta property=\"og:description\" content=\"NETTALI.COM - Le West African Power Pool (WAPP) a annonc\u00e9 la nomination d\u2019Abdoulaye Dia au poste de secr\u00e9taire g\u00e9n\u00e9ral, suite \u00e0 un appel \u00e0 candidature au sein des 14 pays de la CEDEAO. Cette nomination, selon une note, a \u00e9t\u00e9 officialis\u00e9e lors de l&#039;Assembl\u00e9e g\u00e9n\u00e9rale du WAPP , tenue le 29 novembre 2024 \u00e0 Abidjan, [&hellip;]\" \/>\n<meta property=\"og:url\" content=\"https:\/\/www.nettali.com\/2024\/12\/13\/nomination-apres-la-semaf-abdoulaye-dia-atterrit-au-wapp\/\" \/>\n<meta property=\"og:site_name\" content=\"Nettali.com\" \/>\n<meta property=\"article:publisher\" content=\"https:\/\/www.facebook.com\/nettalicom\" \/>\n<meta property=\"article:published_time\" content=\"2024-12-13T08:08:02+00:00\" \/>\n<meta property=\"article:modified_time\" content=\"2024-12-17T11:24:24+00:00\" \/>\n<meta property=\"og:image\" content=\"https:\/\/www.nettali.com\/wp-content\/uploads\/2024\/12\/WhatsApp-Image-2024-12-12-at-16.32.56-750x430-1.jpeg\" \/>\n\t<meta property=\"og:image:width\" content=\"750\" \/>\n\t<meta property=\"og:image:height\" content=\"430\" \/>\n<meta name=\"twitter:card\" content=\"summary_large_image\" \/>\n<meta name=\"twitter:label1\" content=\"\u00c9crit par\" \/>\n\t<meta name=\"twitter:data1\" content=\"CK\" \/>\n\t<meta name=\"twitter:label2\" content=\"Dur\u00e9e de lecture estim\u00e9e\" \/>\n\t<meta name=\"twitter:data2\" content=\"2 minutes\" \/>\n<script type=\"application\/ld+json\" class=\"yoast-schema-graph\">{\"@context\":\"https:\/\/schema.org\",\"@graph\":[{\"@type\":\"WebSite\",\"@id\":\"https:\/\/www.nettali.com\/#website\",\"url\":\"https:\/\/www.nettali.com\/\",\"name\":\"Nettali.com\",\"description\":\"Le rendez-vous critique du Net\",\"potentialAction\":[{\"@type\":\"SearchAction\",\"target\":{\"@type\":\"EntryPoint\",\"urlTemplate\":\"https:\/\/www.nettali.com\/?s={search_term_string}\"},\"query-input\":\"required name=search_term_string\"}],\"inLanguage\":\"fr-FR\"},{\"@type\":\"ImageObject\",\"@id\":\"https:\/\/www.nettali.com\/2024\/12\/13\/nomination-apres-la-semaf-abdoulaye-dia-atterrit-au-wapp\/#primaryimage\",\"inLanguage\":\"fr-FR\",\"url\":\"https:\/\/www.nettali.com\/wp-content\/uploads\/2024\/12\/WhatsApp-Image-2024-12-12-at-16.32.56-750x430-1.jpeg\",\"contentUrl\":\"https:\/\/www.nettali.com\/wp-content\/uploads\/2024\/12\/WhatsApp-Image-2024-12-12-at-16.32.56-750x430-1.jpeg\",\"width\":750,\"height\":430},{\"@type\":\"WebPage\",\"@id\":\"https:\/\/www.nettali.com\/2024\/12\/13\/nomination-apres-la-semaf-abdoulaye-dia-atterrit-au-wapp\/#webpage\",\"url\":\"https:\/\/www.nettali.com\/2024\/12\/13\/nomination-apres-la-semaf-abdoulaye-dia-atterrit-au-wapp\/\",\"name\":\"NOMINATION - Apr\\u00e8s la Semaf, Abdoulaye Dia promu au WAPP | Nettali.com\",\"isPartOf\":{\"@id\":\"https:\/\/www.nettali.com\/#website\"},\"primaryImageOfPage\":{\"@id\":\"https:\/\/www.nettali.com\/2024\/12\/13\/nomination-apres-la-semaf-abdoulaye-dia-atterrit-au-wapp\/#primaryimage\"},\"datePublished\":\"2024-12-13T08:08:02+00:00\",\"dateModified\":\"2024-12-17T11:24:24+00:00\",\"author\":{\"@id\":\"https:\/\/www.nettali.com\/#\/schema\/person\/d8ac7b7e27ddad43f1c0d2ef090d7f71\"},\"breadcrumb\":{\"@id\":\"https:\/\/www.nettali.com\/2024\/12\/13\/nomination-apres-la-semaf-abdoulaye-dia-atterrit-au-wapp\/#breadcrumb\"},\"inLanguage\":\"fr-FR\",\"potentialAction\":[{\"@type\":\"ReadAction\",\"target\":[\"https:\/\/www.nettali.com\/2024\/12\/13\/nomination-apres-la-semaf-abdoulaye-dia-atterrit-au-wapp\/\"]}]},{\"@type\":\"BreadcrumbList\",\"@id\":\"https:\/\/www.nettali.com\/2024\/12\/13\/nomination-apres-la-semaf-abdoulaye-dia-atterrit-au-wapp\/#breadcrumb\",\"itemListElement\":[{\"@type\":\"ListItem\",\"position\":1,\"name\":\"Accueil\",\"item\":\"https:\/\/www.nettali.com\/\"},{\"@type\":\"ListItem\",\"position\":2,\"name\":\"NOMINATION - Apr\\u00e8s la Semaf, Abdoulaye Dia promu au WAPP\"}]},{\"@type\":\"Person\",\"@id\":\"https:\/\/www.nettali.com\/#\/schema\/person\/d8ac7b7e27ddad43f1c0d2ef090d7f71\",\"name\":\"CK\",\"image\":{\"@type\":\"ImageObject\",\"@id\":\"https:\/\/www.nettali.com\/#personlogo\",\"inLanguage\":\"fr-FR\",\"url\":\"https:\/\/secure.gravatar.com\/avatar\/1d8d5118b9327d94da7cd4ce7f17fec2?s=96&d=mm&r=g\",\"contentUrl\":\"https:\/\/secure.gravatar.com\/avatar\/1d8d5118b9327d94da7cd4ce7f17fec2?s=96&d=mm&r=g\",\"caption\":\"CK\"},\"sameAs\":[\"https:\/\/www.nettali.com\"]}]}<\/script>\n<!-- \/ Yoast SEO Premium plugin. -->","yoast_head_json":{"title":"NOMINATION - Apr\u00e8s la Semaf, Abdoulaye Dia promu au WAPP | Nettali.com","robots":{"index":"index","follow":"follow","max-snippet":"max-snippet:-1","max-image-preview":"max-image-preview:large","max-video-preview":"max-video-preview:-1"},"canonical":"https:\/\/www.nettali.com\/2024\/12\/13\/nomination-apres-la-semaf-abdoulaye-dia-atterrit-au-wapp\/","og_locale":"fr_FR","og_type":"article","og_title":"NOMINATION - Apr\u00e8s la Semaf, Abdoulaye Dia promu au WAPP","og_description":"NETTALI.COM - Le West African Power Pool (WAPP) a annonc\u00e9 la nomination d\u2019Abdoulaye Dia au poste de secr\u00e9taire g\u00e9n\u00e9ral, suite \u00e0 un appel \u00e0 candidature au sein des 14 pays de la CEDEAO. Cette nomination, selon une note, a \u00e9t\u00e9 officialis\u00e9e lors de l'Assembl\u00e9e g\u00e9n\u00e9rale du WAPP , tenue le 29 novembre 2024 \u00e0 Abidjan, [&hellip;]","og_url":"https:\/\/www.nettali.com\/2024\/12\/13\/nomination-apres-la-semaf-abdoulaye-dia-atterrit-au-wapp\/","og_site_name":"Nettali.com","article_publisher":"https:\/\/www.facebook.com\/nettalicom","article_published_time":"2024-12-13T08:08:02+00:00","article_modified_time":"2024-12-17T11:24:24+00:00","og_image":[{"width":750,"height":430,"url":"https:\/\/www.nettali.com\/wp-content\/uploads\/2024\/12\/WhatsApp-Image-2024-12-12-at-16.32.56-750x430-1.jpeg","type":"image\/jpeg"}],"twitter_card":"summary_large_image","twitter_misc":{"\u00c9crit par":"CK","Dur\u00e9e de lecture estim\u00e9e":"2 minutes"},"schema":{"@context":"https:\/\/schema.org","@graph":[{"@type":"WebSite","@id":"https:\/\/www.nettali.com\/#website","url":"https:\/\/www.nettali.com\/","name":"Nettali.com","description":"Le rendez-vous critique du Net","potentialAction":[{"@type":"SearchAction","target":{"@type":"EntryPoint","urlTemplate":"https:\/\/www.nettali.com\/?s={search_term_string}"},"query-input":"required name=search_term_string"}],"inLanguage":"fr-FR"},{"@type":"ImageObject","@id":"https:\/\/www.nettali.com\/2024\/12\/13\/nomination-apres-la-semaf-abdoulaye-dia-atterrit-au-wapp\/#primaryimage","inLanguage":"fr-FR","url":"https:\/\/www.nettali.com\/wp-content\/uploads\/2024\/12\/WhatsApp-Image-2024-12-12-at-16.32.56-750x430-1.jpeg","contentUrl":"https:\/\/www.nettali.com\/wp-content\/uploads\/2024\/12\/WhatsApp-Image-2024-12-12-at-16.32.56-750x430-1.jpeg","width":750,"height":430},{"@type":"WebPage","@id":"https:\/\/www.nettali.com\/2024\/12\/13\/nomination-apres-la-semaf-abdoulaye-dia-atterrit-au-wapp\/#webpage","url":"https:\/\/www.nettali.com\/2024\/12\/13\/nomination-apres-la-semaf-abdoulaye-dia-atterrit-au-wapp\/","name":"NOMINATION - Apr\u00e8s la Semaf, Abdoulaye Dia promu au WAPP | Nettali.com","isPartOf":{"@id":"https:\/\/www.nettali.com\/#website"},"primaryImageOfPage":{"@id":"https:\/\/www.nettali.com\/2024\/12\/13\/nomination-apres-la-semaf-abdoulaye-dia-atterrit-au-wapp\/#primaryimage"},"datePublished":"2024-12-13T08:08:02+00:00","dateModified":"2024-12-17T11:24:24+00:00","author":{"@id":"https:\/\/www.nettali.com\/#\/schema\/person\/d8ac7b7e27ddad43f1c0d2ef090d7f71"},"breadcrumb":{"@id":"https:\/\/www.nettali.com\/2024\/12\/13\/nomination-apres-la-semaf-abdoulaye-dia-atterrit-au-wapp\/#breadcrumb"},"inLanguage":"fr-FR","potentialAction":[{"@type":"ReadAction","target":["https:\/\/www.nettali.com\/2024\/12\/13\/nomination-apres-la-semaf-abdoulaye-dia-atterrit-au-wapp\/"]}]},{"@type":"BreadcrumbList","@id":"https:\/\/www.nettali.com\/2024\/12\/13\/nomination-apres-la-semaf-abdoulaye-dia-atterrit-au-wapp\/#breadcrumb","itemListElement":[{"@type":"ListItem","position":1,"name":"Accueil","item":"https:\/\/www.nettali.com\/"},{"@type":"ListItem","position":2,"name":"NOMINATION - Apr\u00e8s la Semaf, Abdoulaye Dia promu au WAPP"}]},{"@type":"Person","@id":"https:\/\/www.nettali.com\/#\/schema\/person\/d8ac7b7e27ddad43f1c0d2ef090d7f71","name":"CK","image":{"@type":"ImageObject","@id":"https:\/\/www.nettali.com\/#personlogo","inLanguage":"fr-FR","url":"https:\/\/secure.gravatar.com\/avatar\/1d8d5118b9327d94da7cd4ce7f17fec2?s=96&d=mm&r=g","contentUrl":"https:\/\/secure.gravatar.com\/avatar\/1d8d5118b9327d94da7cd4ce7f17fec2?s=96&d=mm&r=g","caption":"CK"},"sameAs":["https:\/\/www.nettali.com"]}]}},"_links":{"self":[{"href":"https:\/\/www.nettali.com\/rest\/wp\/v2\/posts\/145307"}],"collection":[{"href":"https:\/\/www.nettali.com\/rest\/wp\/v2\/posts"}],"about":[{"href":"https:\/\/www.nettali.com\/rest\/wp\/v2\/types\/post"}],"author":[{"embeddable":true,"href":"https:\/\/www.nettali.com\/rest\/wp\/v2\/users\/2"}],"replies":[{"embeddable":true,"href":"https:\/\/www.nettali.com\/rest\/wp\/v2\/comments?post=145307"}],"version-history":[{"count":6,"href":"https:\/\/www.nettali.com\/rest\/wp\/v2\/posts\/145307\/revisions"}],"predecessor-version":[{"id":145380,"href":"https:\/\/www.nettali.com\/rest\/wp\/v2\/posts\/145307\/revisions\/145380"}],"wp:featuredmedia":[{"embeddable":true,"href":"https:\/\/www.nettali.com\/rest\/wp\/v2\/media\/145325"}],"wp:attachment":[{"href":"https:\/\/www.nettali.com\/rest\/wp\/v2\/media?parent=145307"}],"wp:term":[{"taxonomy":"category","embeddable":true,"href":"https:\/\/www.nettali.com\/rest\/wp\/v2\/categories?post=145307"},{"taxonomy":"post_tag","embeddable":true,"href":"https:\/\/www.nettali.com\/rest\/wp\/v2\/tags?post=145307"}],"curies":[{"name":"wp","href":"https:\/\/api.w.org\/{rel}","templated":true}]}}