{"id":145304,"date":"2024-12-13T07:46:24","date_gmt":"2024-12-13T07:46:24","guid":{"rendered":"https:\/\/www.nettali.com\/?p=145304"},"modified":"2024-12-13T18:18:47","modified_gmt":"2024-12-13T18:18:47","slug":"convoque-aujourdhui-a-la-su-du-ccd-ce-quon-reproche-a-barth","status":"publish","type":"post","link":"https:\/\/www.nettali.com\/2024\/12\/13\/convoque-aujourdhui-a-la-su-du-ccd-ce-quon-reproche-a-barth\/","title":{"rendered":"CONVOQU\u00c9 AUJOURD\u2019HUI \u00c0 LA SU DU CCD - Ce qu\u2019on reproche \u00e0 Barth"},"content":{"rendered":"<p><strong>NETTALI.COM -<\/strong> Les limiers de la S\u00fbret\u00e9 urbaine (SU) du commissariat central de Dakar ont convoqu\u00e9, le jeudi 12 d\u00e9cembre, le maire de Dakar, Barth\u00e9lemy Dias, en d\u00e9but de matin\u00e9e. Une fois sur les lieux, ses proches ont inform\u00e9 les hommes en tenue qu\u2019il n\u2019\u00e9tait pas \u00e0 l\u2019H\u00f4tel de ville. Ce qui a \u00e9t\u00e9 confirm\u00e9, selon nos sources, par une g\u00e9olocalisation qui a prouv\u00e9 le d\u00e9put\u00e9 d\u00e9chu \u00e9tait \u00e0 la fronti\u00e8re gambienne et plus pr\u00e9cis\u00e9ment \u00e0 Keur Ayib. Par la suite, les limiers sont parvenus \u00e0 l\u2019avoir au t\u00e9l\u00e9phone et lui ont fait part de sa convocation. Il leur fera comprendre qu\u2019il va d\u00e9f\u00e9rer \u00e0 sa convocation, le vendredi t\u00f4t le matin \u00e0 9 h.<\/p>\n<p>Quelques instants apr\u00e8s, renseignent nos interlocuteurs, il a c\u00e2ble la police pour leur faire croire qu\u2019il ne va pas se rendre \u00e0 la convocation, car ses avocats l'en ont dissuad\u00e9.<\/p>\n<p>\u00c0 nouveau, les policiers lui font comprendre qu\u2019il ne s\u2019agit pas d\u2019une affaire judiciaire. Il a alors accept\u00e9 \u00e0 nouveau de se rendre \u00e0 la police avant de revenir \u00e0 la charge arguant que ses avocats pourraient passer pour en savoir davantage. La police lui fait \u00e0 nouveau comprendre qu\u2019il ne s\u2019agit pas d\u2019une affaire qu\u2019un avocat peut g\u00e9rer, mais l\u2019int\u00e9ress\u00e9 lui-m\u00eame.<\/p>\n<p>A la question de savoir ce qu\u2019on reproche r\u00e9ellement au maire de Dakar, nos sources semblent accr\u00e9diter l'id\u00e9e d'une saisine du pr\u00e9fet de Dakar par Bouma Gu\u00e8ye pour une r\u00e9vocation de Barth \u00e0 la mairie de Dakar en se basant sur l\u2019article L227 du Code \u00e9lectoral. Il pourrait \u00eatre question de lui notifier cela.<\/p>\n<p>Soulignons aussi que le journaliste Madiambal Diagne est aussi convoqu\u00e9 par les limiers de la SU aujourd\u2019hui dans la matin\u00e9e. D\u2019apr\u00e8s nos interlocuteurs, il y a trois plaintes contre lui. Il s\u2019agit d\u2019une de l\u2019homme d'affaires Abdoulaye Sylla, le patron d\u2019Ecotra, pour des faits de diffamation ; une autre de la part de Diop Taif de Pastef pour aussi diffamation et enfin celle du Premier ministre Ousmane Sonko.<\/p>\n<p>Ce dernier lui reproche les faits de diffamation, injures publiques \u00e0 travers un canal et calomnies. Sur ses r\u00e9seaux sociaux, M. Diagne y a fait une annonce de sa convocation. \u201c<em>Je viens de recevoir la convocation de la police, suite \u00e0 la plainte qu\u2019Ousmane Sonko avait d\u00e9pos\u00e9e contre moi durant la campagne \u00e9lectorale. J\u2019ai rendez-vous donc (aujourd\u2019hui) vendredi 13 d\u00e9cembre 2024, \u00e0 10 h, \u00e0 la S\u00fbret\u00e9 urbaine \u00e0 Dakar<\/em>\u201d a-t-il post\u00e9 sur le r\u00e9seau social X.<\/p>\n<div class='share-to-whatsapp-wrapper'><div class='share-on-whsp'>PARTAGER SUR : <\/div><a data-text='CONVOQU\u00c9 AUJOURD\u2019HUI \u00c0 LA SU DU CCD - Ce qu\u2019on reproche \u00e0 Barth' data-link='https:\/\/www.nettali.com\/2024\/12\/13\/convoque-aujourdhui-a-la-su-du-ccd-ce-quon-reproche-a-barth\/' class='whatsapp-button whatsapp-share'>WhatsApp<\/a><div class='clear '><\/div><\/div>","protected":false},"excerpt":{"rendered":"<p>NETTALI.COM - Les limiers de la S\u00fbret\u00e9 urbaine (SU) du commissariat central de Dakar ont convoqu\u00e9, le jeudi 12 d\u00e9cembre, le maire de Dakar, Barth\u00e9lemy Dias, en d\u00e9but de matin\u00e9e. Une fois sur les lieux, ses proches ont inform\u00e9 les hommes en tenue qu\u2019il n\u2019\u00e9tait pas \u00e0 l\u2019H\u00f4tel de ville. Ce qui a \u00e9t\u00e9 confirm\u00e9, [&hellip;]<\/p>\n","protected":false},"author":2,"featured_media":145305,"comment_status":"open","ping_status":"open","sticky":false,"template":"","format":"standard","meta":{"_et_pb_use_builder":"","_et_pb_old_content":""},"categories":[34945],"tags":[],"yoast_head":"<!-- This site is optimized with the Yoast SEO Premium plugin v17.8 (Yoast SEO v17.8) - https:\/\/yoast.com\/wordpress\/plugins\/seo\/ -->\n<title>CONVOQU\u00c9 AUJOURD\u2019HUI \u00c0 LA SU DU CCD - Ce qu\u2019on reproche \u00e0 Barth | Nettali.com<\/title>\n<meta name=\"robots\" content=\"index, follow, max-snippet:-1, max-image-preview:large, max-video-preview:-1\" \/>\n<link rel=\"canonical\" href=\"https:\/\/www.nettali.com\/2024\/12\/13\/convoque-aujourdhui-a-la-su-du-ccd-ce-quon-reproche-a-barth\/\" \/>\n<meta property=\"og:locale\" content=\"fr_FR\" \/>\n<meta property=\"og:type\" content=\"article\" \/>\n<meta property=\"og:title\" content=\"CONVOQU\u00c9 AUJOURD\u2019HUI \u00c0 LA SU DU CCD - Ce qu\u2019on reproche \u00e0 Barth\" \/>\n<meta property=\"og:description\" content=\"NETTALI.COM - Les limiers de la S\u00fbret\u00e9 urbaine (SU) du commissariat central de Dakar ont convoqu\u00e9, le jeudi 12 d\u00e9cembre, le maire de Dakar, Barth\u00e9lemy Dias, en d\u00e9but de matin\u00e9e. Une fois sur les lieux, ses proches ont inform\u00e9 les hommes en tenue qu\u2019il n\u2019\u00e9tait pas \u00e0 l\u2019H\u00f4tel de ville. Ce qui a \u00e9t\u00e9 confirm\u00e9, [&hellip;]\" \/>\n<meta property=\"og:url\" content=\"https:\/\/www.nettali.com\/2024\/12\/13\/convoque-aujourdhui-a-la-su-du-ccd-ce-quon-reproche-a-barth\/\" \/>\n<meta property=\"og:site_name\" content=\"Nettali.com\" \/>\n<meta property=\"article:publisher\" content=\"https:\/\/www.facebook.com\/nettalicom\" \/>\n<meta property=\"article:published_time\" content=\"2024-12-13T07:46:24+00:00\" \/>\n<meta property=\"article:modified_time\" content=\"2024-12-13T18:18:47+00:00\" \/>\n<meta property=\"og:image\" content=\"https:\/\/www.nettali.com\/wp-content\/uploads\/2024\/12\/WhatsApp-Image-2024-12-06-at-13.02.16.jpeg\" \/>\n\t<meta property=\"og:image:width\" content=\"800\" \/>\n\t<meta property=\"og:image:height\" content=\"538\" \/>\n<meta name=\"twitter:card\" content=\"summary_large_image\" \/>\n<meta name=\"twitter:label1\" content=\"\u00c9crit par\" \/>\n\t<meta name=\"twitter:data1\" content=\"CK\" \/>\n\t<meta name=\"twitter:label2\" content=\"Dur\u00e9e de lecture estim\u00e9e\" \/>\n\t<meta name=\"twitter:data2\" content=\"3 minutes\" \/>\n<script type=\"application\/ld+json\" class=\"yoast-schema-graph\">{\"@context\":\"https:\/\/schema.org\",\"@graph\":[{\"@type\":\"WebSite\",\"@id\":\"https:\/\/www.nettali.com\/#website\",\"url\":\"https:\/\/www.nettali.com\/\",\"name\":\"Nettali.com\",\"description\":\"Le rendez-vous critique du Net\",\"potentialAction\":[{\"@type\":\"SearchAction\",\"target\":{\"@type\":\"EntryPoint\",\"urlTemplate\":\"https:\/\/www.nettali.com\/?s={search_term_string}\"},\"query-input\":\"required name=search_term_string\"}],\"inLanguage\":\"fr-FR\"},{\"@type\":\"ImageObject\",\"@id\":\"https:\/\/www.nettali.com\/2024\/12\/13\/convoque-aujourdhui-a-la-su-du-ccd-ce-quon-reproche-a-barth\/#primaryimage\",\"inLanguage\":\"fr-FR\",\"url\":\"https:\/\/www.nettali.com\/wp-content\/uploads\/2024\/12\/WhatsApp-Image-2024-12-06-at-13.02.16.jpeg\",\"contentUrl\":\"https:\/\/www.nettali.com\/wp-content\/uploads\/2024\/12\/WhatsApp-Image-2024-12-06-at-13.02.16.jpeg\",\"width\":800,\"height\":538},{\"@type\":\"WebPage\",\"@id\":\"https:\/\/www.nettali.com\/2024\/12\/13\/convoque-aujourdhui-a-la-su-du-ccd-ce-quon-reproche-a-barth\/#webpage\",\"url\":\"https:\/\/www.nettali.com\/2024\/12\/13\/convoque-aujourdhui-a-la-su-du-ccd-ce-quon-reproche-a-barth\/\",\"name\":\"CONVOQU\\u00c9 AUJOURD\\u2019HUI \\u00c0 LA SU DU CCD - Ce qu\\u2019on reproche \\u00e0 Barth | Nettali.com\",\"isPartOf\":{\"@id\":\"https:\/\/www.nettali.com\/#website\"},\"primaryImageOfPage\":{\"@id\":\"https:\/\/www.nettali.com\/2024\/12\/13\/convoque-aujourdhui-a-la-su-du-ccd-ce-quon-reproche-a-barth\/#primaryimage\"},\"datePublished\":\"2024-12-13T07:46:24+00:00\",\"dateModified\":\"2024-12-13T18:18:47+00:00\",\"author\":{\"@id\":\"https:\/\/www.nettali.com\/#\/schema\/person\/d8ac7b7e27ddad43f1c0d2ef090d7f71\"},\"breadcrumb\":{\"@id\":\"https:\/\/www.nettali.com\/2024\/12\/13\/convoque-aujourdhui-a-la-su-du-ccd-ce-quon-reproche-a-barth\/#breadcrumb\"},\"inLanguage\":\"fr-FR\",\"potentialAction\":[{\"@type\":\"ReadAction\",\"target\":[\"https:\/\/www.nettali.com\/2024\/12\/13\/convoque-aujourdhui-a-la-su-du-ccd-ce-quon-reproche-a-barth\/\"]}]},{\"@type\":\"BreadcrumbList\",\"@id\":\"https:\/\/www.nettali.com\/2024\/12\/13\/convoque-aujourdhui-a-la-su-du-ccd-ce-quon-reproche-a-barth\/#breadcrumb\",\"itemListElement\":[{\"@type\":\"ListItem\",\"position\":1,\"name\":\"Accueil\",\"item\":\"https:\/\/www.nettali.com\/\"},{\"@type\":\"ListItem\",\"position\":2,\"name\":\"CONVOQU\\u00c9 AUJOURD\\u2019HUI \\u00c0 LA SU DU CCD - Ce qu\\u2019on reproche \\u00e0 Barth\"}]},{\"@type\":\"Person\",\"@id\":\"https:\/\/www.nettali.com\/#\/schema\/person\/d8ac7b7e27ddad43f1c0d2ef090d7f71\",\"name\":\"CK\",\"image\":{\"@type\":\"ImageObject\",\"@id\":\"https:\/\/www.nettali.com\/#personlogo\",\"inLanguage\":\"fr-FR\",\"url\":\"https:\/\/secure.gravatar.com\/avatar\/1d8d5118b9327d94da7cd4ce7f17fec2?s=96&d=mm&r=g\",\"contentUrl\":\"https:\/\/secure.gravatar.com\/avatar\/1d8d5118b9327d94da7cd4ce7f17fec2?s=96&d=mm&r=g\",\"caption\":\"CK\"},\"sameAs\":[\"https:\/\/www.nettali.com\"]}]}<\/script>\n<!-- \/ Yoast SEO Premium plugin. -->","yoast_head_json":{"title":"CONVOQU\u00c9 AUJOURD\u2019HUI \u00c0 LA SU DU CCD - Ce qu\u2019on reproche \u00e0 Barth | Nettali.com","robots":{"index":"index","follow":"follow","max-snippet":"max-snippet:-1","max-image-preview":"max-image-preview:large","max-video-preview":"max-video-preview:-1"},"canonical":"https:\/\/www.nettali.com\/2024\/12\/13\/convoque-aujourdhui-a-la-su-du-ccd-ce-quon-reproche-a-barth\/","og_locale":"fr_FR","og_type":"article","og_title":"CONVOQU\u00c9 AUJOURD\u2019HUI \u00c0 LA SU DU CCD - Ce qu\u2019on reproche \u00e0 Barth","og_description":"NETTALI.COM - Les limiers de la S\u00fbret\u00e9 urbaine (SU) du commissariat central de Dakar ont convoqu\u00e9, le jeudi 12 d\u00e9cembre, le maire de Dakar, Barth\u00e9lemy Dias, en d\u00e9but de matin\u00e9e. Une fois sur les lieux, ses proches ont inform\u00e9 les hommes en tenue qu\u2019il n\u2019\u00e9tait pas \u00e0 l\u2019H\u00f4tel de ville. Ce qui a \u00e9t\u00e9 confirm\u00e9, [&hellip;]","og_url":"https:\/\/www.nettali.com\/2024\/12\/13\/convoque-aujourdhui-a-la-su-du-ccd-ce-quon-reproche-a-barth\/","og_site_name":"Nettali.com","article_publisher":"https:\/\/www.facebook.com\/nettalicom","article_published_time":"2024-12-13T07:46:24+00:00","article_modified_time":"2024-12-13T18:18:47+00:00","og_image":[{"width":800,"height":538,"url":"https:\/\/www.nettali.com\/wp-content\/uploads\/2024\/12\/WhatsApp-Image-2024-12-06-at-13.02.16.jpeg","type":"image\/jpeg"}],"twitter_card":"summary_large_image","twitter_misc":{"\u00c9crit par":"CK","Dur\u00e9e de lecture estim\u00e9e":"3 minutes"},"schema":{"@context":"https:\/\/schema.org","@graph":[{"@type":"WebSite","@id":"https:\/\/www.nettali.com\/#website","url":"https:\/\/www.nettali.com\/","name":"Nettali.com","description":"Le rendez-vous critique du Net","potentialAction":[{"@type":"SearchAction","target":{"@type":"EntryPoint","urlTemplate":"https:\/\/www.nettali.com\/?s={search_term_string}"},"query-input":"required name=search_term_string"}],"inLanguage":"fr-FR"},{"@type":"ImageObject","@id":"https:\/\/www.nettali.com\/2024\/12\/13\/convoque-aujourdhui-a-la-su-du-ccd-ce-quon-reproche-a-barth\/#primaryimage","inLanguage":"fr-FR","url":"https:\/\/www.nettali.com\/wp-content\/uploads\/2024\/12\/WhatsApp-Image-2024-12-06-at-13.02.16.jpeg","contentUrl":"https:\/\/www.nettali.com\/wp-content\/uploads\/2024\/12\/WhatsApp-Image-2024-12-06-at-13.02.16.jpeg","width":800,"height":538},{"@type":"WebPage","@id":"https:\/\/www.nettali.com\/2024\/12\/13\/convoque-aujourdhui-a-la-su-du-ccd-ce-quon-reproche-a-barth\/#webpage","url":"https:\/\/www.nettali.com\/2024\/12\/13\/convoque-aujourdhui-a-la-su-du-ccd-ce-quon-reproche-a-barth\/","name":"CONVOQU\u00c9 AUJOURD\u2019HUI \u00c0 LA SU DU CCD - Ce qu\u2019on reproche \u00e0 Barth | Nettali.com","isPartOf":{"@id":"https:\/\/www.nettali.com\/#website"},"primaryImageOfPage":{"@id":"https:\/\/www.nettali.com\/2024\/12\/13\/convoque-aujourdhui-a-la-su-du-ccd-ce-quon-reproche-a-barth\/#primaryimage"},"datePublished":"2024-12-13T07:46:24+00:00","dateModified":"2024-12-13T18:18:47+00:00","author":{"@id":"https:\/\/www.nettali.com\/#\/schema\/person\/d8ac7b7e27ddad43f1c0d2ef090d7f71"},"breadcrumb":{"@id":"https:\/\/www.nettali.com\/2024\/12\/13\/convoque-aujourdhui-a-la-su-du-ccd-ce-quon-reproche-a-barth\/#breadcrumb"},"inLanguage":"fr-FR","potentialAction":[{"@type":"ReadAction","target":["https:\/\/www.nettali.com\/2024\/12\/13\/convoque-aujourdhui-a-la-su-du-ccd-ce-quon-reproche-a-barth\/"]}]},{"@type":"BreadcrumbList","@id":"https:\/\/www.nettali.com\/2024\/12\/13\/convoque-aujourdhui-a-la-su-du-ccd-ce-quon-reproche-a-barth\/#breadcrumb","itemListElement":[{"@type":"ListItem","position":1,"name":"Accueil","item":"https:\/\/www.nettali.com\/"},{"@type":"ListItem","position":2,"name":"CONVOQU\u00c9 AUJOURD\u2019HUI \u00c0 LA SU DU CCD - Ce qu\u2019on reproche \u00e0 Barth"}]},{"@type":"Person","@id":"https:\/\/www.nettali.com\/#\/schema\/person\/d8ac7b7e27ddad43f1c0d2ef090d7f71","name":"CK","image":{"@type":"ImageObject","@id":"https:\/\/www.nettali.com\/#personlogo","inLanguage":"fr-FR","url":"https:\/\/secure.gravatar.com\/avatar\/1d8d5118b9327d94da7cd4ce7f17fec2?s=96&d=mm&r=g","contentUrl":"https:\/\/secure.gravatar.com\/avatar\/1d8d5118b9327d94da7cd4ce7f17fec2?s=96&d=mm&r=g","caption":"CK"},"sameAs":["https:\/\/www.nettali.com"]}]}},"_links":{"self":[{"href":"https:\/\/www.nettali.com\/rest\/wp\/v2\/posts\/145304"}],"collection":[{"href":"https:\/\/www.nettali.com\/rest\/wp\/v2\/posts"}],"about":[{"href":"https:\/\/www.nettali.com\/rest\/wp\/v2\/types\/post"}],"author":[{"embeddable":true,"href":"https:\/\/www.nettali.com\/rest\/wp\/v2\/users\/2"}],"replies":[{"embeddable":true,"href":"https:\/\/www.nettali.com\/rest\/wp\/v2\/comments?post=145304"}],"version-history":[{"count":4,"href":"https:\/\/www.nettali.com\/rest\/wp\/v2\/posts\/145304\/revisions"}],"predecessor-version":[{"id":145357,"href":"https:\/\/www.nettali.com\/rest\/wp\/v2\/posts\/145304\/revisions\/145357"}],"wp:featuredmedia":[{"embeddable":true,"href":"https:\/\/www.nettali.com\/rest\/wp\/v2\/media\/145305"}],"wp:attachment":[{"href":"https:\/\/www.nettali.com\/rest\/wp\/v2\/media?parent=145304"}],"wp:term":[{"taxonomy":"category","embeddable":true,"href":"https:\/\/www.nettali.com\/rest\/wp\/v2\/categories?post=145304"},{"taxonomy":"post_tag","embeddable":true,"href":"https:\/\/www.nettali.com\/rest\/wp\/v2\/tags?post=145304"}],"curies":[{"name":"wp","href":"https:\/\/api.w.org\/{rel}","templated":true}]}}