{"id":145252,"date":"2024-12-12T08:21:49","date_gmt":"2024-12-12T08:21:49","guid":{"rendered":"https:\/\/www.nettali.com\/?p=145252"},"modified":"2024-12-12T08:25:01","modified_gmt":"2024-12-12T08:25:01","slug":"yoff-le-camion-heurte-violemment-la-passerelle-et-perturbe-la-circulation","status":"publish","type":"post","link":"https:\/\/www.nettali.com\/2024\/12\/12\/yoff-le-camion-heurte-violemment-la-passerelle-et-perturbe-la-circulation\/","title":{"rendered":"YOFF - Le camion heurte violemment la passerelle et perturbe la circulation"},"content":{"rendered":"<p><strong>NETTALI.COM -<\/strong> Le mercredi 11 d\u00e9cembre, en fin de matin\u00e9e du mercredi 11 d\u00e9cembre, un camion immatricul\u00e9 DL 1920 E, avec sa benne soulev\u00e9e, a violemment heurt\u00e9 la passerelle de Yoff-Tonghor, causant d\u2019importants d\u00e9g\u00e2ts et perturbant la circulation. Heureusement, un seul bless\u00e9 l\u00e9ger a \u00e9t\u00e9 signal\u00e9. Il a \u00e9t\u00e9 pris en charge par les secours avant de regagner son domicile.<\/p>\n<p><img loading=\"lazy\" class=\"alignnone size-medium wp-image-145254\" src=\"https:\/\/www.nettali.com\/wp-content\/uploads\/2024\/12\/PHOTO-2024-12-11-16-44-41-300x169.jpg\" alt=\"\" width=\"300\" height=\"169\" srcset=\"https:\/\/www.nettali.com\/wp-content\/uploads\/2024\/12\/PHOTO-2024-12-11-16-44-41-300x169.jpg 300w, https:\/\/www.nettali.com\/wp-content\/uploads\/2024\/12\/PHOTO-2024-12-11-16-44-41-1024x576.jpg 1024w, https:\/\/www.nettali.com\/wp-content\/uploads\/2024\/12\/PHOTO-2024-12-11-16-44-41-768x432.jpg 768w, https:\/\/www.nettali.com\/wp-content\/uploads\/2024\/12\/PHOTO-2024-12-11-16-44-41.jpg 1080w\" sizes=\"(max-width: 300px) 100vw, 300px\" \/><img loading=\"lazy\" class=\"alignnone size-medium wp-image-145258\" src=\"https:\/\/www.nettali.com\/wp-content\/uploads\/2024\/12\/PHOTO-2024-12-11-16-44-41-A-168x300.jpg\" alt=\"\" width=\"168\" height=\"300\" srcset=\"https:\/\/www.nettali.com\/wp-content\/uploads\/2024\/12\/PHOTO-2024-12-11-16-44-41-A-168x300.jpg 168w, https:\/\/www.nettali.com\/wp-content\/uploads\/2024\/12\/PHOTO-2024-12-11-16-44-41-A-575x1024.jpg 575w, https:\/\/www.nettali.com\/wp-content\/uploads\/2024\/12\/PHOTO-2024-12-11-16-44-41-A.jpg 720w\" sizes=\"(max-width: 168px) 100vw, 168px\" \/><\/p>\n<p>Suite \u00e0 l\u2019incident, M. Yankoba Di\u00e9m\u00e9, ministre des Infrastructures et des Transports Terrestres et A\u00e9riens, a imm\u00e9diatement ordonn\u00e9 des mesures pour garantir la s\u00e9curit\u00e9 des usagers. Ageroute S\u00e9n\u00e9gal s\u2019est rendue sur place et a d\u00e9cid\u00e9 de proc\u00e9der \u00e0 la d\u00e9pose de la passerelle de Yoff-Tonghor pendant la nuit du 11 au 12 d\u00e9cembre 2024, afin d\u2019assurer la s\u00e9curit\u00e9.<\/p>\n<p>Le ministre a par la suite exprim\u00e9 son regret face \u00e0 la recrudescence de ce type d\u2019incident, souvent caus\u00e9 par le non-respect des r\u00e8gles de s\u00e9curit\u00e9, notamment par les poids lourds. Il a rappel\u00e9 que des sanctions strictes seront appliqu\u00e9es aux contrevenants, conform\u00e9ment aux conclusions des r\u00e9cents \u00c9tats G\u00e9n\u00e9raux des Transports Publics, qui ont introduit une politique de tol\u00e9rance z\u00e9ro.<\/p>\n<p>Le Minist\u00e8re a ainsi pr\u00e9sent\u00e9 ses excuses aux populations et aux usagers pour les d\u00e9sagr\u00e9ments caus\u00e9s et assur\u00e9 que Ageroute S\u00e9n\u00e9gal travaille \u00e0 un retour \u00e0 la normale dans les plus brefs d\u00e9lais.<\/p>\n<div class='share-to-whatsapp-wrapper'><div class='share-on-whsp'>PARTAGER SUR : <\/div><a data-text='YOFF - Le camion heurte violemment la passerelle et perturbe la circulation' data-link='https:\/\/www.nettali.com\/2024\/12\/12\/yoff-le-camion-heurte-violemment-la-passerelle-et-perturbe-la-circulation\/' class='whatsapp-button whatsapp-share'>WhatsApp<\/a><div class='clear '><\/div><\/div>","protected":false},"excerpt":{"rendered":"<p>NETTALI.COM - Le mercredi 11 d\u00e9cembre, en fin de matin\u00e9e du mercredi 11 d\u00e9cembre, un camion immatricul\u00e9 DL 1920 E, avec sa benne soulev\u00e9e, a violemment heurt\u00e9 la passerelle de Yoff-Tonghor, causant d\u2019importants d\u00e9g\u00e2ts et perturbant la circulation. Heureusement, un seul bless\u00e9 l\u00e9ger a \u00e9t\u00e9 signal\u00e9. Il a \u00e9t\u00e9 pris en charge par les secours [&hellip;]<\/p>\n","protected":false},"author":2,"featured_media":145253,"comment_status":"open","ping_status":"open","sticky":false,"template":"","format":"standard","meta":{"_et_pb_use_builder":"","_et_pb_old_content":""},"categories":[34945],"tags":[],"yoast_head":"<!-- This site is optimized with the Yoast SEO Premium plugin v17.8 (Yoast SEO v17.8) - https:\/\/yoast.com\/wordpress\/plugins\/seo\/ -->\n<title>YOFF - Le camion heurte violemment la passerelle et perturbe la circulation | Nettali.com<\/title>\n<meta name=\"robots\" content=\"index, follow, max-snippet:-1, max-image-preview:large, max-video-preview:-1\" \/>\n<link rel=\"canonical\" href=\"https:\/\/www.nettali.com\/2024\/12\/12\/yoff-le-camion-heurte-violemment-la-passerelle-et-perturbe-la-circulation\/\" \/>\n<meta property=\"og:locale\" content=\"fr_FR\" \/>\n<meta property=\"og:type\" content=\"article\" \/>\n<meta property=\"og:title\" content=\"YOFF - Le camion heurte violemment la passerelle et perturbe la circulation\" \/>\n<meta property=\"og:description\" content=\"NETTALI.COM - Le mercredi 11 d\u00e9cembre, en fin de matin\u00e9e du mercredi 11 d\u00e9cembre, un camion immatricul\u00e9 DL 1920 E, avec sa benne soulev\u00e9e, a violemment heurt\u00e9 la passerelle de Yoff-Tonghor, causant d\u2019importants d\u00e9g\u00e2ts et perturbant la circulation. Heureusement, un seul bless\u00e9 l\u00e9ger a \u00e9t\u00e9 signal\u00e9. Il a \u00e9t\u00e9 pris en charge par les secours [&hellip;]\" \/>\n<meta property=\"og:url\" content=\"https:\/\/www.nettali.com\/2024\/12\/12\/yoff-le-camion-heurte-violemment-la-passerelle-et-perturbe-la-circulation\/\" \/>\n<meta property=\"og:site_name\" content=\"Nettali.com\" \/>\n<meta property=\"article:publisher\" content=\"https:\/\/www.facebook.com\/nettalicom\" \/>\n<meta property=\"article:published_time\" content=\"2024-12-12T08:21:49+00:00\" \/>\n<meta property=\"article:modified_time\" content=\"2024-12-12T08:25:01+00:00\" \/>\n<meta property=\"og:image\" content=\"https:\/\/www.nettali.com\/wp-content\/uploads\/2024\/12\/PHOTO-2024-12-11-16-44-41B.jpg\" \/>\n\t<meta property=\"og:image:width\" content=\"1080\" \/>\n\t<meta property=\"og:image:height\" content=\"608\" \/>\n<meta name=\"twitter:card\" content=\"summary_large_image\" \/>\n<meta name=\"twitter:label1\" content=\"\u00c9crit par\" \/>\n\t<meta name=\"twitter:data1\" content=\"CK\" \/>\n\t<meta name=\"twitter:label2\" content=\"Dur\u00e9e de lecture estim\u00e9e\" \/>\n\t<meta name=\"twitter:data2\" content=\"1 minute\" \/>\n<script type=\"application\/ld+json\" class=\"yoast-schema-graph\">{\"@context\":\"https:\/\/schema.org\",\"@graph\":[{\"@type\":\"WebSite\",\"@id\":\"https:\/\/www.nettali.com\/#website\",\"url\":\"https:\/\/www.nettali.com\/\",\"name\":\"Nettali.com\",\"description\":\"Le rendez-vous critique du Net\",\"potentialAction\":[{\"@type\":\"SearchAction\",\"target\":{\"@type\":\"EntryPoint\",\"urlTemplate\":\"https:\/\/www.nettali.com\/?s={search_term_string}\"},\"query-input\":\"required name=search_term_string\"}],\"inLanguage\":\"fr-FR\"},{\"@type\":\"ImageObject\",\"@id\":\"https:\/\/www.nettali.com\/2024\/12\/12\/yoff-le-camion-heurte-violemment-la-passerelle-et-perturbe-la-circulation\/#primaryimage\",\"inLanguage\":\"fr-FR\",\"url\":\"https:\/\/www.nettali.com\/wp-content\/uploads\/2024\/12\/PHOTO-2024-12-11-16-44-41B.jpg\",\"contentUrl\":\"https:\/\/www.nettali.com\/wp-content\/uploads\/2024\/12\/PHOTO-2024-12-11-16-44-41B.jpg\",\"width\":1080,\"height\":608},{\"@type\":\"WebPage\",\"@id\":\"https:\/\/www.nettali.com\/2024\/12\/12\/yoff-le-camion-heurte-violemment-la-passerelle-et-perturbe-la-circulation\/#webpage\",\"url\":\"https:\/\/www.nettali.com\/2024\/12\/12\/yoff-le-camion-heurte-violemment-la-passerelle-et-perturbe-la-circulation\/\",\"name\":\"YOFF - Le camion heurte violemment la passerelle et perturbe la circulation | Nettali.com\",\"isPartOf\":{\"@id\":\"https:\/\/www.nettali.com\/#website\"},\"primaryImageOfPage\":{\"@id\":\"https:\/\/www.nettali.com\/2024\/12\/12\/yoff-le-camion-heurte-violemment-la-passerelle-et-perturbe-la-circulation\/#primaryimage\"},\"datePublished\":\"2024-12-12T08:21:49+00:00\",\"dateModified\":\"2024-12-12T08:25:01+00:00\",\"author\":{\"@id\":\"https:\/\/www.nettali.com\/#\/schema\/person\/d8ac7b7e27ddad43f1c0d2ef090d7f71\"},\"breadcrumb\":{\"@id\":\"https:\/\/www.nettali.com\/2024\/12\/12\/yoff-le-camion-heurte-violemment-la-passerelle-et-perturbe-la-circulation\/#breadcrumb\"},\"inLanguage\":\"fr-FR\",\"potentialAction\":[{\"@type\":\"ReadAction\",\"target\":[\"https:\/\/www.nettali.com\/2024\/12\/12\/yoff-le-camion-heurte-violemment-la-passerelle-et-perturbe-la-circulation\/\"]}]},{\"@type\":\"BreadcrumbList\",\"@id\":\"https:\/\/www.nettali.com\/2024\/12\/12\/yoff-le-camion-heurte-violemment-la-passerelle-et-perturbe-la-circulation\/#breadcrumb\",\"itemListElement\":[{\"@type\":\"ListItem\",\"position\":1,\"name\":\"Accueil\",\"item\":\"https:\/\/www.nettali.com\/\"},{\"@type\":\"ListItem\",\"position\":2,\"name\":\"YOFF - Le camion heurte violemment la passerelle et perturbe la circulation\"}]},{\"@type\":\"Person\",\"@id\":\"https:\/\/www.nettali.com\/#\/schema\/person\/d8ac7b7e27ddad43f1c0d2ef090d7f71\",\"name\":\"CK\",\"image\":{\"@type\":\"ImageObject\",\"@id\":\"https:\/\/www.nettali.com\/#personlogo\",\"inLanguage\":\"fr-FR\",\"url\":\"https:\/\/secure.gravatar.com\/avatar\/1d8d5118b9327d94da7cd4ce7f17fec2?s=96&d=mm&r=g\",\"contentUrl\":\"https:\/\/secure.gravatar.com\/avatar\/1d8d5118b9327d94da7cd4ce7f17fec2?s=96&d=mm&r=g\",\"caption\":\"CK\"},\"sameAs\":[\"https:\/\/www.nettali.com\"]}]}<\/script>\n<!-- \/ Yoast SEO Premium plugin. -->","yoast_head_json":{"title":"YOFF - Le camion heurte violemment la passerelle et perturbe la circulation | Nettali.com","robots":{"index":"index","follow":"follow","max-snippet":"max-snippet:-1","max-image-preview":"max-image-preview:large","max-video-preview":"max-video-preview:-1"},"canonical":"https:\/\/www.nettali.com\/2024\/12\/12\/yoff-le-camion-heurte-violemment-la-passerelle-et-perturbe-la-circulation\/","og_locale":"fr_FR","og_type":"article","og_title":"YOFF - Le camion heurte violemment la passerelle et perturbe la circulation","og_description":"NETTALI.COM - Le mercredi 11 d\u00e9cembre, en fin de matin\u00e9e du mercredi 11 d\u00e9cembre, un camion immatricul\u00e9 DL 1920 E, avec sa benne soulev\u00e9e, a violemment heurt\u00e9 la passerelle de Yoff-Tonghor, causant d\u2019importants d\u00e9g\u00e2ts et perturbant la circulation. Heureusement, un seul bless\u00e9 l\u00e9ger a \u00e9t\u00e9 signal\u00e9. Il a \u00e9t\u00e9 pris en charge par les secours [&hellip;]","og_url":"https:\/\/www.nettali.com\/2024\/12\/12\/yoff-le-camion-heurte-violemment-la-passerelle-et-perturbe-la-circulation\/","og_site_name":"Nettali.com","article_publisher":"https:\/\/www.facebook.com\/nettalicom","article_published_time":"2024-12-12T08:21:49+00:00","article_modified_time":"2024-12-12T08:25:01+00:00","og_image":[{"width":1080,"height":608,"url":"https:\/\/www.nettali.com\/wp-content\/uploads\/2024\/12\/PHOTO-2024-12-11-16-44-41B.jpg","type":"image\/jpeg"}],"twitter_card":"summary_large_image","twitter_misc":{"\u00c9crit par":"CK","Dur\u00e9e de lecture estim\u00e9e":"1 minute"},"schema":{"@context":"https:\/\/schema.org","@graph":[{"@type":"WebSite","@id":"https:\/\/www.nettali.com\/#website","url":"https:\/\/www.nettali.com\/","name":"Nettali.com","description":"Le rendez-vous critique du Net","potentialAction":[{"@type":"SearchAction","target":{"@type":"EntryPoint","urlTemplate":"https:\/\/www.nettali.com\/?s={search_term_string}"},"query-input":"required name=search_term_string"}],"inLanguage":"fr-FR"},{"@type":"ImageObject","@id":"https:\/\/www.nettali.com\/2024\/12\/12\/yoff-le-camion-heurte-violemment-la-passerelle-et-perturbe-la-circulation\/#primaryimage","inLanguage":"fr-FR","url":"https:\/\/www.nettali.com\/wp-content\/uploads\/2024\/12\/PHOTO-2024-12-11-16-44-41B.jpg","contentUrl":"https:\/\/www.nettali.com\/wp-content\/uploads\/2024\/12\/PHOTO-2024-12-11-16-44-41B.jpg","width":1080,"height":608},{"@type":"WebPage","@id":"https:\/\/www.nettali.com\/2024\/12\/12\/yoff-le-camion-heurte-violemment-la-passerelle-et-perturbe-la-circulation\/#webpage","url":"https:\/\/www.nettali.com\/2024\/12\/12\/yoff-le-camion-heurte-violemment-la-passerelle-et-perturbe-la-circulation\/","name":"YOFF - Le camion heurte violemment la passerelle et perturbe la circulation | Nettali.com","isPartOf":{"@id":"https:\/\/www.nettali.com\/#website"},"primaryImageOfPage":{"@id":"https:\/\/www.nettali.com\/2024\/12\/12\/yoff-le-camion-heurte-violemment-la-passerelle-et-perturbe-la-circulation\/#primaryimage"},"datePublished":"2024-12-12T08:21:49+00:00","dateModified":"2024-12-12T08:25:01+00:00","author":{"@id":"https:\/\/www.nettali.com\/#\/schema\/person\/d8ac7b7e27ddad43f1c0d2ef090d7f71"},"breadcrumb":{"@id":"https:\/\/www.nettali.com\/2024\/12\/12\/yoff-le-camion-heurte-violemment-la-passerelle-et-perturbe-la-circulation\/#breadcrumb"},"inLanguage":"fr-FR","potentialAction":[{"@type":"ReadAction","target":["https:\/\/www.nettali.com\/2024\/12\/12\/yoff-le-camion-heurte-violemment-la-passerelle-et-perturbe-la-circulation\/"]}]},{"@type":"BreadcrumbList","@id":"https:\/\/www.nettali.com\/2024\/12\/12\/yoff-le-camion-heurte-violemment-la-passerelle-et-perturbe-la-circulation\/#breadcrumb","itemListElement":[{"@type":"ListItem","position":1,"name":"Accueil","item":"https:\/\/www.nettali.com\/"},{"@type":"ListItem","position":2,"name":"YOFF - Le camion heurte violemment la passerelle et perturbe la circulation"}]},{"@type":"Person","@id":"https:\/\/www.nettali.com\/#\/schema\/person\/d8ac7b7e27ddad43f1c0d2ef090d7f71","name":"CK","image":{"@type":"ImageObject","@id":"https:\/\/www.nettali.com\/#personlogo","inLanguage":"fr-FR","url":"https:\/\/secure.gravatar.com\/avatar\/1d8d5118b9327d94da7cd4ce7f17fec2?s=96&d=mm&r=g","contentUrl":"https:\/\/secure.gravatar.com\/avatar\/1d8d5118b9327d94da7cd4ce7f17fec2?s=96&d=mm&r=g","caption":"CK"},"sameAs":["https:\/\/www.nettali.com"]}]}},"_links":{"self":[{"href":"https:\/\/www.nettali.com\/rest\/wp\/v2\/posts\/145252"}],"collection":[{"href":"https:\/\/www.nettali.com\/rest\/wp\/v2\/posts"}],"about":[{"href":"https:\/\/www.nettali.com\/rest\/wp\/v2\/types\/post"}],"author":[{"embeddable":true,"href":"https:\/\/www.nettali.com\/rest\/wp\/v2\/users\/2"}],"replies":[{"embeddable":true,"href":"https:\/\/www.nettali.com\/rest\/wp\/v2\/comments?post=145252"}],"version-history":[{"count":2,"href":"https:\/\/www.nettali.com\/rest\/wp\/v2\/posts\/145252\/revisions"}],"predecessor-version":[{"id":145259,"href":"https:\/\/www.nettali.com\/rest\/wp\/v2\/posts\/145252\/revisions\/145259"}],"wp:featuredmedia":[{"embeddable":true,"href":"https:\/\/www.nettali.com\/rest\/wp\/v2\/media\/145253"}],"wp:attachment":[{"href":"https:\/\/www.nettali.com\/rest\/wp\/v2\/media?parent=145252"}],"wp:term":[{"taxonomy":"category","embeddable":true,"href":"https:\/\/www.nettali.com\/rest\/wp\/v2\/categories?post=145252"},{"taxonomy":"post_tag","embeddable":true,"href":"https:\/\/www.nettali.com\/rest\/wp\/v2\/tags?post=145252"}],"curies":[{"name":"wp","href":"https:\/\/api.w.org\/{rel}","templated":true}]}}