{"id":145217,"date":"2024-12-11T17:40:57","date_gmt":"2024-12-11T17:40:57","guid":{"rendered":"https:\/\/www.nettali.com\/?p=145217"},"modified":"2024-12-11T19:09:19","modified_gmt":"2024-12-11T19:09:19","slug":"assemblee-nationale-lactiviste-karim-xrum-xax-arrete","status":"publish","type":"post","link":"https:\/\/www.nettali.com\/2024\/12\/11\/assemblee-nationale-lactiviste-karim-xrum-xax-arrete\/","title":{"rendered":"ASSEMBL\u00c9E NATIONALE - L'activiste Karim Xrum Xax arr\u00eat\u00e9"},"content":{"rendered":"<p><strong>NETTALI.COM - L\u2019activiste Abdou Karim Gu\u00e8ye alias Karim Xrum Xax, a \u00e9t\u00e9 interpell\u00e9 ce mercredi 11 d\u00e9cembre 2024 devant l\u2019Assembl\u00e9e nationale.<\/strong><\/p>\n<p>Cette arrestation survient apr\u00e8s une conf\u00e9rence de presse organis\u00e9e par l\u2019activiste, au cours de laquelle il aurait manifest\u00e9 son intention de remettre des documents \u00e0 l\u2019Assembl\u00e9e nationale. Les motifs pr\u00e9cis de son interpellation n\u2019ont pas encore \u00e9t\u00e9 d\u00e9voil\u00e9s.<\/p>\n<p>Pour rappel, Abdou Karim Gueye avait exprim\u00e9 en octobre dernier son souhait de participer aux \u00e9lections l\u00e9gislatives du 17 novembre 2024. Cependant, faute de moyens financiers, il n\u2019avait pas pu rassembler la caution requise, malgr\u00e9 une campagne de collecte de fonds qui n\u2019avait pas atteint ses objectifs. Face \u00e0 cet \u00e9chec, il avait finalement renonc\u00e9 \u00e0 se pr\u00e9senter.<\/p>\n<p>Nous y reviendrons.<\/p>\n<div class='share-to-whatsapp-wrapper'><div class='share-on-whsp'>PARTAGER SUR : <\/div><a data-text='ASSEMBL\u00c9E NATIONALE - L'activiste Karim Xrum Xax arr\u00eat\u00e9' data-link='https:\/\/www.nettali.com\/2024\/12\/11\/assemblee-nationale-lactiviste-karim-xrum-xax-arrete\/' class='whatsapp-button whatsapp-share'>WhatsApp<\/a><div class='clear '><\/div><\/div>","protected":false},"excerpt":{"rendered":"<p>NETTALI.COM - L\u2019activiste Abdou Karim Gu\u00e8ye alias Karim Xrum Xax, a \u00e9t\u00e9 interpell\u00e9 ce mercredi 11 d\u00e9cembre 2024 devant l\u2019Assembl\u00e9e nationale. Cette arrestation survient apr\u00e8s une conf\u00e9rence de presse organis\u00e9e par l\u2019activiste, au cours de laquelle il aurait manifest\u00e9 son intention de remettre des documents \u00e0 l\u2019Assembl\u00e9e nationale. Les motifs pr\u00e9cis de son interpellation n\u2019ont [&hellip;]<\/p>\n","protected":false},"author":5,"featured_media":145218,"comment_status":"open","ping_status":"open","sticky":false,"template":"","format":"standard","meta":{"_et_pb_use_builder":"","_et_pb_old_content":""},"categories":[3],"tags":[],"yoast_head":"<!-- This site is optimized with the Yoast SEO Premium plugin v17.8 (Yoast SEO v17.8) - https:\/\/yoast.com\/wordpress\/plugins\/seo\/ -->\n<title>ASSEMBL\u00c9E NATIONALE - L&#039;activiste Karim Xrum Xax arr\u00eat\u00e9 | Nettali.com<\/title>\n<meta name=\"robots\" content=\"index, follow, max-snippet:-1, max-image-preview:large, max-video-preview:-1\" \/>\n<link rel=\"canonical\" href=\"https:\/\/www.nettali.com\/2024\/12\/11\/assemblee-nationale-lactiviste-karim-xrum-xax-arrete\/\" \/>\n<meta property=\"og:locale\" content=\"fr_FR\" \/>\n<meta property=\"og:type\" content=\"article\" \/>\n<meta property=\"og:title\" content=\"ASSEMBL\u00c9E NATIONALE - L&#039;activiste Karim Xrum Xax arr\u00eat\u00e9\" \/>\n<meta property=\"og:description\" content=\"NETTALI.COM - L\u2019activiste Abdou Karim Gu\u00e8ye alias Karim Xrum Xax, a \u00e9t\u00e9 interpell\u00e9 ce mercredi 11 d\u00e9cembre 2024 devant l\u2019Assembl\u00e9e nationale. Cette arrestation survient apr\u00e8s une conf\u00e9rence de presse organis\u00e9e par l\u2019activiste, au cours de laquelle il aurait manifest\u00e9 son intention de remettre des documents \u00e0 l\u2019Assembl\u00e9e nationale. Les motifs pr\u00e9cis de son interpellation n\u2019ont [&hellip;]\" \/>\n<meta property=\"og:url\" content=\"https:\/\/www.nettali.com\/2024\/12\/11\/assemblee-nationale-lactiviste-karim-xrum-xax-arrete\/\" \/>\n<meta property=\"og:site_name\" content=\"Nettali.com\" \/>\n<meta property=\"article:publisher\" content=\"https:\/\/www.facebook.com\/nettalicom\" \/>\n<meta property=\"article:published_time\" content=\"2024-12-11T17:40:57+00:00\" \/>\n<meta property=\"article:modified_time\" content=\"2024-12-11T19:09:19+00:00\" \/>\n<meta property=\"og:image\" content=\"https:\/\/www.nettali.com\/wp-content\/uploads\/2024\/12\/abdou-karim-gueye-karim-xrum-xaxx.jpg\" \/>\n\t<meta property=\"og:image:width\" content=\"1271\" \/>\n\t<meta property=\"og:image:height\" content=\"737\" \/>\n<meta name=\"twitter:card\" content=\"summary_large_image\" \/>\n<meta name=\"twitter:label1\" content=\"\u00c9crit par\" \/>\n\t<meta name=\"twitter:data1\" content=\"Ibrahima\" \/>\n\t<meta name=\"twitter:label2\" content=\"Dur\u00e9e de lecture estim\u00e9e\" \/>\n\t<meta name=\"twitter:data2\" content=\"1 minute\" \/>\n<script type=\"application\/ld+json\" class=\"yoast-schema-graph\">{\"@context\":\"https:\/\/schema.org\",\"@graph\":[{\"@type\":\"WebSite\",\"@id\":\"https:\/\/www.nettali.com\/#website\",\"url\":\"https:\/\/www.nettali.com\/\",\"name\":\"Nettali.com\",\"description\":\"Le rendez-vous critique du Net\",\"potentialAction\":[{\"@type\":\"SearchAction\",\"target\":{\"@type\":\"EntryPoint\",\"urlTemplate\":\"https:\/\/www.nettali.com\/?s={search_term_string}\"},\"query-input\":\"required name=search_term_string\"}],\"inLanguage\":\"fr-FR\"},{\"@type\":\"ImageObject\",\"@id\":\"https:\/\/www.nettali.com\/2024\/12\/11\/assemblee-nationale-lactiviste-karim-xrum-xax-arrete\/#primaryimage\",\"inLanguage\":\"fr-FR\",\"url\":\"https:\/\/www.nettali.com\/wp-content\/uploads\/2024\/12\/abdou-karim-gueye-karim-xrum-xaxx.jpg\",\"contentUrl\":\"https:\/\/www.nettali.com\/wp-content\/uploads\/2024\/12\/abdou-karim-gueye-karim-xrum-xaxx.jpg\",\"width\":1271,\"height\":737},{\"@type\":\"WebPage\",\"@id\":\"https:\/\/www.nettali.com\/2024\/12\/11\/assemblee-nationale-lactiviste-karim-xrum-xax-arrete\/#webpage\",\"url\":\"https:\/\/www.nettali.com\/2024\/12\/11\/assemblee-nationale-lactiviste-karim-xrum-xax-arrete\/\",\"name\":\"ASSEMBL\\u00c9E NATIONALE - L'activiste Karim Xrum Xax arr\\u00eat\\u00e9 | Nettali.com\",\"isPartOf\":{\"@id\":\"https:\/\/www.nettali.com\/#website\"},\"primaryImageOfPage\":{\"@id\":\"https:\/\/www.nettali.com\/2024\/12\/11\/assemblee-nationale-lactiviste-karim-xrum-xax-arrete\/#primaryimage\"},\"datePublished\":\"2024-12-11T17:40:57+00:00\",\"dateModified\":\"2024-12-11T19:09:19+00:00\",\"author\":{\"@id\":\"https:\/\/www.nettali.com\/#\/schema\/person\/bb147657c2986240405a608162b9bb23\"},\"breadcrumb\":{\"@id\":\"https:\/\/www.nettali.com\/2024\/12\/11\/assemblee-nationale-lactiviste-karim-xrum-xax-arrete\/#breadcrumb\"},\"inLanguage\":\"fr-FR\",\"potentialAction\":[{\"@type\":\"ReadAction\",\"target\":[\"https:\/\/www.nettali.com\/2024\/12\/11\/assemblee-nationale-lactiviste-karim-xrum-xax-arrete\/\"]}]},{\"@type\":\"BreadcrumbList\",\"@id\":\"https:\/\/www.nettali.com\/2024\/12\/11\/assemblee-nationale-lactiviste-karim-xrum-xax-arrete\/#breadcrumb\",\"itemListElement\":[{\"@type\":\"ListItem\",\"position\":1,\"name\":\"Accueil\",\"item\":\"https:\/\/www.nettali.com\/\"},{\"@type\":\"ListItem\",\"position\":2,\"name\":\"ASSEMBL\\u00c9E NATIONALE - L'activiste Karim Xrum Xax arr\\u00eat\\u00e9\"}]},{\"@type\":\"Person\",\"@id\":\"https:\/\/www.nettali.com\/#\/schema\/person\/bb147657c2986240405a608162b9bb23\",\"name\":\"Ibrahima\",\"image\":{\"@type\":\"ImageObject\",\"@id\":\"https:\/\/www.nettali.com\/#personlogo\",\"inLanguage\":\"fr-FR\",\"url\":\"https:\/\/secure.gravatar.com\/avatar\/26a8a81f09f0dd7624c9d5c36c9ba3a2?s=96&d=mm&r=g\",\"contentUrl\":\"https:\/\/secure.gravatar.com\/avatar\/26a8a81f09f0dd7624c9d5c36c9ba3a2?s=96&d=mm&r=g\",\"caption\":\"Ibrahima\"},\"sameAs\":[\"https:\/\/www.nettali.com\"]}]}<\/script>\n<!-- \/ Yoast SEO Premium plugin. -->","yoast_head_json":{"title":"ASSEMBL\u00c9E NATIONALE - L'activiste Karim Xrum Xax arr\u00eat\u00e9 | Nettali.com","robots":{"index":"index","follow":"follow","max-snippet":"max-snippet:-1","max-image-preview":"max-image-preview:large","max-video-preview":"max-video-preview:-1"},"canonical":"https:\/\/www.nettali.com\/2024\/12\/11\/assemblee-nationale-lactiviste-karim-xrum-xax-arrete\/","og_locale":"fr_FR","og_type":"article","og_title":"ASSEMBL\u00c9E NATIONALE - L'activiste Karim Xrum Xax arr\u00eat\u00e9","og_description":"NETTALI.COM - L\u2019activiste Abdou Karim Gu\u00e8ye alias Karim Xrum Xax, a \u00e9t\u00e9 interpell\u00e9 ce mercredi 11 d\u00e9cembre 2024 devant l\u2019Assembl\u00e9e nationale. Cette arrestation survient apr\u00e8s une conf\u00e9rence de presse organis\u00e9e par l\u2019activiste, au cours de laquelle il aurait manifest\u00e9 son intention de remettre des documents \u00e0 l\u2019Assembl\u00e9e nationale. Les motifs pr\u00e9cis de son interpellation n\u2019ont [&hellip;]","og_url":"https:\/\/www.nettali.com\/2024\/12\/11\/assemblee-nationale-lactiviste-karim-xrum-xax-arrete\/","og_site_name":"Nettali.com","article_publisher":"https:\/\/www.facebook.com\/nettalicom","article_published_time":"2024-12-11T17:40:57+00:00","article_modified_time":"2024-12-11T19:09:19+00:00","og_image":[{"width":1271,"height":737,"url":"https:\/\/www.nettali.com\/wp-content\/uploads\/2024\/12\/abdou-karim-gueye-karim-xrum-xaxx.jpg","type":"image\/jpeg"}],"twitter_card":"summary_large_image","twitter_misc":{"\u00c9crit par":"Ibrahima","Dur\u00e9e de lecture estim\u00e9e":"1 minute"},"schema":{"@context":"https:\/\/schema.org","@graph":[{"@type":"WebSite","@id":"https:\/\/www.nettali.com\/#website","url":"https:\/\/www.nettali.com\/","name":"Nettali.com","description":"Le rendez-vous critique du Net","potentialAction":[{"@type":"SearchAction","target":{"@type":"EntryPoint","urlTemplate":"https:\/\/www.nettali.com\/?s={search_term_string}"},"query-input":"required name=search_term_string"}],"inLanguage":"fr-FR"},{"@type":"ImageObject","@id":"https:\/\/www.nettali.com\/2024\/12\/11\/assemblee-nationale-lactiviste-karim-xrum-xax-arrete\/#primaryimage","inLanguage":"fr-FR","url":"https:\/\/www.nettali.com\/wp-content\/uploads\/2024\/12\/abdou-karim-gueye-karim-xrum-xaxx.jpg","contentUrl":"https:\/\/www.nettali.com\/wp-content\/uploads\/2024\/12\/abdou-karim-gueye-karim-xrum-xaxx.jpg","width":1271,"height":737},{"@type":"WebPage","@id":"https:\/\/www.nettali.com\/2024\/12\/11\/assemblee-nationale-lactiviste-karim-xrum-xax-arrete\/#webpage","url":"https:\/\/www.nettali.com\/2024\/12\/11\/assemblee-nationale-lactiviste-karim-xrum-xax-arrete\/","name":"ASSEMBL\u00c9E NATIONALE - L'activiste Karim Xrum Xax arr\u00eat\u00e9 | Nettali.com","isPartOf":{"@id":"https:\/\/www.nettali.com\/#website"},"primaryImageOfPage":{"@id":"https:\/\/www.nettali.com\/2024\/12\/11\/assemblee-nationale-lactiviste-karim-xrum-xax-arrete\/#primaryimage"},"datePublished":"2024-12-11T17:40:57+00:00","dateModified":"2024-12-11T19:09:19+00:00","author":{"@id":"https:\/\/www.nettali.com\/#\/schema\/person\/bb147657c2986240405a608162b9bb23"},"breadcrumb":{"@id":"https:\/\/www.nettali.com\/2024\/12\/11\/assemblee-nationale-lactiviste-karim-xrum-xax-arrete\/#breadcrumb"},"inLanguage":"fr-FR","potentialAction":[{"@type":"ReadAction","target":["https:\/\/www.nettali.com\/2024\/12\/11\/assemblee-nationale-lactiviste-karim-xrum-xax-arrete\/"]}]},{"@type":"BreadcrumbList","@id":"https:\/\/www.nettali.com\/2024\/12\/11\/assemblee-nationale-lactiviste-karim-xrum-xax-arrete\/#breadcrumb","itemListElement":[{"@type":"ListItem","position":1,"name":"Accueil","item":"https:\/\/www.nettali.com\/"},{"@type":"ListItem","position":2,"name":"ASSEMBL\u00c9E NATIONALE - L'activiste Karim Xrum Xax arr\u00eat\u00e9"}]},{"@type":"Person","@id":"https:\/\/www.nettali.com\/#\/schema\/person\/bb147657c2986240405a608162b9bb23","name":"Ibrahima","image":{"@type":"ImageObject","@id":"https:\/\/www.nettali.com\/#personlogo","inLanguage":"fr-FR","url":"https:\/\/secure.gravatar.com\/avatar\/26a8a81f09f0dd7624c9d5c36c9ba3a2?s=96&d=mm&r=g","contentUrl":"https:\/\/secure.gravatar.com\/avatar\/26a8a81f09f0dd7624c9d5c36c9ba3a2?s=96&d=mm&r=g","caption":"Ibrahima"},"sameAs":["https:\/\/www.nettali.com"]}]}},"_links":{"self":[{"href":"https:\/\/www.nettali.com\/rest\/wp\/v2\/posts\/145217"}],"collection":[{"href":"https:\/\/www.nettali.com\/rest\/wp\/v2\/posts"}],"about":[{"href":"https:\/\/www.nettali.com\/rest\/wp\/v2\/types\/post"}],"author":[{"embeddable":true,"href":"https:\/\/www.nettali.com\/rest\/wp\/v2\/users\/5"}],"replies":[{"embeddable":true,"href":"https:\/\/www.nettali.com\/rest\/wp\/v2\/comments?post=145217"}],"version-history":[{"count":1,"href":"https:\/\/www.nettali.com\/rest\/wp\/v2\/posts\/145217\/revisions"}],"predecessor-version":[{"id":145219,"href":"https:\/\/www.nettali.com\/rest\/wp\/v2\/posts\/145217\/revisions\/145219"}],"wp:featuredmedia":[{"embeddable":true,"href":"https:\/\/www.nettali.com\/rest\/wp\/v2\/media\/145218"}],"wp:attachment":[{"href":"https:\/\/www.nettali.com\/rest\/wp\/v2\/media?parent=145217"}],"wp:term":[{"taxonomy":"category","embeddable":true,"href":"https:\/\/www.nettali.com\/rest\/wp\/v2\/categories?post=145217"},{"taxonomy":"post_tag","embeddable":true,"href":"https:\/\/www.nettali.com\/rest\/wp\/v2\/tags?post=145217"}],"curies":[{"name":"wp","href":"https:\/\/api.w.org\/{rel}","templated":true}]}}