{"id":145170,"date":"2024-12-10T17:05:38","date_gmt":"2024-12-10T17:05:38","guid":{"rendered":"https:\/\/www.nettali.com\/?p=145170"},"modified":"2024-12-10T14:35:57","modified_gmt":"2024-12-10T14:35:57","slug":"barcelone-dani-olmo-en-danger","status":"publish","type":"post","link":"https:\/\/www.nettali.com\/2024\/12\/10\/barcelone-dani-olmo-en-danger\/","title":{"rendered":"BARCELONE - Dani Olmo en danger"},"content":{"rendered":"<p><strong>NETTALI.COM - Le milieu de terrain espagnol, Dani Olmo, arriv\u00e9 cet \u00e9t\u00e9 en provenance du RB Leipzig, pourrait voir son aventure catalane compromise. En effet, bien que l\u2019international espagnol ait rapidement convaincu sur le terrain et soit devenu un \u00e9l\u00e9ment cl\u00e9 de l\u2019\u00e9quipe, son inscription au sein de l\u2019effectif blaugrana n\u2019est pas encore d\u00e9finitif.<\/strong><\/p>\n<p>Initialement, des probl\u00e8mes financiers avaient retard\u00e9 l\u2019enregistrement de Dani Olmo. Une solution temporaire avait alors \u00e9t\u00e9 trouv\u00e9e pour permettre \u00e0 l\u2019Espagnol de d\u00e9buter la saison. Cependant, cette inscription n\u2019est valable que jusqu\u2019au 31 d\u00e9cembre. Au-del\u00e0 de cette date, le FC Barcelone devra trouver une nouvelle solution pour maintenir Olmo dans son effectif.<\/p>\n<p>Selon les informations du quotidien AS, le club catalan dispose de quelques semaines pour r\u00e9gulariser la situation contractuelle de Dani Olmo. En cas d\u2019\u00e9chec, le milieu offensif ne pourra plus \u00e9voluer sous les couleurs du Bar\u00e7a jusqu\u2019\u00e0 la saison prochaine. Une perspective qui inqui\u00e8te les supporters et pourrait handicaper les ambitions du club en Liga.<\/p>\n<p>Les dirigeants barcelonais sont actuellement \u00e0 la recherche de solutions pour \u00e9viter ce sc\u00e9nario. Diff\u00e9rentes pistes sont explor\u00e9es, notamment du c\u00f4t\u00e9 des partenariats commerciaux et des \u00e9ventuels investissements. N\u00e9anmoins, \u00e0 l\u2019heure actuelle, aucune issue d\u00e9finitive n\u2019a \u00e9t\u00e9 trouv\u00e9e.<\/p>\n<p>L\u2019avenir de Dani Olmo au FC Barcelone reste donc incertain. Les prochaines semaines s\u2019annoncent cruciales pour l\u2019avenir de l\u2019international espagnol et pour les ambitions du club catalan.<\/p>\n<div class='share-to-whatsapp-wrapper'><div class='share-on-whsp'>PARTAGER SUR : <\/div><a data-text='BARCELONE - Dani Olmo en danger' data-link='https:\/\/www.nettali.com\/2024\/12\/10\/barcelone-dani-olmo-en-danger\/' class='whatsapp-button whatsapp-share'>WhatsApp<\/a><div class='clear '><\/div><\/div>","protected":false},"excerpt":{"rendered":"<p>NETTALI.COM - Le milieu de terrain espagnol, Dani Olmo, arriv\u00e9 cet \u00e9t\u00e9 en provenance du RB Leipzig, pourrait voir son aventure catalane compromise. En effet, bien que l\u2019international espagnol ait rapidement convaincu sur le terrain et soit devenu un \u00e9l\u00e9ment cl\u00e9 de l\u2019\u00e9quipe, son inscription au sein de l\u2019effectif blaugrana n\u2019est pas encore d\u00e9finitif. Initialement, [&hellip;]<\/p>\n","protected":false},"author":5,"featured_media":145164,"comment_status":"open","ping_status":"open","sticky":false,"template":"","format":"standard","meta":{"_et_pb_use_builder":"","_et_pb_old_content":""},"categories":[6],"tags":[],"yoast_head":"<!-- This site is optimized with the Yoast SEO Premium plugin v17.8 (Yoast SEO v17.8) - https:\/\/yoast.com\/wordpress\/plugins\/seo\/ -->\n<title>BARCELONE - Dani Olmo en danger | Nettali.com<\/title>\n<meta name=\"robots\" content=\"index, follow, max-snippet:-1, max-image-preview:large, max-video-preview:-1\" \/>\n<link rel=\"canonical\" href=\"https:\/\/www.nettali.com\/2024\/12\/10\/barcelone-dani-olmo-en-danger\/\" \/>\n<meta property=\"og:locale\" content=\"fr_FR\" \/>\n<meta property=\"og:type\" content=\"article\" \/>\n<meta property=\"og:title\" content=\"BARCELONE - Dani Olmo en danger\" \/>\n<meta property=\"og:description\" content=\"NETTALI.COM - Le milieu de terrain espagnol, Dani Olmo, arriv\u00e9 cet \u00e9t\u00e9 en provenance du RB Leipzig, pourrait voir son aventure catalane compromise. En effet, bien que l\u2019international espagnol ait rapidement convaincu sur le terrain et soit devenu un \u00e9l\u00e9ment cl\u00e9 de l\u2019\u00e9quipe, son inscription au sein de l\u2019effectif blaugrana n\u2019est pas encore d\u00e9finitif. Initialement, [&hellip;]\" \/>\n<meta property=\"og:url\" content=\"https:\/\/www.nettali.com\/2024\/12\/10\/barcelone-dani-olmo-en-danger\/\" \/>\n<meta property=\"og:site_name\" content=\"Nettali.com\" \/>\n<meta property=\"article:publisher\" content=\"https:\/\/www.facebook.com\/nettalicom\" \/>\n<meta property=\"article:published_time\" content=\"2024-12-10T17:05:38+00:00\" \/>\n<meta property=\"article:modified_time\" content=\"2024-12-10T14:35:57+00:00\" \/>\n<meta property=\"og:image\" content=\"https:\/\/www.nettali.com\/wp-content\/uploads\/2024\/12\/4032070-81779048-2560-1440.jpg\" \/>\n\t<meta property=\"og:image:width\" content=\"1200\" \/>\n\t<meta property=\"og:image:height\" content=\"675\" \/>\n<meta name=\"twitter:card\" content=\"summary_large_image\" \/>\n<meta name=\"twitter:label1\" content=\"\u00c9crit par\" \/>\n\t<meta name=\"twitter:data1\" content=\"Ibrahima\" \/>\n\t<meta name=\"twitter:label2\" content=\"Dur\u00e9e de lecture estim\u00e9e\" \/>\n\t<meta name=\"twitter:data2\" content=\"2 minutes\" \/>\n<script type=\"application\/ld+json\" class=\"yoast-schema-graph\">{\"@context\":\"https:\/\/schema.org\",\"@graph\":[{\"@type\":\"WebSite\",\"@id\":\"https:\/\/www.nettali.com\/#website\",\"url\":\"https:\/\/www.nettali.com\/\",\"name\":\"Nettali.com\",\"description\":\"Le rendez-vous critique du Net\",\"potentialAction\":[{\"@type\":\"SearchAction\",\"target\":{\"@type\":\"EntryPoint\",\"urlTemplate\":\"https:\/\/www.nettali.com\/?s={search_term_string}\"},\"query-input\":\"required name=search_term_string\"}],\"inLanguage\":\"fr-FR\"},{\"@type\":\"ImageObject\",\"@id\":\"https:\/\/www.nettali.com\/2024\/12\/10\/barcelone-dani-olmo-en-danger\/#primaryimage\",\"inLanguage\":\"fr-FR\",\"url\":\"https:\/\/www.nettali.com\/wp-content\/uploads\/2024\/12\/4032070-81779048-2560-1440.jpg\",\"contentUrl\":\"https:\/\/www.nettali.com\/wp-content\/uploads\/2024\/12\/4032070-81779048-2560-1440.jpg\",\"width\":1200,\"height\":675},{\"@type\":\"WebPage\",\"@id\":\"https:\/\/www.nettali.com\/2024\/12\/10\/barcelone-dani-olmo-en-danger\/#webpage\",\"url\":\"https:\/\/www.nettali.com\/2024\/12\/10\/barcelone-dani-olmo-en-danger\/\",\"name\":\"BARCELONE - Dani Olmo en danger | Nettali.com\",\"isPartOf\":{\"@id\":\"https:\/\/www.nettali.com\/#website\"},\"primaryImageOfPage\":{\"@id\":\"https:\/\/www.nettali.com\/2024\/12\/10\/barcelone-dani-olmo-en-danger\/#primaryimage\"},\"datePublished\":\"2024-12-10T17:05:38+00:00\",\"dateModified\":\"2024-12-10T14:35:57+00:00\",\"author\":{\"@id\":\"https:\/\/www.nettali.com\/#\/schema\/person\/bb147657c2986240405a608162b9bb23\"},\"breadcrumb\":{\"@id\":\"https:\/\/www.nettali.com\/2024\/12\/10\/barcelone-dani-olmo-en-danger\/#breadcrumb\"},\"inLanguage\":\"fr-FR\",\"potentialAction\":[{\"@type\":\"ReadAction\",\"target\":[\"https:\/\/www.nettali.com\/2024\/12\/10\/barcelone-dani-olmo-en-danger\/\"]}]},{\"@type\":\"BreadcrumbList\",\"@id\":\"https:\/\/www.nettali.com\/2024\/12\/10\/barcelone-dani-olmo-en-danger\/#breadcrumb\",\"itemListElement\":[{\"@type\":\"ListItem\",\"position\":1,\"name\":\"Accueil\",\"item\":\"https:\/\/www.nettali.com\/\"},{\"@type\":\"ListItem\",\"position\":2,\"name\":\"BARCELONE - Dani Olmo en danger\"}]},{\"@type\":\"Person\",\"@id\":\"https:\/\/www.nettali.com\/#\/schema\/person\/bb147657c2986240405a608162b9bb23\",\"name\":\"Ibrahima\",\"image\":{\"@type\":\"ImageObject\",\"@id\":\"https:\/\/www.nettali.com\/#personlogo\",\"inLanguage\":\"fr-FR\",\"url\":\"https:\/\/secure.gravatar.com\/avatar\/26a8a81f09f0dd7624c9d5c36c9ba3a2?s=96&d=mm&r=g\",\"contentUrl\":\"https:\/\/secure.gravatar.com\/avatar\/26a8a81f09f0dd7624c9d5c36c9ba3a2?s=96&d=mm&r=g\",\"caption\":\"Ibrahima\"},\"sameAs\":[\"https:\/\/www.nettali.com\"]}]}<\/script>\n<!-- \/ Yoast SEO Premium plugin. -->","yoast_head_json":{"title":"BARCELONE - Dani Olmo en danger | Nettali.com","robots":{"index":"index","follow":"follow","max-snippet":"max-snippet:-1","max-image-preview":"max-image-preview:large","max-video-preview":"max-video-preview:-1"},"canonical":"https:\/\/www.nettali.com\/2024\/12\/10\/barcelone-dani-olmo-en-danger\/","og_locale":"fr_FR","og_type":"article","og_title":"BARCELONE - Dani Olmo en danger","og_description":"NETTALI.COM - Le milieu de terrain espagnol, Dani Olmo, arriv\u00e9 cet \u00e9t\u00e9 en provenance du RB Leipzig, pourrait voir son aventure catalane compromise. En effet, bien que l\u2019international espagnol ait rapidement convaincu sur le terrain et soit devenu un \u00e9l\u00e9ment cl\u00e9 de l\u2019\u00e9quipe, son inscription au sein de l\u2019effectif blaugrana n\u2019est pas encore d\u00e9finitif. Initialement, [&hellip;]","og_url":"https:\/\/www.nettali.com\/2024\/12\/10\/barcelone-dani-olmo-en-danger\/","og_site_name":"Nettali.com","article_publisher":"https:\/\/www.facebook.com\/nettalicom","article_published_time":"2024-12-10T17:05:38+00:00","article_modified_time":"2024-12-10T14:35:57+00:00","og_image":[{"width":1200,"height":675,"url":"https:\/\/www.nettali.com\/wp-content\/uploads\/2024\/12\/4032070-81779048-2560-1440.jpg","type":"image\/jpeg"}],"twitter_card":"summary_large_image","twitter_misc":{"\u00c9crit par":"Ibrahima","Dur\u00e9e de lecture estim\u00e9e":"2 minutes"},"schema":{"@context":"https:\/\/schema.org","@graph":[{"@type":"WebSite","@id":"https:\/\/www.nettali.com\/#website","url":"https:\/\/www.nettali.com\/","name":"Nettali.com","description":"Le rendez-vous critique du Net","potentialAction":[{"@type":"SearchAction","target":{"@type":"EntryPoint","urlTemplate":"https:\/\/www.nettali.com\/?s={search_term_string}"},"query-input":"required name=search_term_string"}],"inLanguage":"fr-FR"},{"@type":"ImageObject","@id":"https:\/\/www.nettali.com\/2024\/12\/10\/barcelone-dani-olmo-en-danger\/#primaryimage","inLanguage":"fr-FR","url":"https:\/\/www.nettali.com\/wp-content\/uploads\/2024\/12\/4032070-81779048-2560-1440.jpg","contentUrl":"https:\/\/www.nettali.com\/wp-content\/uploads\/2024\/12\/4032070-81779048-2560-1440.jpg","width":1200,"height":675},{"@type":"WebPage","@id":"https:\/\/www.nettali.com\/2024\/12\/10\/barcelone-dani-olmo-en-danger\/#webpage","url":"https:\/\/www.nettali.com\/2024\/12\/10\/barcelone-dani-olmo-en-danger\/","name":"BARCELONE - Dani Olmo en danger | Nettali.com","isPartOf":{"@id":"https:\/\/www.nettali.com\/#website"},"primaryImageOfPage":{"@id":"https:\/\/www.nettali.com\/2024\/12\/10\/barcelone-dani-olmo-en-danger\/#primaryimage"},"datePublished":"2024-12-10T17:05:38+00:00","dateModified":"2024-12-10T14:35:57+00:00","author":{"@id":"https:\/\/www.nettali.com\/#\/schema\/person\/bb147657c2986240405a608162b9bb23"},"breadcrumb":{"@id":"https:\/\/www.nettali.com\/2024\/12\/10\/barcelone-dani-olmo-en-danger\/#breadcrumb"},"inLanguage":"fr-FR","potentialAction":[{"@type":"ReadAction","target":["https:\/\/www.nettali.com\/2024\/12\/10\/barcelone-dani-olmo-en-danger\/"]}]},{"@type":"BreadcrumbList","@id":"https:\/\/www.nettali.com\/2024\/12\/10\/barcelone-dani-olmo-en-danger\/#breadcrumb","itemListElement":[{"@type":"ListItem","position":1,"name":"Accueil","item":"https:\/\/www.nettali.com\/"},{"@type":"ListItem","position":2,"name":"BARCELONE - Dani Olmo en danger"}]},{"@type":"Person","@id":"https:\/\/www.nettali.com\/#\/schema\/person\/bb147657c2986240405a608162b9bb23","name":"Ibrahima","image":{"@type":"ImageObject","@id":"https:\/\/www.nettali.com\/#personlogo","inLanguage":"fr-FR","url":"https:\/\/secure.gravatar.com\/avatar\/26a8a81f09f0dd7624c9d5c36c9ba3a2?s=96&d=mm&r=g","contentUrl":"https:\/\/secure.gravatar.com\/avatar\/26a8a81f09f0dd7624c9d5c36c9ba3a2?s=96&d=mm&r=g","caption":"Ibrahima"},"sameAs":["https:\/\/www.nettali.com"]}]}},"_links":{"self":[{"href":"https:\/\/www.nettali.com\/rest\/wp\/v2\/posts\/145170"}],"collection":[{"href":"https:\/\/www.nettali.com\/rest\/wp\/v2\/posts"}],"about":[{"href":"https:\/\/www.nettali.com\/rest\/wp\/v2\/types\/post"}],"author":[{"embeddable":true,"href":"https:\/\/www.nettali.com\/rest\/wp\/v2\/users\/5"}],"replies":[{"embeddable":true,"href":"https:\/\/www.nettali.com\/rest\/wp\/v2\/comments?post=145170"}],"version-history":[{"count":1,"href":"https:\/\/www.nettali.com\/rest\/wp\/v2\/posts\/145170\/revisions"}],"predecessor-version":[{"id":145171,"href":"https:\/\/www.nettali.com\/rest\/wp\/v2\/posts\/145170\/revisions\/145171"}],"wp:featuredmedia":[{"embeddable":true,"href":"https:\/\/www.nettali.com\/rest\/wp\/v2\/media\/145164"}],"wp:attachment":[{"href":"https:\/\/www.nettali.com\/rest\/wp\/v2\/media?parent=145170"}],"wp:term":[{"taxonomy":"category","embeddable":true,"href":"https:\/\/www.nettali.com\/rest\/wp\/v2\/categories?post=145170"},{"taxonomy":"post_tag","embeddable":true,"href":"https:\/\/www.nettali.com\/rest\/wp\/v2\/tags?post=145170"}],"curies":[{"name":"wp","href":"https:\/\/api.w.org\/{rel}","templated":true}]}}