{"id":145015,"date":"2024-12-07T21:10:58","date_gmt":"2024-12-07T21:10:58","guid":{"rendered":"https:\/\/www.nettali.com\/?p=145015"},"modified":"2024-12-07T21:10:58","modified_gmt":"2024-12-07T21:10:58","slug":"milan-theo-hernandez-accuse-dagression-sur-deux-femmes","status":"publish","type":"post","link":"https:\/\/www.nettali.com\/2024\/12\/07\/milan-theo-hernandez-accuse-dagression-sur-deux-femmes\/","title":{"rendered":"MILAN - Th\u00e9o Hernandez, accus\u00e9 d'agression sur deux femmes"},"content":{"rendered":"<p dir=\"ltr\"><strong>NETTALI.COM - Le d\u00e9fenseur lat\u00e9ral gauche de Milan AC et de l\u2019\u00e9quipe de France Th\u00e9o Hernandez est au c\u0153ur d\u2019un scandale. Depuis mercredi 4 novembre, des vid\u00e9os film\u00e9es par un ancien paparazzi, Fabrizio Corona, confondent le joueur dans plusieurs affaires d\u2019agressions sexuelles, circulant sur les r\u00e9seaux sociaux. Sur les images rendues publiques, on y voit en effet un individu frapper deux femmes dans un club priv\u00e9.<\/strong><\/p>\n<p dir=\"ltr\">Coups gifles, bousculades\u2026 Sur les vid\u00e9os rendues publiques par le paparazzi, on y voit un individu visiblement alcoolis\u00e9 s\u2019en prendre \u00e0 deux femmes, alors qu\u2019il est accompagn\u00e9 par ses partenaires Olivier Giroud et Davide Calabria ainsi que d\u2019un troisi\u00e8me joueur non identifi\u00e9. L\u2019homme est film\u00e9 en train de gifler une jeune fille sans raison apparente<b>\u00a0<\/b>avant d\u2019en pousser une autre sans raison contre une table et de<b>\u00a0<\/b>lui ass\u00e9ner un coup de poing. Cette derni\u00e8re sc\u00e8ne a \u00e9t\u00e9 volontairement censur\u00e9e par le paparazzi.<\/p>\n<p dir=\"ltr\">Les amis du Milanais ont d\u00fb intervenir pour faire partir la derni\u00e8re victime. Une fois seul, Th\u00e9o Hernandez a \u00e9t\u00e9 film\u00e9 en train de rouer de coups une plaque de pl\u00e2tre pour sortir. Les deux femmes n\u2019ont pas d\u00e9pos\u00e9 plainte.<\/p>\n<p dir=\"ltr\"><strong>De grosses compensations propos\u00e9es au propri\u00e9taire du club<\/strong><\/p>\n<p dir=\"ltr\">Malgr\u00e9 une note de 13 000 euros pay\u00e9e par Calabria, le patron de l\u2019\u00e9tablissement, m\u00e9content des d\u00e9g\u00e2ts, a d\u00e9cid\u00e9 de visionner les images des vid\u00e9o-surveillance et a d\u00e9couvert les agissements du tricolore.<\/p>\n<p dir=\"ltr\">Si l\u2019accus\u00e9 n\u2019est pas identifiable sur les images, l\u2019influenceur a indiqu\u00e9 qu\u2019une compensation \u00e0 hauteur de 65\u00a0000 euros aurait \u00e9t\u00e9 propos\u00e9e par les avocats du footballeur au propri\u00e9taire du club<b>\u00a0<\/b>pour les d\u00e9g\u00e2ts caus\u00e9s dans l\u2019\u00e9tablissement. Une autre proposition de 30\u00a0000\u00a0euros aurait \u00e9galement \u00e9t\u00e9 formul\u00e9e pour ne pas divulguer les images de l\u2019agression.<\/p>\n<p dir=\"ltr\">Par ailleurs, le propri\u00e9taire de l\u2019\u00e9tablissement nocturne o\u00f9 se sont d\u00e9roul\u00e9s les faits, a \u00e9galement inform\u00e9 le Milan AC de cette histoire, r\u00e9clamant, en vain, 800 000 euros. Le club lombard a visiblement ferm\u00e9 les yeux et a m\u00eame nomm\u00e9, par la suite, Th\u00e9o Hernandez comme capitaine.<\/p>\n<p dir=\"ltr\">Pour l\u2019heure, ni l\u2019\u00e9quipe de France, ni le Milan n\u2019ont pas souhait\u00e9 communiquer cette information.<\/p>\n<div class='share-to-whatsapp-wrapper'><div class='share-on-whsp'>PARTAGER SUR : <\/div><a data-text='MILAN - Th\u00e9o Hernandez, accus\u00e9 d'agression sur deux femmes' data-link='https:\/\/www.nettali.com\/2024\/12\/07\/milan-theo-hernandez-accuse-dagression-sur-deux-femmes\/' class='whatsapp-button whatsapp-share'>WhatsApp<\/a><div class='clear '><\/div><\/div>","protected":false},"excerpt":{"rendered":"<p>NETTALI.COM - Le d\u00e9fenseur lat\u00e9ral gauche de Milan AC et de l\u2019\u00e9quipe de France Th\u00e9o Hernandez est au c\u0153ur d\u2019un scandale. Depuis mercredi 4 novembre, des vid\u00e9os film\u00e9es par un ancien paparazzi, Fabrizio Corona, confondent le joueur dans plusieurs affaires d\u2019agressions sexuelles, circulant sur les r\u00e9seaux sociaux. Sur les images rendues publiques, on y voit [&hellip;]<\/p>\n","protected":false},"author":5,"featured_media":145008,"comment_status":"open","ping_status":"open","sticky":false,"template":"","format":"standard","meta":{"_et_pb_use_builder":"","_et_pb_old_content":""},"categories":[6],"tags":[],"yoast_head":"<!-- This site is optimized with the Yoast SEO Premium plugin v17.8 (Yoast SEO v17.8) - https:\/\/yoast.com\/wordpress\/plugins\/seo\/ -->\n<title>MILAN - Th\u00e9o Hernandez, accus\u00e9 d&#039;agression sur deux femmes | Nettali.com<\/title>\n<meta name=\"robots\" content=\"index, follow, max-snippet:-1, max-image-preview:large, max-video-preview:-1\" \/>\n<link rel=\"canonical\" href=\"https:\/\/www.nettali.com\/2024\/12\/07\/milan-theo-hernandez-accuse-dagression-sur-deux-femmes\/\" \/>\n<meta property=\"og:locale\" content=\"fr_FR\" \/>\n<meta property=\"og:type\" content=\"article\" \/>\n<meta property=\"og:title\" content=\"MILAN - Th\u00e9o Hernandez, accus\u00e9 d&#039;agression sur deux femmes\" \/>\n<meta property=\"og:description\" content=\"NETTALI.COM - Le d\u00e9fenseur lat\u00e9ral gauche de Milan AC et de l\u2019\u00e9quipe de France Th\u00e9o Hernandez est au c\u0153ur d\u2019un scandale. Depuis mercredi 4 novembre, des vid\u00e9os film\u00e9es par un ancien paparazzi, Fabrizio Corona, confondent le joueur dans plusieurs affaires d\u2019agressions sexuelles, circulant sur les r\u00e9seaux sociaux. Sur les images rendues publiques, on y voit [&hellip;]\" \/>\n<meta property=\"og:url\" content=\"https:\/\/www.nettali.com\/2024\/12\/07\/milan-theo-hernandez-accuse-dagression-sur-deux-femmes\/\" \/>\n<meta property=\"og:site_name\" content=\"Nettali.com\" \/>\n<meta property=\"article:publisher\" content=\"https:\/\/www.facebook.com\/nettalicom\" \/>\n<meta property=\"article:published_time\" content=\"2024-12-07T21:10:58+00:00\" \/>\n<meta property=\"og:image\" content=\"https:\/\/www.nettali.com\/wp-content\/uploads\/2024\/12\/Theo-Hernandez.jpg\" \/>\n\t<meta property=\"og:image:width\" content=\"1200\" \/>\n\t<meta property=\"og:image:height\" content=\"800\" \/>\n<meta name=\"twitter:card\" content=\"summary_large_image\" \/>\n<meta name=\"twitter:label1\" content=\"\u00c9crit par\" \/>\n\t<meta name=\"twitter:data1\" content=\"Ibrahima\" \/>\n\t<meta name=\"twitter:label2\" content=\"Dur\u00e9e de lecture estim\u00e9e\" \/>\n\t<meta name=\"twitter:data2\" content=\"2 minutes\" \/>\n<script type=\"application\/ld+json\" class=\"yoast-schema-graph\">{\"@context\":\"https:\/\/schema.org\",\"@graph\":[{\"@type\":\"WebSite\",\"@id\":\"https:\/\/www.nettali.com\/#website\",\"url\":\"https:\/\/www.nettali.com\/\",\"name\":\"Nettali.com\",\"description\":\"Le rendez-vous critique du Net\",\"potentialAction\":[{\"@type\":\"SearchAction\",\"target\":{\"@type\":\"EntryPoint\",\"urlTemplate\":\"https:\/\/www.nettali.com\/?s={search_term_string}\"},\"query-input\":\"required name=search_term_string\"}],\"inLanguage\":\"fr-FR\"},{\"@type\":\"ImageObject\",\"@id\":\"https:\/\/www.nettali.com\/2024\/12\/07\/milan-theo-hernandez-accuse-dagression-sur-deux-femmes\/#primaryimage\",\"inLanguage\":\"fr-FR\",\"url\":\"https:\/\/www.nettali.com\/wp-content\/uploads\/2024\/12\/Theo-Hernandez.jpg\",\"contentUrl\":\"https:\/\/www.nettali.com\/wp-content\/uploads\/2024\/12\/Theo-Hernandez.jpg\",\"width\":1200,\"height\":800,\"caption\":\"2YGK2MX AC Milan's Theo Hernandez during Champions League 2024\/2025 match. November 5, 2024. (ALTERPHOTOS\/Ropero) Credit: Sipa US\/Alamy Live News\"},{\"@type\":\"WebPage\",\"@id\":\"https:\/\/www.nettali.com\/2024\/12\/07\/milan-theo-hernandez-accuse-dagression-sur-deux-femmes\/#webpage\",\"url\":\"https:\/\/www.nettali.com\/2024\/12\/07\/milan-theo-hernandez-accuse-dagression-sur-deux-femmes\/\",\"name\":\"MILAN - Th\\u00e9o Hernandez, accus\\u00e9 d'agression sur deux femmes | Nettali.com\",\"isPartOf\":{\"@id\":\"https:\/\/www.nettali.com\/#website\"},\"primaryImageOfPage\":{\"@id\":\"https:\/\/www.nettali.com\/2024\/12\/07\/milan-theo-hernandez-accuse-dagression-sur-deux-femmes\/#primaryimage\"},\"datePublished\":\"2024-12-07T21:10:58+00:00\",\"dateModified\":\"2024-12-07T21:10:58+00:00\",\"author\":{\"@id\":\"https:\/\/www.nettali.com\/#\/schema\/person\/bb147657c2986240405a608162b9bb23\"},\"breadcrumb\":{\"@id\":\"https:\/\/www.nettali.com\/2024\/12\/07\/milan-theo-hernandez-accuse-dagression-sur-deux-femmes\/#breadcrumb\"},\"inLanguage\":\"fr-FR\",\"potentialAction\":[{\"@type\":\"ReadAction\",\"target\":[\"https:\/\/www.nettali.com\/2024\/12\/07\/milan-theo-hernandez-accuse-dagression-sur-deux-femmes\/\"]}]},{\"@type\":\"BreadcrumbList\",\"@id\":\"https:\/\/www.nettali.com\/2024\/12\/07\/milan-theo-hernandez-accuse-dagression-sur-deux-femmes\/#breadcrumb\",\"itemListElement\":[{\"@type\":\"ListItem\",\"position\":1,\"name\":\"Accueil\",\"item\":\"https:\/\/www.nettali.com\/\"},{\"@type\":\"ListItem\",\"position\":2,\"name\":\"MILAN - Th\\u00e9o Hernandez, accus\\u00e9 d'agression sur deux femmes\"}]},{\"@type\":\"Person\",\"@id\":\"https:\/\/www.nettali.com\/#\/schema\/person\/bb147657c2986240405a608162b9bb23\",\"name\":\"Ibrahima\",\"image\":{\"@type\":\"ImageObject\",\"@id\":\"https:\/\/www.nettali.com\/#personlogo\",\"inLanguage\":\"fr-FR\",\"url\":\"https:\/\/secure.gravatar.com\/avatar\/26a8a81f09f0dd7624c9d5c36c9ba3a2?s=96&d=mm&r=g\",\"contentUrl\":\"https:\/\/secure.gravatar.com\/avatar\/26a8a81f09f0dd7624c9d5c36c9ba3a2?s=96&d=mm&r=g\",\"caption\":\"Ibrahima\"},\"sameAs\":[\"https:\/\/www.nettali.com\"]}]}<\/script>\n<!-- \/ Yoast SEO Premium plugin. -->","yoast_head_json":{"title":"MILAN - Th\u00e9o Hernandez, accus\u00e9 d'agression sur deux femmes | Nettali.com","robots":{"index":"index","follow":"follow","max-snippet":"max-snippet:-1","max-image-preview":"max-image-preview:large","max-video-preview":"max-video-preview:-1"},"canonical":"https:\/\/www.nettali.com\/2024\/12\/07\/milan-theo-hernandez-accuse-dagression-sur-deux-femmes\/","og_locale":"fr_FR","og_type":"article","og_title":"MILAN - Th\u00e9o Hernandez, accus\u00e9 d'agression sur deux femmes","og_description":"NETTALI.COM - Le d\u00e9fenseur lat\u00e9ral gauche de Milan AC et de l\u2019\u00e9quipe de France Th\u00e9o Hernandez est au c\u0153ur d\u2019un scandale. Depuis mercredi 4 novembre, des vid\u00e9os film\u00e9es par un ancien paparazzi, Fabrizio Corona, confondent le joueur dans plusieurs affaires d\u2019agressions sexuelles, circulant sur les r\u00e9seaux sociaux. Sur les images rendues publiques, on y voit [&hellip;]","og_url":"https:\/\/www.nettali.com\/2024\/12\/07\/milan-theo-hernandez-accuse-dagression-sur-deux-femmes\/","og_site_name":"Nettali.com","article_publisher":"https:\/\/www.facebook.com\/nettalicom","article_published_time":"2024-12-07T21:10:58+00:00","og_image":[{"width":1200,"height":800,"url":"https:\/\/www.nettali.com\/wp-content\/uploads\/2024\/12\/Theo-Hernandez.jpg","type":"image\/jpeg"}],"twitter_card":"summary_large_image","twitter_misc":{"\u00c9crit par":"Ibrahima","Dur\u00e9e de lecture estim\u00e9e":"2 minutes"},"schema":{"@context":"https:\/\/schema.org","@graph":[{"@type":"WebSite","@id":"https:\/\/www.nettali.com\/#website","url":"https:\/\/www.nettali.com\/","name":"Nettali.com","description":"Le rendez-vous critique du Net","potentialAction":[{"@type":"SearchAction","target":{"@type":"EntryPoint","urlTemplate":"https:\/\/www.nettali.com\/?s={search_term_string}"},"query-input":"required name=search_term_string"}],"inLanguage":"fr-FR"},{"@type":"ImageObject","@id":"https:\/\/www.nettali.com\/2024\/12\/07\/milan-theo-hernandez-accuse-dagression-sur-deux-femmes\/#primaryimage","inLanguage":"fr-FR","url":"https:\/\/www.nettali.com\/wp-content\/uploads\/2024\/12\/Theo-Hernandez.jpg","contentUrl":"https:\/\/www.nettali.com\/wp-content\/uploads\/2024\/12\/Theo-Hernandez.jpg","width":1200,"height":800,"caption":"2YGK2MX AC Milan's Theo Hernandez during Champions League 2024\/2025 match. November 5, 2024. (ALTERPHOTOS\/Ropero) Credit: Sipa US\/Alamy Live News"},{"@type":"WebPage","@id":"https:\/\/www.nettali.com\/2024\/12\/07\/milan-theo-hernandez-accuse-dagression-sur-deux-femmes\/#webpage","url":"https:\/\/www.nettali.com\/2024\/12\/07\/milan-theo-hernandez-accuse-dagression-sur-deux-femmes\/","name":"MILAN - Th\u00e9o Hernandez, accus\u00e9 d'agression sur deux femmes | Nettali.com","isPartOf":{"@id":"https:\/\/www.nettali.com\/#website"},"primaryImageOfPage":{"@id":"https:\/\/www.nettali.com\/2024\/12\/07\/milan-theo-hernandez-accuse-dagression-sur-deux-femmes\/#primaryimage"},"datePublished":"2024-12-07T21:10:58+00:00","dateModified":"2024-12-07T21:10:58+00:00","author":{"@id":"https:\/\/www.nettali.com\/#\/schema\/person\/bb147657c2986240405a608162b9bb23"},"breadcrumb":{"@id":"https:\/\/www.nettali.com\/2024\/12\/07\/milan-theo-hernandez-accuse-dagression-sur-deux-femmes\/#breadcrumb"},"inLanguage":"fr-FR","potentialAction":[{"@type":"ReadAction","target":["https:\/\/www.nettali.com\/2024\/12\/07\/milan-theo-hernandez-accuse-dagression-sur-deux-femmes\/"]}]},{"@type":"BreadcrumbList","@id":"https:\/\/www.nettali.com\/2024\/12\/07\/milan-theo-hernandez-accuse-dagression-sur-deux-femmes\/#breadcrumb","itemListElement":[{"@type":"ListItem","position":1,"name":"Accueil","item":"https:\/\/www.nettali.com\/"},{"@type":"ListItem","position":2,"name":"MILAN - Th\u00e9o Hernandez, accus\u00e9 d'agression sur deux femmes"}]},{"@type":"Person","@id":"https:\/\/www.nettali.com\/#\/schema\/person\/bb147657c2986240405a608162b9bb23","name":"Ibrahima","image":{"@type":"ImageObject","@id":"https:\/\/www.nettali.com\/#personlogo","inLanguage":"fr-FR","url":"https:\/\/secure.gravatar.com\/avatar\/26a8a81f09f0dd7624c9d5c36c9ba3a2?s=96&d=mm&r=g","contentUrl":"https:\/\/secure.gravatar.com\/avatar\/26a8a81f09f0dd7624c9d5c36c9ba3a2?s=96&d=mm&r=g","caption":"Ibrahima"},"sameAs":["https:\/\/www.nettali.com"]}]}},"_links":{"self":[{"href":"https:\/\/www.nettali.com\/rest\/wp\/v2\/posts\/145015"}],"collection":[{"href":"https:\/\/www.nettali.com\/rest\/wp\/v2\/posts"}],"about":[{"href":"https:\/\/www.nettali.com\/rest\/wp\/v2\/types\/post"}],"author":[{"embeddable":true,"href":"https:\/\/www.nettali.com\/rest\/wp\/v2\/users\/5"}],"replies":[{"embeddable":true,"href":"https:\/\/www.nettali.com\/rest\/wp\/v2\/comments?post=145015"}],"version-history":[{"count":4,"href":"https:\/\/www.nettali.com\/rest\/wp\/v2\/posts\/145015\/revisions"}],"predecessor-version":[{"id":145020,"href":"https:\/\/www.nettali.com\/rest\/wp\/v2\/posts\/145015\/revisions\/145020"}],"wp:featuredmedia":[{"embeddable":true,"href":"https:\/\/www.nettali.com\/rest\/wp\/v2\/media\/145008"}],"wp:attachment":[{"href":"https:\/\/www.nettali.com\/rest\/wp\/v2\/media?parent=145015"}],"wp:term":[{"taxonomy":"category","embeddable":true,"href":"https:\/\/www.nettali.com\/rest\/wp\/v2\/categories?post=145015"},{"taxonomy":"post_tag","embeddable":true,"href":"https:\/\/www.nettali.com\/rest\/wp\/v2\/tags?post=145015"}],"curies":[{"name":"wp","href":"https:\/\/api.w.org\/{rel}","templated":true}]}}