{"id":144896,"date":"2024-12-05T08:36:36","date_gmt":"2024-12-05T08:36:36","guid":{"rendered":"https:\/\/www.nettali.com\/?p=144896"},"modified":"2024-12-05T08:36:36","modified_gmt":"2024-12-05T08:36:36","slug":"aminata-toure-haute-representante-du-chef-de-letat-je-ne-vois-pas-dinconvenient-a-ce-que-des-cadres-de-lapr-decident-de-soutenir-le-pastef","status":"publish","type":"post","link":"https:\/\/www.nettali.com\/2024\/12\/05\/aminata-toure-haute-representante-du-chef-de-letat-je-ne-vois-pas-dinconvenient-a-ce-que-des-cadres-de-lapr-decident-de-soutenir-le-pastef\/","title":{"rendered":"AMINATA TOURE, HAUTE REPR\u00c9SENTANTE DU CHEF DE L\u2019ETAT - \u00ab Je ne vois pas d\u2019inconv\u00e9nient \u00e0 ce que des cadres de l'Apr\u2026 d\u00e9cident de soutenir le Pastef \u00bb"},"content":{"rendered":"<p><strong>NETTALI. COM- Dans un entretien accord\u00e9 \u00e0 Jeune Afrique, la haute repr\u00e9sentante du chef de l\u2019\u00c9tat, Bassirou Diomaye Faye, s\u2019est exprim\u00e9e sur la question des ralliements au parti Pastef . Pour Aminata Tour\u00e9, il n\u2019y a pas d\u2019inconv\u00e9nients en cela dans la mesure o\u00f9 ces transhumants n\u2019ont rien \u00e0 se reprocher.<\/strong><\/p>\n<p>La transhumance, r\u00e9guli\u00e8rement d\u00e9nonc\u00e9e dans le paysage politique s\u00e9n\u00e9galais, a \u00e9t\u00e9 abord\u00e9e par Aminata Tour\u00e9, haute repr\u00e9sentante du chef de l\u2019\u00c9tat Bassirou Diomaye Faye, lors d\u2019un entretien accord\u00e9 \u00e0 Jeune Afrique.<br \/>\nInterrog\u00e9e sur le ralliement de certains cadres de l\u2019ancienne majorit\u00e9 pr\u00e9sidentielle au Pastef, Aminata Tour\u00e9 a d\u00e9clar\u00e9 : \u00ab<em> Je ne vois pas d\u2019inconv\u00e9nient \u00e0 ce que des cadres de l\u2019Alliance pour la R\u00e9publique [APR, l\u2019ancien parti pr\u00e9sidentiel], qui n\u2019ont rien \u00e0 se reprocher et qui n\u2019ont rien d\u00e9tourn\u00e9, d\u00e9cident de soutenir le Pastef<\/em> \u00bb.<\/p>\n<p>Elle ajoute : \u00ab <em>aux \u00c9tats-Unis, des \u00e9lus r\u00e9publicains ont bien soutenu la candidate d\u00e9mocrate Kamala Harris. Tout le monde n\u2019est pas mauvais \u00e0 l\u2019APR<\/em> \u00bb.<\/p>\n<p>Toutefois, elle a nuanc\u00e9 cette ouverture en d\u00e9non\u00e7ant les motivations opportunistes qui pourraient se cacher derri\u00e8re certains ralliements. \u00ab <em>La transhumance ne peut pas \u00eatre un moyen de se prot\u00e9ger des poursuites pour mal gouvernance. Si c\u2019est pour sauver sa peau, il n\u2019en est pas question<\/em> ,\u00bb a-t-elle soutenu.<\/p>\n<div class='share-to-whatsapp-wrapper'><div class='share-on-whsp'>PARTAGER SUR : <\/div><a data-text='AMINATA TOURE, HAUTE REPR\u00c9SENTANTE DU CHEF DE L\u2019ETAT - \u00ab Je ne vois pas d\u2019inconv\u00e9nient \u00e0 ce que des cadres de l'Apr\u2026 d\u00e9cident de soutenir le Pastef \u00bb' data-link='https:\/\/www.nettali.com\/2024\/12\/05\/aminata-toure-haute-representante-du-chef-de-letat-je-ne-vois-pas-dinconvenient-a-ce-que-des-cadres-de-lapr-decident-de-soutenir-le-pastef\/' class='whatsapp-button whatsapp-share'>WhatsApp<\/a><div class='clear '><\/div><\/div>","protected":false},"excerpt":{"rendered":"<p>NETTALI. COM- Dans un entretien accord\u00e9 \u00e0 Jeune Afrique, la haute repr\u00e9sentante du chef de l\u2019\u00c9tat, Bassirou Diomaye Faye, s\u2019est exprim\u00e9e sur la question des ralliements au parti Pastef . Pour Aminata Tour\u00e9, il n\u2019y a pas d\u2019inconv\u00e9nients en cela dans la mesure o\u00f9 ces transhumants n\u2019ont rien \u00e0 se reprocher. La transhumance, r\u00e9guli\u00e8rement d\u00e9nonc\u00e9e [&hellip;]<\/p>\n","protected":false},"author":6,"featured_media":111546,"comment_status":"open","ping_status":"open","sticky":false,"template":"","format":"standard","meta":{"_et_pb_use_builder":"","_et_pb_old_content":""},"categories":[2],"tags":[],"yoast_head":"<!-- This site is optimized with the Yoast SEO Premium plugin v17.8 (Yoast SEO v17.8) - https:\/\/yoast.com\/wordpress\/plugins\/seo\/ -->\n<title>AMINATA TOURE, HAUTE REPR\u00c9SENTANTE DU CHEF DE L\u2019ETAT - \u00ab Je ne vois pas d\u2019inconv\u00e9nient \u00e0 ce que des cadres de l&#039;Apr\u2026 d\u00e9cident de soutenir le Pastef \u00bb | Nettali.com<\/title>\n<meta name=\"robots\" content=\"index, follow, max-snippet:-1, max-image-preview:large, max-video-preview:-1\" \/>\n<link rel=\"canonical\" href=\"https:\/\/www.nettali.com\/2024\/12\/05\/aminata-toure-haute-representante-du-chef-de-letat-je-ne-vois-pas-dinconvenient-a-ce-que-des-cadres-de-lapr-decident-de-soutenir-le-pastef\/\" \/>\n<meta property=\"og:locale\" content=\"fr_FR\" \/>\n<meta property=\"og:type\" content=\"article\" \/>\n<meta property=\"og:title\" content=\"AMINATA TOURE, HAUTE REPR\u00c9SENTANTE DU CHEF DE L\u2019ETAT - \u00ab Je ne vois pas d\u2019inconv\u00e9nient \u00e0 ce que des cadres de l&#039;Apr\u2026 d\u00e9cident de soutenir le Pastef \u00bb\" \/>\n<meta property=\"og:description\" content=\"NETTALI. COM- Dans un entretien accord\u00e9 \u00e0 Jeune Afrique, la haute repr\u00e9sentante du chef de l\u2019\u00c9tat, Bassirou Diomaye Faye, s\u2019est exprim\u00e9e sur la question des ralliements au parti Pastef . Pour Aminata Tour\u00e9, il n\u2019y a pas d\u2019inconv\u00e9nients en cela dans la mesure o\u00f9 ces transhumants n\u2019ont rien \u00e0 se reprocher. La transhumance, r\u00e9guli\u00e8rement d\u00e9nonc\u00e9e [&hellip;]\" \/>\n<meta property=\"og:url\" content=\"https:\/\/www.nettali.com\/2024\/12\/05\/aminata-toure-haute-representante-du-chef-de-letat-je-ne-vois-pas-dinconvenient-a-ce-que-des-cadres-de-lapr-decident-de-soutenir-le-pastef\/\" \/>\n<meta property=\"og:site_name\" content=\"Nettali.com\" \/>\n<meta property=\"article:publisher\" content=\"https:\/\/www.facebook.com\/nettalicom\" \/>\n<meta property=\"article:published_time\" content=\"2024-12-05T08:36:36+00:00\" \/>\n<meta property=\"og:image\" content=\"https:\/\/www.nettali.com\/wp-content\/uploads\/2023\/06\/AMINATA-TOURE-CHEZ-ELLE-A-DAKAR-LE-29-SEPT.jpg\" \/>\n\t<meta property=\"og:image:width\" content=\"1280\" \/>\n\t<meta property=\"og:image:height\" content=\"960\" \/>\n<meta name=\"twitter:card\" content=\"summary_large_image\" \/>\n<meta name=\"twitter:label1\" content=\"\u00c9crit par\" \/>\n\t<meta name=\"twitter:data1\" content=\"Fatou\" \/>\n\t<meta name=\"twitter:label2\" content=\"Dur\u00e9e de lecture estim\u00e9e\" \/>\n\t<meta name=\"twitter:data2\" content=\"2 minutes\" \/>\n<script type=\"application\/ld+json\" class=\"yoast-schema-graph\">{\"@context\":\"https:\/\/schema.org\",\"@graph\":[{\"@type\":\"WebSite\",\"@id\":\"https:\/\/www.nettali.com\/#website\",\"url\":\"https:\/\/www.nettali.com\/\",\"name\":\"Nettali.com\",\"description\":\"Le rendez-vous critique du Net\",\"potentialAction\":[{\"@type\":\"SearchAction\",\"target\":{\"@type\":\"EntryPoint\",\"urlTemplate\":\"https:\/\/www.nettali.com\/?s={search_term_string}\"},\"query-input\":\"required name=search_term_string\"}],\"inLanguage\":\"fr-FR\"},{\"@type\":\"ImageObject\",\"@id\":\"https:\/\/www.nettali.com\/2024\/12\/05\/aminata-toure-haute-representante-du-chef-de-letat-je-ne-vois-pas-dinconvenient-a-ce-que-des-cadres-de-lapr-decident-de-soutenir-le-pastef\/#primaryimage\",\"inLanguage\":\"fr-FR\",\"url\":\"https:\/\/www.nettali.com\/wp-content\/uploads\/2023\/06\/AMINATA-TOURE-CHEZ-ELLE-A-DAKAR-LE-29-SEPT.jpg\",\"contentUrl\":\"https:\/\/www.nettali.com\/wp-content\/uploads\/2023\/06\/AMINATA-TOURE-CHEZ-ELLE-A-DAKAR-LE-29-SEPT.jpg\",\"width\":1280,\"height\":960},{\"@type\":\"WebPage\",\"@id\":\"https:\/\/www.nettali.com\/2024\/12\/05\/aminata-toure-haute-representante-du-chef-de-letat-je-ne-vois-pas-dinconvenient-a-ce-que-des-cadres-de-lapr-decident-de-soutenir-le-pastef\/#webpage\",\"url\":\"https:\/\/www.nettali.com\/2024\/12\/05\/aminata-toure-haute-representante-du-chef-de-letat-je-ne-vois-pas-dinconvenient-a-ce-que-des-cadres-de-lapr-decident-de-soutenir-le-pastef\/\",\"name\":\"AMINATA TOURE, HAUTE REPR\\u00c9SENTANTE DU CHEF DE L\\u2019ETAT - \\u00ab Je ne vois pas d\\u2019inconv\\u00e9nient \\u00e0 ce que des cadres de l'Apr\\u2026 d\\u00e9cident de soutenir le Pastef \\u00bb | Nettali.com\",\"isPartOf\":{\"@id\":\"https:\/\/www.nettali.com\/#website\"},\"primaryImageOfPage\":{\"@id\":\"https:\/\/www.nettali.com\/2024\/12\/05\/aminata-toure-haute-representante-du-chef-de-letat-je-ne-vois-pas-dinconvenient-a-ce-que-des-cadres-de-lapr-decident-de-soutenir-le-pastef\/#primaryimage\"},\"datePublished\":\"2024-12-05T08:36:36+00:00\",\"dateModified\":\"2024-12-05T08:36:36+00:00\",\"author\":{\"@id\":\"https:\/\/www.nettali.com\/#\/schema\/person\/418274a86bdf87caff7a3ef476bd0bbf\"},\"breadcrumb\":{\"@id\":\"https:\/\/www.nettali.com\/2024\/12\/05\/aminata-toure-haute-representante-du-chef-de-letat-je-ne-vois-pas-dinconvenient-a-ce-que-des-cadres-de-lapr-decident-de-soutenir-le-pastef\/#breadcrumb\"},\"inLanguage\":\"fr-FR\",\"potentialAction\":[{\"@type\":\"ReadAction\",\"target\":[\"https:\/\/www.nettali.com\/2024\/12\/05\/aminata-toure-haute-representante-du-chef-de-letat-je-ne-vois-pas-dinconvenient-a-ce-que-des-cadres-de-lapr-decident-de-soutenir-le-pastef\/\"]}]},{\"@type\":\"BreadcrumbList\",\"@id\":\"https:\/\/www.nettali.com\/2024\/12\/05\/aminata-toure-haute-representante-du-chef-de-letat-je-ne-vois-pas-dinconvenient-a-ce-que-des-cadres-de-lapr-decident-de-soutenir-le-pastef\/#breadcrumb\",\"itemListElement\":[{\"@type\":\"ListItem\",\"position\":1,\"name\":\"Accueil\",\"item\":\"https:\/\/www.nettali.com\/\"},{\"@type\":\"ListItem\",\"position\":2,\"name\":\"AMINATA TOURE, HAUTE REPR\\u00c9SENTANTE DU CHEF DE L\\u2019ETAT - \\u00ab Je ne vois pas d\\u2019inconv\\u00e9nient \\u00e0 ce que des cadres de l'Apr\\u2026 d\\u00e9cident de soutenir le Pastef \\u00bb\"}]},{\"@type\":\"Person\",\"@id\":\"https:\/\/www.nettali.com\/#\/schema\/person\/418274a86bdf87caff7a3ef476bd0bbf\",\"name\":\"Fatou\",\"image\":{\"@type\":\"ImageObject\",\"@id\":\"https:\/\/www.nettali.com\/#personlogo\",\"inLanguage\":\"fr-FR\",\"url\":\"https:\/\/secure.gravatar.com\/avatar\/5a9442a2bee7b4dcf167cab035858e9a?s=96&d=mm&r=g\",\"contentUrl\":\"https:\/\/secure.gravatar.com\/avatar\/5a9442a2bee7b4dcf167cab035858e9a?s=96&d=mm&r=g\",\"caption\":\"Fatou\"},\"sameAs\":[\"https:\/\/www.nettali.com\"]}]}<\/script>\n<!-- \/ Yoast SEO Premium plugin. -->","yoast_head_json":{"title":"AMINATA TOURE, HAUTE REPR\u00c9SENTANTE DU CHEF DE L\u2019ETAT - \u00ab Je ne vois pas d\u2019inconv\u00e9nient \u00e0 ce que des cadres de l'Apr\u2026 d\u00e9cident de soutenir le Pastef \u00bb | Nettali.com","robots":{"index":"index","follow":"follow","max-snippet":"max-snippet:-1","max-image-preview":"max-image-preview:large","max-video-preview":"max-video-preview:-1"},"canonical":"https:\/\/www.nettali.com\/2024\/12\/05\/aminata-toure-haute-representante-du-chef-de-letat-je-ne-vois-pas-dinconvenient-a-ce-que-des-cadres-de-lapr-decident-de-soutenir-le-pastef\/","og_locale":"fr_FR","og_type":"article","og_title":"AMINATA TOURE, HAUTE REPR\u00c9SENTANTE DU CHEF DE L\u2019ETAT - \u00ab Je ne vois pas d\u2019inconv\u00e9nient \u00e0 ce que des cadres de l'Apr\u2026 d\u00e9cident de soutenir le Pastef \u00bb","og_description":"NETTALI. COM- Dans un entretien accord\u00e9 \u00e0 Jeune Afrique, la haute repr\u00e9sentante du chef de l\u2019\u00c9tat, Bassirou Diomaye Faye, s\u2019est exprim\u00e9e sur la question des ralliements au parti Pastef . Pour Aminata Tour\u00e9, il n\u2019y a pas d\u2019inconv\u00e9nients en cela dans la mesure o\u00f9 ces transhumants n\u2019ont rien \u00e0 se reprocher. La transhumance, r\u00e9guli\u00e8rement d\u00e9nonc\u00e9e [&hellip;]","og_url":"https:\/\/www.nettali.com\/2024\/12\/05\/aminata-toure-haute-representante-du-chef-de-letat-je-ne-vois-pas-dinconvenient-a-ce-que-des-cadres-de-lapr-decident-de-soutenir-le-pastef\/","og_site_name":"Nettali.com","article_publisher":"https:\/\/www.facebook.com\/nettalicom","article_published_time":"2024-12-05T08:36:36+00:00","og_image":[{"width":1280,"height":960,"url":"https:\/\/www.nettali.com\/wp-content\/uploads\/2023\/06\/AMINATA-TOURE-CHEZ-ELLE-A-DAKAR-LE-29-SEPT.jpg","type":"image\/jpeg"}],"twitter_card":"summary_large_image","twitter_misc":{"\u00c9crit par":"Fatou","Dur\u00e9e de lecture estim\u00e9e":"2 minutes"},"schema":{"@context":"https:\/\/schema.org","@graph":[{"@type":"WebSite","@id":"https:\/\/www.nettali.com\/#website","url":"https:\/\/www.nettali.com\/","name":"Nettali.com","description":"Le rendez-vous critique du Net","potentialAction":[{"@type":"SearchAction","target":{"@type":"EntryPoint","urlTemplate":"https:\/\/www.nettali.com\/?s={search_term_string}"},"query-input":"required name=search_term_string"}],"inLanguage":"fr-FR"},{"@type":"ImageObject","@id":"https:\/\/www.nettali.com\/2024\/12\/05\/aminata-toure-haute-representante-du-chef-de-letat-je-ne-vois-pas-dinconvenient-a-ce-que-des-cadres-de-lapr-decident-de-soutenir-le-pastef\/#primaryimage","inLanguage":"fr-FR","url":"https:\/\/www.nettali.com\/wp-content\/uploads\/2023\/06\/AMINATA-TOURE-CHEZ-ELLE-A-DAKAR-LE-29-SEPT.jpg","contentUrl":"https:\/\/www.nettali.com\/wp-content\/uploads\/2023\/06\/AMINATA-TOURE-CHEZ-ELLE-A-DAKAR-LE-29-SEPT.jpg","width":1280,"height":960},{"@type":"WebPage","@id":"https:\/\/www.nettali.com\/2024\/12\/05\/aminata-toure-haute-representante-du-chef-de-letat-je-ne-vois-pas-dinconvenient-a-ce-que-des-cadres-de-lapr-decident-de-soutenir-le-pastef\/#webpage","url":"https:\/\/www.nettali.com\/2024\/12\/05\/aminata-toure-haute-representante-du-chef-de-letat-je-ne-vois-pas-dinconvenient-a-ce-que-des-cadres-de-lapr-decident-de-soutenir-le-pastef\/","name":"AMINATA TOURE, HAUTE REPR\u00c9SENTANTE DU CHEF DE L\u2019ETAT - \u00ab Je ne vois pas d\u2019inconv\u00e9nient \u00e0 ce que des cadres de l'Apr\u2026 d\u00e9cident de soutenir le Pastef \u00bb | Nettali.com","isPartOf":{"@id":"https:\/\/www.nettali.com\/#website"},"primaryImageOfPage":{"@id":"https:\/\/www.nettali.com\/2024\/12\/05\/aminata-toure-haute-representante-du-chef-de-letat-je-ne-vois-pas-dinconvenient-a-ce-que-des-cadres-de-lapr-decident-de-soutenir-le-pastef\/#primaryimage"},"datePublished":"2024-12-05T08:36:36+00:00","dateModified":"2024-12-05T08:36:36+00:00","author":{"@id":"https:\/\/www.nettali.com\/#\/schema\/person\/418274a86bdf87caff7a3ef476bd0bbf"},"breadcrumb":{"@id":"https:\/\/www.nettali.com\/2024\/12\/05\/aminata-toure-haute-representante-du-chef-de-letat-je-ne-vois-pas-dinconvenient-a-ce-que-des-cadres-de-lapr-decident-de-soutenir-le-pastef\/#breadcrumb"},"inLanguage":"fr-FR","potentialAction":[{"@type":"ReadAction","target":["https:\/\/www.nettali.com\/2024\/12\/05\/aminata-toure-haute-representante-du-chef-de-letat-je-ne-vois-pas-dinconvenient-a-ce-que-des-cadres-de-lapr-decident-de-soutenir-le-pastef\/"]}]},{"@type":"BreadcrumbList","@id":"https:\/\/www.nettali.com\/2024\/12\/05\/aminata-toure-haute-representante-du-chef-de-letat-je-ne-vois-pas-dinconvenient-a-ce-que-des-cadres-de-lapr-decident-de-soutenir-le-pastef\/#breadcrumb","itemListElement":[{"@type":"ListItem","position":1,"name":"Accueil","item":"https:\/\/www.nettali.com\/"},{"@type":"ListItem","position":2,"name":"AMINATA TOURE, HAUTE REPR\u00c9SENTANTE DU CHEF DE L\u2019ETAT - \u00ab Je ne vois pas d\u2019inconv\u00e9nient \u00e0 ce que des cadres de l'Apr\u2026 d\u00e9cident de soutenir le Pastef \u00bb"}]},{"@type":"Person","@id":"https:\/\/www.nettali.com\/#\/schema\/person\/418274a86bdf87caff7a3ef476bd0bbf","name":"Fatou","image":{"@type":"ImageObject","@id":"https:\/\/www.nettali.com\/#personlogo","inLanguage":"fr-FR","url":"https:\/\/secure.gravatar.com\/avatar\/5a9442a2bee7b4dcf167cab035858e9a?s=96&d=mm&r=g","contentUrl":"https:\/\/secure.gravatar.com\/avatar\/5a9442a2bee7b4dcf167cab035858e9a?s=96&d=mm&r=g","caption":"Fatou"},"sameAs":["https:\/\/www.nettali.com"]}]}},"_links":{"self":[{"href":"https:\/\/www.nettali.com\/rest\/wp\/v2\/posts\/144896"}],"collection":[{"href":"https:\/\/www.nettali.com\/rest\/wp\/v2\/posts"}],"about":[{"href":"https:\/\/www.nettali.com\/rest\/wp\/v2\/types\/post"}],"author":[{"embeddable":true,"href":"https:\/\/www.nettali.com\/rest\/wp\/v2\/users\/6"}],"replies":[{"embeddable":true,"href":"https:\/\/www.nettali.com\/rest\/wp\/v2\/comments?post=144896"}],"version-history":[{"count":3,"href":"https:\/\/www.nettali.com\/rest\/wp\/v2\/posts\/144896\/revisions"}],"predecessor-version":[{"id":144907,"href":"https:\/\/www.nettali.com\/rest\/wp\/v2\/posts\/144896\/revisions\/144907"}],"wp:featuredmedia":[{"embeddable":true,"href":"https:\/\/www.nettali.com\/rest\/wp\/v2\/media\/111546"}],"wp:attachment":[{"href":"https:\/\/www.nettali.com\/rest\/wp\/v2\/media?parent=144896"}],"wp:term":[{"taxonomy":"category","embeddable":true,"href":"https:\/\/www.nettali.com\/rest\/wp\/v2\/categories?post=144896"},{"taxonomy":"post_tag","embeddable":true,"href":"https:\/\/www.nettali.com\/rest\/wp\/v2\/tags?post=144896"}],"curies":[{"name":"wp","href":"https:\/\/api.w.org\/{rel}","templated":true}]}}