{"id":144859,"date":"2024-12-04T13:25:50","date_gmt":"2024-12-04T13:25:50","guid":{"rendered":"https:\/\/www.nettali.com\/?p=144859"},"modified":"2024-12-04T13:25:50","modified_gmt":"2024-12-04T13:25:50","slug":"necrologie-ambroise-sarr-nest-plus","status":"publish","type":"post","link":"https:\/\/www.nettali.com\/2024\/12\/04\/necrologie-ambroise-sarr-nest-plus\/","title":{"rendered":"N\u00c9CROLOGIE - Ambroise Sarr n'est plus"},"content":{"rendered":"<p><strong>NETTALI.COM - Le monde de la lutte est en deuil. Ambroise Sarr, figure embl\u00e9matique de la lutte s\u00e9n\u00e9galaise, est d\u00e9c\u00e9d\u00e9 ce mardi 3 d\u00e9cembre 2024.<\/strong><\/p>\n<p><em>\"Pourtant hier (mardi Ndlr) seulement, toute la journ\u00e9e, il a pass\u00e9 son temps \u00e0 parler de lutte, notamment du combat Siteu vs Modou L\u00f4 et du verdict rendu apr\u00e8s le recours. L\u2019apr\u00e8s-midi, il dit avoir un peu mal \u00e0 la t\u00eate. Alors, il est conduit au dispensaire, avant d\u2019entrer dans le coma. Je l\u2019ai amen\u00e9 \u00e0 Diofior puis \u00e0 Mbour o\u00f9 il a rendu l\u2019\u00e2me. Pr\u00e9sentement, le corps est \u00e0 la morgue de Joal<\/em>\", a d\u00e9clar\u00e9 sa femme jointe au t\u00e9l\u00e9phone.<\/p>\n<p>Ancien s\u00e9lectionneur de l\u2019\u00e9quipe nationale de lutte, Ambroise Sarr a marqu\u00e9 l\u2019histoire de ce sport traditionnel, qu\u2019il a contribu\u00e9 \u00e0 \u00e9lever sur la sc\u00e8ne internationale gr\u00e2ce \u00e0 son expertise et \u00e0 son d\u00e9vouement. P\u00e9dagogue passionn\u00e9, il a su former et encadrer plusieurs g\u00e9n\u00e9rations de lutteurs, en transmettant des valeurs de discipline, de courage et d\u2019humilit\u00e9.<\/p>\n<p>Sous sa direction, l\u2019\u00e9quipe nationale a brill\u00e9 lors de nombreuses comp\u00e9titions, renfor\u00e7ant la place centrale de la lutte dans la culture s\u00e9n\u00e9galaise. La disparition d\u2019Ambroise Sarr laisse un vide immense au sein de la communaut\u00e9 sportive et culturelle du S\u00e9n\u00e9gal, o\u00f9 il \u00e9tait respect\u00e9 pour son engagement et sa contribution inestimable au d\u00e9veloppement de la lutte.<\/p>\n<div class='share-to-whatsapp-wrapper'><div class='share-on-whsp'>PARTAGER SUR : <\/div><a data-text='N\u00c9CROLOGIE - Ambroise Sarr n'est plus' data-link='https:\/\/www.nettali.com\/2024\/12\/04\/necrologie-ambroise-sarr-nest-plus\/' class='whatsapp-button whatsapp-share'>WhatsApp<\/a><div class='clear '><\/div><\/div>","protected":false},"excerpt":{"rendered":"<p>NETTALI.COM - Le monde de la lutte est en deuil. Ambroise Sarr, figure embl\u00e9matique de la lutte s\u00e9n\u00e9galaise, est d\u00e9c\u00e9d\u00e9 ce mardi 3 d\u00e9cembre 2024. \"Pourtant hier (mardi Ndlr) seulement, toute la journ\u00e9e, il a pass\u00e9 son temps \u00e0 parler de lutte, notamment du combat Siteu vs Modou L\u00f4 et du verdict rendu apr\u00e8s le [&hellip;]<\/p>\n","protected":false},"author":5,"featured_media":144856,"comment_status":"open","ping_status":"open","sticky":false,"template":"","format":"standard","meta":{"_et_pb_use_builder":"","_et_pb_old_content":""},"categories":[3],"tags":[],"yoast_head":"<!-- This site is optimized with the Yoast SEO Premium plugin v17.8 (Yoast SEO v17.8) - https:\/\/yoast.com\/wordpress\/plugins\/seo\/ -->\n<title>N\u00c9CROLOGIE - Ambroise Sarr n&#039;est plus | Nettali.com<\/title>\n<meta name=\"robots\" content=\"index, follow, max-snippet:-1, max-image-preview:large, max-video-preview:-1\" \/>\n<link rel=\"canonical\" href=\"https:\/\/www.nettali.com\/2024\/12\/04\/necrologie-ambroise-sarr-nest-plus\/\" \/>\n<meta property=\"og:locale\" content=\"fr_FR\" \/>\n<meta property=\"og:type\" content=\"article\" \/>\n<meta property=\"og:title\" content=\"N\u00c9CROLOGIE - Ambroise Sarr n&#039;est plus\" \/>\n<meta property=\"og:description\" content=\"NETTALI.COM - Le monde de la lutte est en deuil. Ambroise Sarr, figure embl\u00e9matique de la lutte s\u00e9n\u00e9galaise, est d\u00e9c\u00e9d\u00e9 ce mardi 3 d\u00e9cembre 2024. &quot;Pourtant hier (mardi Ndlr) seulement, toute la journ\u00e9e, il a pass\u00e9 son temps \u00e0 parler de lutte, notamment du combat Siteu vs Modou L\u00f4 et du verdict rendu apr\u00e8s le [&hellip;]\" \/>\n<meta property=\"og:url\" content=\"https:\/\/www.nettali.com\/2024\/12\/04\/necrologie-ambroise-sarr-nest-plus\/\" \/>\n<meta property=\"og:site_name\" content=\"Nettali.com\" \/>\n<meta property=\"article:publisher\" content=\"https:\/\/www.facebook.com\/nettalicom\" \/>\n<meta property=\"article:published_time\" content=\"2024-12-04T13:25:50+00:00\" \/>\n<meta property=\"og:image\" content=\"https:\/\/www.nettali.com\/wp-content\/uploads\/2024\/12\/Ambroise-Sarr-1-scaled-1-1024x687-1.jpg\" \/>\n\t<meta property=\"og:image:width\" content=\"1024\" \/>\n\t<meta property=\"og:image:height\" content=\"687\" \/>\n<meta name=\"twitter:card\" content=\"summary_large_image\" \/>\n<meta name=\"twitter:label1\" content=\"\u00c9crit par\" \/>\n\t<meta name=\"twitter:data1\" content=\"Ibrahima\" \/>\n\t<meta name=\"twitter:label2\" content=\"Dur\u00e9e de lecture estim\u00e9e\" \/>\n\t<meta name=\"twitter:data2\" content=\"2 minutes\" \/>\n<script type=\"application\/ld+json\" class=\"yoast-schema-graph\">{\"@context\":\"https:\/\/schema.org\",\"@graph\":[{\"@type\":\"WebSite\",\"@id\":\"https:\/\/www.nettali.com\/#website\",\"url\":\"https:\/\/www.nettali.com\/\",\"name\":\"Nettali.com\",\"description\":\"Le rendez-vous critique du Net\",\"potentialAction\":[{\"@type\":\"SearchAction\",\"target\":{\"@type\":\"EntryPoint\",\"urlTemplate\":\"https:\/\/www.nettali.com\/?s={search_term_string}\"},\"query-input\":\"required name=search_term_string\"}],\"inLanguage\":\"fr-FR\"},{\"@type\":\"ImageObject\",\"@id\":\"https:\/\/www.nettali.com\/2024\/12\/04\/necrologie-ambroise-sarr-nest-plus\/#primaryimage\",\"inLanguage\":\"fr-FR\",\"url\":\"https:\/\/www.nettali.com\/wp-content\/uploads\/2024\/12\/Ambroise-Sarr-1-scaled-1-1024x687-1.jpg\",\"contentUrl\":\"https:\/\/www.nettali.com\/wp-content\/uploads\/2024\/12\/Ambroise-Sarr-1-scaled-1-1024x687-1.jpg\",\"width\":1024,\"height\":687},{\"@type\":\"WebPage\",\"@id\":\"https:\/\/www.nettali.com\/2024\/12\/04\/necrologie-ambroise-sarr-nest-plus\/#webpage\",\"url\":\"https:\/\/www.nettali.com\/2024\/12\/04\/necrologie-ambroise-sarr-nest-plus\/\",\"name\":\"N\\u00c9CROLOGIE - Ambroise Sarr n'est plus | Nettali.com\",\"isPartOf\":{\"@id\":\"https:\/\/www.nettali.com\/#website\"},\"primaryImageOfPage\":{\"@id\":\"https:\/\/www.nettali.com\/2024\/12\/04\/necrologie-ambroise-sarr-nest-plus\/#primaryimage\"},\"datePublished\":\"2024-12-04T13:25:50+00:00\",\"dateModified\":\"2024-12-04T13:25:50+00:00\",\"author\":{\"@id\":\"https:\/\/www.nettali.com\/#\/schema\/person\/bb147657c2986240405a608162b9bb23\"},\"breadcrumb\":{\"@id\":\"https:\/\/www.nettali.com\/2024\/12\/04\/necrologie-ambroise-sarr-nest-plus\/#breadcrumb\"},\"inLanguage\":\"fr-FR\",\"potentialAction\":[{\"@type\":\"ReadAction\",\"target\":[\"https:\/\/www.nettali.com\/2024\/12\/04\/necrologie-ambroise-sarr-nest-plus\/\"]}]},{\"@type\":\"BreadcrumbList\",\"@id\":\"https:\/\/www.nettali.com\/2024\/12\/04\/necrologie-ambroise-sarr-nest-plus\/#breadcrumb\",\"itemListElement\":[{\"@type\":\"ListItem\",\"position\":1,\"name\":\"Accueil\",\"item\":\"https:\/\/www.nettali.com\/\"},{\"@type\":\"ListItem\",\"position\":2,\"name\":\"N\\u00c9CROLOGIE - Ambroise Sarr n'est plus\"}]},{\"@type\":\"Person\",\"@id\":\"https:\/\/www.nettali.com\/#\/schema\/person\/bb147657c2986240405a608162b9bb23\",\"name\":\"Ibrahima\",\"image\":{\"@type\":\"ImageObject\",\"@id\":\"https:\/\/www.nettali.com\/#personlogo\",\"inLanguage\":\"fr-FR\",\"url\":\"https:\/\/secure.gravatar.com\/avatar\/26a8a81f09f0dd7624c9d5c36c9ba3a2?s=96&d=mm&r=g\",\"contentUrl\":\"https:\/\/secure.gravatar.com\/avatar\/26a8a81f09f0dd7624c9d5c36c9ba3a2?s=96&d=mm&r=g\",\"caption\":\"Ibrahima\"},\"sameAs\":[\"https:\/\/www.nettali.com\"]}]}<\/script>\n<!-- \/ Yoast SEO Premium plugin. -->","yoast_head_json":{"title":"N\u00c9CROLOGIE - Ambroise Sarr n'est plus | Nettali.com","robots":{"index":"index","follow":"follow","max-snippet":"max-snippet:-1","max-image-preview":"max-image-preview:large","max-video-preview":"max-video-preview:-1"},"canonical":"https:\/\/www.nettali.com\/2024\/12\/04\/necrologie-ambroise-sarr-nest-plus\/","og_locale":"fr_FR","og_type":"article","og_title":"N\u00c9CROLOGIE - Ambroise Sarr n'est plus","og_description":"NETTALI.COM - Le monde de la lutte est en deuil. Ambroise Sarr, figure embl\u00e9matique de la lutte s\u00e9n\u00e9galaise, est d\u00e9c\u00e9d\u00e9 ce mardi 3 d\u00e9cembre 2024. \"Pourtant hier (mardi Ndlr) seulement, toute la journ\u00e9e, il a pass\u00e9 son temps \u00e0 parler de lutte, notamment du combat Siteu vs Modou L\u00f4 et du verdict rendu apr\u00e8s le [&hellip;]","og_url":"https:\/\/www.nettali.com\/2024\/12\/04\/necrologie-ambroise-sarr-nest-plus\/","og_site_name":"Nettali.com","article_publisher":"https:\/\/www.facebook.com\/nettalicom","article_published_time":"2024-12-04T13:25:50+00:00","og_image":[{"width":1024,"height":687,"url":"https:\/\/www.nettali.com\/wp-content\/uploads\/2024\/12\/Ambroise-Sarr-1-scaled-1-1024x687-1.jpg","type":"image\/jpeg"}],"twitter_card":"summary_large_image","twitter_misc":{"\u00c9crit par":"Ibrahima","Dur\u00e9e de lecture estim\u00e9e":"2 minutes"},"schema":{"@context":"https:\/\/schema.org","@graph":[{"@type":"WebSite","@id":"https:\/\/www.nettali.com\/#website","url":"https:\/\/www.nettali.com\/","name":"Nettali.com","description":"Le rendez-vous critique du Net","potentialAction":[{"@type":"SearchAction","target":{"@type":"EntryPoint","urlTemplate":"https:\/\/www.nettali.com\/?s={search_term_string}"},"query-input":"required name=search_term_string"}],"inLanguage":"fr-FR"},{"@type":"ImageObject","@id":"https:\/\/www.nettali.com\/2024\/12\/04\/necrologie-ambroise-sarr-nest-plus\/#primaryimage","inLanguage":"fr-FR","url":"https:\/\/www.nettali.com\/wp-content\/uploads\/2024\/12\/Ambroise-Sarr-1-scaled-1-1024x687-1.jpg","contentUrl":"https:\/\/www.nettali.com\/wp-content\/uploads\/2024\/12\/Ambroise-Sarr-1-scaled-1-1024x687-1.jpg","width":1024,"height":687},{"@type":"WebPage","@id":"https:\/\/www.nettali.com\/2024\/12\/04\/necrologie-ambroise-sarr-nest-plus\/#webpage","url":"https:\/\/www.nettali.com\/2024\/12\/04\/necrologie-ambroise-sarr-nest-plus\/","name":"N\u00c9CROLOGIE - Ambroise Sarr n'est plus | Nettali.com","isPartOf":{"@id":"https:\/\/www.nettali.com\/#website"},"primaryImageOfPage":{"@id":"https:\/\/www.nettali.com\/2024\/12\/04\/necrologie-ambroise-sarr-nest-plus\/#primaryimage"},"datePublished":"2024-12-04T13:25:50+00:00","dateModified":"2024-12-04T13:25:50+00:00","author":{"@id":"https:\/\/www.nettali.com\/#\/schema\/person\/bb147657c2986240405a608162b9bb23"},"breadcrumb":{"@id":"https:\/\/www.nettali.com\/2024\/12\/04\/necrologie-ambroise-sarr-nest-plus\/#breadcrumb"},"inLanguage":"fr-FR","potentialAction":[{"@type":"ReadAction","target":["https:\/\/www.nettali.com\/2024\/12\/04\/necrologie-ambroise-sarr-nest-plus\/"]}]},{"@type":"BreadcrumbList","@id":"https:\/\/www.nettali.com\/2024\/12\/04\/necrologie-ambroise-sarr-nest-plus\/#breadcrumb","itemListElement":[{"@type":"ListItem","position":1,"name":"Accueil","item":"https:\/\/www.nettali.com\/"},{"@type":"ListItem","position":2,"name":"N\u00c9CROLOGIE - Ambroise Sarr n'est plus"}]},{"@type":"Person","@id":"https:\/\/www.nettali.com\/#\/schema\/person\/bb147657c2986240405a608162b9bb23","name":"Ibrahima","image":{"@type":"ImageObject","@id":"https:\/\/www.nettali.com\/#personlogo","inLanguage":"fr-FR","url":"https:\/\/secure.gravatar.com\/avatar\/26a8a81f09f0dd7624c9d5c36c9ba3a2?s=96&d=mm&r=g","contentUrl":"https:\/\/secure.gravatar.com\/avatar\/26a8a81f09f0dd7624c9d5c36c9ba3a2?s=96&d=mm&r=g","caption":"Ibrahima"},"sameAs":["https:\/\/www.nettali.com"]}]}},"_links":{"self":[{"href":"https:\/\/www.nettali.com\/rest\/wp\/v2\/posts\/144859"}],"collection":[{"href":"https:\/\/www.nettali.com\/rest\/wp\/v2\/posts"}],"about":[{"href":"https:\/\/www.nettali.com\/rest\/wp\/v2\/types\/post"}],"author":[{"embeddable":true,"href":"https:\/\/www.nettali.com\/rest\/wp\/v2\/users\/5"}],"replies":[{"embeddable":true,"href":"https:\/\/www.nettali.com\/rest\/wp\/v2\/comments?post=144859"}],"version-history":[{"count":4,"href":"https:\/\/www.nettali.com\/rest\/wp\/v2\/posts\/144859\/revisions"}],"predecessor-version":[{"id":144863,"href":"https:\/\/www.nettali.com\/rest\/wp\/v2\/posts\/144859\/revisions\/144863"}],"wp:featuredmedia":[{"embeddable":true,"href":"https:\/\/www.nettali.com\/rest\/wp\/v2\/media\/144856"}],"wp:attachment":[{"href":"https:\/\/www.nettali.com\/rest\/wp\/v2\/media?parent=144859"}],"wp:term":[{"taxonomy":"category","embeddable":true,"href":"https:\/\/www.nettali.com\/rest\/wp\/v2\/categories?post=144859"},{"taxonomy":"post_tag","embeddable":true,"href":"https:\/\/www.nettali.com\/rest\/wp\/v2\/tags?post=144859"}],"curies":[{"name":"wp","href":"https:\/\/api.w.org\/{rel}","templated":true}]}}