{"id":144806,"date":"2024-12-03T15:16:55","date_gmt":"2024-12-03T15:16:55","guid":{"rendered":"https:\/\/www.nettali.com\/?p=144806"},"modified":"2024-12-04T08:53:55","modified_gmt":"2024-12-04T08:53:55","slug":"publication-de-la-liste-provisoire-des-medias-reconus-par-letat-maimouna-ndour-faye-allume-le-nouveau-regime","status":"publish","type":"post","link":"https:\/\/www.nettali.com\/2024\/12\/03\/publication-de-la-liste-provisoire-des-medias-reconus-par-letat-maimouna-ndour-faye-allume-le-nouveau-regime\/","title":{"rendered":"PUBLICATION DE LA LISTE PROVISOIRE DES M\u00c9DIAS RECONNUS PAR L'\u00c9TAT - Ma\u00efmouna Ndour Faye allume le nouveau r\u00e9gime et interpelle le Cored"},"content":{"rendered":"<p><strong>NETTALI.COM - Suite \u00e0 la publication de la liste des entreprises de presse conformes au Code de la presse, le Conseil des diffuseurs et \u00e9diteurs de presse du S\u00e9n\u00e9gal (CDEPS) a exprim\u00e9 son m\u00e9contentement. Ma\u00efmouna Ndour Faye, Directrice g\u00e9n\u00e9rale de la cha\u00eene 7TV, l'une des entreprises non reconnues par l'\u00c9tat, a d\u00e9nonc\u00e9 cette mesure.<\/strong><\/p>\n<p>\"<em>Je ne suis pas surprise. Il y a un agenda en cours, mais c\u2019est peine perdue. Ils vont choisir les m\u00e9dias qui existeront et pourront s\u2019exprimer. Ils vont s\u00e9lectionner les journalistes autoris\u00e9s \u00e0 exercer et \u00e0 parler et faire taire toutes les voix discordantes<\/em>\", a d\u00e9clar\u00e9 Ma\u00efmouna Ndour Faye en conf\u00e9rence de presse ce mardi 4 d\u00e9cembre.<\/p>\n<p>Tr\u00e8s d\u00e9termin\u00e9e, la patronne de 7TV poursuivi : \"<em>D\u00e8s aujourd\u2019hui, ces d\u00e9cisions seront attaqu\u00e9es. C\u2019est un affront orchestr\u00e9 par le minist\u00e8re de la Communication et ses collaborateurs. C\u2019est de la vengeance, de la malveillance et de la sournoiserie. Ce nouveau r\u00e9gime est mal plac\u00e9 pour supprimer des m\u00e9dias car il a profit\u00e9 de ces tribunes pour faire entendre sa voix<\/em>\". Elle a conclu en soulignant l\u2019importance de ce combat : \"<em>C\u2019est une lutte pour le droit \u00e0 l\u2019existence et pour l\u2019avenir<\/em>\".<\/p>\n<p><strong>Ma\u00efmouna Ndour invite le Cored \u00e0 prendre ses responsabilit\u00e9s<\/strong><\/p>\n<p>Ma\u00efmouna Ndour Faye a attaqu\u00e9 le Cored. \u201c<em>Le Cored n\u2019a qu\u2019\u00e0 prendre ses responsabilit\u00e9s. Lorsque le S\u00e9n\u00e9gal \u00e9tait dans une crise politique, ils s\u2019en sont pris \u00e0 des professionnels et pourtant tous les jours, des gens qui n\u2019ont pas le droit d\u2019exercer ce m\u00e9tier, sont dans les tribunes et racontent ce qu\u2019ils veulent, en insultant des citoyens s\u00e9n\u00e9galais, personne ne les rappelle \u00e0 l\u2019ordre. Le Cored n\u2019en parle pas<\/em>\u201d, accuse-t-elle.<\/p>\n<p>\u201c<em>Je prie Mamadou Thior de ne pas \u00eatre complice de ce meurtre qu\u2019on est en train de commettre. Car sa posture ne me rassure pas. Comment peut-il \u00eatre dans une commission et accepter qu\u2019on prenne une telle d\u00e9cision ?<\/em>\u201d, se demande-t-elle. Selon MNF, \u201c<em>le Cored est un tribunal des pairs et qu\u2019il ne peut remplacer ni le patronat, ni le Synpics. Des non-pratiquants ne peuvent pas d\u00e9cider pour des gens qui pratiquent et qui connaissent leur m\u00e9tier<\/em>\u201d.<\/p>\n<p>&nbsp;<\/p>\n<p class=\"p1\">\n<div class='share-to-whatsapp-wrapper'><div class='share-on-whsp'>PARTAGER SUR : <\/div><a data-text='PUBLICATION DE LA LISTE PROVISOIRE DES M\u00c9DIAS RECONNUS PAR L'\u00c9TAT - Ma\u00efmouna Ndour Faye allume le nouveau r\u00e9gime et interpelle le Cored' data-link='https:\/\/www.nettali.com\/2024\/12\/03\/publication-de-la-liste-provisoire-des-medias-reconus-par-letat-maimouna-ndour-faye-allume-le-nouveau-regime\/' class='whatsapp-button whatsapp-share'>WhatsApp<\/a><div class='clear '><\/div><\/div>","protected":false},"excerpt":{"rendered":"<p>NETTALI.COM - Suite \u00e0 la publication de la liste des entreprises de presse conformes au Code de la presse, le Conseil des diffuseurs et \u00e9diteurs de presse du S\u00e9n\u00e9gal (CDEPS) a exprim\u00e9 son m\u00e9contentement. Ma\u00efmouna Ndour Faye, Directrice g\u00e9n\u00e9rale de la cha\u00eene 7TV, l'une des entreprises non reconnues par l'\u00c9tat, a d\u00e9nonc\u00e9 cette mesure. \"Je [&hellip;]<\/p>\n","protected":false},"author":5,"featured_media":144807,"comment_status":"open","ping_status":"open","sticky":false,"template":"","format":"standard","meta":{"_et_pb_use_builder":"","_et_pb_old_content":""},"categories":[3],"tags":[],"yoast_head":"<!-- This site is optimized with the Yoast SEO Premium plugin v17.8 (Yoast SEO v17.8) - https:\/\/yoast.com\/wordpress\/plugins\/seo\/ -->\n<title>PUBLICATION DE LA LISTE PROVISOIRE DES M\u00c9DIAS RECONNUS PAR L&#039;\u00c9TAT - Ma\u00efmouna Ndour Faye allume le nouveau r\u00e9gime et interpelle le Cored | Nettali.com<\/title>\n<meta name=\"robots\" content=\"index, follow, max-snippet:-1, max-image-preview:large, max-video-preview:-1\" \/>\n<link rel=\"canonical\" href=\"https:\/\/www.nettali.com\/2024\/12\/03\/publication-de-la-liste-provisoire-des-medias-reconus-par-letat-maimouna-ndour-faye-allume-le-nouveau-regime\/\" \/>\n<meta property=\"og:locale\" content=\"fr_FR\" \/>\n<meta property=\"og:type\" content=\"article\" \/>\n<meta property=\"og:title\" content=\"PUBLICATION DE LA LISTE PROVISOIRE DES M\u00c9DIAS RECONNUS PAR L&#039;\u00c9TAT - Ma\u00efmouna Ndour Faye allume le nouveau r\u00e9gime et interpelle le Cored\" \/>\n<meta property=\"og:description\" content=\"NETTALI.COM - Suite \u00e0 la publication de la liste des entreprises de presse conformes au Code de la presse, le Conseil des diffuseurs et \u00e9diteurs de presse du S\u00e9n\u00e9gal (CDEPS) a exprim\u00e9 son m\u00e9contentement. Ma\u00efmouna Ndour Faye, Directrice g\u00e9n\u00e9rale de la cha\u00eene 7TV, l&#039;une des entreprises non reconnues par l&#039;\u00c9tat, a d\u00e9nonc\u00e9 cette mesure. &quot;Je [&hellip;]\" \/>\n<meta property=\"og:url\" content=\"https:\/\/www.nettali.com\/2024\/12\/03\/publication-de-la-liste-provisoire-des-medias-reconus-par-letat-maimouna-ndour-faye-allume-le-nouveau-regime\/\" \/>\n<meta property=\"og:site_name\" content=\"Nettali.com\" \/>\n<meta property=\"article:publisher\" content=\"https:\/\/www.facebook.com\/nettalicom\" \/>\n<meta property=\"article:published_time\" content=\"2024-12-03T15:16:55+00:00\" \/>\n<meta property=\"article:modified_time\" content=\"2024-12-04T08:53:55+00:00\" \/>\n<meta property=\"og:image\" content=\"https:\/\/www.nettali.com\/wp-content\/uploads\/2024\/12\/mai.png\" \/>\n\t<meta property=\"og:image:width\" content=\"710\" \/>\n\t<meta property=\"og:image:height\" content=\"371\" \/>\n<meta name=\"twitter:card\" content=\"summary_large_image\" \/>\n<meta name=\"twitter:label1\" content=\"\u00c9crit par\" \/>\n\t<meta name=\"twitter:data1\" content=\"Ibrahima\" \/>\n\t<meta name=\"twitter:label2\" content=\"Dur\u00e9e de lecture estim\u00e9e\" \/>\n\t<meta name=\"twitter:data2\" content=\"3 minutes\" \/>\n<script type=\"application\/ld+json\" class=\"yoast-schema-graph\">{\"@context\":\"https:\/\/schema.org\",\"@graph\":[{\"@type\":\"WebSite\",\"@id\":\"https:\/\/www.nettali.com\/#website\",\"url\":\"https:\/\/www.nettali.com\/\",\"name\":\"Nettali.com\",\"description\":\"Le rendez-vous critique du Net\",\"potentialAction\":[{\"@type\":\"SearchAction\",\"target\":{\"@type\":\"EntryPoint\",\"urlTemplate\":\"https:\/\/www.nettali.com\/?s={search_term_string}\"},\"query-input\":\"required name=search_term_string\"}],\"inLanguage\":\"fr-FR\"},{\"@type\":\"ImageObject\",\"@id\":\"https:\/\/www.nettali.com\/2024\/12\/03\/publication-de-la-liste-provisoire-des-medias-reconus-par-letat-maimouna-ndour-faye-allume-le-nouveau-regime\/#primaryimage\",\"inLanguage\":\"fr-FR\",\"url\":\"https:\/\/www.nettali.com\/wp-content\/uploads\/2024\/12\/mai.png\",\"contentUrl\":\"https:\/\/www.nettali.com\/wp-content\/uploads\/2024\/12\/mai.png\",\"width\":710,\"height\":371},{\"@type\":\"WebPage\",\"@id\":\"https:\/\/www.nettali.com\/2024\/12\/03\/publication-de-la-liste-provisoire-des-medias-reconus-par-letat-maimouna-ndour-faye-allume-le-nouveau-regime\/#webpage\",\"url\":\"https:\/\/www.nettali.com\/2024\/12\/03\/publication-de-la-liste-provisoire-des-medias-reconus-par-letat-maimouna-ndour-faye-allume-le-nouveau-regime\/\",\"name\":\"PUBLICATION DE LA LISTE PROVISOIRE DES M\\u00c9DIAS RECONNUS PAR L'\\u00c9TAT - Ma\\u00efmouna Ndour Faye allume le nouveau r\\u00e9gime et interpelle le Cored | Nettali.com\",\"isPartOf\":{\"@id\":\"https:\/\/www.nettali.com\/#website\"},\"primaryImageOfPage\":{\"@id\":\"https:\/\/www.nettali.com\/2024\/12\/03\/publication-de-la-liste-provisoire-des-medias-reconus-par-letat-maimouna-ndour-faye-allume-le-nouveau-regime\/#primaryimage\"},\"datePublished\":\"2024-12-03T15:16:55+00:00\",\"dateModified\":\"2024-12-04T08:53:55+00:00\",\"author\":{\"@id\":\"https:\/\/www.nettali.com\/#\/schema\/person\/bb147657c2986240405a608162b9bb23\"},\"breadcrumb\":{\"@id\":\"https:\/\/www.nettali.com\/2024\/12\/03\/publication-de-la-liste-provisoire-des-medias-reconus-par-letat-maimouna-ndour-faye-allume-le-nouveau-regime\/#breadcrumb\"},\"inLanguage\":\"fr-FR\",\"potentialAction\":[{\"@type\":\"ReadAction\",\"target\":[\"https:\/\/www.nettali.com\/2024\/12\/03\/publication-de-la-liste-provisoire-des-medias-reconus-par-letat-maimouna-ndour-faye-allume-le-nouveau-regime\/\"]}]},{\"@type\":\"BreadcrumbList\",\"@id\":\"https:\/\/www.nettali.com\/2024\/12\/03\/publication-de-la-liste-provisoire-des-medias-reconus-par-letat-maimouna-ndour-faye-allume-le-nouveau-regime\/#breadcrumb\",\"itemListElement\":[{\"@type\":\"ListItem\",\"position\":1,\"name\":\"Accueil\",\"item\":\"https:\/\/www.nettali.com\/\"},{\"@type\":\"ListItem\",\"position\":2,\"name\":\"PUBLICATION DE LA LISTE PROVISOIRE DES M\\u00c9DIAS RECONNUS PAR L'\\u00c9TAT - Ma\\u00efmouna Ndour Faye allume le nouveau r\\u00e9gime et interpelle le Cored\"}]},{\"@type\":\"Person\",\"@id\":\"https:\/\/www.nettali.com\/#\/schema\/person\/bb147657c2986240405a608162b9bb23\",\"name\":\"Ibrahima\",\"image\":{\"@type\":\"ImageObject\",\"@id\":\"https:\/\/www.nettali.com\/#personlogo\",\"inLanguage\":\"fr-FR\",\"url\":\"https:\/\/secure.gravatar.com\/avatar\/26a8a81f09f0dd7624c9d5c36c9ba3a2?s=96&d=mm&r=g\",\"contentUrl\":\"https:\/\/secure.gravatar.com\/avatar\/26a8a81f09f0dd7624c9d5c36c9ba3a2?s=96&d=mm&r=g\",\"caption\":\"Ibrahima\"},\"sameAs\":[\"https:\/\/www.nettali.com\"]}]}<\/script>\n<!-- \/ Yoast SEO Premium plugin. -->","yoast_head_json":{"title":"PUBLICATION DE LA LISTE PROVISOIRE DES M\u00c9DIAS RECONNUS PAR L'\u00c9TAT - Ma\u00efmouna Ndour Faye allume le nouveau r\u00e9gime et interpelle le Cored | Nettali.com","robots":{"index":"index","follow":"follow","max-snippet":"max-snippet:-1","max-image-preview":"max-image-preview:large","max-video-preview":"max-video-preview:-1"},"canonical":"https:\/\/www.nettali.com\/2024\/12\/03\/publication-de-la-liste-provisoire-des-medias-reconus-par-letat-maimouna-ndour-faye-allume-le-nouveau-regime\/","og_locale":"fr_FR","og_type":"article","og_title":"PUBLICATION DE LA LISTE PROVISOIRE DES M\u00c9DIAS RECONNUS PAR L'\u00c9TAT - Ma\u00efmouna Ndour Faye allume le nouveau r\u00e9gime et interpelle le Cored","og_description":"NETTALI.COM - Suite \u00e0 la publication de la liste des entreprises de presse conformes au Code de la presse, le Conseil des diffuseurs et \u00e9diteurs de presse du S\u00e9n\u00e9gal (CDEPS) a exprim\u00e9 son m\u00e9contentement. Ma\u00efmouna Ndour Faye, Directrice g\u00e9n\u00e9rale de la cha\u00eene 7TV, l'une des entreprises non reconnues par l'\u00c9tat, a d\u00e9nonc\u00e9 cette mesure. \"Je [&hellip;]","og_url":"https:\/\/www.nettali.com\/2024\/12\/03\/publication-de-la-liste-provisoire-des-medias-reconus-par-letat-maimouna-ndour-faye-allume-le-nouveau-regime\/","og_site_name":"Nettali.com","article_publisher":"https:\/\/www.facebook.com\/nettalicom","article_published_time":"2024-12-03T15:16:55+00:00","article_modified_time":"2024-12-04T08:53:55+00:00","og_image":[{"width":710,"height":371,"url":"https:\/\/www.nettali.com\/wp-content\/uploads\/2024\/12\/mai.png","type":"image\/png"}],"twitter_card":"summary_large_image","twitter_misc":{"\u00c9crit par":"Ibrahima","Dur\u00e9e de lecture estim\u00e9e":"3 minutes"},"schema":{"@context":"https:\/\/schema.org","@graph":[{"@type":"WebSite","@id":"https:\/\/www.nettali.com\/#website","url":"https:\/\/www.nettali.com\/","name":"Nettali.com","description":"Le rendez-vous critique du Net","potentialAction":[{"@type":"SearchAction","target":{"@type":"EntryPoint","urlTemplate":"https:\/\/www.nettali.com\/?s={search_term_string}"},"query-input":"required name=search_term_string"}],"inLanguage":"fr-FR"},{"@type":"ImageObject","@id":"https:\/\/www.nettali.com\/2024\/12\/03\/publication-de-la-liste-provisoire-des-medias-reconus-par-letat-maimouna-ndour-faye-allume-le-nouveau-regime\/#primaryimage","inLanguage":"fr-FR","url":"https:\/\/www.nettali.com\/wp-content\/uploads\/2024\/12\/mai.png","contentUrl":"https:\/\/www.nettali.com\/wp-content\/uploads\/2024\/12\/mai.png","width":710,"height":371},{"@type":"WebPage","@id":"https:\/\/www.nettali.com\/2024\/12\/03\/publication-de-la-liste-provisoire-des-medias-reconus-par-letat-maimouna-ndour-faye-allume-le-nouveau-regime\/#webpage","url":"https:\/\/www.nettali.com\/2024\/12\/03\/publication-de-la-liste-provisoire-des-medias-reconus-par-letat-maimouna-ndour-faye-allume-le-nouveau-regime\/","name":"PUBLICATION DE LA LISTE PROVISOIRE DES M\u00c9DIAS RECONNUS PAR L'\u00c9TAT - Ma\u00efmouna Ndour Faye allume le nouveau r\u00e9gime et interpelle le Cored | Nettali.com","isPartOf":{"@id":"https:\/\/www.nettali.com\/#website"},"primaryImageOfPage":{"@id":"https:\/\/www.nettali.com\/2024\/12\/03\/publication-de-la-liste-provisoire-des-medias-reconus-par-letat-maimouna-ndour-faye-allume-le-nouveau-regime\/#primaryimage"},"datePublished":"2024-12-03T15:16:55+00:00","dateModified":"2024-12-04T08:53:55+00:00","author":{"@id":"https:\/\/www.nettali.com\/#\/schema\/person\/bb147657c2986240405a608162b9bb23"},"breadcrumb":{"@id":"https:\/\/www.nettali.com\/2024\/12\/03\/publication-de-la-liste-provisoire-des-medias-reconus-par-letat-maimouna-ndour-faye-allume-le-nouveau-regime\/#breadcrumb"},"inLanguage":"fr-FR","potentialAction":[{"@type":"ReadAction","target":["https:\/\/www.nettali.com\/2024\/12\/03\/publication-de-la-liste-provisoire-des-medias-reconus-par-letat-maimouna-ndour-faye-allume-le-nouveau-regime\/"]}]},{"@type":"BreadcrumbList","@id":"https:\/\/www.nettali.com\/2024\/12\/03\/publication-de-la-liste-provisoire-des-medias-reconus-par-letat-maimouna-ndour-faye-allume-le-nouveau-regime\/#breadcrumb","itemListElement":[{"@type":"ListItem","position":1,"name":"Accueil","item":"https:\/\/www.nettali.com\/"},{"@type":"ListItem","position":2,"name":"PUBLICATION DE LA LISTE PROVISOIRE DES M\u00c9DIAS RECONNUS PAR L'\u00c9TAT - Ma\u00efmouna Ndour Faye allume le nouveau r\u00e9gime et interpelle le Cored"}]},{"@type":"Person","@id":"https:\/\/www.nettali.com\/#\/schema\/person\/bb147657c2986240405a608162b9bb23","name":"Ibrahima","image":{"@type":"ImageObject","@id":"https:\/\/www.nettali.com\/#personlogo","inLanguage":"fr-FR","url":"https:\/\/secure.gravatar.com\/avatar\/26a8a81f09f0dd7624c9d5c36c9ba3a2?s=96&d=mm&r=g","contentUrl":"https:\/\/secure.gravatar.com\/avatar\/26a8a81f09f0dd7624c9d5c36c9ba3a2?s=96&d=mm&r=g","caption":"Ibrahima"},"sameAs":["https:\/\/www.nettali.com"]}]}},"_links":{"self":[{"href":"https:\/\/www.nettali.com\/rest\/wp\/v2\/posts\/144806"}],"collection":[{"href":"https:\/\/www.nettali.com\/rest\/wp\/v2\/posts"}],"about":[{"href":"https:\/\/www.nettali.com\/rest\/wp\/v2\/types\/post"}],"author":[{"embeddable":true,"href":"https:\/\/www.nettali.com\/rest\/wp\/v2\/users\/5"}],"replies":[{"embeddable":true,"href":"https:\/\/www.nettali.com\/rest\/wp\/v2\/comments?post=144806"}],"version-history":[{"count":7,"href":"https:\/\/www.nettali.com\/rest\/wp\/v2\/posts\/144806\/revisions"}],"predecessor-version":[{"id":144853,"href":"https:\/\/www.nettali.com\/rest\/wp\/v2\/posts\/144806\/revisions\/144853"}],"wp:featuredmedia":[{"embeddable":true,"href":"https:\/\/www.nettali.com\/rest\/wp\/v2\/media\/144807"}],"wp:attachment":[{"href":"https:\/\/www.nettali.com\/rest\/wp\/v2\/media?parent=144806"}],"wp:term":[{"taxonomy":"category","embeddable":true,"href":"https:\/\/www.nettali.com\/rest\/wp\/v2\/categories?post=144806"},{"taxonomy":"post_tag","embeddable":true,"href":"https:\/\/www.nettali.com\/rest\/wp\/v2\/tags?post=144806"}],"curies":[{"name":"wp","href":"https:\/\/api.w.org\/{rel}","templated":true}]}}