{"id":144785,"date":"2024-12-03T08:35:26","date_gmt":"2024-12-03T08:35:26","guid":{"rendered":"https:\/\/www.nettali.com\/?p=144785"},"modified":"2024-12-03T08:35:26","modified_gmt":"2024-12-03T08:35:26","slug":"lutte-contre-la-rougeole-et-la-rubeole-la-campagne-nationale-de-vaccination-officiellement-lancee","status":"publish","type":"post","link":"https:\/\/www.nettali.com\/2024\/12\/03\/lutte-contre-la-rougeole-et-la-rubeole-la-campagne-nationale-de-vaccination-officiellement-lancee\/","title":{"rendered":"LUTTE CONTRE LA ROUGEOLE ET LA RUB\u00c9OLE - La campagne nationale de vaccination officiellement lanc\u00e9e"},"content":{"rendered":"<p><strong>NETTALI.COM - Le coup d\u2019envoi de la campagne de vaccination contre la rougeole et la rub\u00e9ole a \u00e9t\u00e9 donn\u00e9 ce lundi 2 d\u00e9cembre 2024, par le ministre de la Sant\u00e9 et de l\u2019Action sociale, Ibrahima Sy, \u00e0 Yeumbeul, dans la banlieue de Dakar. La campagne, qui se d\u00e9roule du 2 au 11 d\u00e9cembre 2024, cible les enfants \u00e2g\u00e9s de neuf mois \u00e0 14 ans.<\/strong><\/p>\n<p>Ibrahima Sy a soulign\u00e9 que les \u00e9valuations r\u00e9centes ont r\u00e9v\u00e9l\u00e9 que les risques de rougeole au S\u00e9n\u00e9gal sont devenus tr\u00e8s pr\u00e9occupants, avec une \"<em>probable \u00e9pid\u00e9mie de grande envergure dans les deux prochaines ann\u00e9es<\/em>\". Il a \u00e9galement not\u00e9 que la maladie affecte d\u00e9sormais des tranches d\u2019\u00e2ge plus larges, notamment les enfants de moins d\u2019un an et les jeunes de plus de dix ans.<\/p>\n<p>Le ministre a rendu hommage aux acteurs de la sant\u00e9, aux organisations communautaires de base, ainsi qu\u2019\u00e0 l\u2019administration territoriale locale et aux \u00e9lus territoriaux, pour leurs contributions pr\u00e9cieuses qui visent \u00e0 am\u00e9liorer les r\u00e9sultats dans le secteur de la sant\u00e9.<\/p>\n<div class='share-to-whatsapp-wrapper'><div class='share-on-whsp'>PARTAGER SUR : <\/div><a data-text='LUTTE CONTRE LA ROUGEOLE ET LA RUB\u00c9OLE - La campagne nationale de vaccination officiellement lanc\u00e9e' data-link='https:\/\/www.nettali.com\/2024\/12\/03\/lutte-contre-la-rougeole-et-la-rubeole-la-campagne-nationale-de-vaccination-officiellement-lancee\/' class='whatsapp-button whatsapp-share'>WhatsApp<\/a><div class='clear '><\/div><\/div>","protected":false},"excerpt":{"rendered":"<p>NETTALI.COM - Le coup d\u2019envoi de la campagne de vaccination contre la rougeole et la rub\u00e9ole a \u00e9t\u00e9 donn\u00e9 ce lundi 2 d\u00e9cembre 2024, par le ministre de la Sant\u00e9 et de l\u2019Action sociale, Ibrahima Sy, \u00e0 Yeumbeul, dans la banlieue de Dakar. La campagne, qui se d\u00e9roule du 2 au 11 d\u00e9cembre 2024, cible [&hellip;]<\/p>\n","protected":false},"author":5,"featured_media":144786,"comment_status":"open","ping_status":"open","sticky":false,"template":"","format":"standard","meta":{"_et_pb_use_builder":"","_et_pb_old_content":""},"categories":[22],"tags":[],"yoast_head":"<!-- This site is optimized with the Yoast SEO Premium plugin v17.8 (Yoast SEO v17.8) - https:\/\/yoast.com\/wordpress\/plugins\/seo\/ -->\n<title>LUTTE CONTRE LA ROUGEOLE ET LA RUB\u00c9OLE - La campagne nationale de vaccination officiellement lanc\u00e9e | Nettali.com<\/title>\n<meta name=\"robots\" content=\"index, follow, max-snippet:-1, max-image-preview:large, max-video-preview:-1\" \/>\n<link rel=\"canonical\" href=\"https:\/\/www.nettali.com\/2024\/12\/03\/lutte-contre-la-rougeole-et-la-rubeole-la-campagne-nationale-de-vaccination-officiellement-lancee\/\" \/>\n<meta property=\"og:locale\" content=\"fr_FR\" \/>\n<meta property=\"og:type\" content=\"article\" \/>\n<meta property=\"og:title\" content=\"LUTTE CONTRE LA ROUGEOLE ET LA RUB\u00c9OLE - La campagne nationale de vaccination officiellement lanc\u00e9e\" \/>\n<meta property=\"og:description\" content=\"NETTALI.COM - Le coup d\u2019envoi de la campagne de vaccination contre la rougeole et la rub\u00e9ole a \u00e9t\u00e9 donn\u00e9 ce lundi 2 d\u00e9cembre 2024, par le ministre de la Sant\u00e9 et de l\u2019Action sociale, Ibrahima Sy, \u00e0 Yeumbeul, dans la banlieue de Dakar. La campagne, qui se d\u00e9roule du 2 au 11 d\u00e9cembre 2024, cible [&hellip;]\" \/>\n<meta property=\"og:url\" content=\"https:\/\/www.nettali.com\/2024\/12\/03\/lutte-contre-la-rougeole-et-la-rubeole-la-campagne-nationale-de-vaccination-officiellement-lancee\/\" \/>\n<meta property=\"og:site_name\" content=\"Nettali.com\" \/>\n<meta property=\"article:publisher\" content=\"https:\/\/www.facebook.com\/nettalicom\" \/>\n<meta property=\"article:published_time\" content=\"2024-12-03T08:35:26+00:00\" \/>\n<meta property=\"og:image\" content=\"https:\/\/www.nettali.com\/wp-content\/uploads\/2024\/12\/3f07d529ed8d45b0f095a158f04687ef_XL.jpg\" \/>\n\t<meta property=\"og:image:width\" content=\"640\" \/>\n\t<meta property=\"og:image:height\" content=\"478\" \/>\n<meta name=\"twitter:card\" content=\"summary_large_image\" \/>\n<meta name=\"twitter:label1\" content=\"\u00c9crit par\" \/>\n\t<meta name=\"twitter:data1\" content=\"Ibrahima\" \/>\n\t<meta name=\"twitter:label2\" content=\"Dur\u00e9e de lecture estim\u00e9e\" \/>\n\t<meta name=\"twitter:data2\" content=\"1 minute\" \/>\n<script type=\"application\/ld+json\" class=\"yoast-schema-graph\">{\"@context\":\"https:\/\/schema.org\",\"@graph\":[{\"@type\":\"WebSite\",\"@id\":\"https:\/\/www.nettali.com\/#website\",\"url\":\"https:\/\/www.nettali.com\/\",\"name\":\"Nettali.com\",\"description\":\"Le rendez-vous critique du Net\",\"potentialAction\":[{\"@type\":\"SearchAction\",\"target\":{\"@type\":\"EntryPoint\",\"urlTemplate\":\"https:\/\/www.nettali.com\/?s={search_term_string}\"},\"query-input\":\"required name=search_term_string\"}],\"inLanguage\":\"fr-FR\"},{\"@type\":\"ImageObject\",\"@id\":\"https:\/\/www.nettali.com\/2024\/12\/03\/lutte-contre-la-rougeole-et-la-rubeole-la-campagne-nationale-de-vaccination-officiellement-lancee\/#primaryimage\",\"inLanguage\":\"fr-FR\",\"url\":\"https:\/\/www.nettali.com\/wp-content\/uploads\/2024\/12\/3f07d529ed8d45b0f095a158f04687ef_XL.jpg\",\"contentUrl\":\"https:\/\/www.nettali.com\/wp-content\/uploads\/2024\/12\/3f07d529ed8d45b0f095a158f04687ef_XL.jpg\",\"width\":640,\"height\":478},{\"@type\":\"WebPage\",\"@id\":\"https:\/\/www.nettali.com\/2024\/12\/03\/lutte-contre-la-rougeole-et-la-rubeole-la-campagne-nationale-de-vaccination-officiellement-lancee\/#webpage\",\"url\":\"https:\/\/www.nettali.com\/2024\/12\/03\/lutte-contre-la-rougeole-et-la-rubeole-la-campagne-nationale-de-vaccination-officiellement-lancee\/\",\"name\":\"LUTTE CONTRE LA ROUGEOLE ET LA RUB\\u00c9OLE - La campagne nationale de vaccination officiellement lanc\\u00e9e | Nettali.com\",\"isPartOf\":{\"@id\":\"https:\/\/www.nettali.com\/#website\"},\"primaryImageOfPage\":{\"@id\":\"https:\/\/www.nettali.com\/2024\/12\/03\/lutte-contre-la-rougeole-et-la-rubeole-la-campagne-nationale-de-vaccination-officiellement-lancee\/#primaryimage\"},\"datePublished\":\"2024-12-03T08:35:26+00:00\",\"dateModified\":\"2024-12-03T08:35:26+00:00\",\"author\":{\"@id\":\"https:\/\/www.nettali.com\/#\/schema\/person\/bb147657c2986240405a608162b9bb23\"},\"breadcrumb\":{\"@id\":\"https:\/\/www.nettali.com\/2024\/12\/03\/lutte-contre-la-rougeole-et-la-rubeole-la-campagne-nationale-de-vaccination-officiellement-lancee\/#breadcrumb\"},\"inLanguage\":\"fr-FR\",\"potentialAction\":[{\"@type\":\"ReadAction\",\"target\":[\"https:\/\/www.nettali.com\/2024\/12\/03\/lutte-contre-la-rougeole-et-la-rubeole-la-campagne-nationale-de-vaccination-officiellement-lancee\/\"]}]},{\"@type\":\"BreadcrumbList\",\"@id\":\"https:\/\/www.nettali.com\/2024\/12\/03\/lutte-contre-la-rougeole-et-la-rubeole-la-campagne-nationale-de-vaccination-officiellement-lancee\/#breadcrumb\",\"itemListElement\":[{\"@type\":\"ListItem\",\"position\":1,\"name\":\"Accueil\",\"item\":\"https:\/\/www.nettali.com\/\"},{\"@type\":\"ListItem\",\"position\":2,\"name\":\"LUTTE CONTRE LA ROUGEOLE ET LA RUB\\u00c9OLE - La campagne nationale de vaccination officiellement lanc\\u00e9e\"}]},{\"@type\":\"Person\",\"@id\":\"https:\/\/www.nettali.com\/#\/schema\/person\/bb147657c2986240405a608162b9bb23\",\"name\":\"Ibrahima\",\"image\":{\"@type\":\"ImageObject\",\"@id\":\"https:\/\/www.nettali.com\/#personlogo\",\"inLanguage\":\"fr-FR\",\"url\":\"https:\/\/secure.gravatar.com\/avatar\/26a8a81f09f0dd7624c9d5c36c9ba3a2?s=96&d=mm&r=g\",\"contentUrl\":\"https:\/\/secure.gravatar.com\/avatar\/26a8a81f09f0dd7624c9d5c36c9ba3a2?s=96&d=mm&r=g\",\"caption\":\"Ibrahima\"},\"sameAs\":[\"https:\/\/www.nettali.com\"]}]}<\/script>\n<!-- \/ Yoast SEO Premium plugin. -->","yoast_head_json":{"title":"LUTTE CONTRE LA ROUGEOLE ET LA RUB\u00c9OLE - La campagne nationale de vaccination officiellement lanc\u00e9e | Nettali.com","robots":{"index":"index","follow":"follow","max-snippet":"max-snippet:-1","max-image-preview":"max-image-preview:large","max-video-preview":"max-video-preview:-1"},"canonical":"https:\/\/www.nettali.com\/2024\/12\/03\/lutte-contre-la-rougeole-et-la-rubeole-la-campagne-nationale-de-vaccination-officiellement-lancee\/","og_locale":"fr_FR","og_type":"article","og_title":"LUTTE CONTRE LA ROUGEOLE ET LA RUB\u00c9OLE - La campagne nationale de vaccination officiellement lanc\u00e9e","og_description":"NETTALI.COM - Le coup d\u2019envoi de la campagne de vaccination contre la rougeole et la rub\u00e9ole a \u00e9t\u00e9 donn\u00e9 ce lundi 2 d\u00e9cembre 2024, par le ministre de la Sant\u00e9 et de l\u2019Action sociale, Ibrahima Sy, \u00e0 Yeumbeul, dans la banlieue de Dakar. La campagne, qui se d\u00e9roule du 2 au 11 d\u00e9cembre 2024, cible [&hellip;]","og_url":"https:\/\/www.nettali.com\/2024\/12\/03\/lutte-contre-la-rougeole-et-la-rubeole-la-campagne-nationale-de-vaccination-officiellement-lancee\/","og_site_name":"Nettali.com","article_publisher":"https:\/\/www.facebook.com\/nettalicom","article_published_time":"2024-12-03T08:35:26+00:00","og_image":[{"width":640,"height":478,"url":"https:\/\/www.nettali.com\/wp-content\/uploads\/2024\/12\/3f07d529ed8d45b0f095a158f04687ef_XL.jpg","type":"image\/jpeg"}],"twitter_card":"summary_large_image","twitter_misc":{"\u00c9crit par":"Ibrahima","Dur\u00e9e de lecture estim\u00e9e":"1 minute"},"schema":{"@context":"https:\/\/schema.org","@graph":[{"@type":"WebSite","@id":"https:\/\/www.nettali.com\/#website","url":"https:\/\/www.nettali.com\/","name":"Nettali.com","description":"Le rendez-vous critique du Net","potentialAction":[{"@type":"SearchAction","target":{"@type":"EntryPoint","urlTemplate":"https:\/\/www.nettali.com\/?s={search_term_string}"},"query-input":"required name=search_term_string"}],"inLanguage":"fr-FR"},{"@type":"ImageObject","@id":"https:\/\/www.nettali.com\/2024\/12\/03\/lutte-contre-la-rougeole-et-la-rubeole-la-campagne-nationale-de-vaccination-officiellement-lancee\/#primaryimage","inLanguage":"fr-FR","url":"https:\/\/www.nettali.com\/wp-content\/uploads\/2024\/12\/3f07d529ed8d45b0f095a158f04687ef_XL.jpg","contentUrl":"https:\/\/www.nettali.com\/wp-content\/uploads\/2024\/12\/3f07d529ed8d45b0f095a158f04687ef_XL.jpg","width":640,"height":478},{"@type":"WebPage","@id":"https:\/\/www.nettali.com\/2024\/12\/03\/lutte-contre-la-rougeole-et-la-rubeole-la-campagne-nationale-de-vaccination-officiellement-lancee\/#webpage","url":"https:\/\/www.nettali.com\/2024\/12\/03\/lutte-contre-la-rougeole-et-la-rubeole-la-campagne-nationale-de-vaccination-officiellement-lancee\/","name":"LUTTE CONTRE LA ROUGEOLE ET LA RUB\u00c9OLE - La campagne nationale de vaccination officiellement lanc\u00e9e | Nettali.com","isPartOf":{"@id":"https:\/\/www.nettali.com\/#website"},"primaryImageOfPage":{"@id":"https:\/\/www.nettali.com\/2024\/12\/03\/lutte-contre-la-rougeole-et-la-rubeole-la-campagne-nationale-de-vaccination-officiellement-lancee\/#primaryimage"},"datePublished":"2024-12-03T08:35:26+00:00","dateModified":"2024-12-03T08:35:26+00:00","author":{"@id":"https:\/\/www.nettali.com\/#\/schema\/person\/bb147657c2986240405a608162b9bb23"},"breadcrumb":{"@id":"https:\/\/www.nettali.com\/2024\/12\/03\/lutte-contre-la-rougeole-et-la-rubeole-la-campagne-nationale-de-vaccination-officiellement-lancee\/#breadcrumb"},"inLanguage":"fr-FR","potentialAction":[{"@type":"ReadAction","target":["https:\/\/www.nettali.com\/2024\/12\/03\/lutte-contre-la-rougeole-et-la-rubeole-la-campagne-nationale-de-vaccination-officiellement-lancee\/"]}]},{"@type":"BreadcrumbList","@id":"https:\/\/www.nettali.com\/2024\/12\/03\/lutte-contre-la-rougeole-et-la-rubeole-la-campagne-nationale-de-vaccination-officiellement-lancee\/#breadcrumb","itemListElement":[{"@type":"ListItem","position":1,"name":"Accueil","item":"https:\/\/www.nettali.com\/"},{"@type":"ListItem","position":2,"name":"LUTTE CONTRE LA ROUGEOLE ET LA RUB\u00c9OLE - La campagne nationale de vaccination officiellement lanc\u00e9e"}]},{"@type":"Person","@id":"https:\/\/www.nettali.com\/#\/schema\/person\/bb147657c2986240405a608162b9bb23","name":"Ibrahima","image":{"@type":"ImageObject","@id":"https:\/\/www.nettali.com\/#personlogo","inLanguage":"fr-FR","url":"https:\/\/secure.gravatar.com\/avatar\/26a8a81f09f0dd7624c9d5c36c9ba3a2?s=96&d=mm&r=g","contentUrl":"https:\/\/secure.gravatar.com\/avatar\/26a8a81f09f0dd7624c9d5c36c9ba3a2?s=96&d=mm&r=g","caption":"Ibrahima"},"sameAs":["https:\/\/www.nettali.com"]}]}},"_links":{"self":[{"href":"https:\/\/www.nettali.com\/rest\/wp\/v2\/posts\/144785"}],"collection":[{"href":"https:\/\/www.nettali.com\/rest\/wp\/v2\/posts"}],"about":[{"href":"https:\/\/www.nettali.com\/rest\/wp\/v2\/types\/post"}],"author":[{"embeddable":true,"href":"https:\/\/www.nettali.com\/rest\/wp\/v2\/users\/5"}],"replies":[{"embeddable":true,"href":"https:\/\/www.nettali.com\/rest\/wp\/v2\/comments?post=144785"}],"version-history":[{"count":3,"href":"https:\/\/www.nettali.com\/rest\/wp\/v2\/posts\/144785\/revisions"}],"predecessor-version":[{"id":144795,"href":"https:\/\/www.nettali.com\/rest\/wp\/v2\/posts\/144785\/revisions\/144795"}],"wp:featuredmedia":[{"embeddable":true,"href":"https:\/\/www.nettali.com\/rest\/wp\/v2\/media\/144786"}],"wp:attachment":[{"href":"https:\/\/www.nettali.com\/rest\/wp\/v2\/media?parent=144785"}],"wp:term":[{"taxonomy":"category","embeddable":true,"href":"https:\/\/www.nettali.com\/rest\/wp\/v2\/categories?post=144785"},{"taxonomy":"post_tag","embeddable":true,"href":"https:\/\/www.nettali.com\/rest\/wp\/v2\/tags?post=144785"}],"curies":[{"name":"wp","href":"https:\/\/api.w.org\/{rel}","templated":true}]}}