{"id":144758,"date":"2024-12-03T01:03:40","date_gmt":"2024-12-03T01:03:40","guid":{"rendered":"https:\/\/www.nettali.com\/?p=144758"},"modified":"2024-12-03T07:38:46","modified_gmt":"2024-12-03T07:38:46","slug":"assemblee-nationale-aissa-toure-elue-premier-questeur","status":"publish","type":"post","link":"https:\/\/www.nettali.com\/2024\/12\/03\/assemblee-nationale-aissa-toure-elue-premier-questeur\/","title":{"rendered":"ASSEMBLEE NATIONALE - A\u00efcha Tour\u00e9, \u00e9lue premier questeur"},"content":{"rendered":"<p><strong>NETTALI.COM - On connait d\u00e9sormais l'essentiel des membres du bureau de l'Assembl\u00e9e nationale en attendant la d\u00e9signation des pr\u00e9sidents de commissions. Longtemps cit\u00e9e parmi les potentiels pr\u00e9sidents de l'institution parlementaire, la dame A\u00efcha Tour\u00e9 a finalement \u00e9t\u00e9 \u00e9lue premier questeur.\u00a0<\/strong><\/p>\n<p>Elue parmi les d\u00e9put\u00e9s de la diaspora (zone Am\u00e9rique-Oc\u00e9anie), A\u00efcha Tour\u00e9 a \u00e9t\u00e9 longtemps cit\u00e9e comme potentiel pr\u00e9sident de l'Assembl\u00e9e nationale. Mais c'est finalement El Malick Ndiaye qui a \u00e9t\u00e9 port\u00e9 au perchoir. Toutefois, la dame A\u00efcha Tour\u00e9 qui ne figure pas non plus sur la liste des vice-pr\u00e9sidents de l'Assembl\u00e9e nationale peut se frotter les mains. Puisqu'elle h\u00e9rite du tr\u00e8s strat\u00e9gique poste de premier questeur. Elle \u00e9tait d'ailleurs deuxi\u00e8me questeur lors de la pr\u00e9c\u00e9dante l\u00e9gislature. C'est d\u00e9sormais Alphonse Man\u00e9 Sambou qui devient deuxi\u00e8me questeur.<\/p>\n<p>Du c\u00f4t\u00e9 des secr\u00e9taires \u00e9lus, on peut noter l'\u00e9lection de Ma\u00efmouna Bousso, de Mouhamed Sall, de Daba Wagnane, de Bakary Di\u00e9dhiou, de B\u00e9atrice Faye et d'Assane Diop. En outre, en plus de Ramatoulaye Bodian qui prend le poste de 8e vice-pr\u00e9sident qui devait revenir au groupe \"Takku Wallu S\u00e9n\u00e9gal\", \"Pastef-Les Patriotes\" prend tous les postes de vice-pr\u00e9sidents avec Isma\u00efla Diallo (premier vice-pr\u00e9sident), Rokhy Ndiaye (deuxi\u00e8me vice-pr\u00e9sident), Cheikh Thioro Mback\u00e9 (trosi\u00e8me vice-pr\u00e9sident), Mb\u00e8ne Faye (quatri\u00e8me vice-pr\u00e9sident), Amadou Ba 2 (cinqui\u00e8me vice-pr\u00e9sident), Oulimata Sidib\u00e9 (sixi\u00e8me vice-pr\u00e9sident) et Samba Dang (septi\u00e8me vice-pr\u00e9sident).<\/p>\n<div class='share-to-whatsapp-wrapper'><div class='share-on-whsp'>PARTAGER SUR : <\/div><a data-text='ASSEMBLEE NATIONALE - A\u00efcha Tour\u00e9, \u00e9lue premier questeur' data-link='https:\/\/www.nettali.com\/2024\/12\/03\/assemblee-nationale-aissa-toure-elue-premier-questeur\/' class='whatsapp-button whatsapp-share'>WhatsApp<\/a><div class='clear '><\/div><\/div>","protected":false},"excerpt":{"rendered":"<p>NETTALI.COM - On connait d\u00e9sormais l'essentiel des membres du bureau de l'Assembl\u00e9e nationale en attendant la d\u00e9signation des pr\u00e9sidents de commissions. Longtemps cit\u00e9e parmi les potentiels pr\u00e9sidents de l'institution parlementaire, la dame A\u00efcha Tour\u00e9 a finalement \u00e9t\u00e9 \u00e9lue premier questeur.\u00a0 Elue parmi les d\u00e9put\u00e9s de la diaspora (zone Am\u00e9rique-Oc\u00e9anie), A\u00efcha Tour\u00e9 a \u00e9t\u00e9 longtemps cit\u00e9e [&hellip;]<\/p>\n","protected":false},"author":3,"featured_media":144760,"comment_status":"open","ping_status":"open","sticky":false,"template":"","format":"standard","meta":{"_et_pb_use_builder":"","_et_pb_old_content":""},"categories":[2],"tags":[],"yoast_head":"<!-- This site is optimized with the Yoast SEO Premium plugin v17.8 (Yoast SEO v17.8) - https:\/\/yoast.com\/wordpress\/plugins\/seo\/ -->\n<title>ASSEMBLEE NATIONALE - A\u00efcha Tour\u00e9, \u00e9lue premier questeur | Nettali.com<\/title>\n<meta name=\"robots\" content=\"index, follow, max-snippet:-1, max-image-preview:large, max-video-preview:-1\" \/>\n<link rel=\"canonical\" href=\"https:\/\/www.nettali.com\/2024\/12\/03\/assemblee-nationale-aissa-toure-elue-premier-questeur\/\" \/>\n<meta property=\"og:locale\" content=\"fr_FR\" \/>\n<meta property=\"og:type\" content=\"article\" \/>\n<meta property=\"og:title\" content=\"ASSEMBLEE NATIONALE - A\u00efcha Tour\u00e9, \u00e9lue premier questeur\" \/>\n<meta property=\"og:description\" content=\"NETTALI.COM - On connait d\u00e9sormais l&#039;essentiel des membres du bureau de l&#039;Assembl\u00e9e nationale en attendant la d\u00e9signation des pr\u00e9sidents de commissions. Longtemps cit\u00e9e parmi les potentiels pr\u00e9sidents de l&#039;institution parlementaire, la dame A\u00efcha Tour\u00e9 a finalement \u00e9t\u00e9 \u00e9lue premier questeur.\u00a0 Elue parmi les d\u00e9put\u00e9s de la diaspora (zone Am\u00e9rique-Oc\u00e9anie), A\u00efcha Tour\u00e9 a \u00e9t\u00e9 longtemps cit\u00e9e [&hellip;]\" \/>\n<meta property=\"og:url\" content=\"https:\/\/www.nettali.com\/2024\/12\/03\/assemblee-nationale-aissa-toure-elue-premier-questeur\/\" \/>\n<meta property=\"og:site_name\" content=\"Nettali.com\" \/>\n<meta property=\"article:publisher\" content=\"https:\/\/www.facebook.com\/nettalicom\" \/>\n<meta property=\"article:published_time\" content=\"2024-12-03T01:03:40+00:00\" \/>\n<meta property=\"article:modified_time\" content=\"2024-12-03T07:38:46+00:00\" \/>\n<meta property=\"og:image\" content=\"https:\/\/www.nettali.com\/wp-content\/uploads\/2024\/12\/67475012-47707987.jpg\" \/>\n\t<meta property=\"og:image:width\" content=\"1091\" \/>\n\t<meta property=\"og:image:height\" content=\"925\" \/>\n<meta name=\"twitter:card\" content=\"summary_large_image\" \/>\n<meta name=\"twitter:label1\" content=\"\u00c9crit par\" \/>\n\t<meta name=\"twitter:data1\" content=\"Moustapha\" \/>\n\t<meta name=\"twitter:label2\" content=\"Dur\u00e9e de lecture estim\u00e9e\" \/>\n\t<meta name=\"twitter:data2\" content=\"2 minutes\" \/>\n<script type=\"application\/ld+json\" class=\"yoast-schema-graph\">{\"@context\":\"https:\/\/schema.org\",\"@graph\":[{\"@type\":\"WebSite\",\"@id\":\"https:\/\/www.nettali.com\/#website\",\"url\":\"https:\/\/www.nettali.com\/\",\"name\":\"Nettali.com\",\"description\":\"Le rendez-vous critique du Net\",\"potentialAction\":[{\"@type\":\"SearchAction\",\"target\":{\"@type\":\"EntryPoint\",\"urlTemplate\":\"https:\/\/www.nettali.com\/?s={search_term_string}\"},\"query-input\":\"required name=search_term_string\"}],\"inLanguage\":\"fr-FR\"},{\"@type\":\"ImageObject\",\"@id\":\"https:\/\/www.nettali.com\/2024\/12\/03\/assemblee-nationale-aissa-toure-elue-premier-questeur\/#primaryimage\",\"inLanguage\":\"fr-FR\",\"url\":\"https:\/\/www.nettali.com\/wp-content\/uploads\/2024\/12\/67475012-47707987.jpg\",\"contentUrl\":\"https:\/\/www.nettali.com\/wp-content\/uploads\/2024\/12\/67475012-47707987.jpg\",\"width\":1091,\"height\":925},{\"@type\":\"WebPage\",\"@id\":\"https:\/\/www.nettali.com\/2024\/12\/03\/assemblee-nationale-aissa-toure-elue-premier-questeur\/#webpage\",\"url\":\"https:\/\/www.nettali.com\/2024\/12\/03\/assemblee-nationale-aissa-toure-elue-premier-questeur\/\",\"name\":\"ASSEMBLEE NATIONALE - A\\u00efcha Tour\\u00e9, \\u00e9lue premier questeur | Nettali.com\",\"isPartOf\":{\"@id\":\"https:\/\/www.nettali.com\/#website\"},\"primaryImageOfPage\":{\"@id\":\"https:\/\/www.nettali.com\/2024\/12\/03\/assemblee-nationale-aissa-toure-elue-premier-questeur\/#primaryimage\"},\"datePublished\":\"2024-12-03T01:03:40+00:00\",\"dateModified\":\"2024-12-03T07:38:46+00:00\",\"author\":{\"@id\":\"https:\/\/www.nettali.com\/#\/schema\/person\/7962a12a6e0267f88f0ffa544c36469a\"},\"breadcrumb\":{\"@id\":\"https:\/\/www.nettali.com\/2024\/12\/03\/assemblee-nationale-aissa-toure-elue-premier-questeur\/#breadcrumb\"},\"inLanguage\":\"fr-FR\",\"potentialAction\":[{\"@type\":\"ReadAction\",\"target\":[\"https:\/\/www.nettali.com\/2024\/12\/03\/assemblee-nationale-aissa-toure-elue-premier-questeur\/\"]}]},{\"@type\":\"BreadcrumbList\",\"@id\":\"https:\/\/www.nettali.com\/2024\/12\/03\/assemblee-nationale-aissa-toure-elue-premier-questeur\/#breadcrumb\",\"itemListElement\":[{\"@type\":\"ListItem\",\"position\":1,\"name\":\"Accueil\",\"item\":\"https:\/\/www.nettali.com\/\"},{\"@type\":\"ListItem\",\"position\":2,\"name\":\"ASSEMBLEE NATIONALE - A\\u00efcha Tour\\u00e9, \\u00e9lue premier questeur\"}]},{\"@type\":\"Person\",\"@id\":\"https:\/\/www.nettali.com\/#\/schema\/person\/7962a12a6e0267f88f0ffa544c36469a\",\"name\":\"Moustapha\",\"image\":{\"@type\":\"ImageObject\",\"@id\":\"https:\/\/www.nettali.com\/#personlogo\",\"inLanguage\":\"fr-FR\",\"url\":\"https:\/\/secure.gravatar.com\/avatar\/10fdf6a071cccdcf374e3dbe45159590?s=96&d=mm&r=g\",\"contentUrl\":\"https:\/\/secure.gravatar.com\/avatar\/10fdf6a071cccdcf374e3dbe45159590?s=96&d=mm&r=g\",\"caption\":\"Moustapha\"},\"sameAs\":[\"https:\/\/www.nettali.com\"]}]}<\/script>\n<!-- \/ Yoast SEO Premium plugin. -->","yoast_head_json":{"title":"ASSEMBLEE NATIONALE - A\u00efcha Tour\u00e9, \u00e9lue premier questeur | Nettali.com","robots":{"index":"index","follow":"follow","max-snippet":"max-snippet:-1","max-image-preview":"max-image-preview:large","max-video-preview":"max-video-preview:-1"},"canonical":"https:\/\/www.nettali.com\/2024\/12\/03\/assemblee-nationale-aissa-toure-elue-premier-questeur\/","og_locale":"fr_FR","og_type":"article","og_title":"ASSEMBLEE NATIONALE - A\u00efcha Tour\u00e9, \u00e9lue premier questeur","og_description":"NETTALI.COM - On connait d\u00e9sormais l'essentiel des membres du bureau de l'Assembl\u00e9e nationale en attendant la d\u00e9signation des pr\u00e9sidents de commissions. Longtemps cit\u00e9e parmi les potentiels pr\u00e9sidents de l'institution parlementaire, la dame A\u00efcha Tour\u00e9 a finalement \u00e9t\u00e9 \u00e9lue premier questeur.\u00a0 Elue parmi les d\u00e9put\u00e9s de la diaspora (zone Am\u00e9rique-Oc\u00e9anie), A\u00efcha Tour\u00e9 a \u00e9t\u00e9 longtemps cit\u00e9e [&hellip;]","og_url":"https:\/\/www.nettali.com\/2024\/12\/03\/assemblee-nationale-aissa-toure-elue-premier-questeur\/","og_site_name":"Nettali.com","article_publisher":"https:\/\/www.facebook.com\/nettalicom","article_published_time":"2024-12-03T01:03:40+00:00","article_modified_time":"2024-12-03T07:38:46+00:00","og_image":[{"width":1091,"height":925,"url":"https:\/\/www.nettali.com\/wp-content\/uploads\/2024\/12\/67475012-47707987.jpg","type":"image\/jpeg"}],"twitter_card":"summary_large_image","twitter_misc":{"\u00c9crit par":"Moustapha","Dur\u00e9e de lecture estim\u00e9e":"2 minutes"},"schema":{"@context":"https:\/\/schema.org","@graph":[{"@type":"WebSite","@id":"https:\/\/www.nettali.com\/#website","url":"https:\/\/www.nettali.com\/","name":"Nettali.com","description":"Le rendez-vous critique du Net","potentialAction":[{"@type":"SearchAction","target":{"@type":"EntryPoint","urlTemplate":"https:\/\/www.nettali.com\/?s={search_term_string}"},"query-input":"required name=search_term_string"}],"inLanguage":"fr-FR"},{"@type":"ImageObject","@id":"https:\/\/www.nettali.com\/2024\/12\/03\/assemblee-nationale-aissa-toure-elue-premier-questeur\/#primaryimage","inLanguage":"fr-FR","url":"https:\/\/www.nettali.com\/wp-content\/uploads\/2024\/12\/67475012-47707987.jpg","contentUrl":"https:\/\/www.nettali.com\/wp-content\/uploads\/2024\/12\/67475012-47707987.jpg","width":1091,"height":925},{"@type":"WebPage","@id":"https:\/\/www.nettali.com\/2024\/12\/03\/assemblee-nationale-aissa-toure-elue-premier-questeur\/#webpage","url":"https:\/\/www.nettali.com\/2024\/12\/03\/assemblee-nationale-aissa-toure-elue-premier-questeur\/","name":"ASSEMBLEE NATIONALE - A\u00efcha Tour\u00e9, \u00e9lue premier questeur | Nettali.com","isPartOf":{"@id":"https:\/\/www.nettali.com\/#website"},"primaryImageOfPage":{"@id":"https:\/\/www.nettali.com\/2024\/12\/03\/assemblee-nationale-aissa-toure-elue-premier-questeur\/#primaryimage"},"datePublished":"2024-12-03T01:03:40+00:00","dateModified":"2024-12-03T07:38:46+00:00","author":{"@id":"https:\/\/www.nettali.com\/#\/schema\/person\/7962a12a6e0267f88f0ffa544c36469a"},"breadcrumb":{"@id":"https:\/\/www.nettali.com\/2024\/12\/03\/assemblee-nationale-aissa-toure-elue-premier-questeur\/#breadcrumb"},"inLanguage":"fr-FR","potentialAction":[{"@type":"ReadAction","target":["https:\/\/www.nettali.com\/2024\/12\/03\/assemblee-nationale-aissa-toure-elue-premier-questeur\/"]}]},{"@type":"BreadcrumbList","@id":"https:\/\/www.nettali.com\/2024\/12\/03\/assemblee-nationale-aissa-toure-elue-premier-questeur\/#breadcrumb","itemListElement":[{"@type":"ListItem","position":1,"name":"Accueil","item":"https:\/\/www.nettali.com\/"},{"@type":"ListItem","position":2,"name":"ASSEMBLEE NATIONALE - A\u00efcha Tour\u00e9, \u00e9lue premier questeur"}]},{"@type":"Person","@id":"https:\/\/www.nettali.com\/#\/schema\/person\/7962a12a6e0267f88f0ffa544c36469a","name":"Moustapha","image":{"@type":"ImageObject","@id":"https:\/\/www.nettali.com\/#personlogo","inLanguage":"fr-FR","url":"https:\/\/secure.gravatar.com\/avatar\/10fdf6a071cccdcf374e3dbe45159590?s=96&d=mm&r=g","contentUrl":"https:\/\/secure.gravatar.com\/avatar\/10fdf6a071cccdcf374e3dbe45159590?s=96&d=mm&r=g","caption":"Moustapha"},"sameAs":["https:\/\/www.nettali.com"]}]}},"_links":{"self":[{"href":"https:\/\/www.nettali.com\/rest\/wp\/v2\/posts\/144758"}],"collection":[{"href":"https:\/\/www.nettali.com\/rest\/wp\/v2\/posts"}],"about":[{"href":"https:\/\/www.nettali.com\/rest\/wp\/v2\/types\/post"}],"author":[{"embeddable":true,"href":"https:\/\/www.nettali.com\/rest\/wp\/v2\/users\/3"}],"replies":[{"embeddable":true,"href":"https:\/\/www.nettali.com\/rest\/wp\/v2\/comments?post=144758"}],"version-history":[{"count":4,"href":"https:\/\/www.nettali.com\/rest\/wp\/v2\/posts\/144758\/revisions"}],"predecessor-version":[{"id":144771,"href":"https:\/\/www.nettali.com\/rest\/wp\/v2\/posts\/144758\/revisions\/144771"}],"wp:featuredmedia":[{"embeddable":true,"href":"https:\/\/www.nettali.com\/rest\/wp\/v2\/media\/144760"}],"wp:attachment":[{"href":"https:\/\/www.nettali.com\/rest\/wp\/v2\/media?parent=144758"}],"wp:term":[{"taxonomy":"category","embeddable":true,"href":"https:\/\/www.nettali.com\/rest\/wp\/v2\/categories?post=144758"},{"taxonomy":"post_tag","embeddable":true,"href":"https:\/\/www.nettali.com\/rest\/wp\/v2\/tags?post=144758"}],"curies":[{"name":"wp","href":"https:\/\/api.w.org\/{rel}","templated":true}]}}