{"id":144689,"date":"2024-12-02T07:23:20","date_gmt":"2024-12-02T07:23:20","guid":{"rendered":"https:\/\/www.nettali.com\/?p=144689"},"modified":"2024-12-02T07:23:20","modified_gmt":"2024-12-02T07:23:20","slug":"necrologie-lecrivain-alioune-badara-beye-nest-plus","status":"publish","type":"post","link":"https:\/\/www.nettali.com\/2024\/12\/02\/necrologie-lecrivain-alioune-badara-beye-nest-plus\/","title":{"rendered":"NECROLOGIE - L'\u00e9crivain Alioune Badara B\u00e8ye n'est plus"},"content":{"rendered":"<p><strong>NETTALI.COM -<\/strong> L'\u00e9crivain et dramaturge s\u00e9n\u00e9galais Alioune Badara B\u00e8ye est d\u00e9c\u00e9d\u00e9 hier dimanche 1er d\u00e9cembre. Il \u00e9tait le pr\u00e9sident de l'Association des \u00e9crivains s\u00e9n\u00e9galais et celui de la F\u00e9d\u00e9ration internationale des \u00e9crivains de langue fran\u00e7aise. N\u00e9 le 28 septembre 1945 \u00e0 Saint-Louis, il est un \u00e9crivain s\u00e9n\u00e9galais, \u00e0 la fois dramaturge, auteur notamment de pi\u00e8ces historiques, po\u00e8te et romancier, \u00e9galement fonctionnaire et \u00e9diteur. Il \u00e9tait le charg\u00e9 de la coordination du 3e Festival mondial des arts n\u00e8gres (Fesman III) qui s\u2019est tenu du 10 au 31 d\u00e9cembre 2010 \u00e0 Dakar.<\/p>\n<p>De son vivant, il a eu \u00e0 \u00e9crire plusieurs oeuvres et pi\u00e8ces th\u00e9\u00e2trales. On peut en citer, entre autres, les pi\u00e8ces th\u00e9\u00e2trales \u201cDialawali, terre de feu\u201d, (1980) et \u201cLe sacre du cedo\u201d, \u201cMaba, laisse le Sine\u201d, (1987), \u201cNder en flammes\u201d, (1988), \u201cDemain, la fin du monde : un avertissement \u00e0 tous les dictateurs du monde\u201d (1993), \u201cLes larmes de la patrie, 2003\u201d. Concernant ses oeuvres, il a eu \u00e0 publier le roman \u201cRaki : fille lumi\u00e8re\u201d, paru en 2004, la po\u00e9sie \u201cLes bourgeons de l'espoir\u201d (2005) et \u201cDe l'uniforme \u00e0 la plume\u201d (2008). La r\u00e9daction d\u201d\u2019EnQu\u00eate\u201d pr\u00e9sente ses condol\u00e9ances au monde de la culture et \u00e0 sa famille.<\/p>\n<div class='share-to-whatsapp-wrapper'><div class='share-on-whsp'>PARTAGER SUR : <\/div><a data-text='NECROLOGIE - L'\u00e9crivain Alioune Badara B\u00e8ye n'est plus' data-link='https:\/\/www.nettali.com\/2024\/12\/02\/necrologie-lecrivain-alioune-badara-beye-nest-plus\/' class='whatsapp-button whatsapp-share'>WhatsApp<\/a><div class='clear '><\/div><\/div>","protected":false},"excerpt":{"rendered":"<p>NETTALI.COM - L'\u00e9crivain et dramaturge s\u00e9n\u00e9galais Alioune Badara B\u00e8ye est d\u00e9c\u00e9d\u00e9 hier dimanche 1er d\u00e9cembre. Il \u00e9tait le pr\u00e9sident de l'Association des \u00e9crivains s\u00e9n\u00e9galais et celui de la F\u00e9d\u00e9ration internationale des \u00e9crivains de langue fran\u00e7aise. N\u00e9 le 28 septembre 1945 \u00e0 Saint-Louis, il est un \u00e9crivain s\u00e9n\u00e9galais, \u00e0 la fois dramaturge, auteur notamment de pi\u00e8ces [&hellip;]<\/p>\n","protected":false},"author":2,"featured_media":144690,"comment_status":"open","ping_status":"open","sticky":false,"template":"","format":"standard","meta":{"_et_pb_use_builder":"","_et_pb_old_content":""},"categories":[34945],"tags":[],"yoast_head":"<!-- This site is optimized with the Yoast SEO Premium plugin v17.8 (Yoast SEO v17.8) - https:\/\/yoast.com\/wordpress\/plugins\/seo\/ -->\n<title>NECROLOGIE - L&#039;\u00e9crivain Alioune Badara B\u00e8ye n&#039;est plus | Nettali.com<\/title>\n<meta name=\"robots\" content=\"index, follow, max-snippet:-1, max-image-preview:large, max-video-preview:-1\" \/>\n<link rel=\"canonical\" href=\"https:\/\/www.nettali.com\/2024\/12\/02\/necrologie-lecrivain-alioune-badara-beye-nest-plus\/\" \/>\n<meta property=\"og:locale\" content=\"fr_FR\" \/>\n<meta property=\"og:type\" content=\"article\" \/>\n<meta property=\"og:title\" content=\"NECROLOGIE - L&#039;\u00e9crivain Alioune Badara B\u00e8ye n&#039;est plus\" \/>\n<meta property=\"og:description\" content=\"NETTALI.COM - L&#039;\u00e9crivain et dramaturge s\u00e9n\u00e9galais Alioune Badara B\u00e8ye est d\u00e9c\u00e9d\u00e9 hier dimanche 1er d\u00e9cembre. Il \u00e9tait le pr\u00e9sident de l&#039;Association des \u00e9crivains s\u00e9n\u00e9galais et celui de la F\u00e9d\u00e9ration internationale des \u00e9crivains de langue fran\u00e7aise. N\u00e9 le 28 septembre 1945 \u00e0 Saint-Louis, il est un \u00e9crivain s\u00e9n\u00e9galais, \u00e0 la fois dramaturge, auteur notamment de pi\u00e8ces [&hellip;]\" \/>\n<meta property=\"og:url\" content=\"https:\/\/www.nettali.com\/2024\/12\/02\/necrologie-lecrivain-alioune-badara-beye-nest-plus\/\" \/>\n<meta property=\"og:site_name\" content=\"Nettali.com\" \/>\n<meta property=\"article:publisher\" content=\"https:\/\/www.facebook.com\/nettalicom\" \/>\n<meta property=\"article:published_time\" content=\"2024-12-02T07:23:20+00:00\" \/>\n<meta property=\"og:image\" content=\"https:\/\/www.nettali.com\/wp-content\/uploads\/2024\/12\/Alioune-Badara.png\" \/>\n\t<meta property=\"og:image:width\" content=\"1200\" \/>\n\t<meta property=\"og:image:height\" content=\"1000\" \/>\n<meta name=\"twitter:card\" content=\"summary_large_image\" \/>\n<meta name=\"twitter:label1\" content=\"\u00c9crit par\" \/>\n\t<meta name=\"twitter:data1\" content=\"CK\" \/>\n\t<meta name=\"twitter:label2\" content=\"Dur\u00e9e de lecture estim\u00e9e\" \/>\n\t<meta name=\"twitter:data2\" content=\"1 minute\" \/>\n<script type=\"application\/ld+json\" class=\"yoast-schema-graph\">{\"@context\":\"https:\/\/schema.org\",\"@graph\":[{\"@type\":\"WebSite\",\"@id\":\"https:\/\/www.nettali.com\/#website\",\"url\":\"https:\/\/www.nettali.com\/\",\"name\":\"Nettali.com\",\"description\":\"Le rendez-vous critique du Net\",\"potentialAction\":[{\"@type\":\"SearchAction\",\"target\":{\"@type\":\"EntryPoint\",\"urlTemplate\":\"https:\/\/www.nettali.com\/?s={search_term_string}\"},\"query-input\":\"required name=search_term_string\"}],\"inLanguage\":\"fr-FR\"},{\"@type\":\"ImageObject\",\"@id\":\"https:\/\/www.nettali.com\/2024\/12\/02\/necrologie-lecrivain-alioune-badara-beye-nest-plus\/#primaryimage\",\"inLanguage\":\"fr-FR\",\"url\":\"https:\/\/www.nettali.com\/wp-content\/uploads\/2024\/12\/Alioune-Badara.png\",\"contentUrl\":\"https:\/\/www.nettali.com\/wp-content\/uploads\/2024\/12\/Alioune-Badara.png\",\"width\":1200,\"height\":1000},{\"@type\":\"WebPage\",\"@id\":\"https:\/\/www.nettali.com\/2024\/12\/02\/necrologie-lecrivain-alioune-badara-beye-nest-plus\/#webpage\",\"url\":\"https:\/\/www.nettali.com\/2024\/12\/02\/necrologie-lecrivain-alioune-badara-beye-nest-plus\/\",\"name\":\"NECROLOGIE - L'\\u00e9crivain Alioune Badara B\\u00e8ye n'est plus | Nettali.com\",\"isPartOf\":{\"@id\":\"https:\/\/www.nettali.com\/#website\"},\"primaryImageOfPage\":{\"@id\":\"https:\/\/www.nettali.com\/2024\/12\/02\/necrologie-lecrivain-alioune-badara-beye-nest-plus\/#primaryimage\"},\"datePublished\":\"2024-12-02T07:23:20+00:00\",\"dateModified\":\"2024-12-02T07:23:20+00:00\",\"author\":{\"@id\":\"https:\/\/www.nettali.com\/#\/schema\/person\/d8ac7b7e27ddad43f1c0d2ef090d7f71\"},\"breadcrumb\":{\"@id\":\"https:\/\/www.nettali.com\/2024\/12\/02\/necrologie-lecrivain-alioune-badara-beye-nest-plus\/#breadcrumb\"},\"inLanguage\":\"fr-FR\",\"potentialAction\":[{\"@type\":\"ReadAction\",\"target\":[\"https:\/\/www.nettali.com\/2024\/12\/02\/necrologie-lecrivain-alioune-badara-beye-nest-plus\/\"]}]},{\"@type\":\"BreadcrumbList\",\"@id\":\"https:\/\/www.nettali.com\/2024\/12\/02\/necrologie-lecrivain-alioune-badara-beye-nest-plus\/#breadcrumb\",\"itemListElement\":[{\"@type\":\"ListItem\",\"position\":1,\"name\":\"Accueil\",\"item\":\"https:\/\/www.nettali.com\/\"},{\"@type\":\"ListItem\",\"position\":2,\"name\":\"NECROLOGIE - L'\\u00e9crivain Alioune Badara B\\u00e8ye n'est plus\"}]},{\"@type\":\"Person\",\"@id\":\"https:\/\/www.nettali.com\/#\/schema\/person\/d8ac7b7e27ddad43f1c0d2ef090d7f71\",\"name\":\"CK\",\"image\":{\"@type\":\"ImageObject\",\"@id\":\"https:\/\/www.nettali.com\/#personlogo\",\"inLanguage\":\"fr-FR\",\"url\":\"https:\/\/secure.gravatar.com\/avatar\/1d8d5118b9327d94da7cd4ce7f17fec2?s=96&d=mm&r=g\",\"contentUrl\":\"https:\/\/secure.gravatar.com\/avatar\/1d8d5118b9327d94da7cd4ce7f17fec2?s=96&d=mm&r=g\",\"caption\":\"CK\"},\"sameAs\":[\"https:\/\/www.nettali.com\"]}]}<\/script>\n<!-- \/ Yoast SEO Premium plugin. -->","yoast_head_json":{"title":"NECROLOGIE - L'\u00e9crivain Alioune Badara B\u00e8ye n'est plus | Nettali.com","robots":{"index":"index","follow":"follow","max-snippet":"max-snippet:-1","max-image-preview":"max-image-preview:large","max-video-preview":"max-video-preview:-1"},"canonical":"https:\/\/www.nettali.com\/2024\/12\/02\/necrologie-lecrivain-alioune-badara-beye-nest-plus\/","og_locale":"fr_FR","og_type":"article","og_title":"NECROLOGIE - L'\u00e9crivain Alioune Badara B\u00e8ye n'est plus","og_description":"NETTALI.COM - L'\u00e9crivain et dramaturge s\u00e9n\u00e9galais Alioune Badara B\u00e8ye est d\u00e9c\u00e9d\u00e9 hier dimanche 1er d\u00e9cembre. Il \u00e9tait le pr\u00e9sident de l'Association des \u00e9crivains s\u00e9n\u00e9galais et celui de la F\u00e9d\u00e9ration internationale des \u00e9crivains de langue fran\u00e7aise. N\u00e9 le 28 septembre 1945 \u00e0 Saint-Louis, il est un \u00e9crivain s\u00e9n\u00e9galais, \u00e0 la fois dramaturge, auteur notamment de pi\u00e8ces [&hellip;]","og_url":"https:\/\/www.nettali.com\/2024\/12\/02\/necrologie-lecrivain-alioune-badara-beye-nest-plus\/","og_site_name":"Nettali.com","article_publisher":"https:\/\/www.facebook.com\/nettalicom","article_published_time":"2024-12-02T07:23:20+00:00","og_image":[{"width":1200,"height":1000,"url":"https:\/\/www.nettali.com\/wp-content\/uploads\/2024\/12\/Alioune-Badara.png","type":"image\/png"}],"twitter_card":"summary_large_image","twitter_misc":{"\u00c9crit par":"CK","Dur\u00e9e de lecture estim\u00e9e":"1 minute"},"schema":{"@context":"https:\/\/schema.org","@graph":[{"@type":"WebSite","@id":"https:\/\/www.nettali.com\/#website","url":"https:\/\/www.nettali.com\/","name":"Nettali.com","description":"Le rendez-vous critique du Net","potentialAction":[{"@type":"SearchAction","target":{"@type":"EntryPoint","urlTemplate":"https:\/\/www.nettali.com\/?s={search_term_string}"},"query-input":"required name=search_term_string"}],"inLanguage":"fr-FR"},{"@type":"ImageObject","@id":"https:\/\/www.nettali.com\/2024\/12\/02\/necrologie-lecrivain-alioune-badara-beye-nest-plus\/#primaryimage","inLanguage":"fr-FR","url":"https:\/\/www.nettali.com\/wp-content\/uploads\/2024\/12\/Alioune-Badara.png","contentUrl":"https:\/\/www.nettali.com\/wp-content\/uploads\/2024\/12\/Alioune-Badara.png","width":1200,"height":1000},{"@type":"WebPage","@id":"https:\/\/www.nettali.com\/2024\/12\/02\/necrologie-lecrivain-alioune-badara-beye-nest-plus\/#webpage","url":"https:\/\/www.nettali.com\/2024\/12\/02\/necrologie-lecrivain-alioune-badara-beye-nest-plus\/","name":"NECROLOGIE - L'\u00e9crivain Alioune Badara B\u00e8ye n'est plus | Nettali.com","isPartOf":{"@id":"https:\/\/www.nettali.com\/#website"},"primaryImageOfPage":{"@id":"https:\/\/www.nettali.com\/2024\/12\/02\/necrologie-lecrivain-alioune-badara-beye-nest-plus\/#primaryimage"},"datePublished":"2024-12-02T07:23:20+00:00","dateModified":"2024-12-02T07:23:20+00:00","author":{"@id":"https:\/\/www.nettali.com\/#\/schema\/person\/d8ac7b7e27ddad43f1c0d2ef090d7f71"},"breadcrumb":{"@id":"https:\/\/www.nettali.com\/2024\/12\/02\/necrologie-lecrivain-alioune-badara-beye-nest-plus\/#breadcrumb"},"inLanguage":"fr-FR","potentialAction":[{"@type":"ReadAction","target":["https:\/\/www.nettali.com\/2024\/12\/02\/necrologie-lecrivain-alioune-badara-beye-nest-plus\/"]}]},{"@type":"BreadcrumbList","@id":"https:\/\/www.nettali.com\/2024\/12\/02\/necrologie-lecrivain-alioune-badara-beye-nest-plus\/#breadcrumb","itemListElement":[{"@type":"ListItem","position":1,"name":"Accueil","item":"https:\/\/www.nettali.com\/"},{"@type":"ListItem","position":2,"name":"NECROLOGIE - L'\u00e9crivain Alioune Badara B\u00e8ye n'est plus"}]},{"@type":"Person","@id":"https:\/\/www.nettali.com\/#\/schema\/person\/d8ac7b7e27ddad43f1c0d2ef090d7f71","name":"CK","image":{"@type":"ImageObject","@id":"https:\/\/www.nettali.com\/#personlogo","inLanguage":"fr-FR","url":"https:\/\/secure.gravatar.com\/avatar\/1d8d5118b9327d94da7cd4ce7f17fec2?s=96&d=mm&r=g","contentUrl":"https:\/\/secure.gravatar.com\/avatar\/1d8d5118b9327d94da7cd4ce7f17fec2?s=96&d=mm&r=g","caption":"CK"},"sameAs":["https:\/\/www.nettali.com"]}]}},"_links":{"self":[{"href":"https:\/\/www.nettali.com\/rest\/wp\/v2\/posts\/144689"}],"collection":[{"href":"https:\/\/www.nettali.com\/rest\/wp\/v2\/posts"}],"about":[{"href":"https:\/\/www.nettali.com\/rest\/wp\/v2\/types\/post"}],"author":[{"embeddable":true,"href":"https:\/\/www.nettali.com\/rest\/wp\/v2\/users\/2"}],"replies":[{"embeddable":true,"href":"https:\/\/www.nettali.com\/rest\/wp\/v2\/comments?post=144689"}],"version-history":[{"count":1,"href":"https:\/\/www.nettali.com\/rest\/wp\/v2\/posts\/144689\/revisions"}],"predecessor-version":[{"id":144691,"href":"https:\/\/www.nettali.com\/rest\/wp\/v2\/posts\/144689\/revisions\/144691"}],"wp:featuredmedia":[{"embeddable":true,"href":"https:\/\/www.nettali.com\/rest\/wp\/v2\/media\/144690"}],"wp:attachment":[{"href":"https:\/\/www.nettali.com\/rest\/wp\/v2\/media?parent=144689"}],"wp:term":[{"taxonomy":"category","embeddable":true,"href":"https:\/\/www.nettali.com\/rest\/wp\/v2\/categories?post=144689"},{"taxonomy":"post_tag","embeddable":true,"href":"https:\/\/www.nettali.com\/rest\/wp\/v2\/tags?post=144689"}],"curies":[{"name":"wp","href":"https:\/\/api.w.org\/{rel}","templated":true}]}}