{"id":144592,"date":"2024-11-29T16:39:46","date_gmt":"2024-11-29T16:39:46","guid":{"rendered":"https:\/\/www.nettali.com\/?p=144592"},"modified":"2024-11-29T16:39:46","modified_gmt":"2024-11-29T16:39:46","slug":"assemblee-nationale-macky-annonce-sa-demission-des-linstallation-des-deputes","status":"publish","type":"post","link":"https:\/\/www.nettali.com\/2024\/11\/29\/assemblee-nationale-macky-annonce-sa-demission-des-linstallation-des-deputes\/","title":{"rendered":"ASSEMBLEE NATIONALE - Macky annonce sa d\u00e9mission d\u00e8s l'installation des d\u00e9put\u00e9s"},"content":{"rendered":"<p><strong>NETTALI.COM - L\u2019ancien Pr\u00e9sident de la R\u00e9publique du S\u00e9n\u00e9gal, Macky Sall, a annonc\u00e9 qu\u2019il ne si\u00e9gera pas en tant que d\u00e9put\u00e9 \u00e0 la 15e l\u00e9gislature. <\/strong><\/p>\n<p><em>\u00abConform\u00e9ment \u00e0 l'engagement que j'avais pris \u00e0 ce sujet, je d\u00e9missionnerai de mon mandat de d\u00e9put\u00e9 \u00e0 l'ouverture de la prochaine l\u00e9gislature, afin qu'il en soit tir\u00e9 les cons\u00e9quences de droit \u00bb<\/em>, a-t-il d\u00e9clar\u00e9 dans un message sur sa page Facebook dans lequel aussi, il adresse ses remerciements et f\u00e9licitations au peuple s\u00e9n\u00e9galais et \u00e0 toute sa coalition Takku Wallu.<\/p>\n<p><em>\u00ab Mes sinc\u00e8res remerciements aux concitoyens et concitoyennes qui ont port\u00e9 leur choix sur la liste de la coalition Takku Wallu S\u00e9n\u00e9gal que j'ai eu l'honneur de diriger. Je r\u00e9it\u00e8re \u00e9galement toutes mes f\u00e9licitations au peuple s\u00e9n\u00e9galais pour son attachement ind\u00e9fectible \u00e0 la tradition d\u00e9mocratique de notre pays et aux valeurs de paix et de stabilit\u00e9 qui fondent notre vivre ensemble<\/em> \u00bb, ajoute-t-il.<\/p>\n<p>Rappelons que le Pr\u00e9sidence de la R\u00e9publique, Bassirou Diomaye Faye, a fix\u00e9 l'installation des d\u00e9put\u00e9s ce lundi 02 d\u00e9cembre 2024.<\/p>\n<div class='share-to-whatsapp-wrapper'><div class='share-on-whsp'>PARTAGER SUR : <\/div><a data-text='ASSEMBLEE NATIONALE - Macky annonce sa d\u00e9mission d\u00e8s l'installation des d\u00e9put\u00e9s' data-link='https:\/\/www.nettali.com\/2024\/11\/29\/assemblee-nationale-macky-annonce-sa-demission-des-linstallation-des-deputes\/' class='whatsapp-button whatsapp-share'>WhatsApp<\/a><div class='clear '><\/div><\/div>","protected":false},"excerpt":{"rendered":"<p>NETTALI.COM - L\u2019ancien Pr\u00e9sident de la R\u00e9publique du S\u00e9n\u00e9gal, Macky Sall, a annonc\u00e9 qu\u2019il ne si\u00e9gera pas en tant que d\u00e9put\u00e9 \u00e0 la 15e l\u00e9gislature. \u00abConform\u00e9ment \u00e0 l'engagement que j'avais pris \u00e0 ce sujet, je d\u00e9missionnerai de mon mandat de d\u00e9put\u00e9 \u00e0 l'ouverture de la prochaine l\u00e9gislature, afin qu'il en soit tir\u00e9 les cons\u00e9quences de [&hellip;]<\/p>\n","protected":false},"author":4,"featured_media":114893,"comment_status":"open","ping_status":"open","sticky":false,"template":"","format":"standard","meta":{"_et_pb_use_builder":"","_et_pb_old_content":""},"categories":[2],"tags":[],"yoast_head":"<!-- This site is optimized with the Yoast SEO Premium plugin v17.8 (Yoast SEO v17.8) - https:\/\/yoast.com\/wordpress\/plugins\/seo\/ -->\n<title>ASSEMBLEE NATIONALE - Macky annonce sa d\u00e9mission d\u00e8s l&#039;installation des d\u00e9put\u00e9s | Nettali.com<\/title>\n<meta name=\"robots\" content=\"index, follow, max-snippet:-1, max-image-preview:large, max-video-preview:-1\" \/>\n<link rel=\"canonical\" href=\"https:\/\/www.nettali.com\/2024\/11\/29\/assemblee-nationale-macky-annonce-sa-demission-des-linstallation-des-deputes\/\" \/>\n<meta property=\"og:locale\" content=\"fr_FR\" \/>\n<meta property=\"og:type\" content=\"article\" \/>\n<meta property=\"og:title\" content=\"ASSEMBLEE NATIONALE - Macky annonce sa d\u00e9mission d\u00e8s l&#039;installation des d\u00e9put\u00e9s\" \/>\n<meta property=\"og:description\" content=\"NETTALI.COM - L\u2019ancien Pr\u00e9sident de la R\u00e9publique du S\u00e9n\u00e9gal, Macky Sall, a annonc\u00e9 qu\u2019il ne si\u00e9gera pas en tant que d\u00e9put\u00e9 \u00e0 la 15e l\u00e9gislature. \u00abConform\u00e9ment \u00e0 l&#039;engagement que j&#039;avais pris \u00e0 ce sujet, je d\u00e9missionnerai de mon mandat de d\u00e9put\u00e9 \u00e0 l&#039;ouverture de la prochaine l\u00e9gislature, afin qu&#039;il en soit tir\u00e9 les cons\u00e9quences de [&hellip;]\" \/>\n<meta property=\"og:url\" content=\"https:\/\/www.nettali.com\/2024\/11\/29\/assemblee-nationale-macky-annonce-sa-demission-des-linstallation-des-deputes\/\" \/>\n<meta property=\"og:site_name\" content=\"Nettali.com\" \/>\n<meta property=\"article:publisher\" content=\"https:\/\/www.facebook.com\/nettalicom\" \/>\n<meta property=\"article:published_time\" content=\"2024-11-29T16:39:46+00:00\" \/>\n<meta property=\"og:image\" content=\"https:\/\/www.nettali.com\/wp-content\/uploads\/2023\/07\/macky-sall-2-696x451-1-696x430-1.png\" \/>\n\t<meta property=\"og:image:width\" content=\"696\" \/>\n\t<meta property=\"og:image:height\" content=\"430\" \/>\n<meta name=\"twitter:card\" content=\"summary_large_image\" \/>\n<meta name=\"twitter:label1\" content=\"\u00c9crit par\" \/>\n\t<meta name=\"twitter:data1\" content=\"Daouda\" \/>\n\t<meta name=\"twitter:label2\" content=\"Dur\u00e9e de lecture estim\u00e9e\" \/>\n\t<meta name=\"twitter:data2\" content=\"1 minute\" \/>\n<script type=\"application\/ld+json\" class=\"yoast-schema-graph\">{\"@context\":\"https:\/\/schema.org\",\"@graph\":[{\"@type\":\"WebSite\",\"@id\":\"https:\/\/www.nettali.com\/#website\",\"url\":\"https:\/\/www.nettali.com\/\",\"name\":\"Nettali.com\",\"description\":\"Le rendez-vous critique du Net\",\"potentialAction\":[{\"@type\":\"SearchAction\",\"target\":{\"@type\":\"EntryPoint\",\"urlTemplate\":\"https:\/\/www.nettali.com\/?s={search_term_string}\"},\"query-input\":\"required name=search_term_string\"}],\"inLanguage\":\"fr-FR\"},{\"@type\":\"ImageObject\",\"@id\":\"https:\/\/www.nettali.com\/2024\/11\/29\/assemblee-nationale-macky-annonce-sa-demission-des-linstallation-des-deputes\/#primaryimage\",\"inLanguage\":\"fr-FR\",\"url\":\"https:\/\/www.nettali.com\/wp-content\/uploads\/2023\/07\/macky-sall-2-696x451-1-696x430-1.png\",\"contentUrl\":\"https:\/\/www.nettali.com\/wp-content\/uploads\/2023\/07\/macky-sall-2-696x451-1-696x430-1.png\",\"width\":696,\"height\":430},{\"@type\":\"WebPage\",\"@id\":\"https:\/\/www.nettali.com\/2024\/11\/29\/assemblee-nationale-macky-annonce-sa-demission-des-linstallation-des-deputes\/#webpage\",\"url\":\"https:\/\/www.nettali.com\/2024\/11\/29\/assemblee-nationale-macky-annonce-sa-demission-des-linstallation-des-deputes\/\",\"name\":\"ASSEMBLEE NATIONALE - Macky annonce sa d\\u00e9mission d\\u00e8s l'installation des d\\u00e9put\\u00e9s | Nettali.com\",\"isPartOf\":{\"@id\":\"https:\/\/www.nettali.com\/#website\"},\"primaryImageOfPage\":{\"@id\":\"https:\/\/www.nettali.com\/2024\/11\/29\/assemblee-nationale-macky-annonce-sa-demission-des-linstallation-des-deputes\/#primaryimage\"},\"datePublished\":\"2024-11-29T16:39:46+00:00\",\"dateModified\":\"2024-11-29T16:39:46+00:00\",\"author\":{\"@id\":\"https:\/\/www.nettali.com\/#\/schema\/person\/3317e0bb3aa1da309fbf7b2780901bf4\"},\"breadcrumb\":{\"@id\":\"https:\/\/www.nettali.com\/2024\/11\/29\/assemblee-nationale-macky-annonce-sa-demission-des-linstallation-des-deputes\/#breadcrumb\"},\"inLanguage\":\"fr-FR\",\"potentialAction\":[{\"@type\":\"ReadAction\",\"target\":[\"https:\/\/www.nettali.com\/2024\/11\/29\/assemblee-nationale-macky-annonce-sa-demission-des-linstallation-des-deputes\/\"]}]},{\"@type\":\"BreadcrumbList\",\"@id\":\"https:\/\/www.nettali.com\/2024\/11\/29\/assemblee-nationale-macky-annonce-sa-demission-des-linstallation-des-deputes\/#breadcrumb\",\"itemListElement\":[{\"@type\":\"ListItem\",\"position\":1,\"name\":\"Accueil\",\"item\":\"https:\/\/www.nettali.com\/\"},{\"@type\":\"ListItem\",\"position\":2,\"name\":\"ASSEMBLEE NATIONALE - Macky annonce sa d\\u00e9mission d\\u00e8s l'installation des d\\u00e9put\\u00e9s\"}]},{\"@type\":\"Person\",\"@id\":\"https:\/\/www.nettali.com\/#\/schema\/person\/3317e0bb3aa1da309fbf7b2780901bf4\",\"name\":\"Daouda\",\"image\":{\"@type\":\"ImageObject\",\"@id\":\"https:\/\/www.nettali.com\/#personlogo\",\"inLanguage\":\"fr-FR\",\"url\":\"https:\/\/secure.gravatar.com\/avatar\/8d143b5a49345098ddcfee1c49c2f47c?s=96&d=mm&r=g\",\"contentUrl\":\"https:\/\/secure.gravatar.com\/avatar\/8d143b5a49345098ddcfee1c49c2f47c?s=96&d=mm&r=g\",\"caption\":\"Daouda\"},\"sameAs\":[\"https:\/\/www.nettali.com\"]}]}<\/script>\n<!-- \/ Yoast SEO Premium plugin. -->","yoast_head_json":{"title":"ASSEMBLEE NATIONALE - Macky annonce sa d\u00e9mission d\u00e8s l'installation des d\u00e9put\u00e9s | Nettali.com","robots":{"index":"index","follow":"follow","max-snippet":"max-snippet:-1","max-image-preview":"max-image-preview:large","max-video-preview":"max-video-preview:-1"},"canonical":"https:\/\/www.nettali.com\/2024\/11\/29\/assemblee-nationale-macky-annonce-sa-demission-des-linstallation-des-deputes\/","og_locale":"fr_FR","og_type":"article","og_title":"ASSEMBLEE NATIONALE - Macky annonce sa d\u00e9mission d\u00e8s l'installation des d\u00e9put\u00e9s","og_description":"NETTALI.COM - L\u2019ancien Pr\u00e9sident de la R\u00e9publique du S\u00e9n\u00e9gal, Macky Sall, a annonc\u00e9 qu\u2019il ne si\u00e9gera pas en tant que d\u00e9put\u00e9 \u00e0 la 15e l\u00e9gislature. \u00abConform\u00e9ment \u00e0 l'engagement que j'avais pris \u00e0 ce sujet, je d\u00e9missionnerai de mon mandat de d\u00e9put\u00e9 \u00e0 l'ouverture de la prochaine l\u00e9gislature, afin qu'il en soit tir\u00e9 les cons\u00e9quences de [&hellip;]","og_url":"https:\/\/www.nettali.com\/2024\/11\/29\/assemblee-nationale-macky-annonce-sa-demission-des-linstallation-des-deputes\/","og_site_name":"Nettali.com","article_publisher":"https:\/\/www.facebook.com\/nettalicom","article_published_time":"2024-11-29T16:39:46+00:00","og_image":[{"width":696,"height":430,"url":"https:\/\/www.nettali.com\/wp-content\/uploads\/2023\/07\/macky-sall-2-696x451-1-696x430-1.png","type":"image\/png"}],"twitter_card":"summary_large_image","twitter_misc":{"\u00c9crit par":"Daouda","Dur\u00e9e de lecture estim\u00e9e":"1 minute"},"schema":{"@context":"https:\/\/schema.org","@graph":[{"@type":"WebSite","@id":"https:\/\/www.nettali.com\/#website","url":"https:\/\/www.nettali.com\/","name":"Nettali.com","description":"Le rendez-vous critique du Net","potentialAction":[{"@type":"SearchAction","target":{"@type":"EntryPoint","urlTemplate":"https:\/\/www.nettali.com\/?s={search_term_string}"},"query-input":"required name=search_term_string"}],"inLanguage":"fr-FR"},{"@type":"ImageObject","@id":"https:\/\/www.nettali.com\/2024\/11\/29\/assemblee-nationale-macky-annonce-sa-demission-des-linstallation-des-deputes\/#primaryimage","inLanguage":"fr-FR","url":"https:\/\/www.nettali.com\/wp-content\/uploads\/2023\/07\/macky-sall-2-696x451-1-696x430-1.png","contentUrl":"https:\/\/www.nettali.com\/wp-content\/uploads\/2023\/07\/macky-sall-2-696x451-1-696x430-1.png","width":696,"height":430},{"@type":"WebPage","@id":"https:\/\/www.nettali.com\/2024\/11\/29\/assemblee-nationale-macky-annonce-sa-demission-des-linstallation-des-deputes\/#webpage","url":"https:\/\/www.nettali.com\/2024\/11\/29\/assemblee-nationale-macky-annonce-sa-demission-des-linstallation-des-deputes\/","name":"ASSEMBLEE NATIONALE - Macky annonce sa d\u00e9mission d\u00e8s l'installation des d\u00e9put\u00e9s | Nettali.com","isPartOf":{"@id":"https:\/\/www.nettali.com\/#website"},"primaryImageOfPage":{"@id":"https:\/\/www.nettali.com\/2024\/11\/29\/assemblee-nationale-macky-annonce-sa-demission-des-linstallation-des-deputes\/#primaryimage"},"datePublished":"2024-11-29T16:39:46+00:00","dateModified":"2024-11-29T16:39:46+00:00","author":{"@id":"https:\/\/www.nettali.com\/#\/schema\/person\/3317e0bb3aa1da309fbf7b2780901bf4"},"breadcrumb":{"@id":"https:\/\/www.nettali.com\/2024\/11\/29\/assemblee-nationale-macky-annonce-sa-demission-des-linstallation-des-deputes\/#breadcrumb"},"inLanguage":"fr-FR","potentialAction":[{"@type":"ReadAction","target":["https:\/\/www.nettali.com\/2024\/11\/29\/assemblee-nationale-macky-annonce-sa-demission-des-linstallation-des-deputes\/"]}]},{"@type":"BreadcrumbList","@id":"https:\/\/www.nettali.com\/2024\/11\/29\/assemblee-nationale-macky-annonce-sa-demission-des-linstallation-des-deputes\/#breadcrumb","itemListElement":[{"@type":"ListItem","position":1,"name":"Accueil","item":"https:\/\/www.nettali.com\/"},{"@type":"ListItem","position":2,"name":"ASSEMBLEE NATIONALE - Macky annonce sa d\u00e9mission d\u00e8s l'installation des d\u00e9put\u00e9s"}]},{"@type":"Person","@id":"https:\/\/www.nettali.com\/#\/schema\/person\/3317e0bb3aa1da309fbf7b2780901bf4","name":"Daouda","image":{"@type":"ImageObject","@id":"https:\/\/www.nettali.com\/#personlogo","inLanguage":"fr-FR","url":"https:\/\/secure.gravatar.com\/avatar\/8d143b5a49345098ddcfee1c49c2f47c?s=96&d=mm&r=g","contentUrl":"https:\/\/secure.gravatar.com\/avatar\/8d143b5a49345098ddcfee1c49c2f47c?s=96&d=mm&r=g","caption":"Daouda"},"sameAs":["https:\/\/www.nettali.com"]}]}},"_links":{"self":[{"href":"https:\/\/www.nettali.com\/rest\/wp\/v2\/posts\/144592"}],"collection":[{"href":"https:\/\/www.nettali.com\/rest\/wp\/v2\/posts"}],"about":[{"href":"https:\/\/www.nettali.com\/rest\/wp\/v2\/types\/post"}],"author":[{"embeddable":true,"href":"https:\/\/www.nettali.com\/rest\/wp\/v2\/users\/4"}],"replies":[{"embeddable":true,"href":"https:\/\/www.nettali.com\/rest\/wp\/v2\/comments?post=144592"}],"version-history":[{"count":1,"href":"https:\/\/www.nettali.com\/rest\/wp\/v2\/posts\/144592\/revisions"}],"predecessor-version":[{"id":144593,"href":"https:\/\/www.nettali.com\/rest\/wp\/v2\/posts\/144592\/revisions\/144593"}],"wp:featuredmedia":[{"embeddable":true,"href":"https:\/\/www.nettali.com\/rest\/wp\/v2\/media\/114893"}],"wp:attachment":[{"href":"https:\/\/www.nettali.com\/rest\/wp\/v2\/media?parent=144592"}],"wp:term":[{"taxonomy":"category","embeddable":true,"href":"https:\/\/www.nettali.com\/rest\/wp\/v2\/categories?post=144592"},{"taxonomy":"post_tag","embeddable":true,"href":"https:\/\/www.nettali.com\/rest\/wp\/v2\/tags?post=144592"}],"curies":[{"name":"wp","href":"https:\/\/api.w.org\/{rel}","templated":true}]}}