{"id":144578,"date":"2024-11-29T10:25:02","date_gmt":"2024-11-29T10:25:02","guid":{"rendered":"https:\/\/www.nettali.com\/?p=144578"},"modified":"2024-12-01T12:10:30","modified_gmt":"2024-12-01T12:10:30","slug":"diomaye-faye-la-presence-des-bases-militaires-francaises-ne-saccommode-pas-avec-la-souverainete-du-senegal","status":"publish","type":"post","link":"https:\/\/www.nettali.com\/2024\/11\/29\/diomaye-faye-la-presence-des-bases-militaires-francaises-ne-saccommode-pas-avec-la-souverainete-du-senegal\/","title":{"rendered":"DIOMAYE FAYE - \"La pr\u00e9sence des bases militaires fran\u00e7aises ne s\u2019accommode pas avec la souverainet\u00e9 du S\u00e9n\u00e9gal\""},"content":{"rendered":"<p><strong>NETTALI.COM - Le pr\u00e9sident Bassirou Diomaye Faye a accord\u00e9 ce jeudi un entretien \u00e0 la presse \u00e9trang\u00e8re, en pr\u00e9lude de la comm\u00e9moration du 80e anniversaire du massacre de Thiaroye, commun\u00e9ment appel\u00e9 Thiaroye 44. Dans ses d\u00e9clarations, le chef de l'\u00c9tat a abord\u00e9 sans d\u00e9tour la question de la pr\u00e9sence de militaires fran\u00e7ais sur le sol s\u00e9n\u00e9galais.<\/strong><\/p>\n<p>\"<em>Le S\u00e9n\u00e9gal est un pays ind\u00e9pendant, c\u2019est un pays souverain, et la souverainet\u00e9 ne s\u2019accommode pas de la pr\u00e9sence de bases militaires \u00e9trang\u00e8res sur son territoire<\/em>\", a affirm\u00e9 le pr\u00e9sident Bassirou Diomaye Faye<\/p>\n<p>Il a poursuivi : \"<em>Soixante-quatre ans apr\u00e8s l\u2019ind\u00e9pendance, les autorit\u00e9s fran\u00e7aises doivent envisager un partenariat d\u00e9pourvu de cette pr\u00e9sence militaire, mais un partenariat riche, f\u00e9cond, privil\u00e9gi\u00e9 et global, comme nous l\u2019avons avec beaucoup d\u2019autres pays. La pr\u00e9sence ou l'absence de bases militaires ne doit pas \u00eatre synonyme de rupture.<\/em>\"<\/p>\n<p>Pour \u00e9tayer ses propos, le pr\u00e9sident Diomaye a cit\u00e9 les exemples des relations entre le S\u00e9n\u00e9gal et des pays comme la Chine, la Turquie, les \u00c9tats-Unis ou l'Arabie Saoudite. \"<em>Tous ces pays-l\u00e0 n\u2019ont pas de base militaire au S\u00e9n\u00e9gal<\/em>\", a-t-il soulign\u00e9.<\/p>\n<p>Concernant un \u00e9ventuel retrait des troupes fran\u00e7aises du S\u00e9n\u00e9gal, le pr\u00e9sident Diomaye a pr\u00e9cis\u00e9 qu'aucun \"<em>d\u00e9lai de rigueur<\/em>\" n\u2019a \u00e9t\u00e9 fix\u00e9. Cependant, a-t-il ajout\u00e9, \"<em>si jamais cela devait se produire, les autorit\u00e9s fran\u00e7aises en auront la primeur de l\u2019annonce<\/em>.\"<\/p>\n<p>Bassirou Diomaye Faye n'a pas h\u00e9sit\u00e9 \u00e0 r\u00e9pondre avec fermet\u00e9 \u00e0 la question du journaliste. \"<em>Est-ce qu\u2019en tant que Fran\u00e7ais, vous accepteriez de nous voir dans votre pays avec des chars, des v\u00e9hicules militaires, des soldats en tenue s\u00e9n\u00e9galaise ? Sur le plan historique, la France a pris des esclaves, colonis\u00e9 et est rest\u00e9e. Lorsque vous inversez les r\u00f4les, vous aurez du mal \u00e0 concevoir qu\u2019une autre arm\u00e9e qu\u2019il s\u2019agisse de la Chine, de la Russie, du S\u00e9n\u00e9gal ou d'autre puisse avoir une base militaire en France<\/em>.\"<\/p>\n<p>A rappeler que l'arm\u00e9e fran\u00e7aise a vu son influence en Afrique de l'Ouest consid\u00e9rablement r\u00e9duite. Les forces fran\u00e7aises ont quitt\u00e9 les pays de l'Alliance des \u00c9tats du Sahel (AES) tels que le Mali, le Niger et le Burkina Faso.<\/p>\n<div class='share-to-whatsapp-wrapper'><div class='share-on-whsp'>PARTAGER SUR : <\/div><a data-text='DIOMAYE FAYE - \"La pr\u00e9sence des bases militaires fran\u00e7aises ne s\u2019accommode pas avec la souverainet\u00e9 du S\u00e9n\u00e9gal\"' data-link='https:\/\/www.nettali.com\/2024\/11\/29\/diomaye-faye-la-presence-des-bases-militaires-francaises-ne-saccommode-pas-avec-la-souverainete-du-senegal\/' class='whatsapp-button whatsapp-share'>WhatsApp<\/a><div class='clear '><\/div><\/div>","protected":false},"excerpt":{"rendered":"<p>NETTALI.COM - Le pr\u00e9sident Bassirou Diomaye Faye a accord\u00e9 ce jeudi un entretien \u00e0 la presse \u00e9trang\u00e8re, en pr\u00e9lude de la comm\u00e9moration du 80e anniversaire du massacre de Thiaroye, commun\u00e9ment appel\u00e9 Thiaroye 44. Dans ses d\u00e9clarations, le chef de l'\u00c9tat a abord\u00e9 sans d\u00e9tour la question de la pr\u00e9sence de militaires fran\u00e7ais sur le sol [&hellip;]<\/p>\n","protected":false},"author":5,"featured_media":144579,"comment_status":"open","ping_status":"open","sticky":false,"template":"","format":"standard","meta":{"_et_pb_use_builder":"","_et_pb_old_content":""},"categories":[2],"tags":[],"yoast_head":"<!-- This site is optimized with the Yoast SEO Premium plugin v17.8 (Yoast SEO v17.8) - https:\/\/yoast.com\/wordpress\/plugins\/seo\/ -->\n<title>DIOMAYE FAYE - &quot;La pr\u00e9sence des bases militaires fran\u00e7aises ne s\u2019accommode pas avec la souverainet\u00e9 du S\u00e9n\u00e9gal&quot; | Nettali.com<\/title>\n<meta name=\"robots\" content=\"index, follow, max-snippet:-1, max-image-preview:large, max-video-preview:-1\" \/>\n<link rel=\"canonical\" href=\"https:\/\/www.nettali.com\/2024\/11\/29\/diomaye-faye-la-presence-des-bases-militaires-francaises-ne-saccommode-pas-avec-la-souverainete-du-senegal\/\" \/>\n<meta property=\"og:locale\" content=\"fr_FR\" \/>\n<meta property=\"og:type\" content=\"article\" \/>\n<meta property=\"og:title\" content=\"DIOMAYE FAYE - &quot;La pr\u00e9sence des bases militaires fran\u00e7aises ne s\u2019accommode pas avec la souverainet\u00e9 du S\u00e9n\u00e9gal&quot;\" \/>\n<meta property=\"og:description\" content=\"NETTALI.COM - Le pr\u00e9sident Bassirou Diomaye Faye a accord\u00e9 ce jeudi un entretien \u00e0 la presse \u00e9trang\u00e8re, en pr\u00e9lude de la comm\u00e9moration du 80e anniversaire du massacre de Thiaroye, commun\u00e9ment appel\u00e9 Thiaroye 44. Dans ses d\u00e9clarations, le chef de l&#039;\u00c9tat a abord\u00e9 sans d\u00e9tour la question de la pr\u00e9sence de militaires fran\u00e7ais sur le sol [&hellip;]\" \/>\n<meta property=\"og:url\" content=\"https:\/\/www.nettali.com\/2024\/11\/29\/diomaye-faye-la-presence-des-bases-militaires-francaises-ne-saccommode-pas-avec-la-souverainete-du-senegal\/\" \/>\n<meta property=\"og:site_name\" content=\"Nettali.com\" \/>\n<meta property=\"article:publisher\" content=\"https:\/\/www.facebook.com\/nettalicom\" \/>\n<meta property=\"article:published_time\" content=\"2024-11-29T10:25:02+00:00\" \/>\n<meta property=\"article:modified_time\" content=\"2024-12-01T12:10:30+00:00\" \/>\n<meta property=\"og:image\" content=\"https:\/\/www.nettali.com\/wp-content\/uploads\/2024\/11\/20241128205107-49636712.jpg\" \/>\n\t<meta property=\"og:image:width\" content=\"1000\" \/>\n\t<meta property=\"og:image:height\" content=\"500\" \/>\n<meta name=\"twitter:card\" content=\"summary_large_image\" \/>\n<meta name=\"twitter:label1\" content=\"\u00c9crit par\" \/>\n\t<meta name=\"twitter:data1\" content=\"Ibrahima\" \/>\n\t<meta name=\"twitter:label2\" content=\"Dur\u00e9e de lecture estim\u00e9e\" \/>\n\t<meta name=\"twitter:data2\" content=\"2 minutes\" \/>\n<script type=\"application\/ld+json\" class=\"yoast-schema-graph\">{\"@context\":\"https:\/\/schema.org\",\"@graph\":[{\"@type\":\"WebSite\",\"@id\":\"https:\/\/www.nettali.com\/#website\",\"url\":\"https:\/\/www.nettali.com\/\",\"name\":\"Nettali.com\",\"description\":\"Le rendez-vous critique du Net\",\"potentialAction\":[{\"@type\":\"SearchAction\",\"target\":{\"@type\":\"EntryPoint\",\"urlTemplate\":\"https:\/\/www.nettali.com\/?s={search_term_string}\"},\"query-input\":\"required name=search_term_string\"}],\"inLanguage\":\"fr-FR\"},{\"@type\":\"ImageObject\",\"@id\":\"https:\/\/www.nettali.com\/2024\/11\/29\/diomaye-faye-la-presence-des-bases-militaires-francaises-ne-saccommode-pas-avec-la-souverainete-du-senegal\/#primaryimage\",\"inLanguage\":\"fr-FR\",\"url\":\"https:\/\/www.nettali.com\/wp-content\/uploads\/2024\/11\/20241128205107-49636712.jpg\",\"contentUrl\":\"https:\/\/www.nettali.com\/wp-content\/uploads\/2024\/11\/20241128205107-49636712.jpg\",\"width\":1000,\"height\":500,\"caption\":\"Senegal\\u0092s President Bassirou Diomaye Faye poses for a portrait inside the Presidential Palace in Dakar on November 28, 2024. (Photo by JOHN WESSELS \/ AFP)\"},{\"@type\":\"WebPage\",\"@id\":\"https:\/\/www.nettali.com\/2024\/11\/29\/diomaye-faye-la-presence-des-bases-militaires-francaises-ne-saccommode-pas-avec-la-souverainete-du-senegal\/#webpage\",\"url\":\"https:\/\/www.nettali.com\/2024\/11\/29\/diomaye-faye-la-presence-des-bases-militaires-francaises-ne-saccommode-pas-avec-la-souverainete-du-senegal\/\",\"name\":\"DIOMAYE FAYE - \\\"La pr\\u00e9sence des bases militaires fran\\u00e7aises ne s\\u2019accommode pas avec la souverainet\\u00e9 du S\\u00e9n\\u00e9gal\\\" | Nettali.com\",\"isPartOf\":{\"@id\":\"https:\/\/www.nettali.com\/#website\"},\"primaryImageOfPage\":{\"@id\":\"https:\/\/www.nettali.com\/2024\/11\/29\/diomaye-faye-la-presence-des-bases-militaires-francaises-ne-saccommode-pas-avec-la-souverainete-du-senegal\/#primaryimage\"},\"datePublished\":\"2024-11-29T10:25:02+00:00\",\"dateModified\":\"2024-12-01T12:10:30+00:00\",\"author\":{\"@id\":\"https:\/\/www.nettali.com\/#\/schema\/person\/bb147657c2986240405a608162b9bb23\"},\"breadcrumb\":{\"@id\":\"https:\/\/www.nettali.com\/2024\/11\/29\/diomaye-faye-la-presence-des-bases-militaires-francaises-ne-saccommode-pas-avec-la-souverainete-du-senegal\/#breadcrumb\"},\"inLanguage\":\"fr-FR\",\"potentialAction\":[{\"@type\":\"ReadAction\",\"target\":[\"https:\/\/www.nettali.com\/2024\/11\/29\/diomaye-faye-la-presence-des-bases-militaires-francaises-ne-saccommode-pas-avec-la-souverainete-du-senegal\/\"]}]},{\"@type\":\"BreadcrumbList\",\"@id\":\"https:\/\/www.nettali.com\/2024\/11\/29\/diomaye-faye-la-presence-des-bases-militaires-francaises-ne-saccommode-pas-avec-la-souverainete-du-senegal\/#breadcrumb\",\"itemListElement\":[{\"@type\":\"ListItem\",\"position\":1,\"name\":\"Accueil\",\"item\":\"https:\/\/www.nettali.com\/\"},{\"@type\":\"ListItem\",\"position\":2,\"name\":\"DIOMAYE FAYE - \\\"La pr\\u00e9sence des bases militaires fran\\u00e7aises ne s\\u2019accommode pas avec la souverainet\\u00e9 du S\\u00e9n\\u00e9gal\\\"\"}]},{\"@type\":\"Person\",\"@id\":\"https:\/\/www.nettali.com\/#\/schema\/person\/bb147657c2986240405a608162b9bb23\",\"name\":\"Ibrahima\",\"image\":{\"@type\":\"ImageObject\",\"@id\":\"https:\/\/www.nettali.com\/#personlogo\",\"inLanguage\":\"fr-FR\",\"url\":\"https:\/\/secure.gravatar.com\/avatar\/26a8a81f09f0dd7624c9d5c36c9ba3a2?s=96&d=mm&r=g\",\"contentUrl\":\"https:\/\/secure.gravatar.com\/avatar\/26a8a81f09f0dd7624c9d5c36c9ba3a2?s=96&d=mm&r=g\",\"caption\":\"Ibrahima\"},\"sameAs\":[\"https:\/\/www.nettali.com\"]}]}<\/script>\n<!-- \/ Yoast SEO Premium plugin. -->","yoast_head_json":{"title":"DIOMAYE FAYE - \"La pr\u00e9sence des bases militaires fran\u00e7aises ne s\u2019accommode pas avec la souverainet\u00e9 du S\u00e9n\u00e9gal\" | Nettali.com","robots":{"index":"index","follow":"follow","max-snippet":"max-snippet:-1","max-image-preview":"max-image-preview:large","max-video-preview":"max-video-preview:-1"},"canonical":"https:\/\/www.nettali.com\/2024\/11\/29\/diomaye-faye-la-presence-des-bases-militaires-francaises-ne-saccommode-pas-avec-la-souverainete-du-senegal\/","og_locale":"fr_FR","og_type":"article","og_title":"DIOMAYE FAYE - \"La pr\u00e9sence des bases militaires fran\u00e7aises ne s\u2019accommode pas avec la souverainet\u00e9 du S\u00e9n\u00e9gal\"","og_description":"NETTALI.COM - Le pr\u00e9sident Bassirou Diomaye Faye a accord\u00e9 ce jeudi un entretien \u00e0 la presse \u00e9trang\u00e8re, en pr\u00e9lude de la comm\u00e9moration du 80e anniversaire du massacre de Thiaroye, commun\u00e9ment appel\u00e9 Thiaroye 44. Dans ses d\u00e9clarations, le chef de l'\u00c9tat a abord\u00e9 sans d\u00e9tour la question de la pr\u00e9sence de militaires fran\u00e7ais sur le sol [&hellip;]","og_url":"https:\/\/www.nettali.com\/2024\/11\/29\/diomaye-faye-la-presence-des-bases-militaires-francaises-ne-saccommode-pas-avec-la-souverainete-du-senegal\/","og_site_name":"Nettali.com","article_publisher":"https:\/\/www.facebook.com\/nettalicom","article_published_time":"2024-11-29T10:25:02+00:00","article_modified_time":"2024-12-01T12:10:30+00:00","og_image":[{"width":1000,"height":500,"url":"https:\/\/www.nettali.com\/wp-content\/uploads\/2024\/11\/20241128205107-49636712.jpg","type":"image\/jpeg"}],"twitter_card":"summary_large_image","twitter_misc":{"\u00c9crit par":"Ibrahima","Dur\u00e9e de lecture estim\u00e9e":"2 minutes"},"schema":{"@context":"https:\/\/schema.org","@graph":[{"@type":"WebSite","@id":"https:\/\/www.nettali.com\/#website","url":"https:\/\/www.nettali.com\/","name":"Nettali.com","description":"Le rendez-vous critique du Net","potentialAction":[{"@type":"SearchAction","target":{"@type":"EntryPoint","urlTemplate":"https:\/\/www.nettali.com\/?s={search_term_string}"},"query-input":"required name=search_term_string"}],"inLanguage":"fr-FR"},{"@type":"ImageObject","@id":"https:\/\/www.nettali.com\/2024\/11\/29\/diomaye-faye-la-presence-des-bases-militaires-francaises-ne-saccommode-pas-avec-la-souverainete-du-senegal\/#primaryimage","inLanguage":"fr-FR","url":"https:\/\/www.nettali.com\/wp-content\/uploads\/2024\/11\/20241128205107-49636712.jpg","contentUrl":"https:\/\/www.nettali.com\/wp-content\/uploads\/2024\/11\/20241128205107-49636712.jpg","width":1000,"height":500,"caption":"Senegal\u0092s President Bassirou Diomaye Faye poses for a portrait inside the Presidential Palace in Dakar on November 28, 2024. (Photo by JOHN WESSELS \/ AFP)"},{"@type":"WebPage","@id":"https:\/\/www.nettali.com\/2024\/11\/29\/diomaye-faye-la-presence-des-bases-militaires-francaises-ne-saccommode-pas-avec-la-souverainete-du-senegal\/#webpage","url":"https:\/\/www.nettali.com\/2024\/11\/29\/diomaye-faye-la-presence-des-bases-militaires-francaises-ne-saccommode-pas-avec-la-souverainete-du-senegal\/","name":"DIOMAYE FAYE - \"La pr\u00e9sence des bases militaires fran\u00e7aises ne s\u2019accommode pas avec la souverainet\u00e9 du S\u00e9n\u00e9gal\" | Nettali.com","isPartOf":{"@id":"https:\/\/www.nettali.com\/#website"},"primaryImageOfPage":{"@id":"https:\/\/www.nettali.com\/2024\/11\/29\/diomaye-faye-la-presence-des-bases-militaires-francaises-ne-saccommode-pas-avec-la-souverainete-du-senegal\/#primaryimage"},"datePublished":"2024-11-29T10:25:02+00:00","dateModified":"2024-12-01T12:10:30+00:00","author":{"@id":"https:\/\/www.nettali.com\/#\/schema\/person\/bb147657c2986240405a608162b9bb23"},"breadcrumb":{"@id":"https:\/\/www.nettali.com\/2024\/11\/29\/diomaye-faye-la-presence-des-bases-militaires-francaises-ne-saccommode-pas-avec-la-souverainete-du-senegal\/#breadcrumb"},"inLanguage":"fr-FR","potentialAction":[{"@type":"ReadAction","target":["https:\/\/www.nettali.com\/2024\/11\/29\/diomaye-faye-la-presence-des-bases-militaires-francaises-ne-saccommode-pas-avec-la-souverainete-du-senegal\/"]}]},{"@type":"BreadcrumbList","@id":"https:\/\/www.nettali.com\/2024\/11\/29\/diomaye-faye-la-presence-des-bases-militaires-francaises-ne-saccommode-pas-avec-la-souverainete-du-senegal\/#breadcrumb","itemListElement":[{"@type":"ListItem","position":1,"name":"Accueil","item":"https:\/\/www.nettali.com\/"},{"@type":"ListItem","position":2,"name":"DIOMAYE FAYE - \"La pr\u00e9sence des bases militaires fran\u00e7aises ne s\u2019accommode pas avec la souverainet\u00e9 du S\u00e9n\u00e9gal\""}]},{"@type":"Person","@id":"https:\/\/www.nettali.com\/#\/schema\/person\/bb147657c2986240405a608162b9bb23","name":"Ibrahima","image":{"@type":"ImageObject","@id":"https:\/\/www.nettali.com\/#personlogo","inLanguage":"fr-FR","url":"https:\/\/secure.gravatar.com\/avatar\/26a8a81f09f0dd7624c9d5c36c9ba3a2?s=96&d=mm&r=g","contentUrl":"https:\/\/secure.gravatar.com\/avatar\/26a8a81f09f0dd7624c9d5c36c9ba3a2?s=96&d=mm&r=g","caption":"Ibrahima"},"sameAs":["https:\/\/www.nettali.com"]}]}},"_links":{"self":[{"href":"https:\/\/www.nettali.com\/rest\/wp\/v2\/posts\/144578"}],"collection":[{"href":"https:\/\/www.nettali.com\/rest\/wp\/v2\/posts"}],"about":[{"href":"https:\/\/www.nettali.com\/rest\/wp\/v2\/types\/post"}],"author":[{"embeddable":true,"href":"https:\/\/www.nettali.com\/rest\/wp\/v2\/users\/5"}],"replies":[{"embeddable":true,"href":"https:\/\/www.nettali.com\/rest\/wp\/v2\/comments?post=144578"}],"version-history":[{"count":2,"href":"https:\/\/www.nettali.com\/rest\/wp\/v2\/posts\/144578\/revisions"}],"predecessor-version":[{"id":144620,"href":"https:\/\/www.nettali.com\/rest\/wp\/v2\/posts\/144578\/revisions\/144620"}],"wp:featuredmedia":[{"embeddable":true,"href":"https:\/\/www.nettali.com\/rest\/wp\/v2\/media\/144579"}],"wp:attachment":[{"href":"https:\/\/www.nettali.com\/rest\/wp\/v2\/media?parent=144578"}],"wp:term":[{"taxonomy":"category","embeddable":true,"href":"https:\/\/www.nettali.com\/rest\/wp\/v2\/categories?post=144578"},{"taxonomy":"post_tag","embeddable":true,"href":"https:\/\/www.nettali.com\/rest\/wp\/v2\/tags?post=144578"}],"curies":[{"name":"wp","href":"https:\/\/api.w.org\/{rel}","templated":true}]}}