{"id":144553,"date":"2024-11-28T20:52:18","date_gmt":"2024-11-28T20:52:18","guid":{"rendered":"https:\/\/www.nettali.com\/?p=144553"},"modified":"2024-11-30T07:21:04","modified_gmt":"2024-11-30T07:21:04","slug":"montpellier-deux-freres-senegalais-sauvent-la-vie-dune-personne-qui-allait-se-jeter-du-7e-etage","status":"publish","type":"post","link":"https:\/\/www.nettali.com\/2024\/11\/28\/montpellier-deux-freres-senegalais-sauvent-la-vie-dune-personne-qui-allait-se-jeter-du-7e-etage\/","title":{"rendered":"FIDAK 2024 - La Guin\u00e9e et le Rwanda \u00e0 l'honneur"},"content":{"rendered":"<p><strong>NETTALI.COM - La 32e \u00e9dition de la Foire internationale de Dakar (FIDAK) a ouvert ses portes ce jeudi 28 novembre, sous la pr\u00e9sidence du ministre de l\u2019Industrie et du Commerce, Serigne Gu\u00e8ye Diop, en pr\u00e9sence de ses homologues de la Guin\u00e9e et du Rwanda, les pays \"<em>invit\u00e9s d\u2019honneur<\/em>\" de cette rencontre commerciale de dix-huit jours.<\/strong><\/p>\n<p>La ministre guin\u00e9enne charg\u00e9e du Commerce, de l\u2019Industrie et des Petites et moyennes entreprises, Diaka Sidib\u00e9 et le ministre rwandais du Commerce et de l\u2019Industrie, Prudence Sebahizit ont pris part \u00e0 la c\u00e9r\u00e9monie d\u2019ouverture de la FIDAK, dans l\u2019enceinte du Centre international du commerce ext\u00e9rieur du S\u00e9n\u00e9gal (CICES).<\/p>\n<p>\" <em>Tout est fin pr\u00eat pour le lancement officiel de la FIDAK. Je me suis r\u00e9jouis des travaux<\/em>\", a d\u00e9clar\u00e9 Serigne Gu\u00e8ye Diop apr\u00e8s apr\u00e8s visit\u00e9 les pavillons de la Guin\u00e9e et du Rwanda.<\/p>\n<p>Il avait f\u00e9licit\u00e9 le directeur g\u00e9n\u00e9ral du Centre international du commerce ext\u00e9rieur du S\u00e9n\u00e9gal, Justin Corr\u00e9a, pour \"<em>l'excellent travail<\/em>\"que lui et ses collaborateurs avaient fait pour l\u2019organisation de la FIDAK.<\/p>\n<p>\"<em>C'est avant tout une op\u00e9ration de marketing pour le S\u00e9n\u00e9gal. Nous voulons \u2018vendre\u2019 le S\u00e9n\u00e9gal de demain<\/em>\", avait dit le ministre devant un parterre de micros.<\/p>\n<p>Selon le directeur g\u00e9n\u00e9ral du CICES, environ 2.000 exposants venus de 30 pays vont participer \u00e0 la FIDAK, qui se poursuivra jusqu\u2019au 15 d\u00e9cembre.<\/p>\n<p>Cette 32\u00e8me \u00e9dition de la FIDAK co\u00efncide avec les 50 ans du Centre international du commercial ext\u00e9rieur du S\u00e9n\u00e9gal (CICES). Cet edifice a \u00e9t\u00e9 construit en 1974 par le premier pr\u00e9sident de la R\u00e9publique du S\u00e9n\u00e9gal, feu L\u00e9opold S\u00e9dar Senghor.<\/p>\n<p>Huit \"<em>p\u00f4les<\/em>\" destin\u00e9s aux 14 r\u00e9gions du pays ont \u00e9t\u00e9 am\u00e9nag\u00e9s dans l\u2019enceinte du CICES, dans le but de \"<em>valoriser les productions locales<\/em>\" lors de la foire, a fait savoir Justin Corr\u00e9a.<\/p>\n<p>\"<em>C\u2019est toujours la Foire internationale de Dakar mais les r\u00e9gions du pays seront repr\u00e9sent\u00e9es<\/em>\", a ajout\u00e9 M. Corr\u00e9a, invitant \"<em>le pr\u00e9sident de la R\u00e9publique, le Premier ministre et tous les S\u00e9n\u00e9galais \u00e0 prendre part \u00e0 ce grand rendez-vous \u00e9conomique<\/em>\".<\/p>\n<p>Les d\u00e9bats pr\u00e9vus au cours de la foire porteront sur le tourisme, selon le directeur g\u00e9n\u00e9ral du CICES.<\/p>\n<p>\"<em>Avec la collaboration du minist\u00e8re du Tourisme et de l\u2019Artisanat, nous allons organiser des forums et des tables rondes au cours desquels nous allons discuter des probl\u00e8mes de ce secteur. Le Rwanda est un invit\u00e9 d\u2019honneur. C\u2019est un pays qui a beaucoup investi sur le tourisme. Nous allons apprendre du Rwanda\u2026<\/em>\" a-t-il expliqu\u00e9.<\/p>\n<p><strong>La Guin\u00e9e et le Rwanda \u00e0 l'honneur<\/strong><\/p>\n<p>Pour cette 32\u00e8me \u00e9dition de la Fidak, un pays d\u2019Afrique de l\u2019Ouest, la Guin\u00e9e, et un pays d\u2019Afrique Centrale, le Rwanda, sont invit\u00e9s d\u2019honneur. L\u2019\u00e9dition de cette ann\u00e9e, intitul\u00e9e \"<em>L\"\u00e9v\u00e9nementiel \u00e9conomique au service de la promotion touristique<\/em>\", r\u00e9sonne dans le c\u0153ur des d\u00e9l\u00e9gations de ces deux pays, qui entendent bien jouer leur partition.<\/p>\n<p>Pour l\u2019ambassadeur Jean-Pierre Karabaranga, son pays, le Rwanda, est pr\u00e9sent avec plus de 25 entreprises dans plusieurs secteurs d\u2019activit\u00e9s. \"<em>La Fidak offre au Rwanda et \u00e0 ses produits la possibilit\u00e9 de se faire conna\u00eetre dans ce grand march\u00e9 qu\u2019est l\u2019Afrique de l\u2019Ouest<\/em>\", a-t-il d\u00e9clar\u00e9. Selon l\u2019ambassadeur rwandais, l\u2019\u00e9v\u00e9nement est pour son pays et pour les entrepreneurs rwandais l\u2019occasion de d\u00e9couvrir des opportunit\u00e9s sur le march\u00e9 de l\u2019Afrique de l\u2019Ouest.<\/p>\n<p>L\u2019organisation de la Fidak a mis cette ann\u00e9e c\u00f4te \u00e0 c\u00f4te les stands du Rwanda et de la Guin\u00e9e. Pour le ministre du Commerce, de l\u2019Industrie et des PME de Guin\u00e9e, Diaka Sidib\u00e9, \"<em>pr\u00e8s de 50 entreprises venues de toute la Guin\u00e9e, du sud \u00e0 l\u2019ouest, en passant par la Basse Guin\u00e9e, la Moyenne Guin\u00e9e, la Haute Guin\u00e9e et la Guin\u00e9e Foresti\u00e8re, sont l\u00e0 aujourd'hui<\/em>\", se r\u00e9jouit il.<\/p>\n<p><strong>Le tandem Dakar Dem Dikk - CICES<\/strong><\/p>\n<p>Toujours dans le cadre de la pr\u00e9paration de la 32\u00e8me \u00e9dition de la Foire Internationale de Dakar (FIDAK), pr\u00e9vue du 28 novembre au 15 d\u00e9cembre 2024, un partenariat a \u00e9t\u00e9 sign\u00e9 le mercredi 27 novembre 2024 entre M. Assane Mbengue, Directeur G\u00e9n\u00e9ral de Dakar Dem Dikk, et M. Justin Correa, Directeur G\u00e9n\u00e9ral du CICES.<\/p>\n<p>Pour cette 32\u00e8me \u00e9dition de la FIDAK, Dakar Dem Dikk a pris des mesures pour faciliter l\u2019acc\u00e8s \u00e0 la foire en mettant en place des lignes sp\u00e9ciales reliant plusieurs zones cl\u00e9s de la capitale. Ces lignes seront disponibles \u00e0 partir des points suivants : Dieuppeul, Ouakam via Yoff, Keur Massar, Rufisque, Malika.<\/p>\n<p>Dakar Dem Dikk s\u2019engage aussi \u00e0 renforcer les lignes r\u00e9guli\u00e8res qui desservent la foire, notamment les lignes 1, 6, 218 et 219, afin d\u2019assurer un service fluide et optimal pendant toute la dur\u00e9e de l\u2019\u00e9v\u00e9nement. Gr\u00e2ce \u00e0 la mise en place de lignes sp\u00e9ciales et au renforcement des lignes existantes, la soci\u00e9t\u00e9 garantit une mobilit\u00e9 optimale pour les visiteurs de la foire. Ce partenariat t\u00e9moigne de l\u2019engagement de Dakar Dem Dikk \u00e0 offrir un service de transport de qualit\u00e9, indispensable au bon d\u00e9roulement de la foire.<\/p>\n<div class='share-to-whatsapp-wrapper'><div class='share-on-whsp'>PARTAGER SUR : <\/div><a data-text='FIDAK 2024 - La Guin\u00e9e et le Rwanda \u00e0 l'honneur' data-link='https:\/\/www.nettali.com\/2024\/11\/28\/montpellier-deux-freres-senegalais-sauvent-la-vie-dune-personne-qui-allait-se-jeter-du-7e-etage\/' class='whatsapp-button whatsapp-share'>WhatsApp<\/a><div class='clear '><\/div><\/div>","protected":false},"excerpt":{"rendered":"<p>NETTALI.COM - La 32e \u00e9dition de la Foire internationale de Dakar (FIDAK) a ouvert ses portes ce jeudi 28 novembre, sous la pr\u00e9sidence du ministre de l\u2019Industrie et du Commerce, Serigne Gu\u00e8ye Diop, en pr\u00e9sence de ses homologues de la Guin\u00e9e et du Rwanda, les pays \"invit\u00e9s d\u2019honneur\" de cette rencontre commerciale de dix-huit jours. [&hellip;]<\/p>\n","protected":false},"author":5,"featured_media":144596,"comment_status":"open","ping_status":"open","sticky":false,"template":"","format":"standard","meta":{"_et_pb_use_builder":"","_et_pb_old_content":""},"categories":[3],"tags":[],"yoast_head":"<!-- This site is optimized with the Yoast SEO Premium plugin v17.8 (Yoast SEO v17.8) - https:\/\/yoast.com\/wordpress\/plugins\/seo\/ -->\n<title>FIDAK 2024 - La Guin\u00e9e et le Rwanda \u00e0 l&#039;honneur | Nettali.com<\/title>\n<meta name=\"robots\" content=\"index, follow, max-snippet:-1, max-image-preview:large, max-video-preview:-1\" \/>\n<link rel=\"canonical\" href=\"https:\/\/www.nettali.com\/2024\/11\/28\/montpellier-deux-freres-senegalais-sauvent-la-vie-dune-personne-qui-allait-se-jeter-du-7e-etage\/\" \/>\n<meta property=\"og:locale\" content=\"fr_FR\" \/>\n<meta property=\"og:type\" content=\"article\" \/>\n<meta property=\"og:title\" content=\"FIDAK 2024 - La Guin\u00e9e et le Rwanda \u00e0 l&#039;honneur\" \/>\n<meta property=\"og:description\" content=\"NETTALI.COM - La 32e \u00e9dition de la Foire internationale de Dakar (FIDAK) a ouvert ses portes ce jeudi 28 novembre, sous la pr\u00e9sidence du ministre de l\u2019Industrie et du Commerce, Serigne Gu\u00e8ye Diop, en pr\u00e9sence de ses homologues de la Guin\u00e9e et du Rwanda, les pays &quot;invit\u00e9s d\u2019honneur&quot; de cette rencontre commerciale de dix-huit jours. [&hellip;]\" \/>\n<meta property=\"og:url\" content=\"https:\/\/www.nettali.com\/2024\/11\/28\/montpellier-deux-freres-senegalais-sauvent-la-vie-dune-personne-qui-allait-se-jeter-du-7e-etage\/\" \/>\n<meta property=\"og:site_name\" content=\"Nettali.com\" \/>\n<meta property=\"article:publisher\" content=\"https:\/\/www.facebook.com\/nettalicom\" \/>\n<meta property=\"article:published_time\" content=\"2024-11-28T20:52:18+00:00\" \/>\n<meta property=\"article:modified_time\" content=\"2024-11-30T07:21:04+00:00\" \/>\n<meta property=\"og:image\" content=\"https:\/\/www.nettali.com\/wp-content\/uploads\/2024\/11\/IMG-20241129-WA0062.jpg\" \/>\n\t<meta property=\"og:image:width\" content=\"896\" \/>\n\t<meta property=\"og:image:height\" content=\"562\" \/>\n<meta name=\"twitter:card\" content=\"summary_large_image\" \/>\n<meta name=\"twitter:label1\" content=\"\u00c9crit par\" \/>\n\t<meta name=\"twitter:data1\" content=\"Ibrahima\" \/>\n\t<meta name=\"twitter:label2\" content=\"Dur\u00e9e de lecture estim\u00e9e\" \/>\n\t<meta name=\"twitter:data2\" content=\"5 minutes\" \/>\n<script type=\"application\/ld+json\" class=\"yoast-schema-graph\">{\"@context\":\"https:\/\/schema.org\",\"@graph\":[{\"@type\":\"WebSite\",\"@id\":\"https:\/\/www.nettali.com\/#website\",\"url\":\"https:\/\/www.nettali.com\/\",\"name\":\"Nettali.com\",\"description\":\"Le rendez-vous critique du Net\",\"potentialAction\":[{\"@type\":\"SearchAction\",\"target\":{\"@type\":\"EntryPoint\",\"urlTemplate\":\"https:\/\/www.nettali.com\/?s={search_term_string}\"},\"query-input\":\"required name=search_term_string\"}],\"inLanguage\":\"fr-FR\"},{\"@type\":\"ImageObject\",\"@id\":\"https:\/\/www.nettali.com\/2024\/11\/28\/montpellier-deux-freres-senegalais-sauvent-la-vie-dune-personne-qui-allait-se-jeter-du-7e-etage\/#primaryimage\",\"inLanguage\":\"fr-FR\",\"url\":\"https:\/\/www.nettali.com\/wp-content\/uploads\/2024\/11\/IMG-20241129-WA0062.jpg\",\"contentUrl\":\"https:\/\/www.nettali.com\/wp-content\/uploads\/2024\/11\/IMG-20241129-WA0062.jpg\",\"width\":896,\"height\":562},{\"@type\":\"WebPage\",\"@id\":\"https:\/\/www.nettali.com\/2024\/11\/28\/montpellier-deux-freres-senegalais-sauvent-la-vie-dune-personne-qui-allait-se-jeter-du-7e-etage\/#webpage\",\"url\":\"https:\/\/www.nettali.com\/2024\/11\/28\/montpellier-deux-freres-senegalais-sauvent-la-vie-dune-personne-qui-allait-se-jeter-du-7e-etage\/\",\"name\":\"FIDAK 2024 - La Guin\\u00e9e et le Rwanda \\u00e0 l'honneur | Nettali.com\",\"isPartOf\":{\"@id\":\"https:\/\/www.nettali.com\/#website\"},\"primaryImageOfPage\":{\"@id\":\"https:\/\/www.nettali.com\/2024\/11\/28\/montpellier-deux-freres-senegalais-sauvent-la-vie-dune-personne-qui-allait-se-jeter-du-7e-etage\/#primaryimage\"},\"datePublished\":\"2024-11-28T20:52:18+00:00\",\"dateModified\":\"2024-11-30T07:21:04+00:00\",\"author\":{\"@id\":\"https:\/\/www.nettali.com\/#\/schema\/person\/bb147657c2986240405a608162b9bb23\"},\"breadcrumb\":{\"@id\":\"https:\/\/www.nettali.com\/2024\/11\/28\/montpellier-deux-freres-senegalais-sauvent-la-vie-dune-personne-qui-allait-se-jeter-du-7e-etage\/#breadcrumb\"},\"inLanguage\":\"fr-FR\",\"potentialAction\":[{\"@type\":\"ReadAction\",\"target\":[\"https:\/\/www.nettali.com\/2024\/11\/28\/montpellier-deux-freres-senegalais-sauvent-la-vie-dune-personne-qui-allait-se-jeter-du-7e-etage\/\"]}]},{\"@type\":\"BreadcrumbList\",\"@id\":\"https:\/\/www.nettali.com\/2024\/11\/28\/montpellier-deux-freres-senegalais-sauvent-la-vie-dune-personne-qui-allait-se-jeter-du-7e-etage\/#breadcrumb\",\"itemListElement\":[{\"@type\":\"ListItem\",\"position\":1,\"name\":\"Accueil\",\"item\":\"https:\/\/www.nettali.com\/\"},{\"@type\":\"ListItem\",\"position\":2,\"name\":\"FIDAK 2024 - La Guin\\u00e9e et le Rwanda \\u00e0 l'honneur\"}]},{\"@type\":\"Person\",\"@id\":\"https:\/\/www.nettali.com\/#\/schema\/person\/bb147657c2986240405a608162b9bb23\",\"name\":\"Ibrahima\",\"image\":{\"@type\":\"ImageObject\",\"@id\":\"https:\/\/www.nettali.com\/#personlogo\",\"inLanguage\":\"fr-FR\",\"url\":\"https:\/\/secure.gravatar.com\/avatar\/26a8a81f09f0dd7624c9d5c36c9ba3a2?s=96&d=mm&r=g\",\"contentUrl\":\"https:\/\/secure.gravatar.com\/avatar\/26a8a81f09f0dd7624c9d5c36c9ba3a2?s=96&d=mm&r=g\",\"caption\":\"Ibrahima\"},\"sameAs\":[\"https:\/\/www.nettali.com\"]}]}<\/script>\n<!-- \/ Yoast SEO Premium plugin. -->","yoast_head_json":{"title":"FIDAK 2024 - La Guin\u00e9e et le Rwanda \u00e0 l'honneur | Nettali.com","robots":{"index":"index","follow":"follow","max-snippet":"max-snippet:-1","max-image-preview":"max-image-preview:large","max-video-preview":"max-video-preview:-1"},"canonical":"https:\/\/www.nettali.com\/2024\/11\/28\/montpellier-deux-freres-senegalais-sauvent-la-vie-dune-personne-qui-allait-se-jeter-du-7e-etage\/","og_locale":"fr_FR","og_type":"article","og_title":"FIDAK 2024 - La Guin\u00e9e et le Rwanda \u00e0 l'honneur","og_description":"NETTALI.COM - La 32e \u00e9dition de la Foire internationale de Dakar (FIDAK) a ouvert ses portes ce jeudi 28 novembre, sous la pr\u00e9sidence du ministre de l\u2019Industrie et du Commerce, Serigne Gu\u00e8ye Diop, en pr\u00e9sence de ses homologues de la Guin\u00e9e et du Rwanda, les pays \"invit\u00e9s d\u2019honneur\" de cette rencontre commerciale de dix-huit jours. [&hellip;]","og_url":"https:\/\/www.nettali.com\/2024\/11\/28\/montpellier-deux-freres-senegalais-sauvent-la-vie-dune-personne-qui-allait-se-jeter-du-7e-etage\/","og_site_name":"Nettali.com","article_publisher":"https:\/\/www.facebook.com\/nettalicom","article_published_time":"2024-11-28T20:52:18+00:00","article_modified_time":"2024-11-30T07:21:04+00:00","og_image":[{"width":896,"height":562,"url":"https:\/\/www.nettali.com\/wp-content\/uploads\/2024\/11\/IMG-20241129-WA0062.jpg","type":"image\/jpeg"}],"twitter_card":"summary_large_image","twitter_misc":{"\u00c9crit par":"Ibrahima","Dur\u00e9e de lecture estim\u00e9e":"5 minutes"},"schema":{"@context":"https:\/\/schema.org","@graph":[{"@type":"WebSite","@id":"https:\/\/www.nettali.com\/#website","url":"https:\/\/www.nettali.com\/","name":"Nettali.com","description":"Le rendez-vous critique du Net","potentialAction":[{"@type":"SearchAction","target":{"@type":"EntryPoint","urlTemplate":"https:\/\/www.nettali.com\/?s={search_term_string}"},"query-input":"required name=search_term_string"}],"inLanguage":"fr-FR"},{"@type":"ImageObject","@id":"https:\/\/www.nettali.com\/2024\/11\/28\/montpellier-deux-freres-senegalais-sauvent-la-vie-dune-personne-qui-allait-se-jeter-du-7e-etage\/#primaryimage","inLanguage":"fr-FR","url":"https:\/\/www.nettali.com\/wp-content\/uploads\/2024\/11\/IMG-20241129-WA0062.jpg","contentUrl":"https:\/\/www.nettali.com\/wp-content\/uploads\/2024\/11\/IMG-20241129-WA0062.jpg","width":896,"height":562},{"@type":"WebPage","@id":"https:\/\/www.nettali.com\/2024\/11\/28\/montpellier-deux-freres-senegalais-sauvent-la-vie-dune-personne-qui-allait-se-jeter-du-7e-etage\/#webpage","url":"https:\/\/www.nettali.com\/2024\/11\/28\/montpellier-deux-freres-senegalais-sauvent-la-vie-dune-personne-qui-allait-se-jeter-du-7e-etage\/","name":"FIDAK 2024 - La Guin\u00e9e et le Rwanda \u00e0 l'honneur | Nettali.com","isPartOf":{"@id":"https:\/\/www.nettali.com\/#website"},"primaryImageOfPage":{"@id":"https:\/\/www.nettali.com\/2024\/11\/28\/montpellier-deux-freres-senegalais-sauvent-la-vie-dune-personne-qui-allait-se-jeter-du-7e-etage\/#primaryimage"},"datePublished":"2024-11-28T20:52:18+00:00","dateModified":"2024-11-30T07:21:04+00:00","author":{"@id":"https:\/\/www.nettali.com\/#\/schema\/person\/bb147657c2986240405a608162b9bb23"},"breadcrumb":{"@id":"https:\/\/www.nettali.com\/2024\/11\/28\/montpellier-deux-freres-senegalais-sauvent-la-vie-dune-personne-qui-allait-se-jeter-du-7e-etage\/#breadcrumb"},"inLanguage":"fr-FR","potentialAction":[{"@type":"ReadAction","target":["https:\/\/www.nettali.com\/2024\/11\/28\/montpellier-deux-freres-senegalais-sauvent-la-vie-dune-personne-qui-allait-se-jeter-du-7e-etage\/"]}]},{"@type":"BreadcrumbList","@id":"https:\/\/www.nettali.com\/2024\/11\/28\/montpellier-deux-freres-senegalais-sauvent-la-vie-dune-personne-qui-allait-se-jeter-du-7e-etage\/#breadcrumb","itemListElement":[{"@type":"ListItem","position":1,"name":"Accueil","item":"https:\/\/www.nettali.com\/"},{"@type":"ListItem","position":2,"name":"FIDAK 2024 - La Guin\u00e9e et le Rwanda \u00e0 l'honneur"}]},{"@type":"Person","@id":"https:\/\/www.nettali.com\/#\/schema\/person\/bb147657c2986240405a608162b9bb23","name":"Ibrahima","image":{"@type":"ImageObject","@id":"https:\/\/www.nettali.com\/#personlogo","inLanguage":"fr-FR","url":"https:\/\/secure.gravatar.com\/avatar\/26a8a81f09f0dd7624c9d5c36c9ba3a2?s=96&d=mm&r=g","contentUrl":"https:\/\/secure.gravatar.com\/avatar\/26a8a81f09f0dd7624c9d5c36c9ba3a2?s=96&d=mm&r=g","caption":"Ibrahima"},"sameAs":["https:\/\/www.nettali.com"]}]}},"_links":{"self":[{"href":"https:\/\/www.nettali.com\/rest\/wp\/v2\/posts\/144553"}],"collection":[{"href":"https:\/\/www.nettali.com\/rest\/wp\/v2\/posts"}],"about":[{"href":"https:\/\/www.nettali.com\/rest\/wp\/v2\/types\/post"}],"author":[{"embeddable":true,"href":"https:\/\/www.nettali.com\/rest\/wp\/v2\/users\/5"}],"replies":[{"embeddable":true,"href":"https:\/\/www.nettali.com\/rest\/wp\/v2\/comments?post=144553"}],"version-history":[{"count":6,"href":"https:\/\/www.nettali.com\/rest\/wp\/v2\/posts\/144553\/revisions"}],"predecessor-version":[{"id":144606,"href":"https:\/\/www.nettali.com\/rest\/wp\/v2\/posts\/144553\/revisions\/144606"}],"wp:featuredmedia":[{"embeddable":true,"href":"https:\/\/www.nettali.com\/rest\/wp\/v2\/media\/144596"}],"wp:attachment":[{"href":"https:\/\/www.nettali.com\/rest\/wp\/v2\/media?parent=144553"}],"wp:term":[{"taxonomy":"category","embeddable":true,"href":"https:\/\/www.nettali.com\/rest\/wp\/v2\/categories?post=144553"},{"taxonomy":"post_tag","embeddable":true,"href":"https:\/\/www.nettali.com\/rest\/wp\/v2\/tags?post=144553"}],"curies":[{"name":"wp","href":"https:\/\/api.w.org\/{rel}","templated":true}]}}