{"id":144473,"date":"2024-11-27T08:35:00","date_gmt":"2024-11-27T08:35:00","guid":{"rendered":"https:\/\/www.nettali.com\/?p=144473"},"modified":"2024-11-28T07:19:00","modified_gmt":"2024-11-28T07:19:00","slug":"campagne-agricole-le-premier-ministre-annonce-cinq-decisions-structurelles-importantes","status":"publish","type":"post","link":"https:\/\/www.nettali.com\/2024\/11\/27\/campagne-agricole-le-premier-ministre-annonce-cinq-decisions-structurelles-importantes\/","title":{"rendered":"CAMPAGNE AGRICOLE - Le Premier ministre annonce cinq d\u00e9cisions structurelles importantes"},"content":{"rendered":"<p><strong>NETTALI.COM -\u00a0 C'est \u00e0 travers une r\u00e9union interminist\u00e9rielle que le gouvernement du S\u00e9n\u00e9gal, dirig\u00e9 par le Premier ministre Ousmane Sonko, a fix\u00e9 le prix de la production de certaines cultures vivri\u00e8res, dans le cadre de la campagne agricole de cette ann\u00e9e. Il a profit\u00e9 de cette occasion pour d\u00e9cliner des orientations fortes pour cette campagne agricole.<\/strong><\/p>\n<p>La campagne agricole de cette saison d\u00e9marre avec des mesures phares prises par le gouvernement du S\u00e9n\u00e9gal. En effet, \u00e0 l'issue de la r\u00e9union interminist\u00e9rielle pr\u00e9sid\u00e9e hier par le Premier ministre, des d\u00e9cisions importantes ont \u00e9t\u00e9 prises concernant la commercialisation des produits issus de la saison hivernale de cette ann\u00e9e. Il s'agit de cinq d\u00e9cisions structurelles majeures prises par le chef du gouvernement : l'interdiction d'exporter des graines \u00e0 valeur semenci\u00e8re, la reconstitution prioritaire du capital semencier arachidier, le renforcement des capacit\u00e9s d'irrigation depuis le fleuve S\u00e9n\u00e9gal, l'engagement pour l'apurement des dettes de l'\u00c9tat envers les op\u00e9rateurs et la vulgarisation des polices d'assurance agricole subventionn\u00e9es. Ces d\u00e9cisions sont accompagn\u00e9es par la fixation du prix de l'arachide pour cette ann\u00e9e.<\/p>\n<p>Dans ce sens, indique le Premier ministre, \u201c<em>j\u2019engage le ministre de l\u2019Agriculture, de la Souverainet\u00e9 alimentaire et de l\u2019\u00c9levage, le ministre de l\u2019Industrie et du Commerce, en rapport avec le ministre des Finances et du Budget, \u00e0 prendre les mesures n\u00e9cessaires pour le d\u00e9marrage des op\u00e9rations de collecte de l\u2019arachide \u00e0 partir du 5 d\u00e9cembre 2024 et \u00e0 garantir l\u2019application rigoureuse du prix plancher de 305 F CFA par kilogramme<\/em>\u201d, soit une hausse de 25 F CFA par rapport aux prix appliqu\u00e9s l'ann\u00e9e derni\u00e8re.<\/p>\n<p>Dans cette perspective, il a enjoint le ministre de l\u2019Agriculture, de la Souverainet\u00e9 alimentaire et de l\u2019\u00c9levage \u00e0 veiller \u201c<em>\u00e0 l\u2019identification et \u00e0 la r\u00e9habilitation en urgence des points de collecte prioritaires pour garantir une gestion efficace des op\u00e9rations d\u2019achat\/vente d\u2019arachide, \u00e0 la facilitation du financement de la dotation \u00e0 cr\u00e9dit de 750 appareils de cribles aux points de collecte, afin d\u2019assurer le bon fonctionnement desdits points avant le d\u00e9marrage de la campagne et \u00e0 d\u00e9marrer une \u00e9tude relative aux modalit\u00e9s d\u2019assujettissement de l\u2019acc\u00e8s aux subventions en semences et engrais \u00e0 la vente des r\u00e9coltes au niveau des points officiels de collecte<\/em>\u201d.<\/p>\n<p>Par ailleurs, le Premier ministre a exprim\u00e9 sa volont\u00e9 de s\u00e9curiser la production agricole contre les exportateurs clandestins. Dans ce sens, il a donn\u00e9 sa ferme volont\u00e9 de renforcer les fronti\u00e8res contre ce fl\u00e9au. \u201c<em>J\u2019engage le ministre des Forces arm\u00e9es et le ministre de l\u2019Int\u00e9rieur et de la S\u00e9curit\u00e9 publique \u00e0 renforcer la surveillance de nos fronti\u00e8res, pour \u00e9viter la fuite des graines d\u2019arachides vers les pays limitrophes<\/em>\u201d, a d\u00e9clar\u00e9 le PM.<\/p>\n<p>Dans la m\u00eame mouvance, il a interpell\u00e9 le ministre de l\u2019Agriculture, de la Souverainet\u00e9 alimentaire et de l\u2019\u00c9levage, le ministre de l\u2019Industrie et du Commerce, et le ministre des Finances et du Budget pour que ces derniers puissent \u201c<em>prendre les dispositions n\u00e9cessaires pour garantir le bon d\u00e9roulement de la campagne de commercialisation agricole. \u00c0 cet effet, je les invite \u00e0 mettre en place un dispositif privil\u00e9giant la collecte des graines par les op\u00e9rateurs et les huiliers avant toute autorisation \u00e0 l\u2019exportation<\/em>\u201d.<\/p>\n<p>Mieux, poursuit Ousmane Sonko, \u201c<em>j'engage le ministre de l\u2019Industrie et du Commerce \u00e0 veiller \u00e0 ce que les industriels et exportateurs s\u2019astreignent \u00e0 effectuer les achats au niveau des points de collecte officiels, pour garantir la transparence et la tra\u00e7abilit\u00e9 des transactions dans la fili\u00e8re arachidi\u00e8re<\/em>\u201d.<\/p>\n<p>Le Premier ministre a \u00e9galement f\u00e9licit\u00e9 \u201cl<em>e ministre de l\u2019Agriculture, de la Souverainet\u00e9 alimentaire et de l\u2019\u00c9levage et les acteurs de la fili\u00e8re, notamment le CNIA, pour les r\u00e9flexions engag\u00e9es d\u00e8s cette pr\u00e9sente campagne pour ajuster le mod\u00e8le de calcul du prix plancher de l\u2019arachide bas\u00e9 sur des variables plus repr\u00e9sentatives des r\u00e9alit\u00e9s \u00e9conomiques actuelles, assurant une prise en compte \u00e9quitable des co\u00fbts et des revenus des producteurs, tout en garantissant la durabilit\u00e9 \u00e9conomique de la fili\u00e8re<\/em>\u201d.<\/p>\n<p>\u00c0 en croire le Premier ministre, cette ann\u00e9e, le gouvernement a d\u00e9gag\u00e9 \u201c<em>un budget record de 120 milliards de francs CFA au titre des subventions sur les intrants agricoles pour la campagne de production agricole 2024 et des efforts substantiels d\u00e9ploy\u00e9s par l\u2019\u00c9tat pour le paiement des arri\u00e9r\u00e9s des campagnes agricoles 2021, 2022 et 2023, pour un montant total de 74 milliards de francs CFA<\/em>\u201d.<\/p>\n<p>Pour ce qui concerne l'anacarde, Ousmane Sonko a renseign\u00e9 que le gouvernement du S\u00e9n\u00e9gal a mobilis\u00e9 \u201ccinq milliards de francs CFA additionnels au niveau des banques pour la campagne de commercialisation de l'anacarde\u201d. De plus, continue M. Sonko, il y a une \u201c<em>ligne de garantie de cinq milliards pr\u00e9vue par le Fongip<\/em>\u201d. Tout cela est soutenu par une \u201c<em>mobilisation de ressources financi\u00e8res pour la Sonacos<\/em>\u201d pour la r\u00e9ussite de la campagne agricole 2024.<\/p>\n<div class='share-to-whatsapp-wrapper'><div class='share-on-whsp'>PARTAGER SUR : <\/div><a data-text='CAMPAGNE AGRICOLE - Le Premier ministre annonce cinq d\u00e9cisions structurelles importantes' data-link='https:\/\/www.nettali.com\/2024\/11\/27\/campagne-agricole-le-premier-ministre-annonce-cinq-decisions-structurelles-importantes\/' class='whatsapp-button whatsapp-share'>WhatsApp<\/a><div class='clear '><\/div><\/div>","protected":false},"excerpt":{"rendered":"<p>NETTALI.COM -\u00a0 C'est \u00e0 travers une r\u00e9union interminist\u00e9rielle que le gouvernement du S\u00e9n\u00e9gal, dirig\u00e9 par le Premier ministre Ousmane Sonko, a fix\u00e9 le prix de la production de certaines cultures vivri\u00e8res, dans le cadre de la campagne agricole de cette ann\u00e9e. Il a profit\u00e9 de cette occasion pour d\u00e9cliner des orientations fortes pour cette campagne [&hellip;]<\/p>\n","protected":false},"author":2,"featured_media":144475,"comment_status":"open","ping_status":"open","sticky":false,"template":"","format":"standard","meta":{"_et_pb_use_builder":"","_et_pb_old_content":""},"categories":[4],"tags":[],"yoast_head":"<!-- This site is optimized with the Yoast SEO Premium plugin v17.8 (Yoast SEO v17.8) - https:\/\/yoast.com\/wordpress\/plugins\/seo\/ -->\n<title>CAMPAGNE AGRICOLE - Le Premier ministre annonce cinq d\u00e9cisions structurelles importantes | Nettali.com<\/title>\n<meta name=\"robots\" content=\"index, follow, max-snippet:-1, max-image-preview:large, max-video-preview:-1\" \/>\n<link rel=\"canonical\" href=\"https:\/\/www.nettali.com\/2024\/11\/27\/campagne-agricole-le-premier-ministre-annonce-cinq-decisions-structurelles-importantes\/\" \/>\n<meta property=\"og:locale\" content=\"fr_FR\" \/>\n<meta property=\"og:type\" content=\"article\" \/>\n<meta property=\"og:title\" content=\"CAMPAGNE AGRICOLE - Le Premier ministre annonce cinq d\u00e9cisions structurelles importantes\" \/>\n<meta property=\"og:description\" content=\"NETTALI.COM -\u00a0 C&#039;est \u00e0 travers une r\u00e9union interminist\u00e9rielle que le gouvernement du S\u00e9n\u00e9gal, dirig\u00e9 par le Premier ministre Ousmane Sonko, a fix\u00e9 le prix de la production de certaines cultures vivri\u00e8res, dans le cadre de la campagne agricole de cette ann\u00e9e. Il a profit\u00e9 de cette occasion pour d\u00e9cliner des orientations fortes pour cette campagne [&hellip;]\" \/>\n<meta property=\"og:url\" content=\"https:\/\/www.nettali.com\/2024\/11\/27\/campagne-agricole-le-premier-ministre-annonce-cinq-decisions-structurelles-importantes\/\" \/>\n<meta property=\"og:site_name\" content=\"Nettali.com\" \/>\n<meta property=\"article:publisher\" content=\"https:\/\/www.facebook.com\/nettalicom\" \/>\n<meta property=\"article:published_time\" content=\"2024-11-27T08:35:00+00:00\" \/>\n<meta property=\"article:modified_time\" content=\"2024-11-28T07:19:00+00:00\" \/>\n<meta property=\"og:image\" content=\"https:\/\/www.nettali.com\/wp-content\/uploads\/2024\/11\/WhatsApp-Image-2024-05-03-at-17.58.16.jpeg\" \/>\n\t<meta property=\"og:image:width\" content=\"2560\" \/>\n\t<meta property=\"og:image:height\" content=\"1706\" \/>\n<meta name=\"twitter:card\" content=\"summary_large_image\" \/>\n<meta name=\"twitter:label1\" content=\"\u00c9crit par\" \/>\n\t<meta name=\"twitter:data1\" content=\"CK\" \/>\n\t<meta name=\"twitter:label2\" content=\"Dur\u00e9e de lecture estim\u00e9e\" \/>\n\t<meta name=\"twitter:data2\" content=\"4 minutes\" \/>\n<script type=\"application\/ld+json\" class=\"yoast-schema-graph\">{\"@context\":\"https:\/\/schema.org\",\"@graph\":[{\"@type\":\"WebSite\",\"@id\":\"https:\/\/www.nettali.com\/#website\",\"url\":\"https:\/\/www.nettali.com\/\",\"name\":\"Nettali.com\",\"description\":\"Le rendez-vous critique du Net\",\"potentialAction\":[{\"@type\":\"SearchAction\",\"target\":{\"@type\":\"EntryPoint\",\"urlTemplate\":\"https:\/\/www.nettali.com\/?s={search_term_string}\"},\"query-input\":\"required name=search_term_string\"}],\"inLanguage\":\"fr-FR\"},{\"@type\":\"ImageObject\",\"@id\":\"https:\/\/www.nettali.com\/2024\/11\/27\/campagne-agricole-le-premier-ministre-annonce-cinq-decisions-structurelles-importantes\/#primaryimage\",\"inLanguage\":\"fr-FR\",\"url\":\"https:\/\/www.nettali.com\/wp-content\/uploads\/2024\/11\/WhatsApp-Image-2024-05-03-at-17.58.16.jpeg\",\"contentUrl\":\"https:\/\/www.nettali.com\/wp-content\/uploads\/2024\/11\/WhatsApp-Image-2024-05-03-at-17.58.16.jpeg\",\"width\":2560,\"height\":1706},{\"@type\":\"WebPage\",\"@id\":\"https:\/\/www.nettali.com\/2024\/11\/27\/campagne-agricole-le-premier-ministre-annonce-cinq-decisions-structurelles-importantes\/#webpage\",\"url\":\"https:\/\/www.nettali.com\/2024\/11\/27\/campagne-agricole-le-premier-ministre-annonce-cinq-decisions-structurelles-importantes\/\",\"name\":\"CAMPAGNE AGRICOLE - Le Premier ministre annonce cinq d\\u00e9cisions structurelles importantes | Nettali.com\",\"isPartOf\":{\"@id\":\"https:\/\/www.nettali.com\/#website\"},\"primaryImageOfPage\":{\"@id\":\"https:\/\/www.nettali.com\/2024\/11\/27\/campagne-agricole-le-premier-ministre-annonce-cinq-decisions-structurelles-importantes\/#primaryimage\"},\"datePublished\":\"2024-11-27T08:35:00+00:00\",\"dateModified\":\"2024-11-28T07:19:00+00:00\",\"author\":{\"@id\":\"https:\/\/www.nettali.com\/#\/schema\/person\/d8ac7b7e27ddad43f1c0d2ef090d7f71\"},\"breadcrumb\":{\"@id\":\"https:\/\/www.nettali.com\/2024\/11\/27\/campagne-agricole-le-premier-ministre-annonce-cinq-decisions-structurelles-importantes\/#breadcrumb\"},\"inLanguage\":\"fr-FR\",\"potentialAction\":[{\"@type\":\"ReadAction\",\"target\":[\"https:\/\/www.nettali.com\/2024\/11\/27\/campagne-agricole-le-premier-ministre-annonce-cinq-decisions-structurelles-importantes\/\"]}]},{\"@type\":\"BreadcrumbList\",\"@id\":\"https:\/\/www.nettali.com\/2024\/11\/27\/campagne-agricole-le-premier-ministre-annonce-cinq-decisions-structurelles-importantes\/#breadcrumb\",\"itemListElement\":[{\"@type\":\"ListItem\",\"position\":1,\"name\":\"Accueil\",\"item\":\"https:\/\/www.nettali.com\/\"},{\"@type\":\"ListItem\",\"position\":2,\"name\":\"CAMPAGNE AGRICOLE - Le Premier ministre annonce cinq d\\u00e9cisions structurelles importantes\"}]},{\"@type\":\"Person\",\"@id\":\"https:\/\/www.nettali.com\/#\/schema\/person\/d8ac7b7e27ddad43f1c0d2ef090d7f71\",\"name\":\"CK\",\"image\":{\"@type\":\"ImageObject\",\"@id\":\"https:\/\/www.nettali.com\/#personlogo\",\"inLanguage\":\"fr-FR\",\"url\":\"https:\/\/secure.gravatar.com\/avatar\/1d8d5118b9327d94da7cd4ce7f17fec2?s=96&d=mm&r=g\",\"contentUrl\":\"https:\/\/secure.gravatar.com\/avatar\/1d8d5118b9327d94da7cd4ce7f17fec2?s=96&d=mm&r=g\",\"caption\":\"CK\"},\"sameAs\":[\"https:\/\/www.nettali.com\"]}]}<\/script>\n<!-- \/ Yoast SEO Premium plugin. -->","yoast_head_json":{"title":"CAMPAGNE AGRICOLE - Le Premier ministre annonce cinq d\u00e9cisions structurelles importantes | Nettali.com","robots":{"index":"index","follow":"follow","max-snippet":"max-snippet:-1","max-image-preview":"max-image-preview:large","max-video-preview":"max-video-preview:-1"},"canonical":"https:\/\/www.nettali.com\/2024\/11\/27\/campagne-agricole-le-premier-ministre-annonce-cinq-decisions-structurelles-importantes\/","og_locale":"fr_FR","og_type":"article","og_title":"CAMPAGNE AGRICOLE - Le Premier ministre annonce cinq d\u00e9cisions structurelles importantes","og_description":"NETTALI.COM -\u00a0 C'est \u00e0 travers une r\u00e9union interminist\u00e9rielle que le gouvernement du S\u00e9n\u00e9gal, dirig\u00e9 par le Premier ministre Ousmane Sonko, a fix\u00e9 le prix de la production de certaines cultures vivri\u00e8res, dans le cadre de la campagne agricole de cette ann\u00e9e. Il a profit\u00e9 de cette occasion pour d\u00e9cliner des orientations fortes pour cette campagne [&hellip;]","og_url":"https:\/\/www.nettali.com\/2024\/11\/27\/campagne-agricole-le-premier-ministre-annonce-cinq-decisions-structurelles-importantes\/","og_site_name":"Nettali.com","article_publisher":"https:\/\/www.facebook.com\/nettalicom","article_published_time":"2024-11-27T08:35:00+00:00","article_modified_time":"2024-11-28T07:19:00+00:00","og_image":[{"width":2560,"height":1706,"url":"https:\/\/www.nettali.com\/wp-content\/uploads\/2024\/11\/WhatsApp-Image-2024-05-03-at-17.58.16.jpeg","type":"image\/jpeg"}],"twitter_card":"summary_large_image","twitter_misc":{"\u00c9crit par":"CK","Dur\u00e9e de lecture estim\u00e9e":"4 minutes"},"schema":{"@context":"https:\/\/schema.org","@graph":[{"@type":"WebSite","@id":"https:\/\/www.nettali.com\/#website","url":"https:\/\/www.nettali.com\/","name":"Nettali.com","description":"Le rendez-vous critique du Net","potentialAction":[{"@type":"SearchAction","target":{"@type":"EntryPoint","urlTemplate":"https:\/\/www.nettali.com\/?s={search_term_string}"},"query-input":"required name=search_term_string"}],"inLanguage":"fr-FR"},{"@type":"ImageObject","@id":"https:\/\/www.nettali.com\/2024\/11\/27\/campagne-agricole-le-premier-ministre-annonce-cinq-decisions-structurelles-importantes\/#primaryimage","inLanguage":"fr-FR","url":"https:\/\/www.nettali.com\/wp-content\/uploads\/2024\/11\/WhatsApp-Image-2024-05-03-at-17.58.16.jpeg","contentUrl":"https:\/\/www.nettali.com\/wp-content\/uploads\/2024\/11\/WhatsApp-Image-2024-05-03-at-17.58.16.jpeg","width":2560,"height":1706},{"@type":"WebPage","@id":"https:\/\/www.nettali.com\/2024\/11\/27\/campagne-agricole-le-premier-ministre-annonce-cinq-decisions-structurelles-importantes\/#webpage","url":"https:\/\/www.nettali.com\/2024\/11\/27\/campagne-agricole-le-premier-ministre-annonce-cinq-decisions-structurelles-importantes\/","name":"CAMPAGNE AGRICOLE - Le Premier ministre annonce cinq d\u00e9cisions structurelles importantes | Nettali.com","isPartOf":{"@id":"https:\/\/www.nettali.com\/#website"},"primaryImageOfPage":{"@id":"https:\/\/www.nettali.com\/2024\/11\/27\/campagne-agricole-le-premier-ministre-annonce-cinq-decisions-structurelles-importantes\/#primaryimage"},"datePublished":"2024-11-27T08:35:00+00:00","dateModified":"2024-11-28T07:19:00+00:00","author":{"@id":"https:\/\/www.nettali.com\/#\/schema\/person\/d8ac7b7e27ddad43f1c0d2ef090d7f71"},"breadcrumb":{"@id":"https:\/\/www.nettali.com\/2024\/11\/27\/campagne-agricole-le-premier-ministre-annonce-cinq-decisions-structurelles-importantes\/#breadcrumb"},"inLanguage":"fr-FR","potentialAction":[{"@type":"ReadAction","target":["https:\/\/www.nettali.com\/2024\/11\/27\/campagne-agricole-le-premier-ministre-annonce-cinq-decisions-structurelles-importantes\/"]}]},{"@type":"BreadcrumbList","@id":"https:\/\/www.nettali.com\/2024\/11\/27\/campagne-agricole-le-premier-ministre-annonce-cinq-decisions-structurelles-importantes\/#breadcrumb","itemListElement":[{"@type":"ListItem","position":1,"name":"Accueil","item":"https:\/\/www.nettali.com\/"},{"@type":"ListItem","position":2,"name":"CAMPAGNE AGRICOLE - Le Premier ministre annonce cinq d\u00e9cisions structurelles importantes"}]},{"@type":"Person","@id":"https:\/\/www.nettali.com\/#\/schema\/person\/d8ac7b7e27ddad43f1c0d2ef090d7f71","name":"CK","image":{"@type":"ImageObject","@id":"https:\/\/www.nettali.com\/#personlogo","inLanguage":"fr-FR","url":"https:\/\/secure.gravatar.com\/avatar\/1d8d5118b9327d94da7cd4ce7f17fec2?s=96&d=mm&r=g","contentUrl":"https:\/\/secure.gravatar.com\/avatar\/1d8d5118b9327d94da7cd4ce7f17fec2?s=96&d=mm&r=g","caption":"CK"},"sameAs":["https:\/\/www.nettali.com"]}]}},"_links":{"self":[{"href":"https:\/\/www.nettali.com\/rest\/wp\/v2\/posts\/144473"}],"collection":[{"href":"https:\/\/www.nettali.com\/rest\/wp\/v2\/posts"}],"about":[{"href":"https:\/\/www.nettali.com\/rest\/wp\/v2\/types\/post"}],"author":[{"embeddable":true,"href":"https:\/\/www.nettali.com\/rest\/wp\/v2\/users\/2"}],"replies":[{"embeddable":true,"href":"https:\/\/www.nettali.com\/rest\/wp\/v2\/comments?post=144473"}],"version-history":[{"count":1,"href":"https:\/\/www.nettali.com\/rest\/wp\/v2\/posts\/144473\/revisions"}],"predecessor-version":[{"id":144476,"href":"https:\/\/www.nettali.com\/rest\/wp\/v2\/posts\/144473\/revisions\/144476"}],"wp:featuredmedia":[{"embeddable":true,"href":"https:\/\/www.nettali.com\/rest\/wp\/v2\/media\/144475"}],"wp:attachment":[{"href":"https:\/\/www.nettali.com\/rest\/wp\/v2\/media?parent=144473"}],"wp:term":[{"taxonomy":"category","embeddable":true,"href":"https:\/\/www.nettali.com\/rest\/wp\/v2\/categories?post=144473"},{"taxonomy":"post_tag","embeddable":true,"href":"https:\/\/www.nettali.com\/rest\/wp\/v2\/tags?post=144473"}],"curies":[{"name":"wp","href":"https:\/\/api.w.org\/{rel}","templated":true}]}}