{"id":144309,"date":"2024-11-24T18:08:00","date_gmt":"2024-11-24T18:08:00","guid":{"rendered":"https:\/\/www.nettali.com\/?p=144309"},"modified":"2024-11-24T18:08:00","modified_gmt":"2024-11-24T18:08:00","slug":"arrestations-de-moustapha-diakhate-et-du-journaliste-adama-gaye-le-president-de-la-lsdh-alassane-seck-appelle-a-la-responsabilite","status":"publish","type":"post","link":"https:\/\/www.nettali.com\/2024\/11\/24\/arrestations-de-moustapha-diakhate-et-du-journaliste-adama-gaye-le-president-de-la-lsdh-alassane-seck-appelle-a-la-responsabilite\/","title":{"rendered":"ARRESTATIONS DE MOUSTAPHA DIAKHATE ET DU JOURNALISTE ADAMA GAYE - Le pr\u00e9sident de la Lsdh Alassane Seck appelle \u00e0 la responsabilit\u00e9"},"content":{"rendered":"<p><strong>NETTALI.COM- La garde-\u00e0-vue du journaliste Adama Gaye et de Moustapha Diakhate continue de faire pol\u00e9mique. Invit\u00e9 de l\u2019\u00e9mission jury du dimanche sur la 90.3, le pr\u00e9sident de la Ligue s\u00e9n\u00e9galaise des droits humains (Lsdh), Alassane Seck est d\u2019avis que \u0301les leaders d\u2019opinion doivent assumer leurs propos .<\/strong><\/p>\n<p>Au moment o\u00f9 certains d\u00e9crient les arrestations de Moustapha Diakhate et de Adama Gaye, Alassane Seck, pr\u00e9sident de la Ligue s\u00e9n\u00e9galaise des droits humains (Lsdh), semble plut\u00f4t les charger. Le\u00a0 membre du collectif des organisations de la soci\u00e9t\u00e9 civile pour les \u00e9lections, a jug\u00e9 tr\u00e8s graves les propos du journaliste Adama Gaye. \u00ab<em> Il faudrait que chacun assume ses responsabilit\u00e9s. Il s\u2019agit de deux cas diff\u00e9rents \u00e0 savoir la libert\u00e9 d\u2019expression et le manque de responsabilit\u00e9s. Quand quelqu'un dit quelqu\u2019un a \u00e9t\u00e9 tu\u00e9 \u00e0 plus forte raison un ministre de la R\u00e9publique avec autant de libert\u00e9 de fa\u00e7on p\u00e9remptoire, c\u2019est tr\u00e8s grave<\/em> \u00bb, soutient-il \u00e0 l'\u00e9mission Jury du dimanche.<\/p>\n<p>Pour le cas de Moustapha Diakhat\u00e9, il estime que personne n\u2019a le droit d\u2019apostropher des \u00e9lecteurs.<br \/>\n\u00ab <em>Comment vous pouvez imaginer que vous respectez votre conviction d'aller \u00e0 gauche, que moi je n'ai pas le droit d'aller \u00e0 droite ? . Quand j'entends \u00e7a avec la forme, c'est totalement scandaleux. Une personne qui a de l'exp\u00e9rience politique, qui a l'\u00e2ge politique, qui a l'\u00e2ge m\u00eame \u00e0 la limite d\u2019un S\u00e9n\u00e9galais lambda lancer des insultes sur quelqu'un, pour nous c'est irresponsable<\/em> \u00bb, tranche Alassane Seck.<\/p>\n<p>Aussi, le militant des droits humains incite-t-il \u00e0 la responsabilit\u00e9. \u00ab<em> Il faut r\u00e9fl\u00e9chir avant de raconter n\u2019importe quoi. Il faut \u00eatre responsable. J\u2019insiste, il faut \u00eatre responsable. Chaque mot que vous dites en public, vous devez l'assumer<\/em> \u00bb, a-t-il insist\u00e9.<\/p>\n<p>Il invite par ailleurs les autorit\u00e9s \u00e0 acc\u00e9l\u00e9rer la mise en \u0153uvre des r\u00e9formes issues des assises de la justice mais en attendant, il demande aux gens d\u2019accepter ce qui se passe depuis 1960.<\/p>\n<p>Par ailleurs, le pr\u00e9sident de la Lsdh a d\u00e9plor\u00e9 la situation \u00e0 l\u2019Universit\u00e9 Assane Seck de Ziguinchor, avec notamment les saccages et v\u00e9hicules calcin\u00e9s vendredi dernier. Selon lui, ce sont des actes inacceptables. Il estime que le non-respect des engagements de l'\u00c9tat ne peut pas justifier ces violences. \u00ab<em>C'est d\u00e9plorable, nous le constatons et nous le regrettons. C'est inacceptable. Les \u00e9tudiants ont certes des droits de revendiquer on peut le comprendre, mais aller jusqu'\u00e0 br\u00fbler des voitures ou faire des actions d\u00e9plorables, c'est totalement inacceptable<\/em> \u00bb, d\u00e9plore M. Seck.<\/p>\n<p>Poursuivant, il plaide l'ouverture d'une enqu\u00eate et des sanctions : \u00ab <em>on l\u2019a v\u00e9cu \u00e0 Dakar et \u00e0 Saint Louis, il y a eu mort d\u2019hommes donc ce n\u2019est pas nouveau. C'est vrai que l'\u00c9tat n'a pas respect\u00e9 ses engagements, mais \u00e7a ne peut pas justifier qu'on puisse passer \u00e0 la vitesse sup\u00e9rieure. Je pense que les gens devront faire une enqu\u00eate. Il y a des enqu\u00eateurs qui ont la capacit\u00e9 de faire des constats. S'il y a des manquements graves qui ont \u00e9t\u00e9 constat\u00e9s, il faudra s\u00e9vir. L'\u00c9tat a le devoir d'enqu\u00eater sur la situation des d\u00e9bordements. Que ceux qui sont coupables d'actions totalement inacceptables soient sanctionn\u00e9s \u00e0 la hauteur de leur fait<\/em>\u00bb.<\/p>\n<div class='share-to-whatsapp-wrapper'><div class='share-on-whsp'>PARTAGER SUR : <\/div><a data-text='ARRESTATIONS DE MOUSTAPHA DIAKHATE ET DU JOURNALISTE ADAMA GAYE - Le pr\u00e9sident de la Lsdh Alassane Seck appelle \u00e0 la responsabilit\u00e9' data-link='https:\/\/www.nettali.com\/2024\/11\/24\/arrestations-de-moustapha-diakhate-et-du-journaliste-adama-gaye-le-president-de-la-lsdh-alassane-seck-appelle-a-la-responsabilite\/' class='whatsapp-button whatsapp-share'>WhatsApp<\/a><div class='clear '><\/div><\/div>","protected":false},"excerpt":{"rendered":"<p>NETTALI.COM- La garde-\u00e0-vue du journaliste Adama Gaye et de Moustapha Diakhate continue de faire pol\u00e9mique. Invit\u00e9 de l\u2019\u00e9mission jury du dimanche sur la 90.3, le pr\u00e9sident de la Ligue s\u00e9n\u00e9galaise des droits humains (Lsdh), Alassane Seck est d\u2019avis que \u0301les leaders d\u2019opinion doivent assumer leurs propos . Au moment o\u00f9 certains d\u00e9crient les arrestations de [&hellip;]<\/p>\n","protected":false},"author":6,"featured_media":144313,"comment_status":"open","ping_status":"open","sticky":false,"template":"","format":"standard","meta":{"_et_pb_use_builder":"","_et_pb_old_content":""},"categories":[2],"tags":[],"yoast_head":"<!-- This site is optimized with the Yoast SEO Premium plugin v17.8 (Yoast SEO v17.8) - https:\/\/yoast.com\/wordpress\/plugins\/seo\/ -->\n<title>ARRESTATIONS DE MOUSTAPHA DIAKHATE ET DU JOURNALISTE ADAMA GAYE - Le pr\u00e9sident de la Lsdh Alassane Seck appelle \u00e0 la responsabilit\u00e9 | Nettali.com<\/title>\n<meta name=\"robots\" content=\"index, follow, max-snippet:-1, max-image-preview:large, max-video-preview:-1\" \/>\n<link rel=\"canonical\" href=\"https:\/\/www.nettali.com\/2024\/11\/24\/arrestations-de-moustapha-diakhate-et-du-journaliste-adama-gaye-le-president-de-la-lsdh-alassane-seck-appelle-a-la-responsabilite\/\" \/>\n<meta property=\"og:locale\" content=\"fr_FR\" \/>\n<meta property=\"og:type\" content=\"article\" \/>\n<meta property=\"og:title\" content=\"ARRESTATIONS DE MOUSTAPHA DIAKHATE ET DU JOURNALISTE ADAMA GAYE - Le pr\u00e9sident de la Lsdh Alassane Seck appelle \u00e0 la responsabilit\u00e9\" \/>\n<meta property=\"og:description\" content=\"NETTALI.COM- La garde-\u00e0-vue du journaliste Adama Gaye et de Moustapha Diakhate continue de faire pol\u00e9mique. Invit\u00e9 de l\u2019\u00e9mission jury du dimanche sur la 90.3, le pr\u00e9sident de la Ligue s\u00e9n\u00e9galaise des droits humains (Lsdh), Alassane Seck est d\u2019avis que \u0301les leaders d\u2019opinion doivent assumer leurs propos . Au moment o\u00f9 certains d\u00e9crient les arrestations de [&hellip;]\" \/>\n<meta property=\"og:url\" content=\"https:\/\/www.nettali.com\/2024\/11\/24\/arrestations-de-moustapha-diakhate-et-du-journaliste-adama-gaye-le-president-de-la-lsdh-alassane-seck-appelle-a-la-responsabilite\/\" \/>\n<meta property=\"og:site_name\" content=\"Nettali.com\" \/>\n<meta property=\"article:publisher\" content=\"https:\/\/www.facebook.com\/nettalicom\" \/>\n<meta property=\"article:published_time\" content=\"2024-11-24T18:08:00+00:00\" \/>\n<meta property=\"og:image\" content=\"https:\/\/www.nettali.com\/wp-content\/uploads\/2024\/11\/5e64f4b85934a017eec29395771b5c3339b79e4a.jpg\" \/>\n\t<meta property=\"og:image:width\" content=\"612\" \/>\n\t<meta property=\"og:image:height\" content=\"298\" \/>\n<meta name=\"twitter:card\" content=\"summary_large_image\" \/>\n<meta name=\"twitter:label1\" content=\"\u00c9crit par\" \/>\n\t<meta name=\"twitter:data1\" content=\"Fatou\" \/>\n\t<meta name=\"twitter:label2\" content=\"Dur\u00e9e de lecture estim\u00e9e\" \/>\n\t<meta name=\"twitter:data2\" content=\"3 minutes\" \/>\n<script type=\"application\/ld+json\" class=\"yoast-schema-graph\">{\"@context\":\"https:\/\/schema.org\",\"@graph\":[{\"@type\":\"WebSite\",\"@id\":\"https:\/\/www.nettali.com\/#website\",\"url\":\"https:\/\/www.nettali.com\/\",\"name\":\"Nettali.com\",\"description\":\"Le rendez-vous critique du Net\",\"potentialAction\":[{\"@type\":\"SearchAction\",\"target\":{\"@type\":\"EntryPoint\",\"urlTemplate\":\"https:\/\/www.nettali.com\/?s={search_term_string}\"},\"query-input\":\"required name=search_term_string\"}],\"inLanguage\":\"fr-FR\"},{\"@type\":\"ImageObject\",\"@id\":\"https:\/\/www.nettali.com\/2024\/11\/24\/arrestations-de-moustapha-diakhate-et-du-journaliste-adama-gaye-le-president-de-la-lsdh-alassane-seck-appelle-a-la-responsabilite\/#primaryimage\",\"inLanguage\":\"fr-FR\",\"url\":\"https:\/\/www.nettali.com\/wp-content\/uploads\/2024\/11\/5e64f4b85934a017eec29395771b5c3339b79e4a.jpg\",\"contentUrl\":\"https:\/\/www.nettali.com\/wp-content\/uploads\/2024\/11\/5e64f4b85934a017eec29395771b5c3339b79e4a.jpg\",\"width\":612,\"height\":298},{\"@type\":\"WebPage\",\"@id\":\"https:\/\/www.nettali.com\/2024\/11\/24\/arrestations-de-moustapha-diakhate-et-du-journaliste-adama-gaye-le-president-de-la-lsdh-alassane-seck-appelle-a-la-responsabilite\/#webpage\",\"url\":\"https:\/\/www.nettali.com\/2024\/11\/24\/arrestations-de-moustapha-diakhate-et-du-journaliste-adama-gaye-le-president-de-la-lsdh-alassane-seck-appelle-a-la-responsabilite\/\",\"name\":\"ARRESTATIONS DE MOUSTAPHA DIAKHATE ET DU JOURNALISTE ADAMA GAYE - Le pr\\u00e9sident de la Lsdh Alassane Seck appelle \\u00e0 la responsabilit\\u00e9 | Nettali.com\",\"isPartOf\":{\"@id\":\"https:\/\/www.nettali.com\/#website\"},\"primaryImageOfPage\":{\"@id\":\"https:\/\/www.nettali.com\/2024\/11\/24\/arrestations-de-moustapha-diakhate-et-du-journaliste-adama-gaye-le-president-de-la-lsdh-alassane-seck-appelle-a-la-responsabilite\/#primaryimage\"},\"datePublished\":\"2024-11-24T18:08:00+00:00\",\"dateModified\":\"2024-11-24T18:08:00+00:00\",\"author\":{\"@id\":\"https:\/\/www.nettali.com\/#\/schema\/person\/418274a86bdf87caff7a3ef476bd0bbf\"},\"breadcrumb\":{\"@id\":\"https:\/\/www.nettali.com\/2024\/11\/24\/arrestations-de-moustapha-diakhate-et-du-journaliste-adama-gaye-le-president-de-la-lsdh-alassane-seck-appelle-a-la-responsabilite\/#breadcrumb\"},\"inLanguage\":\"fr-FR\",\"potentialAction\":[{\"@type\":\"ReadAction\",\"target\":[\"https:\/\/www.nettali.com\/2024\/11\/24\/arrestations-de-moustapha-diakhate-et-du-journaliste-adama-gaye-le-president-de-la-lsdh-alassane-seck-appelle-a-la-responsabilite\/\"]}]},{\"@type\":\"BreadcrumbList\",\"@id\":\"https:\/\/www.nettali.com\/2024\/11\/24\/arrestations-de-moustapha-diakhate-et-du-journaliste-adama-gaye-le-president-de-la-lsdh-alassane-seck-appelle-a-la-responsabilite\/#breadcrumb\",\"itemListElement\":[{\"@type\":\"ListItem\",\"position\":1,\"name\":\"Accueil\",\"item\":\"https:\/\/www.nettali.com\/\"},{\"@type\":\"ListItem\",\"position\":2,\"name\":\"ARRESTATIONS DE MOUSTAPHA DIAKHATE ET DU JOURNALISTE ADAMA GAYE - Le pr\\u00e9sident de la Lsdh Alassane Seck appelle \\u00e0 la responsabilit\\u00e9\"}]},{\"@type\":\"Person\",\"@id\":\"https:\/\/www.nettali.com\/#\/schema\/person\/418274a86bdf87caff7a3ef476bd0bbf\",\"name\":\"Fatou\",\"image\":{\"@type\":\"ImageObject\",\"@id\":\"https:\/\/www.nettali.com\/#personlogo\",\"inLanguage\":\"fr-FR\",\"url\":\"https:\/\/secure.gravatar.com\/avatar\/5a9442a2bee7b4dcf167cab035858e9a?s=96&d=mm&r=g\",\"contentUrl\":\"https:\/\/secure.gravatar.com\/avatar\/5a9442a2bee7b4dcf167cab035858e9a?s=96&d=mm&r=g\",\"caption\":\"Fatou\"},\"sameAs\":[\"https:\/\/www.nettali.com\"]}]}<\/script>\n<!-- \/ Yoast SEO Premium plugin. -->","yoast_head_json":{"title":"ARRESTATIONS DE MOUSTAPHA DIAKHATE ET DU JOURNALISTE ADAMA GAYE - Le pr\u00e9sident de la Lsdh Alassane Seck appelle \u00e0 la responsabilit\u00e9 | Nettali.com","robots":{"index":"index","follow":"follow","max-snippet":"max-snippet:-1","max-image-preview":"max-image-preview:large","max-video-preview":"max-video-preview:-1"},"canonical":"https:\/\/www.nettali.com\/2024\/11\/24\/arrestations-de-moustapha-diakhate-et-du-journaliste-adama-gaye-le-president-de-la-lsdh-alassane-seck-appelle-a-la-responsabilite\/","og_locale":"fr_FR","og_type":"article","og_title":"ARRESTATIONS DE MOUSTAPHA DIAKHATE ET DU JOURNALISTE ADAMA GAYE - Le pr\u00e9sident de la Lsdh Alassane Seck appelle \u00e0 la responsabilit\u00e9","og_description":"NETTALI.COM- La garde-\u00e0-vue du journaliste Adama Gaye et de Moustapha Diakhate continue de faire pol\u00e9mique. Invit\u00e9 de l\u2019\u00e9mission jury du dimanche sur la 90.3, le pr\u00e9sident de la Ligue s\u00e9n\u00e9galaise des droits humains (Lsdh), Alassane Seck est d\u2019avis que \u0301les leaders d\u2019opinion doivent assumer leurs propos . Au moment o\u00f9 certains d\u00e9crient les arrestations de [&hellip;]","og_url":"https:\/\/www.nettali.com\/2024\/11\/24\/arrestations-de-moustapha-diakhate-et-du-journaliste-adama-gaye-le-president-de-la-lsdh-alassane-seck-appelle-a-la-responsabilite\/","og_site_name":"Nettali.com","article_publisher":"https:\/\/www.facebook.com\/nettalicom","article_published_time":"2024-11-24T18:08:00+00:00","og_image":[{"width":612,"height":298,"url":"https:\/\/www.nettali.com\/wp-content\/uploads\/2024\/11\/5e64f4b85934a017eec29395771b5c3339b79e4a.jpg","type":"image\/jpeg"}],"twitter_card":"summary_large_image","twitter_misc":{"\u00c9crit par":"Fatou","Dur\u00e9e de lecture estim\u00e9e":"3 minutes"},"schema":{"@context":"https:\/\/schema.org","@graph":[{"@type":"WebSite","@id":"https:\/\/www.nettali.com\/#website","url":"https:\/\/www.nettali.com\/","name":"Nettali.com","description":"Le rendez-vous critique du Net","potentialAction":[{"@type":"SearchAction","target":{"@type":"EntryPoint","urlTemplate":"https:\/\/www.nettali.com\/?s={search_term_string}"},"query-input":"required name=search_term_string"}],"inLanguage":"fr-FR"},{"@type":"ImageObject","@id":"https:\/\/www.nettali.com\/2024\/11\/24\/arrestations-de-moustapha-diakhate-et-du-journaliste-adama-gaye-le-president-de-la-lsdh-alassane-seck-appelle-a-la-responsabilite\/#primaryimage","inLanguage":"fr-FR","url":"https:\/\/www.nettali.com\/wp-content\/uploads\/2024\/11\/5e64f4b85934a017eec29395771b5c3339b79e4a.jpg","contentUrl":"https:\/\/www.nettali.com\/wp-content\/uploads\/2024\/11\/5e64f4b85934a017eec29395771b5c3339b79e4a.jpg","width":612,"height":298},{"@type":"WebPage","@id":"https:\/\/www.nettali.com\/2024\/11\/24\/arrestations-de-moustapha-diakhate-et-du-journaliste-adama-gaye-le-president-de-la-lsdh-alassane-seck-appelle-a-la-responsabilite\/#webpage","url":"https:\/\/www.nettali.com\/2024\/11\/24\/arrestations-de-moustapha-diakhate-et-du-journaliste-adama-gaye-le-president-de-la-lsdh-alassane-seck-appelle-a-la-responsabilite\/","name":"ARRESTATIONS DE MOUSTAPHA DIAKHATE ET DU JOURNALISTE ADAMA GAYE - Le pr\u00e9sident de la Lsdh Alassane Seck appelle \u00e0 la responsabilit\u00e9 | Nettali.com","isPartOf":{"@id":"https:\/\/www.nettali.com\/#website"},"primaryImageOfPage":{"@id":"https:\/\/www.nettali.com\/2024\/11\/24\/arrestations-de-moustapha-diakhate-et-du-journaliste-adama-gaye-le-president-de-la-lsdh-alassane-seck-appelle-a-la-responsabilite\/#primaryimage"},"datePublished":"2024-11-24T18:08:00+00:00","dateModified":"2024-11-24T18:08:00+00:00","author":{"@id":"https:\/\/www.nettali.com\/#\/schema\/person\/418274a86bdf87caff7a3ef476bd0bbf"},"breadcrumb":{"@id":"https:\/\/www.nettali.com\/2024\/11\/24\/arrestations-de-moustapha-diakhate-et-du-journaliste-adama-gaye-le-president-de-la-lsdh-alassane-seck-appelle-a-la-responsabilite\/#breadcrumb"},"inLanguage":"fr-FR","potentialAction":[{"@type":"ReadAction","target":["https:\/\/www.nettali.com\/2024\/11\/24\/arrestations-de-moustapha-diakhate-et-du-journaliste-adama-gaye-le-president-de-la-lsdh-alassane-seck-appelle-a-la-responsabilite\/"]}]},{"@type":"BreadcrumbList","@id":"https:\/\/www.nettali.com\/2024\/11\/24\/arrestations-de-moustapha-diakhate-et-du-journaliste-adama-gaye-le-president-de-la-lsdh-alassane-seck-appelle-a-la-responsabilite\/#breadcrumb","itemListElement":[{"@type":"ListItem","position":1,"name":"Accueil","item":"https:\/\/www.nettali.com\/"},{"@type":"ListItem","position":2,"name":"ARRESTATIONS DE MOUSTAPHA DIAKHATE ET DU JOURNALISTE ADAMA GAYE - Le pr\u00e9sident de la Lsdh Alassane Seck appelle \u00e0 la responsabilit\u00e9"}]},{"@type":"Person","@id":"https:\/\/www.nettali.com\/#\/schema\/person\/418274a86bdf87caff7a3ef476bd0bbf","name":"Fatou","image":{"@type":"ImageObject","@id":"https:\/\/www.nettali.com\/#personlogo","inLanguage":"fr-FR","url":"https:\/\/secure.gravatar.com\/avatar\/5a9442a2bee7b4dcf167cab035858e9a?s=96&d=mm&r=g","contentUrl":"https:\/\/secure.gravatar.com\/avatar\/5a9442a2bee7b4dcf167cab035858e9a?s=96&d=mm&r=g","caption":"Fatou"},"sameAs":["https:\/\/www.nettali.com"]}]}},"_links":{"self":[{"href":"https:\/\/www.nettali.com\/rest\/wp\/v2\/posts\/144309"}],"collection":[{"href":"https:\/\/www.nettali.com\/rest\/wp\/v2\/posts"}],"about":[{"href":"https:\/\/www.nettali.com\/rest\/wp\/v2\/types\/post"}],"author":[{"embeddable":true,"href":"https:\/\/www.nettali.com\/rest\/wp\/v2\/users\/6"}],"replies":[{"embeddable":true,"href":"https:\/\/www.nettali.com\/rest\/wp\/v2\/comments?post=144309"}],"version-history":[{"count":3,"href":"https:\/\/www.nettali.com\/rest\/wp\/v2\/posts\/144309\/revisions"}],"predecessor-version":[{"id":144321,"href":"https:\/\/www.nettali.com\/rest\/wp\/v2\/posts\/144309\/revisions\/144321"}],"wp:featuredmedia":[{"embeddable":true,"href":"https:\/\/www.nettali.com\/rest\/wp\/v2\/media\/144313"}],"wp:attachment":[{"href":"https:\/\/www.nettali.com\/rest\/wp\/v2\/media?parent=144309"}],"wp:term":[{"taxonomy":"category","embeddable":true,"href":"https:\/\/www.nettali.com\/rest\/wp\/v2\/categories?post=144309"},{"taxonomy":"post_tag","embeddable":true,"href":"https:\/\/www.nettali.com\/rest\/wp\/v2\/tags?post=144309"}],"curies":[{"name":"wp","href":"https:\/\/api.w.org\/{rel}","templated":true}]}}