{"id":144163,"date":"2024-11-21T08:36:45","date_gmt":"2024-11-21T08:36:45","guid":{"rendered":"https:\/\/www.nettali.com\/?p=144163"},"modified":"2024-11-21T08:36:45","modified_gmt":"2024-11-21T08:36:45","slug":"apres-sa-defaite-contre-balla-gaye-2-tapha-tine-se-lance-dans-le-mma","status":"publish","type":"post","link":"https:\/\/www.nettali.com\/2024\/11\/21\/apres-sa-defaite-contre-balla-gaye-2-tapha-tine-se-lance-dans-le-mma\/","title":{"rendered":"APRES SA DEFAITE CONTRE BALLA GAYE 2 - Tapha Tine se lance dans le MMA"},"content":{"rendered":"<div class=\"xdj266r x11i5rnm xat24cr x1mh8g0r x1vvkbs x126k92a\">\n<div dir=\"auto\"><strong>NETTALI.COM - Apr\u00e8s sa d\u00e9faite en lutte contre Balla Gaye 2 le 21 juillet 2024, Tapha Tine, le g\u00e9ant du Baol, se pr\u00e9pare \u00e0 relever un nouveau d\u00e9fi dans le MMA. \u00c0 37 ans, il s'appr\u00eate \u00e0 affronter le champion tha\u00eflandais Benz le 1er f\u00e9vrier 2025, au Togo, dans un combat attendu apr\u00e8s son report l'ann\u00e9e derni\u00e8re. Ce combat marquera son entr\u00e9e dans le monde du MMA, une discipline o\u00f9 l'excellence tactique et la ma\u00eetrise des arts martiaux sont primordiales.<\/strong><\/div>\n<div dir=\"auto\"><\/div>\n<\/div>\n<div class=\"x11i5rnm xat24cr x1mh8g0r x1vvkbs xtlvy1s x126k92a\">\n<div dir=\"auto\">Ce tournant marque plus qu'une simple reconversion : Tapha Tine entend prouver qu\u2019il poss\u00e8de plusieurs cordes \u00e0 son arc. Contrairement \u00e0 la lutte s\u00e9n\u00e9galaise, qui repose sur une force physique brute, le MMA demande une polyvalence et une connaissance approfondie de disciplines comme la boxe, le jiu-jitsu ou encore le Muay Tha\u00ef. Tapha devra adapter son style et sa strat\u00e9gie pour exceller dans ce sport.<\/div>\n<\/div>\n<div class=\"x11i5rnm xat24cr x1mh8g0r x1vvkbs xtlvy1s x126k92a\">\n<div dir=\"auto\">Lors d'une apparition sur Eric Favre TV, Tapha a d\u00e9clar\u00e9 : \"<em>Benz est un champion avec plusieurs ceintures, mais moi, je viens pour les r\u00e9cup\u00e9rer et les ramener au S\u00e9n\u00e9gal\"<\/em>. Un message clair : malgr\u00e9 l\u2019\u00e2ge, sa force physique, sa taille et sa puissance sont des atouts qu\u2019il compte bien mettre \u00e0 profit dans cette nouvelle aventure. Cependant, son \u00e2ge pourrait constituer un obstacle, mais Tapha se dit pr\u00eat \u00e0 le surmonter.<\/div>\n<\/div>\n<div class=\"x11i5rnm xat24cr x1mh8g0r x1vvkbs xtlvy1s x126k92a\">\n<div dir=\"auto\">D'autres lutteurs s\u00e9n\u00e9galais tels que Rocky Balboa, Bombardier et Siteu ont tent\u00e9 leur chance dans le MMA, mais seul Reug-Reug a r\u00e9ussi \u00e0 s'imposer au plus haut niveau. Le 9 novembre 2024, Reug-Reug est devenu champion du monde poids lourds du One Championship apr\u00e8s sa victoire contre le russe Anatoly Malykhin. Tapha Tine semble vouloir suivre ce m\u00eame chemin, se r\u00e9inventant pour faire briller le S\u00e9n\u00e9gal dans ce sport \u00e9mergent.<\/div>\n<\/div>\n<div class=\"x11i5rnm xat24cr x1mh8g0r x1vvkbs xtlvy1s x126k92a\">\n<div dir=\"auto\">Avec ce combat face \u00e0 Benz, Tapha Tine entend d\u00e9montrer qu\u2019il n\u2019est jamais trop tard pour se r\u00e9inventer et marquer l\u2019histoire du MMA, \u00e0 l\u2019instar de Reug-Reug, pionnier et v\u00e9ritable mod\u00e8le dans cette discipline.<\/div>\n<\/div>\n<div class='share-to-whatsapp-wrapper'><div class='share-on-whsp'>PARTAGER SUR : <\/div><a data-text='APRES SA DEFAITE CONTRE BALLA GAYE 2 - Tapha Tine se lance dans le MMA' data-link='https:\/\/www.nettali.com\/2024\/11\/21\/apres-sa-defaite-contre-balla-gaye-2-tapha-tine-se-lance-dans-le-mma\/' class='whatsapp-button whatsapp-share'>WhatsApp<\/a><div class='clear '><\/div><\/div>","protected":false},"excerpt":{"rendered":"<p>NETTALI.COM - Apr\u00e8s sa d\u00e9faite en lutte contre Balla Gaye 2 le 21 juillet 2024, Tapha Tine, le g\u00e9ant du Baol, se pr\u00e9pare \u00e0 relever un nouveau d\u00e9fi dans le MMA. \u00c0 37 ans, il s'appr\u00eate \u00e0 affronter le champion tha\u00eflandais Benz le 1er f\u00e9vrier 2025, au Togo, dans un combat attendu apr\u00e8s son report [&hellip;]<\/p>\n","protected":false},"author":4,"featured_media":144164,"comment_status":"open","ping_status":"open","sticky":false,"template":"","format":"standard","meta":{"_et_pb_use_builder":"","_et_pb_old_content":""},"categories":[6],"tags":[],"yoast_head":"<!-- This site is optimized with the Yoast SEO Premium plugin v17.8 (Yoast SEO v17.8) - https:\/\/yoast.com\/wordpress\/plugins\/seo\/ -->\n<title>APRES SA DEFAITE CONTRE BALLA GAYE 2 - Tapha Tine se lance dans le MMA | Nettali.com<\/title>\n<meta name=\"robots\" content=\"index, follow, max-snippet:-1, max-image-preview:large, max-video-preview:-1\" \/>\n<link rel=\"canonical\" href=\"https:\/\/www.nettali.com\/2024\/11\/21\/apres-sa-defaite-contre-balla-gaye-2-tapha-tine-se-lance-dans-le-mma\/\" \/>\n<meta property=\"og:locale\" content=\"fr_FR\" \/>\n<meta property=\"og:type\" content=\"article\" \/>\n<meta property=\"og:title\" content=\"APRES SA DEFAITE CONTRE BALLA GAYE 2 - Tapha Tine se lance dans le MMA\" \/>\n<meta property=\"og:description\" content=\"NETTALI.COM - Apr\u00e8s sa d\u00e9faite en lutte contre Balla Gaye 2 le 21 juillet 2024, Tapha Tine, le g\u00e9ant du Baol, se pr\u00e9pare \u00e0 relever un nouveau d\u00e9fi dans le MMA. \u00c0 37 ans, il s&#039;appr\u00eate \u00e0 affronter le champion tha\u00eflandais Benz le 1er f\u00e9vrier 2025, au Togo, dans un combat attendu apr\u00e8s son report [&hellip;]\" \/>\n<meta property=\"og:url\" content=\"https:\/\/www.nettali.com\/2024\/11\/21\/apres-sa-defaite-contre-balla-gaye-2-tapha-tine-se-lance-dans-le-mma\/\" \/>\n<meta property=\"og:site_name\" content=\"Nettali.com\" \/>\n<meta property=\"article:publisher\" content=\"https:\/\/www.facebook.com\/nettalicom\" \/>\n<meta property=\"article:published_time\" content=\"2024-11-21T08:36:45+00:00\" \/>\n<meta property=\"og:image\" content=\"https:\/\/www.nettali.com\/wp-content\/uploads\/2024\/11\/Capture-de\u0301cran-2024-11-21-a\u0300-08.36.16.png\" \/>\n\t<meta property=\"og:image:width\" content=\"1011\" \/>\n\t<meta property=\"og:image:height\" content=\"530\" \/>\n<meta name=\"twitter:card\" content=\"summary_large_image\" \/>\n<meta name=\"twitter:label1\" content=\"\u00c9crit par\" \/>\n\t<meta name=\"twitter:data1\" content=\"Daouda\" \/>\n\t<meta name=\"twitter:label2\" content=\"Dur\u00e9e de lecture estim\u00e9e\" \/>\n\t<meta name=\"twitter:data2\" content=\"2 minutes\" \/>\n<script type=\"application\/ld+json\" class=\"yoast-schema-graph\">{\"@context\":\"https:\/\/schema.org\",\"@graph\":[{\"@type\":\"WebSite\",\"@id\":\"https:\/\/www.nettali.com\/#website\",\"url\":\"https:\/\/www.nettali.com\/\",\"name\":\"Nettali.com\",\"description\":\"Le rendez-vous critique du Net\",\"potentialAction\":[{\"@type\":\"SearchAction\",\"target\":{\"@type\":\"EntryPoint\",\"urlTemplate\":\"https:\/\/www.nettali.com\/?s={search_term_string}\"},\"query-input\":\"required name=search_term_string\"}],\"inLanguage\":\"fr-FR\"},{\"@type\":\"ImageObject\",\"@id\":\"https:\/\/www.nettali.com\/2024\/11\/21\/apres-sa-defaite-contre-balla-gaye-2-tapha-tine-se-lance-dans-le-mma\/#primaryimage\",\"inLanguage\":\"fr-FR\",\"url\":\"https:\/\/www.nettali.com\/wp-content\/uploads\/2024\/11\/Capture-de\\u0301cran-2024-11-21-a\\u0300-08.36.16.png\",\"contentUrl\":\"https:\/\/www.nettali.com\/wp-content\/uploads\/2024\/11\/Capture-de\\u0301cran-2024-11-21-a\\u0300-08.36.16.png\",\"width\":1011,\"height\":530},{\"@type\":\"WebPage\",\"@id\":\"https:\/\/www.nettali.com\/2024\/11\/21\/apres-sa-defaite-contre-balla-gaye-2-tapha-tine-se-lance-dans-le-mma\/#webpage\",\"url\":\"https:\/\/www.nettali.com\/2024\/11\/21\/apres-sa-defaite-contre-balla-gaye-2-tapha-tine-se-lance-dans-le-mma\/\",\"name\":\"APRES SA DEFAITE CONTRE BALLA GAYE 2 - Tapha Tine se lance dans le MMA | Nettali.com\",\"isPartOf\":{\"@id\":\"https:\/\/www.nettali.com\/#website\"},\"primaryImageOfPage\":{\"@id\":\"https:\/\/www.nettali.com\/2024\/11\/21\/apres-sa-defaite-contre-balla-gaye-2-tapha-tine-se-lance-dans-le-mma\/#primaryimage\"},\"datePublished\":\"2024-11-21T08:36:45+00:00\",\"dateModified\":\"2024-11-21T08:36:45+00:00\",\"author\":{\"@id\":\"https:\/\/www.nettali.com\/#\/schema\/person\/3317e0bb3aa1da309fbf7b2780901bf4\"},\"breadcrumb\":{\"@id\":\"https:\/\/www.nettali.com\/2024\/11\/21\/apres-sa-defaite-contre-balla-gaye-2-tapha-tine-se-lance-dans-le-mma\/#breadcrumb\"},\"inLanguage\":\"fr-FR\",\"potentialAction\":[{\"@type\":\"ReadAction\",\"target\":[\"https:\/\/www.nettali.com\/2024\/11\/21\/apres-sa-defaite-contre-balla-gaye-2-tapha-tine-se-lance-dans-le-mma\/\"]}]},{\"@type\":\"BreadcrumbList\",\"@id\":\"https:\/\/www.nettali.com\/2024\/11\/21\/apres-sa-defaite-contre-balla-gaye-2-tapha-tine-se-lance-dans-le-mma\/#breadcrumb\",\"itemListElement\":[{\"@type\":\"ListItem\",\"position\":1,\"name\":\"Accueil\",\"item\":\"https:\/\/www.nettali.com\/\"},{\"@type\":\"ListItem\",\"position\":2,\"name\":\"APRES SA DEFAITE CONTRE BALLA GAYE 2 - Tapha Tine se lance dans le MMA\"}]},{\"@type\":\"Person\",\"@id\":\"https:\/\/www.nettali.com\/#\/schema\/person\/3317e0bb3aa1da309fbf7b2780901bf4\",\"name\":\"Daouda\",\"image\":{\"@type\":\"ImageObject\",\"@id\":\"https:\/\/www.nettali.com\/#personlogo\",\"inLanguage\":\"fr-FR\",\"url\":\"https:\/\/secure.gravatar.com\/avatar\/8d143b5a49345098ddcfee1c49c2f47c?s=96&d=mm&r=g\",\"contentUrl\":\"https:\/\/secure.gravatar.com\/avatar\/8d143b5a49345098ddcfee1c49c2f47c?s=96&d=mm&r=g\",\"caption\":\"Daouda\"},\"sameAs\":[\"https:\/\/www.nettali.com\"]}]}<\/script>\n<!-- \/ Yoast SEO Premium plugin. -->","yoast_head_json":{"title":"APRES SA DEFAITE CONTRE BALLA GAYE 2 - Tapha Tine se lance dans le MMA | Nettali.com","robots":{"index":"index","follow":"follow","max-snippet":"max-snippet:-1","max-image-preview":"max-image-preview:large","max-video-preview":"max-video-preview:-1"},"canonical":"https:\/\/www.nettali.com\/2024\/11\/21\/apres-sa-defaite-contre-balla-gaye-2-tapha-tine-se-lance-dans-le-mma\/","og_locale":"fr_FR","og_type":"article","og_title":"APRES SA DEFAITE CONTRE BALLA GAYE 2 - Tapha Tine se lance dans le MMA","og_description":"NETTALI.COM - Apr\u00e8s sa d\u00e9faite en lutte contre Balla Gaye 2 le 21 juillet 2024, Tapha Tine, le g\u00e9ant du Baol, se pr\u00e9pare \u00e0 relever un nouveau d\u00e9fi dans le MMA. \u00c0 37 ans, il s'appr\u00eate \u00e0 affronter le champion tha\u00eflandais Benz le 1er f\u00e9vrier 2025, au Togo, dans un combat attendu apr\u00e8s son report [&hellip;]","og_url":"https:\/\/www.nettali.com\/2024\/11\/21\/apres-sa-defaite-contre-balla-gaye-2-tapha-tine-se-lance-dans-le-mma\/","og_site_name":"Nettali.com","article_publisher":"https:\/\/www.facebook.com\/nettalicom","article_published_time":"2024-11-21T08:36:45+00:00","og_image":[{"width":1011,"height":530,"url":"https:\/\/www.nettali.com\/wp-content\/uploads\/2024\/11\/Capture-de\u0301cran-2024-11-21-a\u0300-08.36.16.png","type":"image\/png"}],"twitter_card":"summary_large_image","twitter_misc":{"\u00c9crit par":"Daouda","Dur\u00e9e de lecture estim\u00e9e":"2 minutes"},"schema":{"@context":"https:\/\/schema.org","@graph":[{"@type":"WebSite","@id":"https:\/\/www.nettali.com\/#website","url":"https:\/\/www.nettali.com\/","name":"Nettali.com","description":"Le rendez-vous critique du Net","potentialAction":[{"@type":"SearchAction","target":{"@type":"EntryPoint","urlTemplate":"https:\/\/www.nettali.com\/?s={search_term_string}"},"query-input":"required name=search_term_string"}],"inLanguage":"fr-FR"},{"@type":"ImageObject","@id":"https:\/\/www.nettali.com\/2024\/11\/21\/apres-sa-defaite-contre-balla-gaye-2-tapha-tine-se-lance-dans-le-mma\/#primaryimage","inLanguage":"fr-FR","url":"https:\/\/www.nettali.com\/wp-content\/uploads\/2024\/11\/Capture-de\u0301cran-2024-11-21-a\u0300-08.36.16.png","contentUrl":"https:\/\/www.nettali.com\/wp-content\/uploads\/2024\/11\/Capture-de\u0301cran-2024-11-21-a\u0300-08.36.16.png","width":1011,"height":530},{"@type":"WebPage","@id":"https:\/\/www.nettali.com\/2024\/11\/21\/apres-sa-defaite-contre-balla-gaye-2-tapha-tine-se-lance-dans-le-mma\/#webpage","url":"https:\/\/www.nettali.com\/2024\/11\/21\/apres-sa-defaite-contre-balla-gaye-2-tapha-tine-se-lance-dans-le-mma\/","name":"APRES SA DEFAITE CONTRE BALLA GAYE 2 - Tapha Tine se lance dans le MMA | Nettali.com","isPartOf":{"@id":"https:\/\/www.nettali.com\/#website"},"primaryImageOfPage":{"@id":"https:\/\/www.nettali.com\/2024\/11\/21\/apres-sa-defaite-contre-balla-gaye-2-tapha-tine-se-lance-dans-le-mma\/#primaryimage"},"datePublished":"2024-11-21T08:36:45+00:00","dateModified":"2024-11-21T08:36:45+00:00","author":{"@id":"https:\/\/www.nettali.com\/#\/schema\/person\/3317e0bb3aa1da309fbf7b2780901bf4"},"breadcrumb":{"@id":"https:\/\/www.nettali.com\/2024\/11\/21\/apres-sa-defaite-contre-balla-gaye-2-tapha-tine-se-lance-dans-le-mma\/#breadcrumb"},"inLanguage":"fr-FR","potentialAction":[{"@type":"ReadAction","target":["https:\/\/www.nettali.com\/2024\/11\/21\/apres-sa-defaite-contre-balla-gaye-2-tapha-tine-se-lance-dans-le-mma\/"]}]},{"@type":"BreadcrumbList","@id":"https:\/\/www.nettali.com\/2024\/11\/21\/apres-sa-defaite-contre-balla-gaye-2-tapha-tine-se-lance-dans-le-mma\/#breadcrumb","itemListElement":[{"@type":"ListItem","position":1,"name":"Accueil","item":"https:\/\/www.nettali.com\/"},{"@type":"ListItem","position":2,"name":"APRES SA DEFAITE CONTRE BALLA GAYE 2 - Tapha Tine se lance dans le MMA"}]},{"@type":"Person","@id":"https:\/\/www.nettali.com\/#\/schema\/person\/3317e0bb3aa1da309fbf7b2780901bf4","name":"Daouda","image":{"@type":"ImageObject","@id":"https:\/\/www.nettali.com\/#personlogo","inLanguage":"fr-FR","url":"https:\/\/secure.gravatar.com\/avatar\/8d143b5a49345098ddcfee1c49c2f47c?s=96&d=mm&r=g","contentUrl":"https:\/\/secure.gravatar.com\/avatar\/8d143b5a49345098ddcfee1c49c2f47c?s=96&d=mm&r=g","caption":"Daouda"},"sameAs":["https:\/\/www.nettali.com"]}]}},"_links":{"self":[{"href":"https:\/\/www.nettali.com\/rest\/wp\/v2\/posts\/144163"}],"collection":[{"href":"https:\/\/www.nettali.com\/rest\/wp\/v2\/posts"}],"about":[{"href":"https:\/\/www.nettali.com\/rest\/wp\/v2\/types\/post"}],"author":[{"embeddable":true,"href":"https:\/\/www.nettali.com\/rest\/wp\/v2\/users\/4"}],"replies":[{"embeddable":true,"href":"https:\/\/www.nettali.com\/rest\/wp\/v2\/comments?post=144163"}],"version-history":[{"count":1,"href":"https:\/\/www.nettali.com\/rest\/wp\/v2\/posts\/144163\/revisions"}],"predecessor-version":[{"id":144165,"href":"https:\/\/www.nettali.com\/rest\/wp\/v2\/posts\/144163\/revisions\/144165"}],"wp:featuredmedia":[{"embeddable":true,"href":"https:\/\/www.nettali.com\/rest\/wp\/v2\/media\/144164"}],"wp:attachment":[{"href":"https:\/\/www.nettali.com\/rest\/wp\/v2\/media?parent=144163"}],"wp:term":[{"taxonomy":"category","embeddable":true,"href":"https:\/\/www.nettali.com\/rest\/wp\/v2\/categories?post=144163"},{"taxonomy":"post_tag","embeddable":true,"href":"https:\/\/www.nettali.com\/rest\/wp\/v2\/tags?post=144163"}],"curies":[{"name":"wp","href":"https:\/\/api.w.org\/{rel}","templated":true}]}}