{"id":144139,"date":"2024-11-20T19:57:01","date_gmt":"2024-11-20T19:57:01","guid":{"rendered":"https:\/\/www.nettali.com\/?p=144139"},"modified":"2024-11-20T23:29:25","modified_gmt":"2024-11-20T23:29:25","slug":"mali-le-premier-ministre-choguel-maiga-demis-de-ses-fonctions","status":"publish","type":"post","link":"https:\/\/www.nettali.com\/2024\/11\/20\/mali-le-premier-ministre-choguel-maiga-demis-de-ses-fonctions\/","title":{"rendered":"MALI - Le Premier ministre Choguel Ma\u00efga, d\u00e9mis de ses fonctions"},"content":{"rendered":"<p><strong>NETTALI.COM - Choguel Ma\u00efga n'est plus Premier ministre du Mali. Le d\u00e9cret annon\u00e7ant son limogeage et celui de son gouvernement vient d'\u00eatre lu \u00e0 la t\u00e9l\u00e9vision nationale par Alfousseyni Diawara, secr\u00e9taire g\u00e9n\u00e9ral de la pr\u00e9sidence de la R\u00e9publique. Selon la presse malienne, il lui est reproch\u00e9 un \"discours incendaire\" tenu le 16 novembre dernier contre la junte\u00a0 dirig\u00e9e par le g\u00e9n\u00e9ral Assimi Go\u00efta.\u00a0<\/strong><\/p>\n<p>Le Mali est sans gouvernement. Cons\u00e9quence d'un d\u00e9cret sign\u00e9 par Assimi Go\u00efta, pr\u00e9sident de la transition, mettant fin aux fonctions du Premier ministre Choguel Ma\u00efga. Ce dernier\u00a0avait \u00e9t\u00e9 nomm\u00e9 en juin 2021, apr\u00e8s le second coup d'\u00c9tat militaire. La pr\u00e9c\u00e9dente \u00e9quipe - le pr\u00e9sident Bah N'Daw et le Premier ministre Moctar Ouane - avait tent\u00e9 d'\u00e9carter certains colonels putschistes du gouvernement, ce qui avait provoqu\u00e9 cette \"<em>rectification de la Transition<\/em>\", selon l'euph\u00e9misme officiel.\u00a0Choguel Ma\u00efga, qui d\u00e9non\u00e7ait jusqu'alors \"<em>un r\u00e9gime militaire d\u00e9guis\u00e9<\/em>\", choisit de prendre sa part du pouvoir et acc\u00e8de \u00e0 la Primature. Mais en d\u00e9pit de certaines d\u00e9clarations fracassantes, comme le fameux \"<em>abandon en plein vol<\/em>\" qui visait la France \u00e0 la tribune des Nations unies - \u00e0 peine trois mois apr\u00e8s sa nomination -, Choguel Ma\u00efga n'exerce pas r\u00e9ellement le pouvoir. Ses relations avec les colonels, r\u00e9cemment promus g\u00e9n\u00e9raux, se d\u00e9gradent progressivement. Depuis un an, la tension \u00e9tait mont\u00e9e d'un cran et en mai, l'un de ses proches collaborateurs avait m\u00eame d\u00e9nonc\u00e9 cette \u00e9viction du pouvoir. Ce qui lui avait valu d'\u00eatre emprisonn\u00e9 et condamn\u00e9 pour \"<em>atteinte au cr\u00e9dit de l'\u00c9tat<\/em>\".<\/p>\n<p>Choguel Ma\u00efga, limog\u00e9, devrait poursuivre sa strat\u00e9gie et tenter de se repositionner en opposant, dans la perspective d'\u00e9ventuelles futures \u00e9lections. Mais il lui sera difficile de convaincre, apr\u00e8s trois ans et demi au service du r\u00e9gime. Il peut aussi d\u00e9sormais redouter la Justice de la Transition : ces derniers jours, les organisations pro-junte l'ont accus\u00e9 de \"<em>haute trahison<\/em>\" et de \"<em>d\u00e9stabilisation<\/em>\". Choguel Ma\u00efga pourrait \u00e0 son tour \u00eatre vis\u00e9 par des poursuites judiciaires, voire m\u00eame mis en d\u00e9tention de mani\u00e8re pr\u00e9ventive, ce qui l'emp\u00eacherait de s'exprimer et de mener ses activit\u00e9s politiques. Comme avant lui de nombreuses figures de la politique malienne, toujours d\u00e9tenus.<\/p>\n<p style=\"text-align: right;\"><strong>(Source: Rfi.fr)<\/strong><\/p>\n<div class='share-to-whatsapp-wrapper'><div class='share-on-whsp'>PARTAGER SUR : <\/div><a data-text='MALI - Le Premier ministre Choguel Ma\u00efga, d\u00e9mis de ses fonctions' data-link='https:\/\/www.nettali.com\/2024\/11\/20\/mali-le-premier-ministre-choguel-maiga-demis-de-ses-fonctions\/' class='whatsapp-button whatsapp-share'>WhatsApp<\/a><div class='clear '><\/div><\/div>","protected":false},"excerpt":{"rendered":"<p>NETTALI.COM - Choguel Ma\u00efga n'est plus Premier ministre du Mali. Le d\u00e9cret annon\u00e7ant son limogeage et celui de son gouvernement vient d'\u00eatre lu \u00e0 la t\u00e9l\u00e9vision nationale par Alfousseyni Diawara, secr\u00e9taire g\u00e9n\u00e9ral de la pr\u00e9sidence de la R\u00e9publique. Selon la presse malienne, il lui est reproch\u00e9 un \"discours incendaire\" tenu le 16 novembre dernier contre [&hellip;]<\/p>\n","protected":false},"author":3,"featured_media":144145,"comment_status":"open","ping_status":"open","sticky":false,"template":"","format":"standard","meta":{"_et_pb_use_builder":"","_et_pb_old_content":""},"categories":[8],"tags":[],"yoast_head":"<!-- This site is optimized with the Yoast SEO Premium plugin v17.8 (Yoast SEO v17.8) - https:\/\/yoast.com\/wordpress\/plugins\/seo\/ -->\n<title>MALI - Le Premier ministre Choguel Ma\u00efga, d\u00e9mis de ses fonctions | Nettali.com<\/title>\n<meta name=\"robots\" content=\"index, follow, max-snippet:-1, max-image-preview:large, max-video-preview:-1\" \/>\n<link rel=\"canonical\" href=\"https:\/\/www.nettali.com\/2024\/11\/20\/mali-le-premier-ministre-choguel-maiga-demis-de-ses-fonctions\/\" \/>\n<meta property=\"og:locale\" content=\"fr_FR\" \/>\n<meta property=\"og:type\" content=\"article\" \/>\n<meta property=\"og:title\" content=\"MALI - Le Premier ministre Choguel Ma\u00efga, d\u00e9mis de ses fonctions\" \/>\n<meta property=\"og:description\" content=\"NETTALI.COM - Choguel Ma\u00efga n&#039;est plus Premier ministre du Mali. Le d\u00e9cret annon\u00e7ant son limogeage et celui de son gouvernement vient d&#039;\u00eatre lu \u00e0 la t\u00e9l\u00e9vision nationale par Alfousseyni Diawara, secr\u00e9taire g\u00e9n\u00e9ral de la pr\u00e9sidence de la R\u00e9publique. Selon la presse malienne, il lui est reproch\u00e9 un &quot;discours incendaire&quot; tenu le 16 novembre dernier contre [&hellip;]\" \/>\n<meta property=\"og:url\" content=\"https:\/\/www.nettali.com\/2024\/11\/20\/mali-le-premier-ministre-choguel-maiga-demis-de-ses-fonctions\/\" \/>\n<meta property=\"og:site_name\" content=\"Nettali.com\" \/>\n<meta property=\"article:publisher\" content=\"https:\/\/www.facebook.com\/nettalicom\" \/>\n<meta property=\"article:published_time\" content=\"2024-11-20T19:57:01+00:00\" \/>\n<meta property=\"article:modified_time\" content=\"2024-11-20T23:29:25+00:00\" \/>\n<meta property=\"og:image\" content=\"https:\/\/www.nettali.com\/wp-content\/uploads\/2024\/11\/jad20241120-ass-mali-choguel-maiga-rumeurs-limogeage.jpg\" \/>\n\t<meta property=\"og:image:width\" content=\"1280\" \/>\n\t<meta property=\"og:image:height\" content=\"960\" \/>\n<meta name=\"twitter:card\" content=\"summary_large_image\" \/>\n<meta name=\"twitter:label1\" content=\"\u00c9crit par\" \/>\n\t<meta name=\"twitter:data1\" content=\"Moustapha\" \/>\n\t<meta name=\"twitter:label2\" content=\"Dur\u00e9e de lecture estim\u00e9e\" \/>\n\t<meta name=\"twitter:data2\" content=\"2 minutes\" \/>\n<script type=\"application\/ld+json\" class=\"yoast-schema-graph\">{\"@context\":\"https:\/\/schema.org\",\"@graph\":[{\"@type\":\"WebSite\",\"@id\":\"https:\/\/www.nettali.com\/#website\",\"url\":\"https:\/\/www.nettali.com\/\",\"name\":\"Nettali.com\",\"description\":\"Le rendez-vous critique du Net\",\"potentialAction\":[{\"@type\":\"SearchAction\",\"target\":{\"@type\":\"EntryPoint\",\"urlTemplate\":\"https:\/\/www.nettali.com\/?s={search_term_string}\"},\"query-input\":\"required name=search_term_string\"}],\"inLanguage\":\"fr-FR\"},{\"@type\":\"ImageObject\",\"@id\":\"https:\/\/www.nettali.com\/2024\/11\/20\/mali-le-premier-ministre-choguel-maiga-demis-de-ses-fonctions\/#primaryimage\",\"inLanguage\":\"fr-FR\",\"url\":\"https:\/\/www.nettali.com\/wp-content\/uploads\/2024\/11\/jad20241120-ass-mali-choguel-maiga-rumeurs-limogeage.jpg\",\"contentUrl\":\"https:\/\/www.nettali.com\/wp-content\/uploads\/2024\/11\/jad20241120-ass-mali-choguel-maiga-rumeurs-limogeage.jpg\",\"width\":1280,\"height\":960},{\"@type\":\"WebPage\",\"@id\":\"https:\/\/www.nettali.com\/2024\/11\/20\/mali-le-premier-ministre-choguel-maiga-demis-de-ses-fonctions\/#webpage\",\"url\":\"https:\/\/www.nettali.com\/2024\/11\/20\/mali-le-premier-ministre-choguel-maiga-demis-de-ses-fonctions\/\",\"name\":\"MALI - Le Premier ministre Choguel Ma\\u00efga, d\\u00e9mis de ses fonctions | Nettali.com\",\"isPartOf\":{\"@id\":\"https:\/\/www.nettali.com\/#website\"},\"primaryImageOfPage\":{\"@id\":\"https:\/\/www.nettali.com\/2024\/11\/20\/mali-le-premier-ministre-choguel-maiga-demis-de-ses-fonctions\/#primaryimage\"},\"datePublished\":\"2024-11-20T19:57:01+00:00\",\"dateModified\":\"2024-11-20T23:29:25+00:00\",\"author\":{\"@id\":\"https:\/\/www.nettali.com\/#\/schema\/person\/7962a12a6e0267f88f0ffa544c36469a\"},\"breadcrumb\":{\"@id\":\"https:\/\/www.nettali.com\/2024\/11\/20\/mali-le-premier-ministre-choguel-maiga-demis-de-ses-fonctions\/#breadcrumb\"},\"inLanguage\":\"fr-FR\",\"potentialAction\":[{\"@type\":\"ReadAction\",\"target\":[\"https:\/\/www.nettali.com\/2024\/11\/20\/mali-le-premier-ministre-choguel-maiga-demis-de-ses-fonctions\/\"]}]},{\"@type\":\"BreadcrumbList\",\"@id\":\"https:\/\/www.nettali.com\/2024\/11\/20\/mali-le-premier-ministre-choguel-maiga-demis-de-ses-fonctions\/#breadcrumb\",\"itemListElement\":[{\"@type\":\"ListItem\",\"position\":1,\"name\":\"Accueil\",\"item\":\"https:\/\/www.nettali.com\/\"},{\"@type\":\"ListItem\",\"position\":2,\"name\":\"MALI - Le Premier ministre Choguel Ma\\u00efga, d\\u00e9mis de ses fonctions\"}]},{\"@type\":\"Person\",\"@id\":\"https:\/\/www.nettali.com\/#\/schema\/person\/7962a12a6e0267f88f0ffa544c36469a\",\"name\":\"Moustapha\",\"image\":{\"@type\":\"ImageObject\",\"@id\":\"https:\/\/www.nettali.com\/#personlogo\",\"inLanguage\":\"fr-FR\",\"url\":\"https:\/\/secure.gravatar.com\/avatar\/10fdf6a071cccdcf374e3dbe45159590?s=96&d=mm&r=g\",\"contentUrl\":\"https:\/\/secure.gravatar.com\/avatar\/10fdf6a071cccdcf374e3dbe45159590?s=96&d=mm&r=g\",\"caption\":\"Moustapha\"},\"sameAs\":[\"https:\/\/www.nettali.com\"]}]}<\/script>\n<!-- \/ Yoast SEO Premium plugin. -->","yoast_head_json":{"title":"MALI - Le Premier ministre Choguel Ma\u00efga, d\u00e9mis de ses fonctions | Nettali.com","robots":{"index":"index","follow":"follow","max-snippet":"max-snippet:-1","max-image-preview":"max-image-preview:large","max-video-preview":"max-video-preview:-1"},"canonical":"https:\/\/www.nettali.com\/2024\/11\/20\/mali-le-premier-ministre-choguel-maiga-demis-de-ses-fonctions\/","og_locale":"fr_FR","og_type":"article","og_title":"MALI - Le Premier ministre Choguel Ma\u00efga, d\u00e9mis de ses fonctions","og_description":"NETTALI.COM - Choguel Ma\u00efga n'est plus Premier ministre du Mali. Le d\u00e9cret annon\u00e7ant son limogeage et celui de son gouvernement vient d'\u00eatre lu \u00e0 la t\u00e9l\u00e9vision nationale par Alfousseyni Diawara, secr\u00e9taire g\u00e9n\u00e9ral de la pr\u00e9sidence de la R\u00e9publique. Selon la presse malienne, il lui est reproch\u00e9 un \"discours incendaire\" tenu le 16 novembre dernier contre [&hellip;]","og_url":"https:\/\/www.nettali.com\/2024\/11\/20\/mali-le-premier-ministre-choguel-maiga-demis-de-ses-fonctions\/","og_site_name":"Nettali.com","article_publisher":"https:\/\/www.facebook.com\/nettalicom","article_published_time":"2024-11-20T19:57:01+00:00","article_modified_time":"2024-11-20T23:29:25+00:00","og_image":[{"width":1280,"height":960,"url":"https:\/\/www.nettali.com\/wp-content\/uploads\/2024\/11\/jad20241120-ass-mali-choguel-maiga-rumeurs-limogeage.jpg","type":"image\/jpeg"}],"twitter_card":"summary_large_image","twitter_misc":{"\u00c9crit par":"Moustapha","Dur\u00e9e de lecture estim\u00e9e":"2 minutes"},"schema":{"@context":"https:\/\/schema.org","@graph":[{"@type":"WebSite","@id":"https:\/\/www.nettali.com\/#website","url":"https:\/\/www.nettali.com\/","name":"Nettali.com","description":"Le rendez-vous critique du Net","potentialAction":[{"@type":"SearchAction","target":{"@type":"EntryPoint","urlTemplate":"https:\/\/www.nettali.com\/?s={search_term_string}"},"query-input":"required name=search_term_string"}],"inLanguage":"fr-FR"},{"@type":"ImageObject","@id":"https:\/\/www.nettali.com\/2024\/11\/20\/mali-le-premier-ministre-choguel-maiga-demis-de-ses-fonctions\/#primaryimage","inLanguage":"fr-FR","url":"https:\/\/www.nettali.com\/wp-content\/uploads\/2024\/11\/jad20241120-ass-mali-choguel-maiga-rumeurs-limogeage.jpg","contentUrl":"https:\/\/www.nettali.com\/wp-content\/uploads\/2024\/11\/jad20241120-ass-mali-choguel-maiga-rumeurs-limogeage.jpg","width":1280,"height":960},{"@type":"WebPage","@id":"https:\/\/www.nettali.com\/2024\/11\/20\/mali-le-premier-ministre-choguel-maiga-demis-de-ses-fonctions\/#webpage","url":"https:\/\/www.nettali.com\/2024\/11\/20\/mali-le-premier-ministre-choguel-maiga-demis-de-ses-fonctions\/","name":"MALI - Le Premier ministre Choguel Ma\u00efga, d\u00e9mis de ses fonctions | Nettali.com","isPartOf":{"@id":"https:\/\/www.nettali.com\/#website"},"primaryImageOfPage":{"@id":"https:\/\/www.nettali.com\/2024\/11\/20\/mali-le-premier-ministre-choguel-maiga-demis-de-ses-fonctions\/#primaryimage"},"datePublished":"2024-11-20T19:57:01+00:00","dateModified":"2024-11-20T23:29:25+00:00","author":{"@id":"https:\/\/www.nettali.com\/#\/schema\/person\/7962a12a6e0267f88f0ffa544c36469a"},"breadcrumb":{"@id":"https:\/\/www.nettali.com\/2024\/11\/20\/mali-le-premier-ministre-choguel-maiga-demis-de-ses-fonctions\/#breadcrumb"},"inLanguage":"fr-FR","potentialAction":[{"@type":"ReadAction","target":["https:\/\/www.nettali.com\/2024\/11\/20\/mali-le-premier-ministre-choguel-maiga-demis-de-ses-fonctions\/"]}]},{"@type":"BreadcrumbList","@id":"https:\/\/www.nettali.com\/2024\/11\/20\/mali-le-premier-ministre-choguel-maiga-demis-de-ses-fonctions\/#breadcrumb","itemListElement":[{"@type":"ListItem","position":1,"name":"Accueil","item":"https:\/\/www.nettali.com\/"},{"@type":"ListItem","position":2,"name":"MALI - Le Premier ministre Choguel Ma\u00efga, d\u00e9mis de ses fonctions"}]},{"@type":"Person","@id":"https:\/\/www.nettali.com\/#\/schema\/person\/7962a12a6e0267f88f0ffa544c36469a","name":"Moustapha","image":{"@type":"ImageObject","@id":"https:\/\/www.nettali.com\/#personlogo","inLanguage":"fr-FR","url":"https:\/\/secure.gravatar.com\/avatar\/10fdf6a071cccdcf374e3dbe45159590?s=96&d=mm&r=g","contentUrl":"https:\/\/secure.gravatar.com\/avatar\/10fdf6a071cccdcf374e3dbe45159590?s=96&d=mm&r=g","caption":"Moustapha"},"sameAs":["https:\/\/www.nettali.com"]}]}},"_links":{"self":[{"href":"https:\/\/www.nettali.com\/rest\/wp\/v2\/posts\/144139"}],"collection":[{"href":"https:\/\/www.nettali.com\/rest\/wp\/v2\/posts"}],"about":[{"href":"https:\/\/www.nettali.com\/rest\/wp\/v2\/types\/post"}],"author":[{"embeddable":true,"href":"https:\/\/www.nettali.com\/rest\/wp\/v2\/users\/3"}],"replies":[{"embeddable":true,"href":"https:\/\/www.nettali.com\/rest\/wp\/v2\/comments?post=144139"}],"version-history":[{"count":2,"href":"https:\/\/www.nettali.com\/rest\/wp\/v2\/posts\/144139\/revisions"}],"predecessor-version":[{"id":144155,"href":"https:\/\/www.nettali.com\/rest\/wp\/v2\/posts\/144139\/revisions\/144155"}],"wp:featuredmedia":[{"embeddable":true,"href":"https:\/\/www.nettali.com\/rest\/wp\/v2\/media\/144145"}],"wp:attachment":[{"href":"https:\/\/www.nettali.com\/rest\/wp\/v2\/media?parent=144139"}],"wp:term":[{"taxonomy":"category","embeddable":true,"href":"https:\/\/www.nettali.com\/rest\/wp\/v2\/categories?post=144139"},{"taxonomy":"post_tag","embeddable":true,"href":"https:\/\/www.nettali.com\/rest\/wp\/v2\/tags?post=144139"}],"curies":[{"name":"wp","href":"https:\/\/api.w.org\/{rel}","templated":true}]}}