{"id":144043,"date":"2024-11-18T11:16:02","date_gmt":"2024-11-18T11:16:02","guid":{"rendered":"https:\/\/www.nettali.com\/?p=144043"},"modified":"2024-11-18T11:16:02","modified_gmt":"2024-11-18T11:16:02","slug":"defaite-de-takku-wallu-le-message-de-macky-sall","status":"publish","type":"post","link":"https:\/\/www.nettali.com\/2024\/11\/18\/defaite-de-takku-wallu-le-message-de-macky-sall\/","title":{"rendered":"DEFAITE DE TAKKU WALLU - Le message de Macky Sall"},"content":{"rendered":"<p><strong>NETTALI.COM - Sa coalition largement battue aux l\u00e9gislatives du 17 novembre, Macky Sall a tenu \u00e0 s'adresser aux S\u00e9n\u00e9galais. Dans un court message, l'ancien pr\u00e9sident a aussi f\u00e9licit\u00e9 le Pastef.\u00a0<\/strong><\/p>\n<p>\"<em>Je voudrais, en mon nom personnel et en celui des leaders et membres de la Coalition Takku Wallu S\u00e9n\u00e9gal, f\u00e9liciter la Coalition Pastef pour sa victoire \u00e0 l\u2019issue des \u00e9lections l\u00e9gislatives de ce dimanche 17 novembre 2024<\/em>.\" C'est en ces termes que Macky Sall entame sa lettre adress\u00e9e aux S\u00e9n\u00e9galais suite \u00e0 la cuisante d\u00e9faite de sa coalition aux l\u00e9gislatives. L'ancien chef de l\u2019Etat est convaincu que c'est \"<em>le peuple souverain<\/em> (qui) <em>s\u2019est clairement exprim\u00e9, confirmant une fois de plus sa maturit\u00e9 politique, son attachement aux valeurs r\u00e9publicaines et \u00e0 la d\u00e9mocratie, socles de notre coh\u00e9sion sociale et de notre vivre-ensemble<\/em>\".<\/p>\n<p>\"<em>Je voudrais dans le m\u00eame \u00e9lan remercier tous mes compatriotes sans exclusive, hommes, femmes, jeunes des villes, du monde rural et de la diaspora, et exprimer ma profonde gratitude \u00e0 tous ceux qui ont bien voulu porter leurs suffrages sur la liste que j\u2019ai eu l\u2019honneur de diriger<\/em>\", a poursuivi la t\u00eate de liste nationale de la coalition Takku Wallu. Avant d'ajouter : \"<em>Nous restons un grand peuple, une grande nation.Nous sommes parce que le S\u00e9n\u00e9gal est<\/em>.\"<\/p>\n<div class='share-to-whatsapp-wrapper'><div class='share-on-whsp'>PARTAGER SUR : <\/div><a data-text='DEFAITE DE TAKKU WALLU - Le message de Macky Sall' data-link='https:\/\/www.nettali.com\/2024\/11\/18\/defaite-de-takku-wallu-le-message-de-macky-sall\/' class='whatsapp-button whatsapp-share'>WhatsApp<\/a><div class='clear '><\/div><\/div>","protected":false},"excerpt":{"rendered":"<p>NETTALI.COM - Sa coalition largement battue aux l\u00e9gislatives du 17 novembre, Macky Sall a tenu \u00e0 s'adresser aux S\u00e9n\u00e9galais. Dans un court message, l'ancien pr\u00e9sident a aussi f\u00e9licit\u00e9 le Pastef.\u00a0 \"Je voudrais, en mon nom personnel et en celui des leaders et membres de la Coalition Takku Wallu S\u00e9n\u00e9gal, f\u00e9liciter la Coalition Pastef pour sa [&hellip;]<\/p>\n","protected":false},"author":3,"featured_media":139565,"comment_status":"open","ping_status":"open","sticky":false,"template":"","format":"standard","meta":{"_et_pb_use_builder":"","_et_pb_old_content":""},"categories":[2],"tags":[],"yoast_head":"<!-- This site is optimized with the Yoast SEO Premium plugin v17.8 (Yoast SEO v17.8) - https:\/\/yoast.com\/wordpress\/plugins\/seo\/ -->\n<title>DEFAITE DE TAKKU WALLU - Le message de Macky Sall | Nettali.com<\/title>\n<meta name=\"robots\" content=\"index, follow, max-snippet:-1, max-image-preview:large, max-video-preview:-1\" \/>\n<link rel=\"canonical\" href=\"https:\/\/www.nettali.com\/2024\/11\/18\/defaite-de-takku-wallu-le-message-de-macky-sall\/\" \/>\n<meta property=\"og:locale\" content=\"fr_FR\" \/>\n<meta property=\"og:type\" content=\"article\" \/>\n<meta property=\"og:title\" content=\"DEFAITE DE TAKKU WALLU - Le message de Macky Sall\" \/>\n<meta property=\"og:description\" content=\"NETTALI.COM - Sa coalition largement battue aux l\u00e9gislatives du 17 novembre, Macky Sall a tenu \u00e0 s&#039;adresser aux S\u00e9n\u00e9galais. Dans un court message, l&#039;ancien pr\u00e9sident a aussi f\u00e9licit\u00e9 le Pastef.\u00a0 &quot;Je voudrais, en mon nom personnel et en celui des leaders et membres de la Coalition Takku Wallu S\u00e9n\u00e9gal, f\u00e9liciter la Coalition Pastef pour sa [&hellip;]\" \/>\n<meta property=\"og:url\" content=\"https:\/\/www.nettali.com\/2024\/11\/18\/defaite-de-takku-wallu-le-message-de-macky-sall\/\" \/>\n<meta property=\"og:site_name\" content=\"Nettali.com\" \/>\n<meta property=\"article:publisher\" content=\"https:\/\/www.facebook.com\/nettalicom\" \/>\n<meta property=\"article:published_time\" content=\"2024-11-18T11:16:02+00:00\" \/>\n<meta property=\"og:image\" content=\"https:\/\/www.nettali.com\/wp-content\/uploads\/2024\/09\/Macky-sall-.jpeg\" \/>\n\t<meta property=\"og:image:width\" content=\"2048\" \/>\n\t<meta property=\"og:image:height\" content=\"1366\" \/>\n<meta name=\"twitter:card\" content=\"summary_large_image\" \/>\n<meta name=\"twitter:label1\" content=\"\u00c9crit par\" \/>\n\t<meta name=\"twitter:data1\" content=\"Moustapha\" \/>\n\t<meta name=\"twitter:label2\" content=\"Dur\u00e9e de lecture estim\u00e9e\" \/>\n\t<meta name=\"twitter:data2\" content=\"2 minutes\" \/>\n<script type=\"application\/ld+json\" class=\"yoast-schema-graph\">{\"@context\":\"https:\/\/schema.org\",\"@graph\":[{\"@type\":\"WebSite\",\"@id\":\"https:\/\/www.nettali.com\/#website\",\"url\":\"https:\/\/www.nettali.com\/\",\"name\":\"Nettali.com\",\"description\":\"Le rendez-vous critique du Net\",\"potentialAction\":[{\"@type\":\"SearchAction\",\"target\":{\"@type\":\"EntryPoint\",\"urlTemplate\":\"https:\/\/www.nettali.com\/?s={search_term_string}\"},\"query-input\":\"required name=search_term_string\"}],\"inLanguage\":\"fr-FR\"},{\"@type\":\"ImageObject\",\"@id\":\"https:\/\/www.nettali.com\/2024\/11\/18\/defaite-de-takku-wallu-le-message-de-macky-sall\/#primaryimage\",\"inLanguage\":\"fr-FR\",\"url\":\"https:\/\/www.nettali.com\/wp-content\/uploads\/2024\/09\/Macky-sall-.jpeg\",\"contentUrl\":\"https:\/\/www.nettali.com\/wp-content\/uploads\/2024\/09\/Macky-sall-.jpeg\",\"width\":2048,\"height\":1366},{\"@type\":\"WebPage\",\"@id\":\"https:\/\/www.nettali.com\/2024\/11\/18\/defaite-de-takku-wallu-le-message-de-macky-sall\/#webpage\",\"url\":\"https:\/\/www.nettali.com\/2024\/11\/18\/defaite-de-takku-wallu-le-message-de-macky-sall\/\",\"name\":\"DEFAITE DE TAKKU WALLU - Le message de Macky Sall | Nettali.com\",\"isPartOf\":{\"@id\":\"https:\/\/www.nettali.com\/#website\"},\"primaryImageOfPage\":{\"@id\":\"https:\/\/www.nettali.com\/2024\/11\/18\/defaite-de-takku-wallu-le-message-de-macky-sall\/#primaryimage\"},\"datePublished\":\"2024-11-18T11:16:02+00:00\",\"dateModified\":\"2024-11-18T11:16:02+00:00\",\"author\":{\"@id\":\"https:\/\/www.nettali.com\/#\/schema\/person\/7962a12a6e0267f88f0ffa544c36469a\"},\"breadcrumb\":{\"@id\":\"https:\/\/www.nettali.com\/2024\/11\/18\/defaite-de-takku-wallu-le-message-de-macky-sall\/#breadcrumb\"},\"inLanguage\":\"fr-FR\",\"potentialAction\":[{\"@type\":\"ReadAction\",\"target\":[\"https:\/\/www.nettali.com\/2024\/11\/18\/defaite-de-takku-wallu-le-message-de-macky-sall\/\"]}]},{\"@type\":\"BreadcrumbList\",\"@id\":\"https:\/\/www.nettali.com\/2024\/11\/18\/defaite-de-takku-wallu-le-message-de-macky-sall\/#breadcrumb\",\"itemListElement\":[{\"@type\":\"ListItem\",\"position\":1,\"name\":\"Accueil\",\"item\":\"https:\/\/www.nettali.com\/\"},{\"@type\":\"ListItem\",\"position\":2,\"name\":\"DEFAITE DE TAKKU WALLU - Le message de Macky Sall\"}]},{\"@type\":\"Person\",\"@id\":\"https:\/\/www.nettali.com\/#\/schema\/person\/7962a12a6e0267f88f0ffa544c36469a\",\"name\":\"Moustapha\",\"image\":{\"@type\":\"ImageObject\",\"@id\":\"https:\/\/www.nettali.com\/#personlogo\",\"inLanguage\":\"fr-FR\",\"url\":\"https:\/\/secure.gravatar.com\/avatar\/10fdf6a071cccdcf374e3dbe45159590?s=96&d=mm&r=g\",\"contentUrl\":\"https:\/\/secure.gravatar.com\/avatar\/10fdf6a071cccdcf374e3dbe45159590?s=96&d=mm&r=g\",\"caption\":\"Moustapha\"},\"sameAs\":[\"https:\/\/www.nettali.com\"]}]}<\/script>\n<!-- \/ Yoast SEO Premium plugin. -->","yoast_head_json":{"title":"DEFAITE DE TAKKU WALLU - Le message de Macky Sall | Nettali.com","robots":{"index":"index","follow":"follow","max-snippet":"max-snippet:-1","max-image-preview":"max-image-preview:large","max-video-preview":"max-video-preview:-1"},"canonical":"https:\/\/www.nettali.com\/2024\/11\/18\/defaite-de-takku-wallu-le-message-de-macky-sall\/","og_locale":"fr_FR","og_type":"article","og_title":"DEFAITE DE TAKKU WALLU - Le message de Macky Sall","og_description":"NETTALI.COM - Sa coalition largement battue aux l\u00e9gislatives du 17 novembre, Macky Sall a tenu \u00e0 s'adresser aux S\u00e9n\u00e9galais. Dans un court message, l'ancien pr\u00e9sident a aussi f\u00e9licit\u00e9 le Pastef.\u00a0 \"Je voudrais, en mon nom personnel et en celui des leaders et membres de la Coalition Takku Wallu S\u00e9n\u00e9gal, f\u00e9liciter la Coalition Pastef pour sa [&hellip;]","og_url":"https:\/\/www.nettali.com\/2024\/11\/18\/defaite-de-takku-wallu-le-message-de-macky-sall\/","og_site_name":"Nettali.com","article_publisher":"https:\/\/www.facebook.com\/nettalicom","article_published_time":"2024-11-18T11:16:02+00:00","og_image":[{"width":2048,"height":1366,"url":"https:\/\/www.nettali.com\/wp-content\/uploads\/2024\/09\/Macky-sall-.jpeg","type":"image\/jpeg"}],"twitter_card":"summary_large_image","twitter_misc":{"\u00c9crit par":"Moustapha","Dur\u00e9e de lecture estim\u00e9e":"2 minutes"},"schema":{"@context":"https:\/\/schema.org","@graph":[{"@type":"WebSite","@id":"https:\/\/www.nettali.com\/#website","url":"https:\/\/www.nettali.com\/","name":"Nettali.com","description":"Le rendez-vous critique du Net","potentialAction":[{"@type":"SearchAction","target":{"@type":"EntryPoint","urlTemplate":"https:\/\/www.nettali.com\/?s={search_term_string}"},"query-input":"required name=search_term_string"}],"inLanguage":"fr-FR"},{"@type":"ImageObject","@id":"https:\/\/www.nettali.com\/2024\/11\/18\/defaite-de-takku-wallu-le-message-de-macky-sall\/#primaryimage","inLanguage":"fr-FR","url":"https:\/\/www.nettali.com\/wp-content\/uploads\/2024\/09\/Macky-sall-.jpeg","contentUrl":"https:\/\/www.nettali.com\/wp-content\/uploads\/2024\/09\/Macky-sall-.jpeg","width":2048,"height":1366},{"@type":"WebPage","@id":"https:\/\/www.nettali.com\/2024\/11\/18\/defaite-de-takku-wallu-le-message-de-macky-sall\/#webpage","url":"https:\/\/www.nettali.com\/2024\/11\/18\/defaite-de-takku-wallu-le-message-de-macky-sall\/","name":"DEFAITE DE TAKKU WALLU - Le message de Macky Sall | Nettali.com","isPartOf":{"@id":"https:\/\/www.nettali.com\/#website"},"primaryImageOfPage":{"@id":"https:\/\/www.nettali.com\/2024\/11\/18\/defaite-de-takku-wallu-le-message-de-macky-sall\/#primaryimage"},"datePublished":"2024-11-18T11:16:02+00:00","dateModified":"2024-11-18T11:16:02+00:00","author":{"@id":"https:\/\/www.nettali.com\/#\/schema\/person\/7962a12a6e0267f88f0ffa544c36469a"},"breadcrumb":{"@id":"https:\/\/www.nettali.com\/2024\/11\/18\/defaite-de-takku-wallu-le-message-de-macky-sall\/#breadcrumb"},"inLanguage":"fr-FR","potentialAction":[{"@type":"ReadAction","target":["https:\/\/www.nettali.com\/2024\/11\/18\/defaite-de-takku-wallu-le-message-de-macky-sall\/"]}]},{"@type":"BreadcrumbList","@id":"https:\/\/www.nettali.com\/2024\/11\/18\/defaite-de-takku-wallu-le-message-de-macky-sall\/#breadcrumb","itemListElement":[{"@type":"ListItem","position":1,"name":"Accueil","item":"https:\/\/www.nettali.com\/"},{"@type":"ListItem","position":2,"name":"DEFAITE DE TAKKU WALLU - Le message de Macky Sall"}]},{"@type":"Person","@id":"https:\/\/www.nettali.com\/#\/schema\/person\/7962a12a6e0267f88f0ffa544c36469a","name":"Moustapha","image":{"@type":"ImageObject","@id":"https:\/\/www.nettali.com\/#personlogo","inLanguage":"fr-FR","url":"https:\/\/secure.gravatar.com\/avatar\/10fdf6a071cccdcf374e3dbe45159590?s=96&d=mm&r=g","contentUrl":"https:\/\/secure.gravatar.com\/avatar\/10fdf6a071cccdcf374e3dbe45159590?s=96&d=mm&r=g","caption":"Moustapha"},"sameAs":["https:\/\/www.nettali.com"]}]}},"_links":{"self":[{"href":"https:\/\/www.nettali.com\/rest\/wp\/v2\/posts\/144043"}],"collection":[{"href":"https:\/\/www.nettali.com\/rest\/wp\/v2\/posts"}],"about":[{"href":"https:\/\/www.nettali.com\/rest\/wp\/v2\/types\/post"}],"author":[{"embeddable":true,"href":"https:\/\/www.nettali.com\/rest\/wp\/v2\/users\/3"}],"replies":[{"embeddable":true,"href":"https:\/\/www.nettali.com\/rest\/wp\/v2\/comments?post=144043"}],"version-history":[{"count":1,"href":"https:\/\/www.nettali.com\/rest\/wp\/v2\/posts\/144043\/revisions"}],"predecessor-version":[{"id":144044,"href":"https:\/\/www.nettali.com\/rest\/wp\/v2\/posts\/144043\/revisions\/144044"}],"wp:featuredmedia":[{"embeddable":true,"href":"https:\/\/www.nettali.com\/rest\/wp\/v2\/media\/139565"}],"wp:attachment":[{"href":"https:\/\/www.nettali.com\/rest\/wp\/v2\/media?parent=144043"}],"wp:term":[{"taxonomy":"category","embeddable":true,"href":"https:\/\/www.nettali.com\/rest\/wp\/v2\/categories?post=144043"},{"taxonomy":"post_tag","embeddable":true,"href":"https:\/\/www.nettali.com\/rest\/wp\/v2\/tags?post=144043"}],"curies":[{"name":"wp","href":"https:\/\/api.w.org\/{rel}","templated":true}]}}