{"id":143939,"date":"2024-11-17T13:12:54","date_gmt":"2024-11-17T13:12:54","guid":{"rendered":"https:\/\/www.nettali.com\/?p=143939"},"modified":"2024-11-17T13:12:54","modified_gmt":"2024-11-17T13:12:54","slug":"elections-legislatives-thierno-bocoum-deplore-le-faible-taux-de-participation","status":"publish","type":"post","link":"https:\/\/www.nettali.com\/2024\/11\/17\/elections-legislatives-thierno-bocoum-deplore-le-faible-taux-de-participation\/","title":{"rendered":"\u00c9LECTIONS L\u00c9GISLATIVES -Thierno Bocoum d\u00e9plore le faible taux de participation"},"content":{"rendered":"<p><strong>NETTALI.COM - Investi par la coalition Samm Sa Kadu dirig\u00e9 par le maire de Dakar Barthelemy Dias, le pr\u00e9sident du mouvement Agir vient de voter \u00e0 l'\u00e9cole HLM Grand M\u00e9dine. Thierno Bocoum a fustig\u00e9 le faible taux de participation et a exhort\u00e9 les \u00e9lecteurs \u00e0 venir voter.<\/strong><\/p>\n<p>Le pr\u00e9sident du mouvement Agir a vot\u00e9. Ainsi, conscient des enjeux de ces \u00e9lections, Thierno Bocoum a invit\u00e9 les citoyens \u00e0 sortir en masse pour choisir leur d\u00e9put\u00e9 .<\/p>\n<p>\u00ab <em>Depuis 2000 que je vote ici, pour la premi\u00e8re fois, je n'ai pas fait la queue. Je suis venu, je suis entr\u00e9 et j'ai vot\u00e9 tr\u00e8s rapidement. Il n'y a pas eu de l\u2019effervescence qu'on avait l'habitude de voir. Et on a besoin d'avoir de l'effervescence parce qu'il s'agit d'\u00e9lire des d\u00e9put\u00e9s. Je l'ai dit encore une fois, m\u00eame si c'est tr\u00e8s important d'\u00e9lire un pr\u00e9sident de la R\u00e9publique, c'est encore plus important d'\u00e9lire des d\u00e9put\u00e9s qui vont contr\u00f4ler l'action gouvernementale. Et il s'agit d'une d\u00e9mocratie repr\u00e9sentative. Donc, nous demandons aux S\u00e9n\u00e9galais de choisir leurs d\u00e9put\u00e9s et faire en sorte qu'il y ait de la l\u00e9gitimit\u00e9. Parce que plus il y a des \u00e9lecteurs qui votent, plus il y a de la l\u00e9gitimit\u00e9<\/em>\u00bb.<\/p>\n<p>Par ailleurs, le candidat a invit\u00e9 les autorit\u00e9s pour des \u00e9lections libres et transparentes.<\/p>\n<p>\u00ab <em>L'autre aspect que nous voulons mettre en avant, c'est que \u00e9videmment, vous avez tous vu que l'administration a l'habitude d'organiser des \u00e9lections. Mais c'est \u00e9vident que nous attendons \u00e0 ce que l'administration le fasse. Mais nous avons un Premier ministre qui a d\u00e9clar\u00e9 lors de sa campagne qu'il donne des injonctions au ministre de la Justice pour appr\u00e9hender les gens. Donc, nous demandons au ministre de la Justice, nous demandons au ministre de l'Int\u00e9rieur, parce que l'id\u00e9e peut l'habiter, de prendre la responsabilit\u00e9 d'organiser des \u00e9lections libres et transparentes<\/em> \u00bb, a lanc\u00e9 Thierno Bocoum.<\/p>\n<div class='share-to-whatsapp-wrapper'><div class='share-on-whsp'>PARTAGER SUR : <\/div><a data-text='\u00c9LECTIONS L\u00c9GISLATIVES -Thierno Bocoum d\u00e9plore le faible taux de participation' data-link='https:\/\/www.nettali.com\/2024\/11\/17\/elections-legislatives-thierno-bocoum-deplore-le-faible-taux-de-participation\/' class='whatsapp-button whatsapp-share'>WhatsApp<\/a><div class='clear '><\/div><\/div>","protected":false},"excerpt":{"rendered":"<p>NETTALI.COM - Investi par la coalition Samm Sa Kadu dirig\u00e9 par le maire de Dakar Barthelemy Dias, le pr\u00e9sident du mouvement Agir vient de voter \u00e0 l'\u00e9cole HLM Grand M\u00e9dine. Thierno Bocoum a fustig\u00e9 le faible taux de participation et a exhort\u00e9 les \u00e9lecteurs \u00e0 venir voter. Le pr\u00e9sident du mouvement Agir a vot\u00e9. Ainsi, [&hellip;]<\/p>\n","protected":false},"author":6,"featured_media":143945,"comment_status":"open","ping_status":"open","sticky":false,"template":"","format":"standard","meta":{"_et_pb_use_builder":"","_et_pb_old_content":""},"categories":[2],"tags":[],"yoast_head":"<!-- This site is optimized with the Yoast SEO Premium plugin v17.8 (Yoast SEO v17.8) - https:\/\/yoast.com\/wordpress\/plugins\/seo\/ -->\n<title>\u00c9LECTIONS L\u00c9GISLATIVES -Thierno Bocoum d\u00e9plore le faible taux de participation | Nettali.com<\/title>\n<meta name=\"robots\" content=\"index, follow, max-snippet:-1, max-image-preview:large, max-video-preview:-1\" \/>\n<link rel=\"canonical\" href=\"https:\/\/www.nettali.com\/2024\/11\/17\/elections-legislatives-thierno-bocoum-deplore-le-faible-taux-de-participation\/\" \/>\n<meta property=\"og:locale\" content=\"fr_FR\" \/>\n<meta property=\"og:type\" content=\"article\" \/>\n<meta property=\"og:title\" content=\"\u00c9LECTIONS L\u00c9GISLATIVES -Thierno Bocoum d\u00e9plore le faible taux de participation\" \/>\n<meta property=\"og:description\" content=\"NETTALI.COM - Investi par la coalition Samm Sa Kadu dirig\u00e9 par le maire de Dakar Barthelemy Dias, le pr\u00e9sident du mouvement Agir vient de voter \u00e0 l&#039;\u00e9cole HLM Grand M\u00e9dine. Thierno Bocoum a fustig\u00e9 le faible taux de participation et a exhort\u00e9 les \u00e9lecteurs \u00e0 venir voter. Le pr\u00e9sident du mouvement Agir a vot\u00e9. Ainsi, [&hellip;]\" \/>\n<meta property=\"og:url\" content=\"https:\/\/www.nettali.com\/2024\/11\/17\/elections-legislatives-thierno-bocoum-deplore-le-faible-taux-de-participation\/\" \/>\n<meta property=\"og:site_name\" content=\"Nettali.com\" \/>\n<meta property=\"article:publisher\" content=\"https:\/\/www.facebook.com\/nettalicom\" \/>\n<meta property=\"article:published_time\" content=\"2024-11-17T13:12:54+00:00\" \/>\n<meta property=\"og:image\" content=\"https:\/\/www.nettali.com\/wp-content\/uploads\/2024\/11\/IMG_20241117_104840_831-scaled.jpg\" \/>\n\t<meta property=\"og:image:width\" content=\"1920\" \/>\n\t<meta property=\"og:image:height\" content=\"2560\" \/>\n<meta name=\"twitter:card\" content=\"summary_large_image\" \/>\n<meta name=\"twitter:label1\" content=\"\u00c9crit par\" \/>\n\t<meta name=\"twitter:data1\" content=\"Fatou\" \/>\n\t<meta name=\"twitter:label2\" content=\"Dur\u00e9e de lecture estim\u00e9e\" \/>\n\t<meta name=\"twitter:data2\" content=\"2 minutes\" \/>\n<script type=\"application\/ld+json\" class=\"yoast-schema-graph\">{\"@context\":\"https:\/\/schema.org\",\"@graph\":[{\"@type\":\"WebSite\",\"@id\":\"https:\/\/www.nettali.com\/#website\",\"url\":\"https:\/\/www.nettali.com\/\",\"name\":\"Nettali.com\",\"description\":\"Le rendez-vous critique du Net\",\"potentialAction\":[{\"@type\":\"SearchAction\",\"target\":{\"@type\":\"EntryPoint\",\"urlTemplate\":\"https:\/\/www.nettali.com\/?s={search_term_string}\"},\"query-input\":\"required name=search_term_string\"}],\"inLanguage\":\"fr-FR\"},{\"@type\":\"ImageObject\",\"@id\":\"https:\/\/www.nettali.com\/2024\/11\/17\/elections-legislatives-thierno-bocoum-deplore-le-faible-taux-de-participation\/#primaryimage\",\"inLanguage\":\"fr-FR\",\"url\":\"https:\/\/www.nettali.com\/wp-content\/uploads\/2024\/11\/IMG_20241117_104840_831-scaled.jpg\",\"contentUrl\":\"https:\/\/www.nettali.com\/wp-content\/uploads\/2024\/11\/IMG_20241117_104840_831-scaled.jpg\",\"width\":1920,\"height\":2560},{\"@type\":\"WebPage\",\"@id\":\"https:\/\/www.nettali.com\/2024\/11\/17\/elections-legislatives-thierno-bocoum-deplore-le-faible-taux-de-participation\/#webpage\",\"url\":\"https:\/\/www.nettali.com\/2024\/11\/17\/elections-legislatives-thierno-bocoum-deplore-le-faible-taux-de-participation\/\",\"name\":\"\\u00c9LECTIONS L\\u00c9GISLATIVES -Thierno Bocoum d\\u00e9plore le faible taux de participation | Nettali.com\",\"isPartOf\":{\"@id\":\"https:\/\/www.nettali.com\/#website\"},\"primaryImageOfPage\":{\"@id\":\"https:\/\/www.nettali.com\/2024\/11\/17\/elections-legislatives-thierno-bocoum-deplore-le-faible-taux-de-participation\/#primaryimage\"},\"datePublished\":\"2024-11-17T13:12:54+00:00\",\"dateModified\":\"2024-11-17T13:12:54+00:00\",\"author\":{\"@id\":\"https:\/\/www.nettali.com\/#\/schema\/person\/418274a86bdf87caff7a3ef476bd0bbf\"},\"breadcrumb\":{\"@id\":\"https:\/\/www.nettali.com\/2024\/11\/17\/elections-legislatives-thierno-bocoum-deplore-le-faible-taux-de-participation\/#breadcrumb\"},\"inLanguage\":\"fr-FR\",\"potentialAction\":[{\"@type\":\"ReadAction\",\"target\":[\"https:\/\/www.nettali.com\/2024\/11\/17\/elections-legislatives-thierno-bocoum-deplore-le-faible-taux-de-participation\/\"]}]},{\"@type\":\"BreadcrumbList\",\"@id\":\"https:\/\/www.nettali.com\/2024\/11\/17\/elections-legislatives-thierno-bocoum-deplore-le-faible-taux-de-participation\/#breadcrumb\",\"itemListElement\":[{\"@type\":\"ListItem\",\"position\":1,\"name\":\"Accueil\",\"item\":\"https:\/\/www.nettali.com\/\"},{\"@type\":\"ListItem\",\"position\":2,\"name\":\"\\u00c9LECTIONS L\\u00c9GISLATIVES -Thierno Bocoum d\\u00e9plore le faible taux de participation\"}]},{\"@type\":\"Person\",\"@id\":\"https:\/\/www.nettali.com\/#\/schema\/person\/418274a86bdf87caff7a3ef476bd0bbf\",\"name\":\"Fatou\",\"image\":{\"@type\":\"ImageObject\",\"@id\":\"https:\/\/www.nettali.com\/#personlogo\",\"inLanguage\":\"fr-FR\",\"url\":\"https:\/\/secure.gravatar.com\/avatar\/5a9442a2bee7b4dcf167cab035858e9a?s=96&d=mm&r=g\",\"contentUrl\":\"https:\/\/secure.gravatar.com\/avatar\/5a9442a2bee7b4dcf167cab035858e9a?s=96&d=mm&r=g\",\"caption\":\"Fatou\"},\"sameAs\":[\"https:\/\/www.nettali.com\"]}]}<\/script>\n<!-- \/ Yoast SEO Premium plugin. -->","yoast_head_json":{"title":"\u00c9LECTIONS L\u00c9GISLATIVES -Thierno Bocoum d\u00e9plore le faible taux de participation | Nettali.com","robots":{"index":"index","follow":"follow","max-snippet":"max-snippet:-1","max-image-preview":"max-image-preview:large","max-video-preview":"max-video-preview:-1"},"canonical":"https:\/\/www.nettali.com\/2024\/11\/17\/elections-legislatives-thierno-bocoum-deplore-le-faible-taux-de-participation\/","og_locale":"fr_FR","og_type":"article","og_title":"\u00c9LECTIONS L\u00c9GISLATIVES -Thierno Bocoum d\u00e9plore le faible taux de participation","og_description":"NETTALI.COM - Investi par la coalition Samm Sa Kadu dirig\u00e9 par le maire de Dakar Barthelemy Dias, le pr\u00e9sident du mouvement Agir vient de voter \u00e0 l'\u00e9cole HLM Grand M\u00e9dine. Thierno Bocoum a fustig\u00e9 le faible taux de participation et a exhort\u00e9 les \u00e9lecteurs \u00e0 venir voter. Le pr\u00e9sident du mouvement Agir a vot\u00e9. Ainsi, [&hellip;]","og_url":"https:\/\/www.nettali.com\/2024\/11\/17\/elections-legislatives-thierno-bocoum-deplore-le-faible-taux-de-participation\/","og_site_name":"Nettali.com","article_publisher":"https:\/\/www.facebook.com\/nettalicom","article_published_time":"2024-11-17T13:12:54+00:00","og_image":[{"width":1920,"height":2560,"url":"https:\/\/www.nettali.com\/wp-content\/uploads\/2024\/11\/IMG_20241117_104840_831-scaled.jpg","type":"image\/jpeg"}],"twitter_card":"summary_large_image","twitter_misc":{"\u00c9crit par":"Fatou","Dur\u00e9e de lecture estim\u00e9e":"2 minutes"},"schema":{"@context":"https:\/\/schema.org","@graph":[{"@type":"WebSite","@id":"https:\/\/www.nettali.com\/#website","url":"https:\/\/www.nettali.com\/","name":"Nettali.com","description":"Le rendez-vous critique du Net","potentialAction":[{"@type":"SearchAction","target":{"@type":"EntryPoint","urlTemplate":"https:\/\/www.nettali.com\/?s={search_term_string}"},"query-input":"required name=search_term_string"}],"inLanguage":"fr-FR"},{"@type":"ImageObject","@id":"https:\/\/www.nettali.com\/2024\/11\/17\/elections-legislatives-thierno-bocoum-deplore-le-faible-taux-de-participation\/#primaryimage","inLanguage":"fr-FR","url":"https:\/\/www.nettali.com\/wp-content\/uploads\/2024\/11\/IMG_20241117_104840_831-scaled.jpg","contentUrl":"https:\/\/www.nettali.com\/wp-content\/uploads\/2024\/11\/IMG_20241117_104840_831-scaled.jpg","width":1920,"height":2560},{"@type":"WebPage","@id":"https:\/\/www.nettali.com\/2024\/11\/17\/elections-legislatives-thierno-bocoum-deplore-le-faible-taux-de-participation\/#webpage","url":"https:\/\/www.nettali.com\/2024\/11\/17\/elections-legislatives-thierno-bocoum-deplore-le-faible-taux-de-participation\/","name":"\u00c9LECTIONS L\u00c9GISLATIVES -Thierno Bocoum d\u00e9plore le faible taux de participation | Nettali.com","isPartOf":{"@id":"https:\/\/www.nettali.com\/#website"},"primaryImageOfPage":{"@id":"https:\/\/www.nettali.com\/2024\/11\/17\/elections-legislatives-thierno-bocoum-deplore-le-faible-taux-de-participation\/#primaryimage"},"datePublished":"2024-11-17T13:12:54+00:00","dateModified":"2024-11-17T13:12:54+00:00","author":{"@id":"https:\/\/www.nettali.com\/#\/schema\/person\/418274a86bdf87caff7a3ef476bd0bbf"},"breadcrumb":{"@id":"https:\/\/www.nettali.com\/2024\/11\/17\/elections-legislatives-thierno-bocoum-deplore-le-faible-taux-de-participation\/#breadcrumb"},"inLanguage":"fr-FR","potentialAction":[{"@type":"ReadAction","target":["https:\/\/www.nettali.com\/2024\/11\/17\/elections-legislatives-thierno-bocoum-deplore-le-faible-taux-de-participation\/"]}]},{"@type":"BreadcrumbList","@id":"https:\/\/www.nettali.com\/2024\/11\/17\/elections-legislatives-thierno-bocoum-deplore-le-faible-taux-de-participation\/#breadcrumb","itemListElement":[{"@type":"ListItem","position":1,"name":"Accueil","item":"https:\/\/www.nettali.com\/"},{"@type":"ListItem","position":2,"name":"\u00c9LECTIONS L\u00c9GISLATIVES -Thierno Bocoum d\u00e9plore le faible taux de participation"}]},{"@type":"Person","@id":"https:\/\/www.nettali.com\/#\/schema\/person\/418274a86bdf87caff7a3ef476bd0bbf","name":"Fatou","image":{"@type":"ImageObject","@id":"https:\/\/www.nettali.com\/#personlogo","inLanguage":"fr-FR","url":"https:\/\/secure.gravatar.com\/avatar\/5a9442a2bee7b4dcf167cab035858e9a?s=96&d=mm&r=g","contentUrl":"https:\/\/secure.gravatar.com\/avatar\/5a9442a2bee7b4dcf167cab035858e9a?s=96&d=mm&r=g","caption":"Fatou"},"sameAs":["https:\/\/www.nettali.com"]}]}},"_links":{"self":[{"href":"https:\/\/www.nettali.com\/rest\/wp\/v2\/posts\/143939"}],"collection":[{"href":"https:\/\/www.nettali.com\/rest\/wp\/v2\/posts"}],"about":[{"href":"https:\/\/www.nettali.com\/rest\/wp\/v2\/types\/post"}],"author":[{"embeddable":true,"href":"https:\/\/www.nettali.com\/rest\/wp\/v2\/users\/6"}],"replies":[{"embeddable":true,"href":"https:\/\/www.nettali.com\/rest\/wp\/v2\/comments?post=143939"}],"version-history":[{"count":3,"href":"https:\/\/www.nettali.com\/rest\/wp\/v2\/posts\/143939\/revisions"}],"predecessor-version":[{"id":143950,"href":"https:\/\/www.nettali.com\/rest\/wp\/v2\/posts\/143939\/revisions\/143950"}],"wp:featuredmedia":[{"embeddable":true,"href":"https:\/\/www.nettali.com\/rest\/wp\/v2\/media\/143945"}],"wp:attachment":[{"href":"https:\/\/www.nettali.com\/rest\/wp\/v2\/media?parent=143939"}],"wp:term":[{"taxonomy":"category","embeddable":true,"href":"https:\/\/www.nettali.com\/rest\/wp\/v2\/categories?post=143939"},{"taxonomy":"post_tag","embeddable":true,"href":"https:\/\/www.nettali.com\/rest\/wp\/v2\/tags?post=143939"}],"curies":[{"name":"wp","href":"https:\/\/api.w.org\/{rel}","templated":true}]}}