{"id":143825,"date":"2024-11-14T21:38:13","date_gmt":"2024-11-14T21:38:13","guid":{"rendered":"https:\/\/www.nettali.com\/?p=143825"},"modified":"2024-11-14T21:38:13","modified_gmt":"2024-11-14T21:38:13","slug":"scandale-au-ministere-de-la-sante-le-president-de-lalliance-and-geusseum-mballo-dia-thiam-demande-des-sanctions","status":"publish","type":"post","link":"https:\/\/www.nettali.com\/2024\/11\/14\/scandale-au-ministere-de-la-sante-le-president-de-lalliance-and-geusseum-mballo-dia-thiam-demande-des-sanctions\/","title":{"rendered":"SCANDALE AU MINIST\u00c8RE DE LA SANT\u00c9- le Pr\u00e9sident de l\u2019Alliance And Geusseum, Mballo Dia Thiam, demande des sanctions"},"content":{"rendered":"<p><strong>NETTALI.COM- Le pr\u00e9sident de l'Alliance And Geusseum d\u00e9nonce la situation qui pr\u00e9vaut au minist\u00e8re est de la Sant\u00e9. Mbalo Dia Thiam demande aux autorit\u00e9s de prendre les mesures qui s'imposent pour sanctionner les fautifs.<\/strong><\/p>\n<p>Plus que 1000 agents de la Sant\u00e9 sont en situation irr\u00e9guli\u00e8re. C\u2019est du moins la r\u00e9v\u00e9lation faite par le ministre de la Sant\u00e9 et de l\u2019Action sociale. Une situation que d\u00e9nonce le pr\u00e9sident de l\u2019Alliance And Geuseum. Mbalo Dia Thiam souhaite que les coupables soient punis \u00e0 la hauteur des actes. \u00ab <em>S\u2019il s\u2019agit de la direction de la solde, il s'agit donc de fonctionnaires. Ce sont des fonctionnaires qui ont \u00e9t\u00e9 mis \u00e0 la disposition du minist\u00e8re de la Sant\u00e9 et de l'Action sociale et qui les ont aussi red\u00e9ploy\u00e9s ou affect\u00e9s dans des structures bien pr\u00e9cises. Je pense que chaque agent a son chef et chaque employ\u00e9 aussi est responsable des ressources humaines mises \u00e0 sa disposition<\/em> \u00bb, a indiqu\u00e9 le syndicaliste.<\/p>\n<p>Avant de poursuivre : \u00ab <em>de ce point de vue, il n'y a pas \u00e0 crier, il s'agit seulement de voir ceux qui ne sont pas en r\u00e8gle et d'appliquer la mesure<\/em> \u00bb.<\/p>\n<p>En revanche, Mballo Dia Thiam soutient que s\u2019il s'agit maintenant de contractuels du minist\u00e8re de la Sant\u00e9, la responsabilit\u00e9 incombe au ministre. Parce que, dit-il, \u00ab <em>c'est lui qui d\u00e9l\u00e8gue sa signature aux directeurs des ressources humaines<\/em>. <em>Avec cette ligne qui est li\u00e9e au recrutement du personnel, les recrutements se font. Il n'y a pas de recrutement en dehors du projet \"Investir dans la sant\u00e9 de la m\u00e8re, de l\u2019enfant et de l\u2019adolescent (ISMEA)\" . Tous les autres recrutements ne sont pas faits par appel d'offres ni quoi que ce soit, ni par voie de concours. C'est donc la grande probl\u00e9matique \u00bb.<\/em><\/p>\n<p>\u00ab <em>Maintenant, s'il y a des agents qui ont disparu ou bien qui per\u00e7oivent de mani\u00e8re indue, nous pensons que la r\u00e9glementation doit leur \u00eatre appliqu\u00e9e<\/em> \u00bb conclut Mballo Dia Thiam.<\/p>\n<div class='share-to-whatsapp-wrapper'><div class='share-on-whsp'>PARTAGER SUR : <\/div><a data-text='SCANDALE AU MINIST\u00c8RE DE LA SANT\u00c9- le Pr\u00e9sident de l\u2019Alliance And Geusseum, Mballo Dia Thiam, demande des sanctions' data-link='https:\/\/www.nettali.com\/2024\/11\/14\/scandale-au-ministere-de-la-sante-le-president-de-lalliance-and-geusseum-mballo-dia-thiam-demande-des-sanctions\/' class='whatsapp-button whatsapp-share'>WhatsApp<\/a><div class='clear '><\/div><\/div>","protected":false},"excerpt":{"rendered":"<p>NETTALI.COM- Le pr\u00e9sident de l'Alliance And Geusseum d\u00e9nonce la situation qui pr\u00e9vaut au minist\u00e8re est de la Sant\u00e9. Mbalo Dia Thiam demande aux autorit\u00e9s de prendre les mesures qui s'imposent pour sanctionner les fautifs. Plus que 1000 agents de la Sant\u00e9 sont en situation irr\u00e9guli\u00e8re. C\u2019est du moins la r\u00e9v\u00e9lation faite par le ministre de [&hellip;]<\/p>\n","protected":false},"author":6,"featured_media":36122,"comment_status":"open","ping_status":"open","sticky":false,"template":"","format":"standard","meta":{"_et_pb_use_builder":"","_et_pb_old_content":""},"categories":[22],"tags":[],"yoast_head":"<!-- This site is optimized with the Yoast SEO Premium plugin v17.8 (Yoast SEO v17.8) - https:\/\/yoast.com\/wordpress\/plugins\/seo\/ -->\n<title>SCANDALE AU MINIST\u00c8RE DE LA SANT\u00c9- le Pr\u00e9sident de l\u2019Alliance And Geusseum, Mballo Dia Thiam, demande des sanctions | Nettali.com<\/title>\n<meta name=\"robots\" content=\"index, follow, max-snippet:-1, max-image-preview:large, max-video-preview:-1\" \/>\n<link rel=\"canonical\" href=\"https:\/\/www.nettali.com\/2024\/11\/14\/scandale-au-ministere-de-la-sante-le-president-de-lalliance-and-geusseum-mballo-dia-thiam-demande-des-sanctions\/\" \/>\n<meta property=\"og:locale\" content=\"fr_FR\" \/>\n<meta property=\"og:type\" content=\"article\" \/>\n<meta property=\"og:title\" content=\"SCANDALE AU MINIST\u00c8RE DE LA SANT\u00c9- le Pr\u00e9sident de l\u2019Alliance And Geusseum, Mballo Dia Thiam, demande des sanctions\" \/>\n<meta property=\"og:description\" content=\"NETTALI.COM- Le pr\u00e9sident de l&#039;Alliance And Geusseum d\u00e9nonce la situation qui pr\u00e9vaut au minist\u00e8re est de la Sant\u00e9. Mbalo Dia Thiam demande aux autorit\u00e9s de prendre les mesures qui s&#039;imposent pour sanctionner les fautifs. Plus que 1000 agents de la Sant\u00e9 sont en situation irr\u00e9guli\u00e8re. C\u2019est du moins la r\u00e9v\u00e9lation faite par le ministre de [&hellip;]\" \/>\n<meta property=\"og:url\" content=\"https:\/\/www.nettali.com\/2024\/11\/14\/scandale-au-ministere-de-la-sante-le-president-de-lalliance-and-geusseum-mballo-dia-thiam-demande-des-sanctions\/\" \/>\n<meta property=\"og:site_name\" content=\"Nettali.com\" \/>\n<meta property=\"article:publisher\" content=\"https:\/\/www.facebook.com\/nettalicom\" \/>\n<meta property=\"article:published_time\" content=\"2024-11-14T21:38:13+00:00\" \/>\n<meta property=\"og:image\" content=\"https:\/\/www.nettali.com\/wp-content\/uploads\/2020\/05\/mballodiathiam.jpg\" \/>\n\t<meta property=\"og:image:width\" content=\"1318\" \/>\n\t<meta property=\"og:image:height\" content=\"1075\" \/>\n<meta name=\"twitter:card\" content=\"summary_large_image\" \/>\n<meta name=\"twitter:label1\" content=\"\u00c9crit par\" \/>\n\t<meta name=\"twitter:data1\" content=\"Fatou\" \/>\n\t<meta name=\"twitter:label2\" content=\"Dur\u00e9e de lecture estim\u00e9e\" \/>\n\t<meta name=\"twitter:data2\" content=\"2 minutes\" \/>\n<script type=\"application\/ld+json\" class=\"yoast-schema-graph\">{\"@context\":\"https:\/\/schema.org\",\"@graph\":[{\"@type\":\"WebSite\",\"@id\":\"https:\/\/www.nettali.com\/#website\",\"url\":\"https:\/\/www.nettali.com\/\",\"name\":\"Nettali.com\",\"description\":\"Le rendez-vous critique du Net\",\"potentialAction\":[{\"@type\":\"SearchAction\",\"target\":{\"@type\":\"EntryPoint\",\"urlTemplate\":\"https:\/\/www.nettali.com\/?s={search_term_string}\"},\"query-input\":\"required name=search_term_string\"}],\"inLanguage\":\"fr-FR\"},{\"@type\":\"ImageObject\",\"@id\":\"https:\/\/www.nettali.com\/2024\/11\/14\/scandale-au-ministere-de-la-sante-le-president-de-lalliance-and-geusseum-mballo-dia-thiam-demande-des-sanctions\/#primaryimage\",\"inLanguage\":\"fr-FR\",\"url\":\"https:\/\/www.nettali.com\/wp-content\/uploads\/2020\/05\/mballodiathiam.jpg\",\"contentUrl\":\"https:\/\/www.nettali.com\/wp-content\/uploads\/2020\/05\/mballodiathiam.jpg\",\"width\":1318,\"height\":1075},{\"@type\":\"WebPage\",\"@id\":\"https:\/\/www.nettali.com\/2024\/11\/14\/scandale-au-ministere-de-la-sante-le-president-de-lalliance-and-geusseum-mballo-dia-thiam-demande-des-sanctions\/#webpage\",\"url\":\"https:\/\/www.nettali.com\/2024\/11\/14\/scandale-au-ministere-de-la-sante-le-president-de-lalliance-and-geusseum-mballo-dia-thiam-demande-des-sanctions\/\",\"name\":\"SCANDALE AU MINIST\\u00c8RE DE LA SANT\\u00c9- le Pr\\u00e9sident de l\\u2019Alliance And Geusseum, Mballo Dia Thiam, demande des sanctions | Nettali.com\",\"isPartOf\":{\"@id\":\"https:\/\/www.nettali.com\/#website\"},\"primaryImageOfPage\":{\"@id\":\"https:\/\/www.nettali.com\/2024\/11\/14\/scandale-au-ministere-de-la-sante-le-president-de-lalliance-and-geusseum-mballo-dia-thiam-demande-des-sanctions\/#primaryimage\"},\"datePublished\":\"2024-11-14T21:38:13+00:00\",\"dateModified\":\"2024-11-14T21:38:13+00:00\",\"author\":{\"@id\":\"https:\/\/www.nettali.com\/#\/schema\/person\/418274a86bdf87caff7a3ef476bd0bbf\"},\"breadcrumb\":{\"@id\":\"https:\/\/www.nettali.com\/2024\/11\/14\/scandale-au-ministere-de-la-sante-le-president-de-lalliance-and-geusseum-mballo-dia-thiam-demande-des-sanctions\/#breadcrumb\"},\"inLanguage\":\"fr-FR\",\"potentialAction\":[{\"@type\":\"ReadAction\",\"target\":[\"https:\/\/www.nettali.com\/2024\/11\/14\/scandale-au-ministere-de-la-sante-le-president-de-lalliance-and-geusseum-mballo-dia-thiam-demande-des-sanctions\/\"]}]},{\"@type\":\"BreadcrumbList\",\"@id\":\"https:\/\/www.nettali.com\/2024\/11\/14\/scandale-au-ministere-de-la-sante-le-president-de-lalliance-and-geusseum-mballo-dia-thiam-demande-des-sanctions\/#breadcrumb\",\"itemListElement\":[{\"@type\":\"ListItem\",\"position\":1,\"name\":\"Accueil\",\"item\":\"https:\/\/www.nettali.com\/\"},{\"@type\":\"ListItem\",\"position\":2,\"name\":\"SCANDALE AU MINIST\\u00c8RE DE LA SANT\\u00c9- le Pr\\u00e9sident de l\\u2019Alliance And Geusseum, Mballo Dia Thiam, demande des sanctions\"}]},{\"@type\":\"Person\",\"@id\":\"https:\/\/www.nettali.com\/#\/schema\/person\/418274a86bdf87caff7a3ef476bd0bbf\",\"name\":\"Fatou\",\"image\":{\"@type\":\"ImageObject\",\"@id\":\"https:\/\/www.nettali.com\/#personlogo\",\"inLanguage\":\"fr-FR\",\"url\":\"https:\/\/secure.gravatar.com\/avatar\/5a9442a2bee7b4dcf167cab035858e9a?s=96&d=mm&r=g\",\"contentUrl\":\"https:\/\/secure.gravatar.com\/avatar\/5a9442a2bee7b4dcf167cab035858e9a?s=96&d=mm&r=g\",\"caption\":\"Fatou\"},\"sameAs\":[\"https:\/\/www.nettali.com\"]}]}<\/script>\n<!-- \/ Yoast SEO Premium plugin. -->","yoast_head_json":{"title":"SCANDALE AU MINIST\u00c8RE DE LA SANT\u00c9- le Pr\u00e9sident de l\u2019Alliance And Geusseum, Mballo Dia Thiam, demande des sanctions | Nettali.com","robots":{"index":"index","follow":"follow","max-snippet":"max-snippet:-1","max-image-preview":"max-image-preview:large","max-video-preview":"max-video-preview:-1"},"canonical":"https:\/\/www.nettali.com\/2024\/11\/14\/scandale-au-ministere-de-la-sante-le-president-de-lalliance-and-geusseum-mballo-dia-thiam-demande-des-sanctions\/","og_locale":"fr_FR","og_type":"article","og_title":"SCANDALE AU MINIST\u00c8RE DE LA SANT\u00c9- le Pr\u00e9sident de l\u2019Alliance And Geusseum, Mballo Dia Thiam, demande des sanctions","og_description":"NETTALI.COM- Le pr\u00e9sident de l'Alliance And Geusseum d\u00e9nonce la situation qui pr\u00e9vaut au minist\u00e8re est de la Sant\u00e9. Mbalo Dia Thiam demande aux autorit\u00e9s de prendre les mesures qui s'imposent pour sanctionner les fautifs. Plus que 1000 agents de la Sant\u00e9 sont en situation irr\u00e9guli\u00e8re. C\u2019est du moins la r\u00e9v\u00e9lation faite par le ministre de [&hellip;]","og_url":"https:\/\/www.nettali.com\/2024\/11\/14\/scandale-au-ministere-de-la-sante-le-president-de-lalliance-and-geusseum-mballo-dia-thiam-demande-des-sanctions\/","og_site_name":"Nettali.com","article_publisher":"https:\/\/www.facebook.com\/nettalicom","article_published_time":"2024-11-14T21:38:13+00:00","og_image":[{"width":1318,"height":1075,"url":"https:\/\/www.nettali.com\/wp-content\/uploads\/2020\/05\/mballodiathiam.jpg","type":"image\/jpeg"}],"twitter_card":"summary_large_image","twitter_misc":{"\u00c9crit par":"Fatou","Dur\u00e9e de lecture estim\u00e9e":"2 minutes"},"schema":{"@context":"https:\/\/schema.org","@graph":[{"@type":"WebSite","@id":"https:\/\/www.nettali.com\/#website","url":"https:\/\/www.nettali.com\/","name":"Nettali.com","description":"Le rendez-vous critique du Net","potentialAction":[{"@type":"SearchAction","target":{"@type":"EntryPoint","urlTemplate":"https:\/\/www.nettali.com\/?s={search_term_string}"},"query-input":"required name=search_term_string"}],"inLanguage":"fr-FR"},{"@type":"ImageObject","@id":"https:\/\/www.nettali.com\/2024\/11\/14\/scandale-au-ministere-de-la-sante-le-president-de-lalliance-and-geusseum-mballo-dia-thiam-demande-des-sanctions\/#primaryimage","inLanguage":"fr-FR","url":"https:\/\/www.nettali.com\/wp-content\/uploads\/2020\/05\/mballodiathiam.jpg","contentUrl":"https:\/\/www.nettali.com\/wp-content\/uploads\/2020\/05\/mballodiathiam.jpg","width":1318,"height":1075},{"@type":"WebPage","@id":"https:\/\/www.nettali.com\/2024\/11\/14\/scandale-au-ministere-de-la-sante-le-president-de-lalliance-and-geusseum-mballo-dia-thiam-demande-des-sanctions\/#webpage","url":"https:\/\/www.nettali.com\/2024\/11\/14\/scandale-au-ministere-de-la-sante-le-president-de-lalliance-and-geusseum-mballo-dia-thiam-demande-des-sanctions\/","name":"SCANDALE AU MINIST\u00c8RE DE LA SANT\u00c9- le Pr\u00e9sident de l\u2019Alliance And Geusseum, Mballo Dia Thiam, demande des sanctions | Nettali.com","isPartOf":{"@id":"https:\/\/www.nettali.com\/#website"},"primaryImageOfPage":{"@id":"https:\/\/www.nettali.com\/2024\/11\/14\/scandale-au-ministere-de-la-sante-le-president-de-lalliance-and-geusseum-mballo-dia-thiam-demande-des-sanctions\/#primaryimage"},"datePublished":"2024-11-14T21:38:13+00:00","dateModified":"2024-11-14T21:38:13+00:00","author":{"@id":"https:\/\/www.nettali.com\/#\/schema\/person\/418274a86bdf87caff7a3ef476bd0bbf"},"breadcrumb":{"@id":"https:\/\/www.nettali.com\/2024\/11\/14\/scandale-au-ministere-de-la-sante-le-president-de-lalliance-and-geusseum-mballo-dia-thiam-demande-des-sanctions\/#breadcrumb"},"inLanguage":"fr-FR","potentialAction":[{"@type":"ReadAction","target":["https:\/\/www.nettali.com\/2024\/11\/14\/scandale-au-ministere-de-la-sante-le-president-de-lalliance-and-geusseum-mballo-dia-thiam-demande-des-sanctions\/"]}]},{"@type":"BreadcrumbList","@id":"https:\/\/www.nettali.com\/2024\/11\/14\/scandale-au-ministere-de-la-sante-le-president-de-lalliance-and-geusseum-mballo-dia-thiam-demande-des-sanctions\/#breadcrumb","itemListElement":[{"@type":"ListItem","position":1,"name":"Accueil","item":"https:\/\/www.nettali.com\/"},{"@type":"ListItem","position":2,"name":"SCANDALE AU MINIST\u00c8RE DE LA SANT\u00c9- le Pr\u00e9sident de l\u2019Alliance And Geusseum, Mballo Dia Thiam, demande des sanctions"}]},{"@type":"Person","@id":"https:\/\/www.nettali.com\/#\/schema\/person\/418274a86bdf87caff7a3ef476bd0bbf","name":"Fatou","image":{"@type":"ImageObject","@id":"https:\/\/www.nettali.com\/#personlogo","inLanguage":"fr-FR","url":"https:\/\/secure.gravatar.com\/avatar\/5a9442a2bee7b4dcf167cab035858e9a?s=96&d=mm&r=g","contentUrl":"https:\/\/secure.gravatar.com\/avatar\/5a9442a2bee7b4dcf167cab035858e9a?s=96&d=mm&r=g","caption":"Fatou"},"sameAs":["https:\/\/www.nettali.com"]}]}},"_links":{"self":[{"href":"https:\/\/www.nettali.com\/rest\/wp\/v2\/posts\/143825"}],"collection":[{"href":"https:\/\/www.nettali.com\/rest\/wp\/v2\/posts"}],"about":[{"href":"https:\/\/www.nettali.com\/rest\/wp\/v2\/types\/post"}],"author":[{"embeddable":true,"href":"https:\/\/www.nettali.com\/rest\/wp\/v2\/users\/6"}],"replies":[{"embeddable":true,"href":"https:\/\/www.nettali.com\/rest\/wp\/v2\/comments?post=143825"}],"version-history":[{"count":3,"href":"https:\/\/www.nettali.com\/rest\/wp\/v2\/posts\/143825\/revisions"}],"predecessor-version":[{"id":143830,"href":"https:\/\/www.nettali.com\/rest\/wp\/v2\/posts\/143825\/revisions\/143830"}],"wp:featuredmedia":[{"embeddable":true,"href":"https:\/\/www.nettali.com\/rest\/wp\/v2\/media\/36122"}],"wp:attachment":[{"href":"https:\/\/www.nettali.com\/rest\/wp\/v2\/media?parent=143825"}],"wp:term":[{"taxonomy":"category","embeddable":true,"href":"https:\/\/www.nettali.com\/rest\/wp\/v2\/categories?post=143825"},{"taxonomy":"post_tag","embeddable":true,"href":"https:\/\/www.nettali.com\/rest\/wp\/v2\/tags?post=143825"}],"curies":[{"name":"wp","href":"https:\/\/api.w.org\/{rel}","templated":true}]}}