{"id":143760,"date":"2024-11-14T07:53:02","date_gmt":"2024-11-14T07:53:02","guid":{"rendered":"https:\/\/www.nettali.com\/?p=143760"},"modified":"2024-11-15T07:59:10","modified_gmt":"2024-11-15T07:59:10","slug":"violences-affaire-samba-ndiaye-justice-abdoul-mbaye-livre-sa-vision-des-faits","status":"publish","type":"post","link":"https:\/\/www.nettali.com\/2024\/11\/14\/violences-affaire-samba-ndiaye-justice-abdoul-mbaye-livre-sa-vision-des-faits\/","title":{"rendered":"VIOLENCES, AFFAIRE SAMBA NDIAYE, JUSTICE\u2026 - Abdoul Mbaye livre sa vision des faits"},"content":{"rendered":"<p class=\"p3\"><strong>NETTALI.COM - Abdoul Mbaye, candidat de la liste Senegaal Kese, s'est prononc\u00e9, le mercredi 13 novembre sur l\u2019actualit\u00e9, notamment sur la violence qui s\u00e9vit dans la campagne \u00e9lectorale. Il s\u2019est vertement attaqu\u00e9 \u00e0 la t\u00eate de liste de Pastef.<\/strong><\/p>\n<p>Ancien Premier ministre, Abdoul Mbaye, aux c\u00f4t\u00e9s de Thierno Alassane Sall, a fait une sortie hier pour aborder les questions d'actualit\u00e9 du pays. Il consid\u00e8re que des circonstances aggravantes donnent des motifs de s'inqui\u00e9ter de l'avenir imm\u00e9diat du S\u00e9n\u00e9gal. \u201c<em>La seule digue, le seul frein qui pourrait emp\u00eacher ce que nous percevons comme une catastrophe probable, ne peut na\u00eetre que du r\u00e9sultat du scrutin du 17 novembre 2024, qui permettra \u00e0 notre pays de disposer d'une nouvelle Assembl\u00e9e nationale. Or, des actes et appels \u00e0 la violence pourraient les perturber, confirmant d'ailleurs une volont\u00e9 en projet de transformer notre S\u00e9n\u00e9gal en un pays de non-droit<\/em>\u201d, a regrett\u00e9 le candidat qui a tir\u00e9 \u00e0 boulets rouges sur Ousmane Sonko.<\/p>\n<p>\u201c<em>La provocation est t\u00f4t venue par des propos d'un haut responsable du parti au pouvoir qui n'a pas fait l'objet de condamnation ; ils ont \u00e9t\u00e9 suivis du saccage du si\u00e8ge d'un parti de l'opposition. Nous avons ensemble not\u00e9 que les autorit\u00e9s se sont dispens\u00e9es d'appels publics aux ministres de l'Int\u00e9rieur et de la Justice pour retrouver le plus rapidement possible les fauteurs de troubles et leurs commanditaires. Nous avons ensuite \u00e9t\u00e9 t\u00e9moins d'un d\u00e9but d'escalade\u2026<\/em>\u201d, a soutenu Abdoul Mbaye.<\/p>\n<p>Selon lui, trois faits graves conduisent vers une incertitude et, au-del\u00e0, vers une instabilit\u00e9 probable au niveau de notre Ex\u00e9cutif. \u201c<em>Nous avons un Premier ministre qui se permet de promettre de corriger un d\u00e9cret pr\u00e9sidentiel\u201d<\/em>, a-t-il dit, faisant allusion \u00e0 l'affaire Samba Ndiaye. \u201c<em>Il (Ousmane Sonko) le fait \u00e0 travers un post d\u00e9sobligeant publi\u00e9 sur les r\u00e9seaux sociaux<\/em>\u201d, a estim\u00e9 M. Mbaye.<\/p>\n<p>Qui poursuit : \u201c<em>Nous avons un Premier ministre qui, en meeting \u00e9lectoral, corrige et red\u00e9finit la strat\u00e9gie militaire du S\u00e9n\u00e9gal \u00e0 ses fronti\u00e8res, usurpant des responsabilit\u00e9s du chef de l'\u00c9tat et de ses chefs militaires.<\/em>\u201d<\/p>\n<p>Enfin, Abdoul Mbaye se plaint que le PM ait d\u00e9nonc\u00e9 publiquement l\u201d\u2019incapacit\u00e9\u201d \u00e0 agir des ministres plac\u00e9s sous sa direction (ceux de la Justice et de l'Int\u00e9rieur) et menace de leur substituer les milices de son parti pour affronter physiquement ceux qui perturbent sa campagne.<\/p>\n<p>Le tout, poursuit l\u2019homme d\u2019\u00c9tat, dans une d\u00e9claration \u00e9tonnante qui les cite apr\u00e8s un pr\u00e9sident de la R\u00e9publique ramen\u00e9 au m\u00eame stade. \u201cPourtant, dans le m\u00eame temps, la justice suit son cours. Des individus ont \u00e9t\u00e9 arr\u00eat\u00e9s. Mais le Premier ministre tient dans la m\u00eame d\u00e9claration \u00e0 confondre le ministre de la Justice, qu'il met \u00e0 ses ordres, et la justice dans des d\u00e9clarations de campagne. Qu'il sache que le ministre de la Justice n'est pas la justice dans notre pays\u201d, a indiqu\u00e9 Abdoul Mbaye.<\/p>\n<p>Il estime que dans ce pays, \u201c<em>le droit est en train d'\u00eatre ni\u00e9, l'\u00c9tat malmen\u00e9, comme si l'objectif du projet est de plonger le S\u00e9n\u00e9gal dans un chaos propice \u00e0 une remise en cause d\u00e9finitive de son statut d'\u00c9tat de droit, par petites touches aujourd'hui et par des s\u00e9ries de lois pr\u00e9textes demain<\/em>\u201d.<\/p>\n<p><strong>\u201cViolence \u00e0 la Constitution\u201d <\/strong><\/p>\n<p>Le S\u00e9n\u00e9gal est d\u00e9j\u00e0 dans le risque des cons\u00e9quences probables de \u201c<em>violences faites \u00e0 notre Constitution<\/em>\u201d, selon Abdoul Mbaye. Parmi elles, il parle du blocage, par le pr\u00e9sident de la R\u00e9publique, du fonctionnement des assembl\u00e9es constitutionnelles consultatives que sont le Conseil \u00e9conomique, social et environnemental (Cese) et le Haut conseil des collectivit\u00e9s territoriales (HCCT). \u201c<em>Ce faisant, le pr\u00e9sident de la R\u00e9publique s'est rendu parjure, violant l'article 42 de notre Constitution qui dispose qu'il est le garant du fonctionnement r\u00e9gulier des institutions et donc aussi son serment devant Dieu et la Nation de respecter et faire respecter la Constitution (Art.37)<\/em>\u201d, a estim\u00e9 Abdoul Mbaye.<\/p>\n<p>Le comp\u00e8re de Thierno Alassane Sall souligne que ces institutions existent toujours ; Diomaye Faye en a certes souhait\u00e9 la suppression, mais l'Assembl\u00e9e nationale du S\u00e9n\u00e9gal a rejet\u00e9 ce projet. Ce sont donc des institutions qui existent. Mais le pr\u00e9sident de la R\u00e9publique a imm\u00e9diatement d\u00e9cid\u00e9 de mettre fin \u00e0 leur \u201c<em>fonctionnement r\u00e9gulier<\/em>\u201d, avec m\u00eame l'objectif de les bloquer par d\u00e9crets qui les ont priv\u00e9s de pr\u00e9sidents, a constat\u00e9 M. Mbaye.<\/p>\n<p>\u201c<em>Ces actes sont d'une gravit\u00e9 extr\u00eame. Nous avons pris l'habitude de consid\u00e9rer comme coup de force le seul dirig\u00e9 contre un pr\u00e9sident de la R\u00e9publique en exercice. Mais le coup de force est \u00e9galement contre toute institution constitutionnelle. C'est d'ailleurs pourquoi le programme de l\u00e9gislature de la coalition Senegaal Kese pr\u00e9voit des r\u00e9formes mettant \u00e0 l'abri les institutions constitutionnelles de tout coup de force<\/em>\u201d, a indiqu\u00e9 Abdoul Mbaye.<\/p>\n<p>Le deuxi\u00e8me cas qu\u2019il qualifie de grave est cette complicit\u00e9 entre le pr\u00e9sident de la R\u00e9publique et son Premier ministre, \u201c<em>visant et ayant r\u00e9ussi par une ruse peu digne \u00e0 emp\u00eacher ce dernier de faire sa d\u00e9claration de politique g\u00e9n\u00e9rale<\/em>\u201d. Le troisi\u00e8me cas est pour lui \u201c<em>la plus grosse source d'instabilit\u00e9 constitutionnelle en cours au S\u00e9n\u00e9gal<\/em>\u201d.<\/p>\n<p>Il s'agit, selon Abdoul Mbaye, de la dualit\u00e9 constat\u00e9e au sommet de l'\u00c9tat. \u201c<em>Aujourd'hui, un Premier ministre qui ne s'embarrasse plus de formes pour s'afficher comme le vrai patron de l'Ex\u00e9cutif, ce qui est objectivement porteur de confusion et d'instabilit\u00e9 \u00e0 court ou moyen terme, dans la mesure o\u00f9 notre Constitution ne reconna\u00eet qu'un seul chef de l'Ex\u00e9cutif et un gouvernement qui d\u00e9pend de lui<\/em>\u201d.<\/p>\n<p>Abdoul Mbaye consid\u00e8re, donc, qu\u2019il est urgent, d\u00e9sormais, de gagner le combat de l'alternance \u00e0 l'Assembl\u00e9e nationale<\/p>\n<div class='share-to-whatsapp-wrapper'><div class='share-on-whsp'>PARTAGER SUR : <\/div><a data-text='VIOLENCES, AFFAIRE SAMBA NDIAYE, JUSTICE\u2026 - Abdoul Mbaye livre sa vision des faits' data-link='https:\/\/www.nettali.com\/2024\/11\/14\/violences-affaire-samba-ndiaye-justice-abdoul-mbaye-livre-sa-vision-des-faits\/' class='whatsapp-button whatsapp-share'>WhatsApp<\/a><div class='clear '><\/div><\/div>","protected":false},"excerpt":{"rendered":"<p>NETTALI.COM - Abdoul Mbaye, candidat de la liste Senegaal Kese, s'est prononc\u00e9, le mercredi 13 novembre sur l\u2019actualit\u00e9, notamment sur la violence qui s\u00e9vit dans la campagne \u00e9lectorale. Il s\u2019est vertement attaqu\u00e9 \u00e0 la t\u00eate de liste de Pastef. Ancien Premier ministre, Abdoul Mbaye, aux c\u00f4t\u00e9s de Thierno Alassane Sall, a fait une sortie hier [&hellip;]<\/p>\n","protected":false},"author":2,"featured_media":143766,"comment_status":"open","ping_status":"open","sticky":false,"template":"","format":"standard","meta":{"_et_pb_use_builder":"","_et_pb_old_content":""},"categories":[2],"tags":[],"yoast_head":"<!-- This site is optimized with the Yoast SEO Premium plugin v17.8 (Yoast SEO v17.8) - https:\/\/yoast.com\/wordpress\/plugins\/seo\/ -->\n<title>VIOLENCES, AFFAIRE SAMBA NDIAYE, JUSTICE\u2026 - Abdoul Mbaye livre sa vision des faits | Nettali.com<\/title>\n<meta name=\"robots\" content=\"index, follow, max-snippet:-1, max-image-preview:large, max-video-preview:-1\" \/>\n<link rel=\"canonical\" href=\"https:\/\/www.nettali.com\/2024\/11\/14\/violences-affaire-samba-ndiaye-justice-abdoul-mbaye-livre-sa-vision-des-faits\/\" \/>\n<meta property=\"og:locale\" content=\"fr_FR\" \/>\n<meta property=\"og:type\" content=\"article\" \/>\n<meta property=\"og:title\" content=\"VIOLENCES, AFFAIRE SAMBA NDIAYE, JUSTICE\u2026 - Abdoul Mbaye livre sa vision des faits\" \/>\n<meta property=\"og:description\" content=\"NETTALI.COM - Abdoul Mbaye, candidat de la liste Senegaal Kese, s&#039;est prononc\u00e9, le mercredi 13 novembre sur l\u2019actualit\u00e9, notamment sur la violence qui s\u00e9vit dans la campagne \u00e9lectorale. Il s\u2019est vertement attaqu\u00e9 \u00e0 la t\u00eate de liste de Pastef. Ancien Premier ministre, Abdoul Mbaye, aux c\u00f4t\u00e9s de Thierno Alassane Sall, a fait une sortie hier [&hellip;]\" \/>\n<meta property=\"og:url\" content=\"https:\/\/www.nettali.com\/2024\/11\/14\/violences-affaire-samba-ndiaye-justice-abdoul-mbaye-livre-sa-vision-des-faits\/\" \/>\n<meta property=\"og:site_name\" content=\"Nettali.com\" \/>\n<meta property=\"article:publisher\" content=\"https:\/\/www.facebook.com\/nettalicom\" \/>\n<meta property=\"article:published_time\" content=\"2024-11-14T07:53:02+00:00\" \/>\n<meta property=\"article:modified_time\" content=\"2024-11-15T07:59:10+00:00\" \/>\n<meta property=\"og:image\" content=\"https:\/\/www.nettali.com\/wp-content\/uploads\/2024\/11\/ambaye__0.jpg\" \/>\n\t<meta property=\"og:image:width\" content=\"800\" \/>\n\t<meta property=\"og:image:height\" content=\"475\" \/>\n<meta name=\"twitter:card\" content=\"summary_large_image\" \/>\n<meta name=\"twitter:label1\" content=\"\u00c9crit par\" \/>\n\t<meta name=\"twitter:data1\" content=\"CK\" \/>\n\t<meta name=\"twitter:label2\" content=\"Dur\u00e9e de lecture estim\u00e9e\" \/>\n\t<meta name=\"twitter:data2\" content=\"5 minutes\" \/>\n<script type=\"application\/ld+json\" class=\"yoast-schema-graph\">{\"@context\":\"https:\/\/schema.org\",\"@graph\":[{\"@type\":\"WebSite\",\"@id\":\"https:\/\/www.nettali.com\/#website\",\"url\":\"https:\/\/www.nettali.com\/\",\"name\":\"Nettali.com\",\"description\":\"Le rendez-vous critique du Net\",\"potentialAction\":[{\"@type\":\"SearchAction\",\"target\":{\"@type\":\"EntryPoint\",\"urlTemplate\":\"https:\/\/www.nettali.com\/?s={search_term_string}\"},\"query-input\":\"required name=search_term_string\"}],\"inLanguage\":\"fr-FR\"},{\"@type\":\"ImageObject\",\"@id\":\"https:\/\/www.nettali.com\/2024\/11\/14\/violences-affaire-samba-ndiaye-justice-abdoul-mbaye-livre-sa-vision-des-faits\/#primaryimage\",\"inLanguage\":\"fr-FR\",\"url\":\"https:\/\/www.nettali.com\/wp-content\/uploads\/2024\/11\/ambaye__0.jpg\",\"contentUrl\":\"https:\/\/www.nettali.com\/wp-content\/uploads\/2024\/11\/ambaye__0.jpg\",\"width\":800,\"height\":475},{\"@type\":\"WebPage\",\"@id\":\"https:\/\/www.nettali.com\/2024\/11\/14\/violences-affaire-samba-ndiaye-justice-abdoul-mbaye-livre-sa-vision-des-faits\/#webpage\",\"url\":\"https:\/\/www.nettali.com\/2024\/11\/14\/violences-affaire-samba-ndiaye-justice-abdoul-mbaye-livre-sa-vision-des-faits\/\",\"name\":\"VIOLENCES, AFFAIRE SAMBA NDIAYE, JUSTICE\\u2026 - Abdoul Mbaye livre sa vision des faits | Nettali.com\",\"isPartOf\":{\"@id\":\"https:\/\/www.nettali.com\/#website\"},\"primaryImageOfPage\":{\"@id\":\"https:\/\/www.nettali.com\/2024\/11\/14\/violences-affaire-samba-ndiaye-justice-abdoul-mbaye-livre-sa-vision-des-faits\/#primaryimage\"},\"datePublished\":\"2024-11-14T07:53:02+00:00\",\"dateModified\":\"2024-11-15T07:59:10+00:00\",\"author\":{\"@id\":\"https:\/\/www.nettali.com\/#\/schema\/person\/d8ac7b7e27ddad43f1c0d2ef090d7f71\"},\"breadcrumb\":{\"@id\":\"https:\/\/www.nettali.com\/2024\/11\/14\/violences-affaire-samba-ndiaye-justice-abdoul-mbaye-livre-sa-vision-des-faits\/#breadcrumb\"},\"inLanguage\":\"fr-FR\",\"potentialAction\":[{\"@type\":\"ReadAction\",\"target\":[\"https:\/\/www.nettali.com\/2024\/11\/14\/violences-affaire-samba-ndiaye-justice-abdoul-mbaye-livre-sa-vision-des-faits\/\"]}]},{\"@type\":\"BreadcrumbList\",\"@id\":\"https:\/\/www.nettali.com\/2024\/11\/14\/violences-affaire-samba-ndiaye-justice-abdoul-mbaye-livre-sa-vision-des-faits\/#breadcrumb\",\"itemListElement\":[{\"@type\":\"ListItem\",\"position\":1,\"name\":\"Accueil\",\"item\":\"https:\/\/www.nettali.com\/\"},{\"@type\":\"ListItem\",\"position\":2,\"name\":\"VIOLENCES, AFFAIRE SAMBA NDIAYE, JUSTICE\\u2026 - Abdoul Mbaye livre sa vision des faits\"}]},{\"@type\":\"Person\",\"@id\":\"https:\/\/www.nettali.com\/#\/schema\/person\/d8ac7b7e27ddad43f1c0d2ef090d7f71\",\"name\":\"CK\",\"image\":{\"@type\":\"ImageObject\",\"@id\":\"https:\/\/www.nettali.com\/#personlogo\",\"inLanguage\":\"fr-FR\",\"url\":\"https:\/\/secure.gravatar.com\/avatar\/1d8d5118b9327d94da7cd4ce7f17fec2?s=96&d=mm&r=g\",\"contentUrl\":\"https:\/\/secure.gravatar.com\/avatar\/1d8d5118b9327d94da7cd4ce7f17fec2?s=96&d=mm&r=g\",\"caption\":\"CK\"},\"sameAs\":[\"https:\/\/www.nettali.com\"]}]}<\/script>\n<!-- \/ Yoast SEO Premium plugin. -->","yoast_head_json":{"title":"VIOLENCES, AFFAIRE SAMBA NDIAYE, JUSTICE\u2026 - Abdoul Mbaye livre sa vision des faits | Nettali.com","robots":{"index":"index","follow":"follow","max-snippet":"max-snippet:-1","max-image-preview":"max-image-preview:large","max-video-preview":"max-video-preview:-1"},"canonical":"https:\/\/www.nettali.com\/2024\/11\/14\/violences-affaire-samba-ndiaye-justice-abdoul-mbaye-livre-sa-vision-des-faits\/","og_locale":"fr_FR","og_type":"article","og_title":"VIOLENCES, AFFAIRE SAMBA NDIAYE, JUSTICE\u2026 - Abdoul Mbaye livre sa vision des faits","og_description":"NETTALI.COM - Abdoul Mbaye, candidat de la liste Senegaal Kese, s'est prononc\u00e9, le mercredi 13 novembre sur l\u2019actualit\u00e9, notamment sur la violence qui s\u00e9vit dans la campagne \u00e9lectorale. Il s\u2019est vertement attaqu\u00e9 \u00e0 la t\u00eate de liste de Pastef. Ancien Premier ministre, Abdoul Mbaye, aux c\u00f4t\u00e9s de Thierno Alassane Sall, a fait une sortie hier [&hellip;]","og_url":"https:\/\/www.nettali.com\/2024\/11\/14\/violences-affaire-samba-ndiaye-justice-abdoul-mbaye-livre-sa-vision-des-faits\/","og_site_name":"Nettali.com","article_publisher":"https:\/\/www.facebook.com\/nettalicom","article_published_time":"2024-11-14T07:53:02+00:00","article_modified_time":"2024-11-15T07:59:10+00:00","og_image":[{"width":800,"height":475,"url":"https:\/\/www.nettali.com\/wp-content\/uploads\/2024\/11\/ambaye__0.jpg","type":"image\/jpeg"}],"twitter_card":"summary_large_image","twitter_misc":{"\u00c9crit par":"CK","Dur\u00e9e de lecture estim\u00e9e":"5 minutes"},"schema":{"@context":"https:\/\/schema.org","@graph":[{"@type":"WebSite","@id":"https:\/\/www.nettali.com\/#website","url":"https:\/\/www.nettali.com\/","name":"Nettali.com","description":"Le rendez-vous critique du Net","potentialAction":[{"@type":"SearchAction","target":{"@type":"EntryPoint","urlTemplate":"https:\/\/www.nettali.com\/?s={search_term_string}"},"query-input":"required name=search_term_string"}],"inLanguage":"fr-FR"},{"@type":"ImageObject","@id":"https:\/\/www.nettali.com\/2024\/11\/14\/violences-affaire-samba-ndiaye-justice-abdoul-mbaye-livre-sa-vision-des-faits\/#primaryimage","inLanguage":"fr-FR","url":"https:\/\/www.nettali.com\/wp-content\/uploads\/2024\/11\/ambaye__0.jpg","contentUrl":"https:\/\/www.nettali.com\/wp-content\/uploads\/2024\/11\/ambaye__0.jpg","width":800,"height":475},{"@type":"WebPage","@id":"https:\/\/www.nettali.com\/2024\/11\/14\/violences-affaire-samba-ndiaye-justice-abdoul-mbaye-livre-sa-vision-des-faits\/#webpage","url":"https:\/\/www.nettali.com\/2024\/11\/14\/violences-affaire-samba-ndiaye-justice-abdoul-mbaye-livre-sa-vision-des-faits\/","name":"VIOLENCES, AFFAIRE SAMBA NDIAYE, JUSTICE\u2026 - Abdoul Mbaye livre sa vision des faits | Nettali.com","isPartOf":{"@id":"https:\/\/www.nettali.com\/#website"},"primaryImageOfPage":{"@id":"https:\/\/www.nettali.com\/2024\/11\/14\/violences-affaire-samba-ndiaye-justice-abdoul-mbaye-livre-sa-vision-des-faits\/#primaryimage"},"datePublished":"2024-11-14T07:53:02+00:00","dateModified":"2024-11-15T07:59:10+00:00","author":{"@id":"https:\/\/www.nettali.com\/#\/schema\/person\/d8ac7b7e27ddad43f1c0d2ef090d7f71"},"breadcrumb":{"@id":"https:\/\/www.nettali.com\/2024\/11\/14\/violences-affaire-samba-ndiaye-justice-abdoul-mbaye-livre-sa-vision-des-faits\/#breadcrumb"},"inLanguage":"fr-FR","potentialAction":[{"@type":"ReadAction","target":["https:\/\/www.nettali.com\/2024\/11\/14\/violences-affaire-samba-ndiaye-justice-abdoul-mbaye-livre-sa-vision-des-faits\/"]}]},{"@type":"BreadcrumbList","@id":"https:\/\/www.nettali.com\/2024\/11\/14\/violences-affaire-samba-ndiaye-justice-abdoul-mbaye-livre-sa-vision-des-faits\/#breadcrumb","itemListElement":[{"@type":"ListItem","position":1,"name":"Accueil","item":"https:\/\/www.nettali.com\/"},{"@type":"ListItem","position":2,"name":"VIOLENCES, AFFAIRE SAMBA NDIAYE, JUSTICE\u2026 - Abdoul Mbaye livre sa vision des faits"}]},{"@type":"Person","@id":"https:\/\/www.nettali.com\/#\/schema\/person\/d8ac7b7e27ddad43f1c0d2ef090d7f71","name":"CK","image":{"@type":"ImageObject","@id":"https:\/\/www.nettali.com\/#personlogo","inLanguage":"fr-FR","url":"https:\/\/secure.gravatar.com\/avatar\/1d8d5118b9327d94da7cd4ce7f17fec2?s=96&d=mm&r=g","contentUrl":"https:\/\/secure.gravatar.com\/avatar\/1d8d5118b9327d94da7cd4ce7f17fec2?s=96&d=mm&r=g","caption":"CK"},"sameAs":["https:\/\/www.nettali.com"]}]}},"_links":{"self":[{"href":"https:\/\/www.nettali.com\/rest\/wp\/v2\/posts\/143760"}],"collection":[{"href":"https:\/\/www.nettali.com\/rest\/wp\/v2\/posts"}],"about":[{"href":"https:\/\/www.nettali.com\/rest\/wp\/v2\/types\/post"}],"author":[{"embeddable":true,"href":"https:\/\/www.nettali.com\/rest\/wp\/v2\/users\/2"}],"replies":[{"embeddable":true,"href":"https:\/\/www.nettali.com\/rest\/wp\/v2\/comments?post=143760"}],"version-history":[{"count":1,"href":"https:\/\/www.nettali.com\/rest\/wp\/v2\/posts\/143760\/revisions"}],"predecessor-version":[{"id":143767,"href":"https:\/\/www.nettali.com\/rest\/wp\/v2\/posts\/143760\/revisions\/143767"}],"wp:featuredmedia":[{"embeddable":true,"href":"https:\/\/www.nettali.com\/rest\/wp\/v2\/media\/143766"}],"wp:attachment":[{"href":"https:\/\/www.nettali.com\/rest\/wp\/v2\/media?parent=143760"}],"wp:term":[{"taxonomy":"category","embeddable":true,"href":"https:\/\/www.nettali.com\/rest\/wp\/v2\/categories?post=143760"},{"taxonomy":"post_tag","embeddable":true,"href":"https:\/\/www.nettali.com\/rest\/wp\/v2\/tags?post=143760"}],"curies":[{"name":"wp","href":"https:\/\/api.w.org\/{rel}","templated":true}]}}