{"id":143724,"date":"2024-11-13T06:56:22","date_gmt":"2024-11-13T06:56:22","guid":{"rendered":"https:\/\/www.nettali.com\/?p=143724"},"modified":"2024-11-13T06:56:22","modified_gmt":"2024-11-13T06:56:22","slug":"saint-louis-24-heures-apres-les-echauffourees-lintercoalition-takku-wallu-samm-sa-kaddu-livre-sa-part-de-verite","status":"publish","type":"post","link":"https:\/\/www.nettali.com\/2024\/11\/13\/saint-louis-24-heures-apres-les-echauffourees-lintercoalition-takku-wallu-samm-sa-kaddu-livre-sa-part-de-verite\/","title":{"rendered":"SAINT-LOUIS - 24 HEURES APR\u00c8S LES \u00c9CHAUFFOUR\u00c9ES - L\u2019intercoalition Takku Wallu-S\u00e0mm Sa Kaddu livre sa part de v\u00e9rit\u00e9"},"content":{"rendered":"<p><strong>NETTALI.COM - Les responsables de l\u2019intercoalition Takku Wallu-S\u00e0mm Sa Kaddu du d\u00e9partement de Saint-Louis se sont r\u00e9unis hier au si\u00e8ge de l'APR pour se prononcer sur les malheureux incidents survenus la veille sur l\u2019avenue De Gaulle. Un face-\u00e0-face avec la presse que la t\u00eate de liste d\u00e9partementale de Takku Wallu a saisi pour fustiger la violence dont a \u00e9t\u00e9 victime la caravane nationale de leurs alli\u00e9s dirig\u00e9e par Barth\u00e9lemy Dias.<\/strong><\/p>\n<p>Entour\u00e9 par les investis et autres responsables de l'intercoalition Takku Wallu- S\u00e0mm Sa Kaddu, le maire de Saint- Louis, Mansour Faye, n\u2019est pas all\u00e9 avec le dos de la cuill\u00e8re pour charger le leader de la liste Pastef. Pour lui, toutes les violences constat\u00e9es depuis le d\u00e9but de la campagne des \u00e9lections l\u00e9gislatives sont issues des d\u00e9clarations incendiaires et irresponsables d\u2019Ousmane Sonko.<\/p>\n<p>Il a \u00e9galement d\u00e9nonc\u00e9 le jeu mesquin qu\u2019il veut mener pour faire porter le chapeau des incidents \u00e0 leur coalition. \u201c<em>Ce m\u00eame candidat aux propos incendiaires clame et d\u00e9clame un discours s\u00e9ditieux pouvant mettre en p\u00e9ril la coh\u00e9sion sociale et cela sans aucun respect. Quand le \u2018gatsagatsa\u2019 s\u2019invite au sommet de l\u2019\u00c9tat, port\u00e9 par un Premier ministre et impliquant tout un gouvernement, il est s\u00fbr que la R\u00e9publique est \u00e0 terre. Nous condamnons fermement ces sc\u00e8nes de violence qu\u2019un parti, en l\u2019occurrence le Pastef, voudrait nous faire porter. Ce parti, fid\u00e8le \u00e0 sa tradition de manipulation et de calomnie. Nous savons tous que le \u2018gatsa-gatsa\u2019 n\u2019est pas une invention de notre coalition. L\u2019inter-coalition Takku Wallu-S\u00e0mm Sa Kaddu est connue pour ses principes faisant de la paix et de la culture de la paix un \u00e9l\u00e9ment essentiel, gage du vivre-ensemble et de la coh\u00e9sion sociale<\/em>\u201d, a d\u00e9clar\u00e9 Mansour Faye.<\/p>\n<p>Revenant sur les faits, il a rappel\u00e9 que des personnes faisant du \u201cgatsagatsa\u201d leur terrain de pr\u00e9dilection, avec la complicit\u00e9 des leaders du Pastef, ont l\u00e2chement orchestr\u00e9 ces sc\u00e8nes de violence pour jeter le discr\u00e9dit sur la coalition Takku Wallu- S\u00e0mm Sa Kaddu. \u201c<em>Le lundi 11 novembre, ils ont pouss\u00e9 le bouchon tr\u00e8s loin. Sur l\u2019avenue Macky Sall, th\u00e9\u00e2tre de ces sc\u00e8nes de violence, des militants du Pastef se r\u00e9clamant marchands ambulants ont voulu barrer la route \u00e0 l\u2019intercoalition et saboter leur convoi par des jets de pierre au moment o\u00f9 paisiblement les leaders de l\u2019intercoalition d\u00e9livraient leur message \u00e0 la population. Des v\u00e9hicules ont \u00e9t\u00e9 caillass\u00e9s, des personnes bless\u00e9es et agress\u00e9es verbalement. L\u2019intercoalition Takku Wallu- S\u00e0mm Sa Kaddu n\u2019est ni de pr\u00e8s ni de loin li\u00e9e \u00e0 cette violence qu\u2019elle ne saurait cautionner et qu\u2019elle condamne vigoureusement<\/em>\u201d, a-t-il poursuivi.<\/p>\n<p>La t\u00eate de liste d\u00e9partementale a \u00e9galement fustig\u00e9 la vague d\u2019arrestations cibl\u00e9es de militants et de personnes dispos\u00e9es \u00e0 assurer la s\u00e9curit\u00e9 de l\u2019intercoalition. \u201c<em>Il est donc ais\u00e9 de se rendre \u00e0 l\u2019\u00e9vidence que le candidat t\u00eate de liste d\u00e9partementale que je suis est d\u00e9pouill\u00e9 de sa s\u00e9curit\u00e9 et je suis en danger pour la poursuite de ma campagne \u00e9lectorale. Aussi, interpellons-nous le procureur de la R\u00e9publique et la Commission \u00e9lectorale nationale autonome (Cena) face \u00e0 cette situation gravissime. \u00c0 travers ces actes de provocation et de sabotage, nous avons compris que le Pastef, mal-en-point et sans espoir pour ces \u00e9lections, tente une campagne de diabolisation qui, \u00e0 coup s\u00fbr, ne passera pas parce que l\u2019intercoalition Takku Wallu-S\u00e0mm Sa Kaddu a d\u00e9j\u00e0 conquis le coeur des Saint-Louisiens et des Saint-Louisiennes<\/em>\u201d, a l\u00e2ch\u00e9 Mansour Faye.<\/p>\n<p>Raison pour laquelle il a invit\u00e9 les populations \u00e0 ne pas tomber dans les tentatives d\u2019intimidation et \u00e0 voter utilement au soir du 17 novembre pour perp\u00e9tuer les valeurs de paix et de concorde pour un S\u00e9n\u00e9gal stable et \u00e0 porter nos candidats \u00e0 l\u2019h\u00e9micycle pour faire r\u00e9sonner la voix de la non-violence, a conclu le maire de Saint-Louis.<\/p>\n<div class='share-to-whatsapp-wrapper'><div class='share-on-whsp'>PARTAGER SUR : <\/div><a data-text='SAINT-LOUIS - 24 HEURES APR\u00c8S LES \u00c9CHAUFFOUR\u00c9ES - L\u2019intercoalition Takku Wallu-S\u00e0mm Sa Kaddu livre sa part de v\u00e9rit\u00e9' data-link='https:\/\/www.nettali.com\/2024\/11\/13\/saint-louis-24-heures-apres-les-echauffourees-lintercoalition-takku-wallu-samm-sa-kaddu-livre-sa-part-de-verite\/' class='whatsapp-button whatsapp-share'>WhatsApp<\/a><div class='clear '><\/div><\/div>","protected":false},"excerpt":{"rendered":"<p>NETTALI.COM - Les responsables de l\u2019intercoalition Takku Wallu-S\u00e0mm Sa Kaddu du d\u00e9partement de Saint-Louis se sont r\u00e9unis hier au si\u00e8ge de l'APR pour se prononcer sur les malheureux incidents survenus la veille sur l\u2019avenue De Gaulle. Un face-\u00e0-face avec la presse que la t\u00eate de liste d\u00e9partementale de Takku Wallu a saisi pour fustiger la [&hellip;]<\/p>\n","protected":false},"author":2,"featured_media":143725,"comment_status":"open","ping_status":"open","sticky":false,"template":"","format":"standard","meta":{"_et_pb_use_builder":"","_et_pb_old_content":""},"categories":[2],"tags":[],"yoast_head":"<!-- This site is optimized with the Yoast SEO Premium plugin v17.8 (Yoast SEO v17.8) - https:\/\/yoast.com\/wordpress\/plugins\/seo\/ -->\n<title>SAINT-LOUIS - 24 HEURES APR\u00c8S LES \u00c9CHAUFFOUR\u00c9ES - L\u2019intercoalition Takku Wallu-S\u00e0mm Sa Kaddu livre sa part de v\u00e9rit\u00e9 | Nettali.com<\/title>\n<meta name=\"robots\" content=\"index, follow, max-snippet:-1, max-image-preview:large, max-video-preview:-1\" \/>\n<link rel=\"canonical\" href=\"https:\/\/www.nettali.com\/2024\/11\/13\/saint-louis-24-heures-apres-les-echauffourees-lintercoalition-takku-wallu-samm-sa-kaddu-livre-sa-part-de-verite\/\" \/>\n<meta property=\"og:locale\" content=\"fr_FR\" \/>\n<meta property=\"og:type\" content=\"article\" \/>\n<meta property=\"og:title\" content=\"SAINT-LOUIS - 24 HEURES APR\u00c8S LES \u00c9CHAUFFOUR\u00c9ES - L\u2019intercoalition Takku Wallu-S\u00e0mm Sa Kaddu livre sa part de v\u00e9rit\u00e9\" \/>\n<meta property=\"og:description\" content=\"NETTALI.COM - Les responsables de l\u2019intercoalition Takku Wallu-S\u00e0mm Sa Kaddu du d\u00e9partement de Saint-Louis se sont r\u00e9unis hier au si\u00e8ge de l&#039;APR pour se prononcer sur les malheureux incidents survenus la veille sur l\u2019avenue De Gaulle. Un face-\u00e0-face avec la presse que la t\u00eate de liste d\u00e9partementale de Takku Wallu a saisi pour fustiger la [&hellip;]\" \/>\n<meta property=\"og:url\" content=\"https:\/\/www.nettali.com\/2024\/11\/13\/saint-louis-24-heures-apres-les-echauffourees-lintercoalition-takku-wallu-samm-sa-kaddu-livre-sa-part-de-verite\/\" \/>\n<meta property=\"og:site_name\" content=\"Nettali.com\" \/>\n<meta property=\"article:publisher\" content=\"https:\/\/www.facebook.com\/nettalicom\" \/>\n<meta property=\"article:published_time\" content=\"2024-11-13T06:56:22+00:00\" \/>\n<meta property=\"og:image\" content=\"https:\/\/www.nettali.com\/wp-content\/uploads\/2024\/11\/mansour-faye-1-1080x900-1.png\" \/>\n\t<meta property=\"og:image:width\" content=\"1080\" \/>\n\t<meta property=\"og:image:height\" content=\"900\" \/>\n<meta name=\"twitter:card\" content=\"summary_large_image\" \/>\n<meta name=\"twitter:label1\" content=\"\u00c9crit par\" \/>\n\t<meta name=\"twitter:data1\" content=\"CK\" \/>\n\t<meta name=\"twitter:label2\" content=\"Dur\u00e9e de lecture estim\u00e9e\" \/>\n\t<meta name=\"twitter:data2\" content=\"3 minutes\" \/>\n<script type=\"application\/ld+json\" class=\"yoast-schema-graph\">{\"@context\":\"https:\/\/schema.org\",\"@graph\":[{\"@type\":\"WebSite\",\"@id\":\"https:\/\/www.nettali.com\/#website\",\"url\":\"https:\/\/www.nettali.com\/\",\"name\":\"Nettali.com\",\"description\":\"Le rendez-vous critique du Net\",\"potentialAction\":[{\"@type\":\"SearchAction\",\"target\":{\"@type\":\"EntryPoint\",\"urlTemplate\":\"https:\/\/www.nettali.com\/?s={search_term_string}\"},\"query-input\":\"required name=search_term_string\"}],\"inLanguage\":\"fr-FR\"},{\"@type\":\"ImageObject\",\"@id\":\"https:\/\/www.nettali.com\/2024\/11\/13\/saint-louis-24-heures-apres-les-echauffourees-lintercoalition-takku-wallu-samm-sa-kaddu-livre-sa-part-de-verite\/#primaryimage\",\"inLanguage\":\"fr-FR\",\"url\":\"https:\/\/www.nettali.com\/wp-content\/uploads\/2024\/11\/mansour-faye-1-1080x900-1.png\",\"contentUrl\":\"https:\/\/www.nettali.com\/wp-content\/uploads\/2024\/11\/mansour-faye-1-1080x900-1.png\",\"width\":1080,\"height\":900},{\"@type\":\"WebPage\",\"@id\":\"https:\/\/www.nettali.com\/2024\/11\/13\/saint-louis-24-heures-apres-les-echauffourees-lintercoalition-takku-wallu-samm-sa-kaddu-livre-sa-part-de-verite\/#webpage\",\"url\":\"https:\/\/www.nettali.com\/2024\/11\/13\/saint-louis-24-heures-apres-les-echauffourees-lintercoalition-takku-wallu-samm-sa-kaddu-livre-sa-part-de-verite\/\",\"name\":\"SAINT-LOUIS - 24 HEURES APR\\u00c8S LES \\u00c9CHAUFFOUR\\u00c9ES - L\\u2019intercoalition Takku Wallu-S\\u00e0mm Sa Kaddu livre sa part de v\\u00e9rit\\u00e9 | Nettali.com\",\"isPartOf\":{\"@id\":\"https:\/\/www.nettali.com\/#website\"},\"primaryImageOfPage\":{\"@id\":\"https:\/\/www.nettali.com\/2024\/11\/13\/saint-louis-24-heures-apres-les-echauffourees-lintercoalition-takku-wallu-samm-sa-kaddu-livre-sa-part-de-verite\/#primaryimage\"},\"datePublished\":\"2024-11-13T06:56:22+00:00\",\"dateModified\":\"2024-11-13T06:56:22+00:00\",\"author\":{\"@id\":\"https:\/\/www.nettali.com\/#\/schema\/person\/d8ac7b7e27ddad43f1c0d2ef090d7f71\"},\"breadcrumb\":{\"@id\":\"https:\/\/www.nettali.com\/2024\/11\/13\/saint-louis-24-heures-apres-les-echauffourees-lintercoalition-takku-wallu-samm-sa-kaddu-livre-sa-part-de-verite\/#breadcrumb\"},\"inLanguage\":\"fr-FR\",\"potentialAction\":[{\"@type\":\"ReadAction\",\"target\":[\"https:\/\/www.nettali.com\/2024\/11\/13\/saint-louis-24-heures-apres-les-echauffourees-lintercoalition-takku-wallu-samm-sa-kaddu-livre-sa-part-de-verite\/\"]}]},{\"@type\":\"BreadcrumbList\",\"@id\":\"https:\/\/www.nettali.com\/2024\/11\/13\/saint-louis-24-heures-apres-les-echauffourees-lintercoalition-takku-wallu-samm-sa-kaddu-livre-sa-part-de-verite\/#breadcrumb\",\"itemListElement\":[{\"@type\":\"ListItem\",\"position\":1,\"name\":\"Accueil\",\"item\":\"https:\/\/www.nettali.com\/\"},{\"@type\":\"ListItem\",\"position\":2,\"name\":\"SAINT-LOUIS - 24 HEURES APR\\u00c8S LES \\u00c9CHAUFFOUR\\u00c9ES - L\\u2019intercoalition Takku Wallu-S\\u00e0mm Sa Kaddu livre sa part de v\\u00e9rit\\u00e9\"}]},{\"@type\":\"Person\",\"@id\":\"https:\/\/www.nettali.com\/#\/schema\/person\/d8ac7b7e27ddad43f1c0d2ef090d7f71\",\"name\":\"CK\",\"image\":{\"@type\":\"ImageObject\",\"@id\":\"https:\/\/www.nettali.com\/#personlogo\",\"inLanguage\":\"fr-FR\",\"url\":\"https:\/\/secure.gravatar.com\/avatar\/1d8d5118b9327d94da7cd4ce7f17fec2?s=96&d=mm&r=g\",\"contentUrl\":\"https:\/\/secure.gravatar.com\/avatar\/1d8d5118b9327d94da7cd4ce7f17fec2?s=96&d=mm&r=g\",\"caption\":\"CK\"},\"sameAs\":[\"https:\/\/www.nettali.com\"]}]}<\/script>\n<!-- \/ Yoast SEO Premium plugin. -->","yoast_head_json":{"title":"SAINT-LOUIS - 24 HEURES APR\u00c8S LES \u00c9CHAUFFOUR\u00c9ES - L\u2019intercoalition Takku Wallu-S\u00e0mm Sa Kaddu livre sa part de v\u00e9rit\u00e9 | Nettali.com","robots":{"index":"index","follow":"follow","max-snippet":"max-snippet:-1","max-image-preview":"max-image-preview:large","max-video-preview":"max-video-preview:-1"},"canonical":"https:\/\/www.nettali.com\/2024\/11\/13\/saint-louis-24-heures-apres-les-echauffourees-lintercoalition-takku-wallu-samm-sa-kaddu-livre-sa-part-de-verite\/","og_locale":"fr_FR","og_type":"article","og_title":"SAINT-LOUIS - 24 HEURES APR\u00c8S LES \u00c9CHAUFFOUR\u00c9ES - L\u2019intercoalition Takku Wallu-S\u00e0mm Sa Kaddu livre sa part de v\u00e9rit\u00e9","og_description":"NETTALI.COM - Les responsables de l\u2019intercoalition Takku Wallu-S\u00e0mm Sa Kaddu du d\u00e9partement de Saint-Louis se sont r\u00e9unis hier au si\u00e8ge de l'APR pour se prononcer sur les malheureux incidents survenus la veille sur l\u2019avenue De Gaulle. Un face-\u00e0-face avec la presse que la t\u00eate de liste d\u00e9partementale de Takku Wallu a saisi pour fustiger la [&hellip;]","og_url":"https:\/\/www.nettali.com\/2024\/11\/13\/saint-louis-24-heures-apres-les-echauffourees-lintercoalition-takku-wallu-samm-sa-kaddu-livre-sa-part-de-verite\/","og_site_name":"Nettali.com","article_publisher":"https:\/\/www.facebook.com\/nettalicom","article_published_time":"2024-11-13T06:56:22+00:00","og_image":[{"width":1080,"height":900,"url":"https:\/\/www.nettali.com\/wp-content\/uploads\/2024\/11\/mansour-faye-1-1080x900-1.png","type":"image\/png"}],"twitter_card":"summary_large_image","twitter_misc":{"\u00c9crit par":"CK","Dur\u00e9e de lecture estim\u00e9e":"3 minutes"},"schema":{"@context":"https:\/\/schema.org","@graph":[{"@type":"WebSite","@id":"https:\/\/www.nettali.com\/#website","url":"https:\/\/www.nettali.com\/","name":"Nettali.com","description":"Le rendez-vous critique du Net","potentialAction":[{"@type":"SearchAction","target":{"@type":"EntryPoint","urlTemplate":"https:\/\/www.nettali.com\/?s={search_term_string}"},"query-input":"required name=search_term_string"}],"inLanguage":"fr-FR"},{"@type":"ImageObject","@id":"https:\/\/www.nettali.com\/2024\/11\/13\/saint-louis-24-heures-apres-les-echauffourees-lintercoalition-takku-wallu-samm-sa-kaddu-livre-sa-part-de-verite\/#primaryimage","inLanguage":"fr-FR","url":"https:\/\/www.nettali.com\/wp-content\/uploads\/2024\/11\/mansour-faye-1-1080x900-1.png","contentUrl":"https:\/\/www.nettali.com\/wp-content\/uploads\/2024\/11\/mansour-faye-1-1080x900-1.png","width":1080,"height":900},{"@type":"WebPage","@id":"https:\/\/www.nettali.com\/2024\/11\/13\/saint-louis-24-heures-apres-les-echauffourees-lintercoalition-takku-wallu-samm-sa-kaddu-livre-sa-part-de-verite\/#webpage","url":"https:\/\/www.nettali.com\/2024\/11\/13\/saint-louis-24-heures-apres-les-echauffourees-lintercoalition-takku-wallu-samm-sa-kaddu-livre-sa-part-de-verite\/","name":"SAINT-LOUIS - 24 HEURES APR\u00c8S LES \u00c9CHAUFFOUR\u00c9ES - L\u2019intercoalition Takku Wallu-S\u00e0mm Sa Kaddu livre sa part de v\u00e9rit\u00e9 | Nettali.com","isPartOf":{"@id":"https:\/\/www.nettali.com\/#website"},"primaryImageOfPage":{"@id":"https:\/\/www.nettali.com\/2024\/11\/13\/saint-louis-24-heures-apres-les-echauffourees-lintercoalition-takku-wallu-samm-sa-kaddu-livre-sa-part-de-verite\/#primaryimage"},"datePublished":"2024-11-13T06:56:22+00:00","dateModified":"2024-11-13T06:56:22+00:00","author":{"@id":"https:\/\/www.nettali.com\/#\/schema\/person\/d8ac7b7e27ddad43f1c0d2ef090d7f71"},"breadcrumb":{"@id":"https:\/\/www.nettali.com\/2024\/11\/13\/saint-louis-24-heures-apres-les-echauffourees-lintercoalition-takku-wallu-samm-sa-kaddu-livre-sa-part-de-verite\/#breadcrumb"},"inLanguage":"fr-FR","potentialAction":[{"@type":"ReadAction","target":["https:\/\/www.nettali.com\/2024\/11\/13\/saint-louis-24-heures-apres-les-echauffourees-lintercoalition-takku-wallu-samm-sa-kaddu-livre-sa-part-de-verite\/"]}]},{"@type":"BreadcrumbList","@id":"https:\/\/www.nettali.com\/2024\/11\/13\/saint-louis-24-heures-apres-les-echauffourees-lintercoalition-takku-wallu-samm-sa-kaddu-livre-sa-part-de-verite\/#breadcrumb","itemListElement":[{"@type":"ListItem","position":1,"name":"Accueil","item":"https:\/\/www.nettali.com\/"},{"@type":"ListItem","position":2,"name":"SAINT-LOUIS - 24 HEURES APR\u00c8S LES \u00c9CHAUFFOUR\u00c9ES - L\u2019intercoalition Takku Wallu-S\u00e0mm Sa Kaddu livre sa part de v\u00e9rit\u00e9"}]},{"@type":"Person","@id":"https:\/\/www.nettali.com\/#\/schema\/person\/d8ac7b7e27ddad43f1c0d2ef090d7f71","name":"CK","image":{"@type":"ImageObject","@id":"https:\/\/www.nettali.com\/#personlogo","inLanguage":"fr-FR","url":"https:\/\/secure.gravatar.com\/avatar\/1d8d5118b9327d94da7cd4ce7f17fec2?s=96&d=mm&r=g","contentUrl":"https:\/\/secure.gravatar.com\/avatar\/1d8d5118b9327d94da7cd4ce7f17fec2?s=96&d=mm&r=g","caption":"CK"},"sameAs":["https:\/\/www.nettali.com"]}]}},"_links":{"self":[{"href":"https:\/\/www.nettali.com\/rest\/wp\/v2\/posts\/143724"}],"collection":[{"href":"https:\/\/www.nettali.com\/rest\/wp\/v2\/posts"}],"about":[{"href":"https:\/\/www.nettali.com\/rest\/wp\/v2\/types\/post"}],"author":[{"embeddable":true,"href":"https:\/\/www.nettali.com\/rest\/wp\/v2\/users\/2"}],"replies":[{"embeddable":true,"href":"https:\/\/www.nettali.com\/rest\/wp\/v2\/comments?post=143724"}],"version-history":[{"count":1,"href":"https:\/\/www.nettali.com\/rest\/wp\/v2\/posts\/143724\/revisions"}],"predecessor-version":[{"id":143726,"href":"https:\/\/www.nettali.com\/rest\/wp\/v2\/posts\/143724\/revisions\/143726"}],"wp:featuredmedia":[{"embeddable":true,"href":"https:\/\/www.nettali.com\/rest\/wp\/v2\/media\/143725"}],"wp:attachment":[{"href":"https:\/\/www.nettali.com\/rest\/wp\/v2\/media?parent=143724"}],"wp:term":[{"taxonomy":"category","embeddable":true,"href":"https:\/\/www.nettali.com\/rest\/wp\/v2\/categories?post=143724"},{"taxonomy":"post_tag","embeddable":true,"href":"https:\/\/www.nettali.com\/rest\/wp\/v2\/tags?post=143724"}],"curies":[{"name":"wp","href":"https:\/\/api.w.org\/{rel}","templated":true}]}}