{"id":143718,"date":"2024-11-13T06:42:00","date_gmt":"2024-11-13T06:42:00","guid":{"rendered":"https:\/\/www.nettali.com\/?p=143718"},"modified":"2024-11-14T09:35:43","modified_gmt":"2024-11-14T09:35:43","slug":"attaques-et-menaces-haro-sur-la-violence","status":"publish","type":"post","link":"https:\/\/www.nettali.com\/2024\/11\/13\/attaques-et-menaces-haro-sur-la-violence\/","title":{"rendered":"ATTAQUES ET MENACES - Haro sur la violence"},"content":{"rendered":"<p><strong>NETTALI.COM - Mardi 12 novembre, plusieurs voix se sont \u00e9lev\u00e9es pour d\u00e9noncer les violences observ\u00e9es \u00e0 Saint-Louis ainsi que les appels \u00e0 la violence dans le cadre de la campagne \u00e9lectorale pour les prochaines L\u00e9gislatives.<\/strong><\/p>\n<p>La violence prend de l\u2019ampleur \u00e0 la vitesse grand V. Une vid\u00e9o qui circule montre des individus masqu\u00e9s, portant des armes blanches s\u2019attaquant \u00e0 des personnes dans un magasin. Ils poursuivent leurs victimes \u00e0 l\u2019int\u00e9rieur du lieu de commerce et les blessent. Un homme est poignard\u00e9 au bras, des articles sont emport\u00e9s. Ousmane Sonko attribue ces attaques au camp de Barth\u00e9lemy Dias. Il l\u2019accuse de fomenter des attaques contre ses militants depuis le d\u00e9but de la campagne.<\/p>\n<p>Avant-hier, appelant ses derniers \u00e0 riposter, il a annonc\u00e9 la fin de la campagne pour le maire de Dakar. \u201c<em>On a \u00e9t\u00e9 attaqu\u00e9s \u00e0 trois reprises\u2026 C\u2019est fini pour eux. Barth\u00e9lemy Dias ne battra plus campagne dans ce pays. Laisser nos militants se faire poignarder, je ne l'accepterai pour personne<\/em>\u201d, a-t-il pr\u00e9venu.<\/p>\n<p>Un appel vivement d\u00e9nonc\u00e9 par les autres acteurs de l\u2019opposition. C\u2019est le cas du juge D\u00e8me qui a tir\u00e9 \u00e0 boulets rouges sur la t\u00eate de liste de Pastef. \u201c<em>Les propos dangereux et irresponsables qu\u2019il (Ousmane Sonko) a tenus hier (avant-hier) \u00e0 Rufisque interpellent toute personne attach\u00e9e \u00e0 la paix, \u00e0 la d\u00e9mocratie et \u00e0 la justice. En effet, comment comprendre qu\u2019un chef de gouvernement d\u2019une R\u00e9publique comme le S\u00e9n\u00e9gal demande qu\u2019une justice priv\u00e9e puisse se substituer \u00e0 la justice de l\u2019\u00c9tat, m\u00eame en cas de faillite de celle-ci ?<\/em>\u201d, a-t-il pest\u00e9.<\/p>\n<p><strong>L'appel d\u2019Amadou Ba<\/strong><\/p>\n<p>Depuis Matam, l\u2019ancien Premier ministre a publi\u00e9 une note intitul\u00e9e \u201cD\u00e9claration de Matam pour la paix\u201d. Amadou Ba dit se sentir interpell\u00e9 face \u00e0 la vive tension qui s\u00e9vit au S\u00e9n\u00e9gal \u00e0 quelques jours du scrutin l\u00e9gislatif, en tant qu'homme politique, en tant que chef de l\u2019opposition, en tant que t\u00eate de file de la coalition J\u00e0mm ak Njarin et en tant que simple citoyen soucieux du devenir de cette nation. Il souligne que la protection des vies et de la libert\u00e9 d\u2019expression des citoyens doit \u00eatre une priorit\u00e9 absolue.<\/p>\n<p>Ainsi, il lance un appel au calme et \u00e0 la retenue \u00e0 l\u2019attention des acteurs politiques. \u201c<em>Il est de notre responsabilit\u00e9 individuelle et collective de nous respecter, de d\u00e9fendre nos id\u00e9es avec \u00e9l\u00e9gance dans leur pluralit\u00e9 et de bannir \u00e0 jamais les affrontements physiques dans l\u2019espace politique. Les S\u00e9n\u00e9galais, qui traversent des moments difficiles avec la conjoncture, attendent plus de solutions concr\u00e8tes \u00e0 leurs probl\u00e8mes que des discours va-t\u2019en guerre de certains protagonistes aux cons\u00e9quences incalculables<\/em>\u201d, a d\u00e9clar\u00e9 Amadou Ba.<\/p>\n<p>La t\u00eate de liste de poursuivre : \u201c<em>cette campagne \u00e9lectorale doit se terminer dans la paix, la s\u00e9r\u00e9nit\u00e9 et le respect mutuel, afin de permettre \u00e0 chaque citoyen d\u2019exprimer librement son opinion et de participer pleinement \u00e0 ce moment d\u00e9mocratique en toute s\u00e9curit\u00e9 et transparence.<\/em>\u201d<\/p>\n<p>Pour lui, ces \u00e9lections l\u00e9gislatives anticip\u00e9es doivent \u00eatre un temps fort de d\u00e9bats d\u2019id\u00e9es et de propositions de solutions pacifiques. \u201c<em>Or, ces derniers jours, nous avons malheureusement \u00e9t\u00e9 t\u00e9moins de sc\u00e8nes inacceptables de violences verbales et physiques qui n\u2019augurent rien de bon pour notre cher pays. Ce n\u2019est ni la voie de l\u2019unit\u00e9 ni celle du progr\u00e8s, encore moins celle de la paix et de la coh\u00e9sion<\/em>\u201d, a-t-il regrett\u00e9. Non sans rappeler les stigmates des violents \u00e9v\u00e9nements survenus entre juin 2021 et l\u2019\u00e9lection pr\u00e9sidentielle de f\u00e9vrier 2024. \u201c<em>Notre pays a \u00e9t\u00e9 suffisamment traumatis\u00e9, dans un pass\u00e9 r\u00e9cent, par une s\u00e9rie de violences. Nous ne devons donc, en aucun cas, laisser ce cycle infernal se r\u00e9p\u00e9ter. Il est crucial de pr\u00e9server la paix et la stabilit\u00e9, non seulement pendant cette campagne, mais pour toujours. D\u00e8s lors, je condamne vigoureusement toute forme de violence<\/em>\u201d, a indiqu\u00e9 Amadou Ba, qui invite les autorit\u00e9s, le pr\u00e9sident de la R\u00e9publique en premier, \u00e0 prendre toutes les mesures n\u00e9cessaires pour garantir la s\u00e9curit\u00e9 de tous les citoyens sans distinction aucune et de leurs biens.<\/p>\n<p><strong>CNDHS d\u00e9plore d\u2019abord les agressions perp\u00e9tr\u00e9es \u00e0 l'encontre de \u201cmilitants politiques\u201d<\/strong><\/p>\n<p>La Commission nationale des Droits de l'homme du S\u00e9n\u00e9gal (CNDHS) a \u00e9galement exprim\u00e9 sa \u201c<em>profonde inqui\u00e9tude<\/em>\u201d face aux violences survenues \u00e0 Saint-Louis dans le cadre de la campagne \u00e9lectorale. Pour sa part, la CNDHS d\u00e9plore d\u2019abord les agressions perp\u00e9tr\u00e9es \u00e0 l'encontre de \u201cmilitants politiques\u201d ainsi que l'usage d'armes blanches dans ces affrontements, qui vont \u00e0 l'encontre des principes fondamentaux des Droits de l'homme et de la s\u00e9curit\u00e9 humaine.<\/p>\n<p>Elle note que \u201c<em>toute tentative de recours \u00e0 la violence pour imposer ses opinions ou dissuader ses adversaires constitue une violation grave des droits des citoyens \u00e0 la s\u00e9curit\u00e9, \u00e0 la libert\u00e9 d'expression et \u00e0 la participation politique<\/em>\u201d.<\/p>\n<p>Par ailleurs, la CNDHS salue les mesures prises par le minist\u00e8re de l'Int\u00e9rieur pour pr\u00e9venir et sanctionner les actes de violence, notamment l'interdiction temporaire du port d'arme et la vigilance accrue des forces de l'ordre. Elle encourage tous les acteurs politiques \u00e0 adopter une attitude responsable et \u00e0 privil\u00e9gier le dialogue pour pr\u00e9server la stabilit\u00e9 et la coh\u00e9sion nationale.<\/p>\n<p>En outre, la CNDHS rappelle aux autorit\u00e9s \u201c<em>la n\u00e9cessit\u00e9 de mener des enqu\u00eates impartiales sur tous les incidents rapport\u00e9s afin de traduire en justice les responsables de ces violences<\/em>\u201d.<\/p>\n<p><strong>Les commer\u00e7ants expriment leur indignation <\/strong><\/p>\n<p>L'Association des commer\u00e7ants et industriels du S\u00e9n\u00e9gal (Acis) a \u00e9galement exprim\u00e9 sa plus vive indignation, \u00e0 la suite des violences qui ont eu lieu r\u00e9cemment au march\u00e9 Sor de Saint-Louis, dans le cadre de la campagne l\u00e9gislative en cours. Elle estime que les commer\u00e7ants sont vis\u00e9s dans la campagne \u00e9lectorale. \u201c<em>Cette attaque, qui a vis\u00e9 nos commer\u00e7ants et leurs biens, constitue une grave atteinte \u00e0 la s\u00e9curit\u00e9 des travailleurs du secteur informel et \u00e0 la tranquillit\u00e9 des citoyens qui, chaque jour, participent activement \u00e0 la vie \u00e9conomique de notre pays<\/em>\u201d, a-t- elle regrett\u00e9.<\/p>\n<p>\u201c<em>Des groupes de personnes ont pris pour cible les commer\u00e7ants du march\u00e9 Sor de Saint-Louis, cr\u00e9ant des sc\u00e8nes de chaos et de violence. Plusieurs \u00e9tals ont \u00e9t\u00e9 saccag\u00e9s, des biens ont \u00e9t\u00e9 d\u00e9truits et certains commer\u00e7ants ont \u00e9t\u00e9 gravement bless\u00e9s. Cet acte barbare et insens\u00e9 a non seulement perturb\u00e9 les activit\u00e9s \u00e9conomiques du march\u00e9, mais a aussi plong\u00e9 dans la peur des dizaines de familles qui d\u00e9pendent de leur commerce quotidien pour vivre dignement<\/em>\u201d, a poursuivi l\u2019Acis.<\/p>\n<p>Elle condamne ces violences, qu'elles soient d'origine politique ou autre. Elle appelle \u00e0 la protection des commer\u00e7ants et au respect de la paix sociale. \u201c<em>Nous appelons les autorit\u00e9s locales et nationales \u00e0 prendre toutes les mesures n\u00e9cessaires pour garantir la s\u00e9curit\u00e9 des commer\u00e7ants et prot\u00e9ger leurs biens. Il est urgent que des mesures de pr\u00e9vention soient mises en place pour \u00e9viter que de tels actes de violence ne se reproduisent<\/em>\u201d, r\u00e9clame l\u2019Acis qui exige \u00e9galement des enqu\u00eates pour d\u00e9terminer les responsables de cette attaque.<\/p>\n<div class='share-to-whatsapp-wrapper'><div class='share-on-whsp'>PARTAGER SUR : <\/div><a data-text='ATTAQUES ET MENACES - Haro sur la violence' data-link='https:\/\/www.nettali.com\/2024\/11\/13\/attaques-et-menaces-haro-sur-la-violence\/' class='whatsapp-button whatsapp-share'>WhatsApp<\/a><div class='clear '><\/div><\/div>","protected":false},"excerpt":{"rendered":"<p>NETTALI.COM - Mardi 12 novembre, plusieurs voix se sont \u00e9lev\u00e9es pour d\u00e9noncer les violences observ\u00e9es \u00e0 Saint-Louis ainsi que les appels \u00e0 la violence dans le cadre de la campagne \u00e9lectorale pour les prochaines L\u00e9gislatives. La violence prend de l\u2019ampleur \u00e0 la vitesse grand V. Une vid\u00e9o qui circule montre des individus masqu\u00e9s, portant des [&hellip;]<\/p>\n","protected":false},"author":2,"featured_media":143719,"comment_status":"open","ping_status":"open","sticky":false,"template":"","format":"standard","meta":{"_et_pb_use_builder":"","_et_pb_old_content":""},"categories":[2],"tags":[],"yoast_head":"<!-- This site is optimized with the Yoast SEO Premium plugin v17.8 (Yoast SEO v17.8) - https:\/\/yoast.com\/wordpress\/plugins\/seo\/ -->\n<title>ATTAQUES ET MENACES - Haro sur la violence | Nettali.com<\/title>\n<meta name=\"robots\" content=\"index, follow, max-snippet:-1, max-image-preview:large, max-video-preview:-1\" \/>\n<link rel=\"canonical\" href=\"https:\/\/www.nettali.com\/2024\/11\/13\/attaques-et-menaces-haro-sur-la-violence\/\" \/>\n<meta property=\"og:locale\" content=\"fr_FR\" \/>\n<meta property=\"og:type\" content=\"article\" \/>\n<meta property=\"og:title\" content=\"ATTAQUES ET MENACES - Haro sur la violence\" \/>\n<meta property=\"og:description\" content=\"NETTALI.COM - Mardi 12 novembre, plusieurs voix se sont \u00e9lev\u00e9es pour d\u00e9noncer les violences observ\u00e9es \u00e0 Saint-Louis ainsi que les appels \u00e0 la violence dans le cadre de la campagne \u00e9lectorale pour les prochaines L\u00e9gislatives. La violence prend de l\u2019ampleur \u00e0 la vitesse grand V. Une vid\u00e9o qui circule montre des individus masqu\u00e9s, portant des [&hellip;]\" \/>\n<meta property=\"og:url\" content=\"https:\/\/www.nettali.com\/2024\/11\/13\/attaques-et-menaces-haro-sur-la-violence\/\" \/>\n<meta property=\"og:site_name\" content=\"Nettali.com\" \/>\n<meta property=\"article:publisher\" content=\"https:\/\/www.facebook.com\/nettalicom\" \/>\n<meta property=\"article:published_time\" content=\"2024-11-13T06:42:00+00:00\" \/>\n<meta property=\"article:modified_time\" content=\"2024-11-14T09:35:43+00:00\" \/>\n<meta property=\"og:image\" content=\"https:\/\/www.nettali.com\/wp-content\/uploads\/2024\/11\/sddefault.jpg\" \/>\n\t<meta property=\"og:image:width\" content=\"640\" \/>\n\t<meta property=\"og:image:height\" content=\"480\" \/>\n<meta name=\"twitter:card\" content=\"summary_large_image\" \/>\n<meta name=\"twitter:label1\" content=\"\u00c9crit par\" \/>\n\t<meta name=\"twitter:data1\" content=\"CK\" \/>\n\t<meta name=\"twitter:label2\" content=\"Dur\u00e9e de lecture estim\u00e9e\" \/>\n\t<meta name=\"twitter:data2\" content=\"6 minutes\" \/>\n<script type=\"application\/ld+json\" class=\"yoast-schema-graph\">{\"@context\":\"https:\/\/schema.org\",\"@graph\":[{\"@type\":\"WebSite\",\"@id\":\"https:\/\/www.nettali.com\/#website\",\"url\":\"https:\/\/www.nettali.com\/\",\"name\":\"Nettali.com\",\"description\":\"Le rendez-vous critique du Net\",\"potentialAction\":[{\"@type\":\"SearchAction\",\"target\":{\"@type\":\"EntryPoint\",\"urlTemplate\":\"https:\/\/www.nettali.com\/?s={search_term_string}\"},\"query-input\":\"required name=search_term_string\"}],\"inLanguage\":\"fr-FR\"},{\"@type\":\"ImageObject\",\"@id\":\"https:\/\/www.nettali.com\/2024\/11\/13\/attaques-et-menaces-haro-sur-la-violence\/#primaryimage\",\"inLanguage\":\"fr-FR\",\"url\":\"https:\/\/www.nettali.com\/wp-content\/uploads\/2024\/11\/sddefault.jpg\",\"contentUrl\":\"https:\/\/www.nettali.com\/wp-content\/uploads\/2024\/11\/sddefault.jpg\",\"width\":640,\"height\":480},{\"@type\":\"WebPage\",\"@id\":\"https:\/\/www.nettali.com\/2024\/11\/13\/attaques-et-menaces-haro-sur-la-violence\/#webpage\",\"url\":\"https:\/\/www.nettali.com\/2024\/11\/13\/attaques-et-menaces-haro-sur-la-violence\/\",\"name\":\"ATTAQUES ET MENACES - Haro sur la violence | Nettali.com\",\"isPartOf\":{\"@id\":\"https:\/\/www.nettali.com\/#website\"},\"primaryImageOfPage\":{\"@id\":\"https:\/\/www.nettali.com\/2024\/11\/13\/attaques-et-menaces-haro-sur-la-violence\/#primaryimage\"},\"datePublished\":\"2024-11-13T06:42:00+00:00\",\"dateModified\":\"2024-11-14T09:35:43+00:00\",\"author\":{\"@id\":\"https:\/\/www.nettali.com\/#\/schema\/person\/d8ac7b7e27ddad43f1c0d2ef090d7f71\"},\"breadcrumb\":{\"@id\":\"https:\/\/www.nettali.com\/2024\/11\/13\/attaques-et-menaces-haro-sur-la-violence\/#breadcrumb\"},\"inLanguage\":\"fr-FR\",\"potentialAction\":[{\"@type\":\"ReadAction\",\"target\":[\"https:\/\/www.nettali.com\/2024\/11\/13\/attaques-et-menaces-haro-sur-la-violence\/\"]}]},{\"@type\":\"BreadcrumbList\",\"@id\":\"https:\/\/www.nettali.com\/2024\/11\/13\/attaques-et-menaces-haro-sur-la-violence\/#breadcrumb\",\"itemListElement\":[{\"@type\":\"ListItem\",\"position\":1,\"name\":\"Accueil\",\"item\":\"https:\/\/www.nettali.com\/\"},{\"@type\":\"ListItem\",\"position\":2,\"name\":\"ATTAQUES ET MENACES - Haro sur la violence\"}]},{\"@type\":\"Person\",\"@id\":\"https:\/\/www.nettali.com\/#\/schema\/person\/d8ac7b7e27ddad43f1c0d2ef090d7f71\",\"name\":\"CK\",\"image\":{\"@type\":\"ImageObject\",\"@id\":\"https:\/\/www.nettali.com\/#personlogo\",\"inLanguage\":\"fr-FR\",\"url\":\"https:\/\/secure.gravatar.com\/avatar\/1d8d5118b9327d94da7cd4ce7f17fec2?s=96&d=mm&r=g\",\"contentUrl\":\"https:\/\/secure.gravatar.com\/avatar\/1d8d5118b9327d94da7cd4ce7f17fec2?s=96&d=mm&r=g\",\"caption\":\"CK\"},\"sameAs\":[\"https:\/\/www.nettali.com\"]}]}<\/script>\n<!-- \/ Yoast SEO Premium plugin. -->","yoast_head_json":{"title":"ATTAQUES ET MENACES - Haro sur la violence | Nettali.com","robots":{"index":"index","follow":"follow","max-snippet":"max-snippet:-1","max-image-preview":"max-image-preview:large","max-video-preview":"max-video-preview:-1"},"canonical":"https:\/\/www.nettali.com\/2024\/11\/13\/attaques-et-menaces-haro-sur-la-violence\/","og_locale":"fr_FR","og_type":"article","og_title":"ATTAQUES ET MENACES - Haro sur la violence","og_description":"NETTALI.COM - Mardi 12 novembre, plusieurs voix se sont \u00e9lev\u00e9es pour d\u00e9noncer les violences observ\u00e9es \u00e0 Saint-Louis ainsi que les appels \u00e0 la violence dans le cadre de la campagne \u00e9lectorale pour les prochaines L\u00e9gislatives. La violence prend de l\u2019ampleur \u00e0 la vitesse grand V. Une vid\u00e9o qui circule montre des individus masqu\u00e9s, portant des [&hellip;]","og_url":"https:\/\/www.nettali.com\/2024\/11\/13\/attaques-et-menaces-haro-sur-la-violence\/","og_site_name":"Nettali.com","article_publisher":"https:\/\/www.facebook.com\/nettalicom","article_published_time":"2024-11-13T06:42:00+00:00","article_modified_time":"2024-11-14T09:35:43+00:00","og_image":[{"width":640,"height":480,"url":"https:\/\/www.nettali.com\/wp-content\/uploads\/2024\/11\/sddefault.jpg","type":"image\/jpeg"}],"twitter_card":"summary_large_image","twitter_misc":{"\u00c9crit par":"CK","Dur\u00e9e de lecture estim\u00e9e":"6 minutes"},"schema":{"@context":"https:\/\/schema.org","@graph":[{"@type":"WebSite","@id":"https:\/\/www.nettali.com\/#website","url":"https:\/\/www.nettali.com\/","name":"Nettali.com","description":"Le rendez-vous critique du Net","potentialAction":[{"@type":"SearchAction","target":{"@type":"EntryPoint","urlTemplate":"https:\/\/www.nettali.com\/?s={search_term_string}"},"query-input":"required name=search_term_string"}],"inLanguage":"fr-FR"},{"@type":"ImageObject","@id":"https:\/\/www.nettali.com\/2024\/11\/13\/attaques-et-menaces-haro-sur-la-violence\/#primaryimage","inLanguage":"fr-FR","url":"https:\/\/www.nettali.com\/wp-content\/uploads\/2024\/11\/sddefault.jpg","contentUrl":"https:\/\/www.nettali.com\/wp-content\/uploads\/2024\/11\/sddefault.jpg","width":640,"height":480},{"@type":"WebPage","@id":"https:\/\/www.nettali.com\/2024\/11\/13\/attaques-et-menaces-haro-sur-la-violence\/#webpage","url":"https:\/\/www.nettali.com\/2024\/11\/13\/attaques-et-menaces-haro-sur-la-violence\/","name":"ATTAQUES ET MENACES - Haro sur la violence | Nettali.com","isPartOf":{"@id":"https:\/\/www.nettali.com\/#website"},"primaryImageOfPage":{"@id":"https:\/\/www.nettali.com\/2024\/11\/13\/attaques-et-menaces-haro-sur-la-violence\/#primaryimage"},"datePublished":"2024-11-13T06:42:00+00:00","dateModified":"2024-11-14T09:35:43+00:00","author":{"@id":"https:\/\/www.nettali.com\/#\/schema\/person\/d8ac7b7e27ddad43f1c0d2ef090d7f71"},"breadcrumb":{"@id":"https:\/\/www.nettali.com\/2024\/11\/13\/attaques-et-menaces-haro-sur-la-violence\/#breadcrumb"},"inLanguage":"fr-FR","potentialAction":[{"@type":"ReadAction","target":["https:\/\/www.nettali.com\/2024\/11\/13\/attaques-et-menaces-haro-sur-la-violence\/"]}]},{"@type":"BreadcrumbList","@id":"https:\/\/www.nettali.com\/2024\/11\/13\/attaques-et-menaces-haro-sur-la-violence\/#breadcrumb","itemListElement":[{"@type":"ListItem","position":1,"name":"Accueil","item":"https:\/\/www.nettali.com\/"},{"@type":"ListItem","position":2,"name":"ATTAQUES ET MENACES - Haro sur la violence"}]},{"@type":"Person","@id":"https:\/\/www.nettali.com\/#\/schema\/person\/d8ac7b7e27ddad43f1c0d2ef090d7f71","name":"CK","image":{"@type":"ImageObject","@id":"https:\/\/www.nettali.com\/#personlogo","inLanguage":"fr-FR","url":"https:\/\/secure.gravatar.com\/avatar\/1d8d5118b9327d94da7cd4ce7f17fec2?s=96&d=mm&r=g","contentUrl":"https:\/\/secure.gravatar.com\/avatar\/1d8d5118b9327d94da7cd4ce7f17fec2?s=96&d=mm&r=g","caption":"CK"},"sameAs":["https:\/\/www.nettali.com"]}]}},"_links":{"self":[{"href":"https:\/\/www.nettali.com\/rest\/wp\/v2\/posts\/143718"}],"collection":[{"href":"https:\/\/www.nettali.com\/rest\/wp\/v2\/posts"}],"about":[{"href":"https:\/\/www.nettali.com\/rest\/wp\/v2\/types\/post"}],"author":[{"embeddable":true,"href":"https:\/\/www.nettali.com\/rest\/wp\/v2\/users\/2"}],"replies":[{"embeddable":true,"href":"https:\/\/www.nettali.com\/rest\/wp\/v2\/comments?post=143718"}],"version-history":[{"count":1,"href":"https:\/\/www.nettali.com\/rest\/wp\/v2\/posts\/143718\/revisions"}],"predecessor-version":[{"id":143720,"href":"https:\/\/www.nettali.com\/rest\/wp\/v2\/posts\/143718\/revisions\/143720"}],"wp:featuredmedia":[{"embeddable":true,"href":"https:\/\/www.nettali.com\/rest\/wp\/v2\/media\/143719"}],"wp:attachment":[{"href":"https:\/\/www.nettali.com\/rest\/wp\/v2\/media?parent=143718"}],"wp:term":[{"taxonomy":"category","embeddable":true,"href":"https:\/\/www.nettali.com\/rest\/wp\/v2\/categories?post=143718"},{"taxonomy":"post_tag","embeddable":true,"href":"https:\/\/www.nettali.com\/rest\/wp\/v2\/tags?post=143718"}],"curies":[{"name":"wp","href":"https:\/\/api.w.org\/{rel}","templated":true}]}}