{"id":143704,"date":"2024-11-13T06:09:31","date_gmt":"2024-11-13T06:09:31","guid":{"rendered":"https:\/\/www.nettali.com\/?p=143704"},"modified":"2024-11-14T09:36:19","modified_gmt":"2024-11-14T09:36:19","slug":"accords-de-peche-entre-le-senegal-et-lue-le-protocole-ne-sera-pas-renouvele","status":"publish","type":"post","link":"https:\/\/www.nettali.com\/2024\/11\/13\/accords-de-peche-entre-le-senegal-et-lue-le-protocole-ne-sera-pas-renouvele\/","title":{"rendered":"ACCORDS DE P\u00caCHE ENTRE LE S\u00c9N\u00c9GAL ET L'UE - Le protocole ne sera pas renouvel\u00e9"},"content":{"rendered":"<p><strong>NETTALI.COM - Les accords de p\u00eache entre l\u2019Union europ\u00e9enne et le Gouvernement du S\u00e9n\u00e9gal ne seront pas renouvel\u00e9s au-del\u00e0 du 17 novembre \u00e0 minuit, date de leur expiration. Dans un communiqu\u00e9 publi\u00e9 ce mardi 12 novembre, en marge d\u2019une d\u00e9claration de presse faite par Jean-Marc Pisani, Ambassadeur de l\u2019Union europ\u00e9enne au S\u00e9n\u00e9gal, l\u2019UE explique cette d\u00e9cision par le statut de non-coop\u00e9rant du S\u00e9n\u00e9gal dans le cadre de la lutte contre la p\u00eache INN.<\/strong><\/p>\n<p>\"<em>Le 27 mai 2024, la Commission europ\u00e9enne a pr\u00e9-identifi\u00e9 le S\u00e9n\u00e9gal comme pays non-coop\u00e9rant dans le cadre de la lutte contre la p\u00eache INN. Cette d\u00e9cision s\u2019inscrit dans la politique de tol\u00e9rance z\u00e9ro de l\u2019UE vis-\u00e0-vis de la p\u00eache INN et fait suite \u00e0 plusieurs ann\u00e9es de discussion avec les autorit\u00e9s s\u00e9n\u00e9galaises. Dans un souci de coh\u00e9rence politique, la Commission europ\u00e9enne a adopt\u00e9 pour principe de surseoir \u00e0 tout renouvellement d\u2019un protocole de mise en \u0153uvre d\u2019un accord de partenariat de p\u00eache avec un \u00c9tat c\u00f4tier tant que cette d\u00e9cision n\u2019\u00e9tait pas retir\u00e9e\",<\/em> lit-on dans le document partag\u00e9 par les services de communication de l\u2019UE.<\/p>\n<p>Qui poursuit en annon\u00e7ant qu\u2019un dialogue formel entre les autorit\u00e9s s\u00e9n\u00e9galaises et europ\u00e9ennes sur les questions de p\u00eache INN \"<em>s\u2019est ouvert, avec pour objectif de r\u00e9soudre les probl\u00e8mes identifi\u00e9s. Dans l\u2019attente d\u2019une \u00e9volution favorable, l\u2019accord de p\u00eache entre l\u2019UE et le S\u00e9n\u00e9gal ne sera pas renouvel\u00e9. Les navires europ\u00e9ens devront donc quitter les eaux du S\u00e9n\u00e9gal \u00e0 l\u2019expiration du protocole, le 17 novembre, et le S\u00e9n\u00e9gal ne recevra plus de contribution financi\u00e8re dans le cadre de l\u2019accord de p\u00eache\".<\/em><\/p>\n<p>L'Union europ\u00e9enne de rappeler que \"<em>l\u2019absence de protocole de p\u00eache entre l\u2019UE et le S\u00e9n\u00e9gal n\u2019est pas une premi\u00e8re. Entre 2006 et 2014, l\u2019accord avait en effet \u00e9t\u00e9 stopp\u00e9, permettant aux deux parties d\u2019\u00e9valuer et de ren\u00e9gocier les conditions\".<\/em><\/p>\n<p>L\u2019UE informe \u00e9galement que \"<em>la r\u00e9union de la Commission mixte \u00e0 Bruxelles les 5 et 6 novembre a permis au S\u00e9n\u00e9gal et \u00e0 l\u2019UE d\u2019avoir des \u00e9changes constructifs. Les partenaires se sont mis d\u2019accord pour utiliser cette p\u00e9riode de non-renouvellement, afin d\u2019\u00e9valuer les r\u00e9sultats obtenus dans le cadre de l\u2019accord actuel. L\u2019UE reste dispos\u00e9e \u00e0 soutenir le S\u00e9n\u00e9gal dans ses efforts de lutte contre la p\u00eache INN et \u00e0 l\u2019aider \u00e0 rem\u00e9dier aux d\u00e9faillances constat\u00e9es\".<\/em><\/p>\n<p>La Commission europ\u00e9enne dit prendre note \"<em>des engagements du nouveau Gouvernement s\u00e9n\u00e9galais afin de rem\u00e9dier aux faiblesses du syst\u00e8me de contr\u00f4le et de tra\u00e7abilit\u00e9 du secteur et des produits de la p\u00eache, et reste \u00e0 disposition pour accompagner et assister le S\u00e9n\u00e9gal dans ces efforts\".<\/em><\/p>\n<p>Les accords de p\u00eache entre le S\u00e9n\u00e9gal et l\u2019UE dans le domaine de la p\u00eache datent du d\u00e9but de ann\u00e9es 1980. Sur la derni\u00e8re p\u00e9riode de cinq ans (2019-2024), ils ont apport\u00e9 au budget de l\u2019\u00c9tat s\u00e9n\u00e9galais une contribution de 8,5 millions d\u2019euros, soit plus de 5,5 milliards francs CFA, ce \u00e0 quoi s\u2019ajoutent les redevances vers\u00e9es par les armateurs. L\u2019UE indique \u00e9galement qu\u2019une \"<em>enveloppe de 900 000 euros par an (590 millions de F CFA) a \u00e9t\u00e9 destin\u00e9e \u00e0 la r\u00e9alisation des projets choisis par l\u2019administration s\u00e9n\u00e9galaise pour soutenir le d\u00e9veloppement du secteur de la p\u00eache et sa gouvernance, y compris la surveillance et la recherche scientifique n\u00e9cessaires pour la pr\u00e9servation des stocks de poissons\".<\/em><\/p>\n<p>Selon le communiqu\u00e9 de l\u2019Union europ\u00e9enne, les captures de la flotte europ\u00e9enne dans les eaux s\u00e9n\u00e9galaises, durant ces 5 ans, \"<em>repr\u00e9sentent moins de 1% des captures totales d\u00e9clar\u00e9es et r\u00e9alis\u00e9es par l\u2019ensemble des flottes dans les eaux s\u00e9n\u00e9galaises, soit pr\u00e8s de 10 000 tonnes de poissons. Ces captures, visant uniquement le thon et le merlu noir, ont \u00e9t\u00e9 r\u00e9alis\u00e9es dans les eaux s\u00e9n\u00e9galaises au-del\u00e0 de 12 milles nautiques des c\u00f4tes, \u00e9vitant ainsi une interf\u00e9rence avec les activit\u00e9s de la p\u00eache artisanale s\u00e9n\u00e9galais\".<\/em><\/p>\n<p>A noter que la ministre s\u00e9n\u00e9galaise des P\u00eaches va \u00e9galement faire face \u00e0 la presse pour parler de ces accords qui ne vont pas \u00eatre renouvel\u00e9s.<\/p>\n<div class='share-to-whatsapp-wrapper'><div class='share-on-whsp'>PARTAGER SUR : <\/div><a data-text='ACCORDS DE P\u00caCHE ENTRE LE S\u00c9N\u00c9GAL ET L'UE - Le protocole ne sera pas renouvel\u00e9' data-link='https:\/\/www.nettali.com\/2024\/11\/13\/accords-de-peche-entre-le-senegal-et-lue-le-protocole-ne-sera-pas-renouvele\/' class='whatsapp-button whatsapp-share'>WhatsApp<\/a><div class='clear '><\/div><\/div>","protected":false},"excerpt":{"rendered":"<p>NETTALI.COM - Les accords de p\u00eache entre l\u2019Union europ\u00e9enne et le Gouvernement du S\u00e9n\u00e9gal ne seront pas renouvel\u00e9s au-del\u00e0 du 17 novembre \u00e0 minuit, date de leur expiration. Dans un communiqu\u00e9 publi\u00e9 ce mardi 12 novembre, en marge d\u2019une d\u00e9claration de presse faite par Jean-Marc Pisani, Ambassadeur de l\u2019Union europ\u00e9enne au S\u00e9n\u00e9gal, l\u2019UE explique cette [&hellip;]<\/p>\n","protected":false},"author":5,"featured_media":143705,"comment_status":"open","ping_status":"open","sticky":false,"template":"","format":"standard","meta":{"_et_pb_use_builder":"","_et_pb_old_content":""},"categories":[3],"tags":[],"yoast_head":"<!-- This site is optimized with the Yoast SEO Premium plugin v17.8 (Yoast SEO v17.8) - https:\/\/yoast.com\/wordpress\/plugins\/seo\/ -->\n<title>ACCORDS DE P\u00caCHE ENTRE LE S\u00c9N\u00c9GAL ET L&#039;UE - Le protocole ne sera pas renouvel\u00e9 | Nettali.com<\/title>\n<meta name=\"robots\" content=\"index, follow, max-snippet:-1, max-image-preview:large, max-video-preview:-1\" \/>\n<link rel=\"canonical\" href=\"https:\/\/www.nettali.com\/2024\/11\/13\/accords-de-peche-entre-le-senegal-et-lue-le-protocole-ne-sera-pas-renouvele\/\" \/>\n<meta property=\"og:locale\" content=\"fr_FR\" \/>\n<meta property=\"og:type\" content=\"article\" \/>\n<meta property=\"og:title\" content=\"ACCORDS DE P\u00caCHE ENTRE LE S\u00c9N\u00c9GAL ET L&#039;UE - Le protocole ne sera pas renouvel\u00e9\" \/>\n<meta property=\"og:description\" content=\"NETTALI.COM - Les accords de p\u00eache entre l\u2019Union europ\u00e9enne et le Gouvernement du S\u00e9n\u00e9gal ne seront pas renouvel\u00e9s au-del\u00e0 du 17 novembre \u00e0 minuit, date de leur expiration. Dans un communiqu\u00e9 publi\u00e9 ce mardi 12 novembre, en marge d\u2019une d\u00e9claration de presse faite par Jean-Marc Pisani, Ambassadeur de l\u2019Union europ\u00e9enne au S\u00e9n\u00e9gal, l\u2019UE explique cette [&hellip;]\" \/>\n<meta property=\"og:url\" content=\"https:\/\/www.nettali.com\/2024\/11\/13\/accords-de-peche-entre-le-senegal-et-lue-le-protocole-ne-sera-pas-renouvele\/\" \/>\n<meta property=\"og:site_name\" content=\"Nettali.com\" \/>\n<meta property=\"article:publisher\" content=\"https:\/\/www.facebook.com\/nettalicom\" \/>\n<meta property=\"article:published_time\" content=\"2024-11-13T06:09:31+00:00\" \/>\n<meta property=\"article:modified_time\" content=\"2024-11-14T09:36:19+00:00\" \/>\n<meta property=\"og:image\" content=\"https:\/\/www.nettali.com\/wp-content\/uploads\/2024\/11\/e73f057480f205e8c7afd8b06c1836bde0319794.jpg\" \/>\n\t<meta property=\"og:image:width\" content=\"612\" \/>\n\t<meta property=\"og:image:height\" content=\"298\" \/>\n<meta name=\"twitter:card\" content=\"summary_large_image\" \/>\n<meta name=\"twitter:label1\" content=\"\u00c9crit par\" \/>\n\t<meta name=\"twitter:data1\" content=\"Ibrahima\" \/>\n\t<meta name=\"twitter:label2\" content=\"Dur\u00e9e de lecture estim\u00e9e\" \/>\n\t<meta name=\"twitter:data2\" content=\"4 minutes\" \/>\n<script type=\"application\/ld+json\" class=\"yoast-schema-graph\">{\"@context\":\"https:\/\/schema.org\",\"@graph\":[{\"@type\":\"WebSite\",\"@id\":\"https:\/\/www.nettali.com\/#website\",\"url\":\"https:\/\/www.nettali.com\/\",\"name\":\"Nettali.com\",\"description\":\"Le rendez-vous critique du Net\",\"potentialAction\":[{\"@type\":\"SearchAction\",\"target\":{\"@type\":\"EntryPoint\",\"urlTemplate\":\"https:\/\/www.nettali.com\/?s={search_term_string}\"},\"query-input\":\"required name=search_term_string\"}],\"inLanguage\":\"fr-FR\"},{\"@type\":\"ImageObject\",\"@id\":\"https:\/\/www.nettali.com\/2024\/11\/13\/accords-de-peche-entre-le-senegal-et-lue-le-protocole-ne-sera-pas-renouvele\/#primaryimage\",\"inLanguage\":\"fr-FR\",\"url\":\"https:\/\/www.nettali.com\/wp-content\/uploads\/2024\/11\/e73f057480f205e8c7afd8b06c1836bde0319794.jpg\",\"contentUrl\":\"https:\/\/www.nettali.com\/wp-content\/uploads\/2024\/11\/e73f057480f205e8c7afd8b06c1836bde0319794.jpg\",\"width\":612,\"height\":298},{\"@type\":\"WebPage\",\"@id\":\"https:\/\/www.nettali.com\/2024\/11\/13\/accords-de-peche-entre-le-senegal-et-lue-le-protocole-ne-sera-pas-renouvele\/#webpage\",\"url\":\"https:\/\/www.nettali.com\/2024\/11\/13\/accords-de-peche-entre-le-senegal-et-lue-le-protocole-ne-sera-pas-renouvele\/\",\"name\":\"ACCORDS DE P\\u00caCHE ENTRE LE S\\u00c9N\\u00c9GAL ET L'UE - Le protocole ne sera pas renouvel\\u00e9 | Nettali.com\",\"isPartOf\":{\"@id\":\"https:\/\/www.nettali.com\/#website\"},\"primaryImageOfPage\":{\"@id\":\"https:\/\/www.nettali.com\/2024\/11\/13\/accords-de-peche-entre-le-senegal-et-lue-le-protocole-ne-sera-pas-renouvele\/#primaryimage\"},\"datePublished\":\"2024-11-13T06:09:31+00:00\",\"dateModified\":\"2024-11-14T09:36:19+00:00\",\"author\":{\"@id\":\"https:\/\/www.nettali.com\/#\/schema\/person\/bb147657c2986240405a608162b9bb23\"},\"breadcrumb\":{\"@id\":\"https:\/\/www.nettali.com\/2024\/11\/13\/accords-de-peche-entre-le-senegal-et-lue-le-protocole-ne-sera-pas-renouvele\/#breadcrumb\"},\"inLanguage\":\"fr-FR\",\"potentialAction\":[{\"@type\":\"ReadAction\",\"target\":[\"https:\/\/www.nettali.com\/2024\/11\/13\/accords-de-peche-entre-le-senegal-et-lue-le-protocole-ne-sera-pas-renouvele\/\"]}]},{\"@type\":\"BreadcrumbList\",\"@id\":\"https:\/\/www.nettali.com\/2024\/11\/13\/accords-de-peche-entre-le-senegal-et-lue-le-protocole-ne-sera-pas-renouvele\/#breadcrumb\",\"itemListElement\":[{\"@type\":\"ListItem\",\"position\":1,\"name\":\"Accueil\",\"item\":\"https:\/\/www.nettali.com\/\"},{\"@type\":\"ListItem\",\"position\":2,\"name\":\"ACCORDS DE P\\u00caCHE ENTRE LE S\\u00c9N\\u00c9GAL ET L'UE - Le protocole ne sera pas renouvel\\u00e9\"}]},{\"@type\":\"Person\",\"@id\":\"https:\/\/www.nettali.com\/#\/schema\/person\/bb147657c2986240405a608162b9bb23\",\"name\":\"Ibrahima\",\"image\":{\"@type\":\"ImageObject\",\"@id\":\"https:\/\/www.nettali.com\/#personlogo\",\"inLanguage\":\"fr-FR\",\"url\":\"https:\/\/secure.gravatar.com\/avatar\/26a8a81f09f0dd7624c9d5c36c9ba3a2?s=96&d=mm&r=g\",\"contentUrl\":\"https:\/\/secure.gravatar.com\/avatar\/26a8a81f09f0dd7624c9d5c36c9ba3a2?s=96&d=mm&r=g\",\"caption\":\"Ibrahima\"},\"sameAs\":[\"https:\/\/www.nettali.com\"]}]}<\/script>\n<!-- \/ Yoast SEO Premium plugin. -->","yoast_head_json":{"title":"ACCORDS DE P\u00caCHE ENTRE LE S\u00c9N\u00c9GAL ET L'UE - Le protocole ne sera pas renouvel\u00e9 | Nettali.com","robots":{"index":"index","follow":"follow","max-snippet":"max-snippet:-1","max-image-preview":"max-image-preview:large","max-video-preview":"max-video-preview:-1"},"canonical":"https:\/\/www.nettali.com\/2024\/11\/13\/accords-de-peche-entre-le-senegal-et-lue-le-protocole-ne-sera-pas-renouvele\/","og_locale":"fr_FR","og_type":"article","og_title":"ACCORDS DE P\u00caCHE ENTRE LE S\u00c9N\u00c9GAL ET L'UE - Le protocole ne sera pas renouvel\u00e9","og_description":"NETTALI.COM - Les accords de p\u00eache entre l\u2019Union europ\u00e9enne et le Gouvernement du S\u00e9n\u00e9gal ne seront pas renouvel\u00e9s au-del\u00e0 du 17 novembre \u00e0 minuit, date de leur expiration. Dans un communiqu\u00e9 publi\u00e9 ce mardi 12 novembre, en marge d\u2019une d\u00e9claration de presse faite par Jean-Marc Pisani, Ambassadeur de l\u2019Union europ\u00e9enne au S\u00e9n\u00e9gal, l\u2019UE explique cette [&hellip;]","og_url":"https:\/\/www.nettali.com\/2024\/11\/13\/accords-de-peche-entre-le-senegal-et-lue-le-protocole-ne-sera-pas-renouvele\/","og_site_name":"Nettali.com","article_publisher":"https:\/\/www.facebook.com\/nettalicom","article_published_time":"2024-11-13T06:09:31+00:00","article_modified_time":"2024-11-14T09:36:19+00:00","og_image":[{"width":612,"height":298,"url":"https:\/\/www.nettali.com\/wp-content\/uploads\/2024\/11\/e73f057480f205e8c7afd8b06c1836bde0319794.jpg","type":"image\/jpeg"}],"twitter_card":"summary_large_image","twitter_misc":{"\u00c9crit par":"Ibrahima","Dur\u00e9e de lecture estim\u00e9e":"4 minutes"},"schema":{"@context":"https:\/\/schema.org","@graph":[{"@type":"WebSite","@id":"https:\/\/www.nettali.com\/#website","url":"https:\/\/www.nettali.com\/","name":"Nettali.com","description":"Le rendez-vous critique du Net","potentialAction":[{"@type":"SearchAction","target":{"@type":"EntryPoint","urlTemplate":"https:\/\/www.nettali.com\/?s={search_term_string}"},"query-input":"required name=search_term_string"}],"inLanguage":"fr-FR"},{"@type":"ImageObject","@id":"https:\/\/www.nettali.com\/2024\/11\/13\/accords-de-peche-entre-le-senegal-et-lue-le-protocole-ne-sera-pas-renouvele\/#primaryimage","inLanguage":"fr-FR","url":"https:\/\/www.nettali.com\/wp-content\/uploads\/2024\/11\/e73f057480f205e8c7afd8b06c1836bde0319794.jpg","contentUrl":"https:\/\/www.nettali.com\/wp-content\/uploads\/2024\/11\/e73f057480f205e8c7afd8b06c1836bde0319794.jpg","width":612,"height":298},{"@type":"WebPage","@id":"https:\/\/www.nettali.com\/2024\/11\/13\/accords-de-peche-entre-le-senegal-et-lue-le-protocole-ne-sera-pas-renouvele\/#webpage","url":"https:\/\/www.nettali.com\/2024\/11\/13\/accords-de-peche-entre-le-senegal-et-lue-le-protocole-ne-sera-pas-renouvele\/","name":"ACCORDS DE P\u00caCHE ENTRE LE S\u00c9N\u00c9GAL ET L'UE - Le protocole ne sera pas renouvel\u00e9 | Nettali.com","isPartOf":{"@id":"https:\/\/www.nettali.com\/#website"},"primaryImageOfPage":{"@id":"https:\/\/www.nettali.com\/2024\/11\/13\/accords-de-peche-entre-le-senegal-et-lue-le-protocole-ne-sera-pas-renouvele\/#primaryimage"},"datePublished":"2024-11-13T06:09:31+00:00","dateModified":"2024-11-14T09:36:19+00:00","author":{"@id":"https:\/\/www.nettali.com\/#\/schema\/person\/bb147657c2986240405a608162b9bb23"},"breadcrumb":{"@id":"https:\/\/www.nettali.com\/2024\/11\/13\/accords-de-peche-entre-le-senegal-et-lue-le-protocole-ne-sera-pas-renouvele\/#breadcrumb"},"inLanguage":"fr-FR","potentialAction":[{"@type":"ReadAction","target":["https:\/\/www.nettali.com\/2024\/11\/13\/accords-de-peche-entre-le-senegal-et-lue-le-protocole-ne-sera-pas-renouvele\/"]}]},{"@type":"BreadcrumbList","@id":"https:\/\/www.nettali.com\/2024\/11\/13\/accords-de-peche-entre-le-senegal-et-lue-le-protocole-ne-sera-pas-renouvele\/#breadcrumb","itemListElement":[{"@type":"ListItem","position":1,"name":"Accueil","item":"https:\/\/www.nettali.com\/"},{"@type":"ListItem","position":2,"name":"ACCORDS DE P\u00caCHE ENTRE LE S\u00c9N\u00c9GAL ET L'UE - Le protocole ne sera pas renouvel\u00e9"}]},{"@type":"Person","@id":"https:\/\/www.nettali.com\/#\/schema\/person\/bb147657c2986240405a608162b9bb23","name":"Ibrahima","image":{"@type":"ImageObject","@id":"https:\/\/www.nettali.com\/#personlogo","inLanguage":"fr-FR","url":"https:\/\/secure.gravatar.com\/avatar\/26a8a81f09f0dd7624c9d5c36c9ba3a2?s=96&d=mm&r=g","contentUrl":"https:\/\/secure.gravatar.com\/avatar\/26a8a81f09f0dd7624c9d5c36c9ba3a2?s=96&d=mm&r=g","caption":"Ibrahima"},"sameAs":["https:\/\/www.nettali.com"]}]}},"_links":{"self":[{"href":"https:\/\/www.nettali.com\/rest\/wp\/v2\/posts\/143704"}],"collection":[{"href":"https:\/\/www.nettali.com\/rest\/wp\/v2\/posts"}],"about":[{"href":"https:\/\/www.nettali.com\/rest\/wp\/v2\/types\/post"}],"author":[{"embeddable":true,"href":"https:\/\/www.nettali.com\/rest\/wp\/v2\/users\/5"}],"replies":[{"embeddable":true,"href":"https:\/\/www.nettali.com\/rest\/wp\/v2\/comments?post=143704"}],"version-history":[{"count":1,"href":"https:\/\/www.nettali.com\/rest\/wp\/v2\/posts\/143704\/revisions"}],"predecessor-version":[{"id":143706,"href":"https:\/\/www.nettali.com\/rest\/wp\/v2\/posts\/143704\/revisions\/143706"}],"wp:featuredmedia":[{"embeddable":true,"href":"https:\/\/www.nettali.com\/rest\/wp\/v2\/media\/143705"}],"wp:attachment":[{"href":"https:\/\/www.nettali.com\/rest\/wp\/v2\/media?parent=143704"}],"wp:term":[{"taxonomy":"category","embeddable":true,"href":"https:\/\/www.nettali.com\/rest\/wp\/v2\/categories?post=143704"},{"taxonomy":"post_tag","embeddable":true,"href":"https:\/\/www.nettali.com\/rest\/wp\/v2\/tags?post=143704"}],"curies":[{"name":"wp","href":"https:\/\/api.w.org\/{rel}","templated":true}]}}