{"id":143654,"date":"2024-11-12T12:00:33","date_gmt":"2024-11-12T12:00:33","guid":{"rendered":"https:\/\/www.nettali.com\/?p=143654"},"modified":"2024-11-12T12:00:33","modified_gmt":"2024-11-12T12:00:33","slug":"manchester-united-van-nistelrooy-non-conserve","status":"publish","type":"post","link":"https:\/\/www.nettali.com\/2024\/11\/12\/manchester-united-van-nistelrooy-non-conserve\/","title":{"rendered":"MANCHESTER UNITED - Van Nistelrooy non conserv\u00e9"},"content":{"rendered":"<p><strong>NETTALI.COM - Alors qu\u2019il attendait une discussion avec le nouveau manager de Manchester United Ruben Amorim, Ruud van Nistelrooy est d\u00e9sormais fix\u00e9. Le N\u00e9erlandais ne fera pas partie du staff du Portugais. Ce lundi, le club mancunien a annonc\u00e9 le d\u00e9part de son ancien attaquant.<\/strong><\/p>\n<p>Celui qui \u00e9tait l\u2019adjoint d\u2019Erik ten Hag a assur\u00e9 l\u2019int\u00e9rim pendant 4 matchs toutes comp\u00e9titions confondues (3 victoires et 1 nul). Certains joueurs de l\u2019effectif militaient publiquement pour l\u2019int\u00e9gration de Van Nistelrooy dans le staff d\u2019Amorim. Mais le nouveau coach principal et la direction en ont d\u00e9cid\u00e9 autrement.<\/p>\n<div class='share-to-whatsapp-wrapper'><div class='share-on-whsp'>PARTAGER SUR : <\/div><a data-text='MANCHESTER UNITED - Van Nistelrooy non conserv\u00e9' data-link='https:\/\/www.nettali.com\/2024\/11\/12\/manchester-united-van-nistelrooy-non-conserve\/' class='whatsapp-button whatsapp-share'>WhatsApp<\/a><div class='clear '><\/div><\/div>","protected":false},"excerpt":{"rendered":"<p>NETTALI.COM - Alors qu\u2019il attendait une discussion avec le nouveau manager de Manchester United Ruben Amorim, Ruud van Nistelrooy est d\u00e9sormais fix\u00e9. Le N\u00e9erlandais ne fera pas partie du staff du Portugais. Ce lundi, le club mancunien a annonc\u00e9 le d\u00e9part de son ancien attaquant. Celui qui \u00e9tait l\u2019adjoint d\u2019Erik ten Hag a assur\u00e9 l\u2019int\u00e9rim [&hellip;]<\/p>\n","protected":false},"author":5,"featured_media":143656,"comment_status":"open","ping_status":"open","sticky":false,"template":"","format":"standard","meta":{"_et_pb_use_builder":"","_et_pb_old_content":""},"categories":[6],"tags":[],"yoast_head":"<!-- This site is optimized with the Yoast SEO Premium plugin v17.8 (Yoast SEO v17.8) - https:\/\/yoast.com\/wordpress\/plugins\/seo\/ -->\n<title>MANCHESTER UNITED - Van Nistelrooy non conserv\u00e9 | Nettali.com<\/title>\n<meta name=\"robots\" content=\"index, follow, max-snippet:-1, max-image-preview:large, max-video-preview:-1\" \/>\n<link rel=\"canonical\" href=\"https:\/\/www.nettali.com\/2024\/11\/12\/manchester-united-van-nistelrooy-non-conserve\/\" \/>\n<meta property=\"og:locale\" content=\"fr_FR\" \/>\n<meta property=\"og:type\" content=\"article\" \/>\n<meta property=\"og:title\" content=\"MANCHESTER UNITED - Van Nistelrooy non conserv\u00e9\" \/>\n<meta property=\"og:description\" content=\"NETTALI.COM - Alors qu\u2019il attendait une discussion avec le nouveau manager de Manchester United Ruben Amorim, Ruud van Nistelrooy est d\u00e9sormais fix\u00e9. Le N\u00e9erlandais ne fera pas partie du staff du Portugais. Ce lundi, le club mancunien a annonc\u00e9 le d\u00e9part de son ancien attaquant. Celui qui \u00e9tait l\u2019adjoint d\u2019Erik ten Hag a assur\u00e9 l\u2019int\u00e9rim [&hellip;]\" \/>\n<meta property=\"og:url\" content=\"https:\/\/www.nettali.com\/2024\/11\/12\/manchester-united-van-nistelrooy-non-conserve\/\" \/>\n<meta property=\"og:site_name\" content=\"Nettali.com\" \/>\n<meta property=\"article:publisher\" content=\"https:\/\/www.facebook.com\/nettalicom\" \/>\n<meta property=\"article:published_time\" content=\"2024-11-12T12:00:33+00:00\" \/>\n<meta property=\"og:image\" content=\"https:\/\/www.nettali.com\/wp-content\/uploads\/2024\/11\/SOCCER-M-540.jpg\" \/>\n\t<meta property=\"og:image:width\" content=\"960\" \/>\n\t<meta property=\"og:image:height\" content=\"640\" \/>\n<meta name=\"twitter:card\" content=\"summary_large_image\" \/>\n<meta name=\"twitter:label1\" content=\"\u00c9crit par\" \/>\n\t<meta name=\"twitter:data1\" content=\"Ibrahima\" \/>\n\t<meta name=\"twitter:label2\" content=\"Dur\u00e9e de lecture estim\u00e9e\" \/>\n\t<meta name=\"twitter:data2\" content=\"1 minute\" \/>\n<script type=\"application\/ld+json\" class=\"yoast-schema-graph\">{\"@context\":\"https:\/\/schema.org\",\"@graph\":[{\"@type\":\"WebSite\",\"@id\":\"https:\/\/www.nettali.com\/#website\",\"url\":\"https:\/\/www.nettali.com\/\",\"name\":\"Nettali.com\",\"description\":\"Le rendez-vous critique du Net\",\"potentialAction\":[{\"@type\":\"SearchAction\",\"target\":{\"@type\":\"EntryPoint\",\"urlTemplate\":\"https:\/\/www.nettali.com\/?s={search_term_string}\"},\"query-input\":\"required name=search_term_string\"}],\"inLanguage\":\"fr-FR\"},{\"@type\":\"ImageObject\",\"@id\":\"https:\/\/www.nettali.com\/2024\/11\/12\/manchester-united-van-nistelrooy-non-conserve\/#primaryimage\",\"inLanguage\":\"fr-FR\",\"url\":\"https:\/\/www.nettali.com\/wp-content\/uploads\/2024\/11\/SOCCER-M-540.jpg\",\"contentUrl\":\"https:\/\/www.nettali.com\/wp-content\/uploads\/2024\/11\/SOCCER-M-540.jpg\",\"width\":960,\"height\":640},{\"@type\":\"WebPage\",\"@id\":\"https:\/\/www.nettali.com\/2024\/11\/12\/manchester-united-van-nistelrooy-non-conserve\/#webpage\",\"url\":\"https:\/\/www.nettali.com\/2024\/11\/12\/manchester-united-van-nistelrooy-non-conserve\/\",\"name\":\"MANCHESTER UNITED - Van Nistelrooy non conserv\\u00e9 | Nettali.com\",\"isPartOf\":{\"@id\":\"https:\/\/www.nettali.com\/#website\"},\"primaryImageOfPage\":{\"@id\":\"https:\/\/www.nettali.com\/2024\/11\/12\/manchester-united-van-nistelrooy-non-conserve\/#primaryimage\"},\"datePublished\":\"2024-11-12T12:00:33+00:00\",\"dateModified\":\"2024-11-12T12:00:33+00:00\",\"author\":{\"@id\":\"https:\/\/www.nettali.com\/#\/schema\/person\/bb147657c2986240405a608162b9bb23\"},\"breadcrumb\":{\"@id\":\"https:\/\/www.nettali.com\/2024\/11\/12\/manchester-united-van-nistelrooy-non-conserve\/#breadcrumb\"},\"inLanguage\":\"fr-FR\",\"potentialAction\":[{\"@type\":\"ReadAction\",\"target\":[\"https:\/\/www.nettali.com\/2024\/11\/12\/manchester-united-van-nistelrooy-non-conserve\/\"]}]},{\"@type\":\"BreadcrumbList\",\"@id\":\"https:\/\/www.nettali.com\/2024\/11\/12\/manchester-united-van-nistelrooy-non-conserve\/#breadcrumb\",\"itemListElement\":[{\"@type\":\"ListItem\",\"position\":1,\"name\":\"Accueil\",\"item\":\"https:\/\/www.nettali.com\/\"},{\"@type\":\"ListItem\",\"position\":2,\"name\":\"MANCHESTER UNITED - Van Nistelrooy non conserv\\u00e9\"}]},{\"@type\":\"Person\",\"@id\":\"https:\/\/www.nettali.com\/#\/schema\/person\/bb147657c2986240405a608162b9bb23\",\"name\":\"Ibrahima\",\"image\":{\"@type\":\"ImageObject\",\"@id\":\"https:\/\/www.nettali.com\/#personlogo\",\"inLanguage\":\"fr-FR\",\"url\":\"https:\/\/secure.gravatar.com\/avatar\/26a8a81f09f0dd7624c9d5c36c9ba3a2?s=96&d=mm&r=g\",\"contentUrl\":\"https:\/\/secure.gravatar.com\/avatar\/26a8a81f09f0dd7624c9d5c36c9ba3a2?s=96&d=mm&r=g\",\"caption\":\"Ibrahima\"},\"sameAs\":[\"https:\/\/www.nettali.com\"]}]}<\/script>\n<!-- \/ Yoast SEO Premium plugin. -->","yoast_head_json":{"title":"MANCHESTER UNITED - Van Nistelrooy non conserv\u00e9 | Nettali.com","robots":{"index":"index","follow":"follow","max-snippet":"max-snippet:-1","max-image-preview":"max-image-preview:large","max-video-preview":"max-video-preview:-1"},"canonical":"https:\/\/www.nettali.com\/2024\/11\/12\/manchester-united-van-nistelrooy-non-conserve\/","og_locale":"fr_FR","og_type":"article","og_title":"MANCHESTER UNITED - Van Nistelrooy non conserv\u00e9","og_description":"NETTALI.COM - Alors qu\u2019il attendait une discussion avec le nouveau manager de Manchester United Ruben Amorim, Ruud van Nistelrooy est d\u00e9sormais fix\u00e9. Le N\u00e9erlandais ne fera pas partie du staff du Portugais. Ce lundi, le club mancunien a annonc\u00e9 le d\u00e9part de son ancien attaquant. Celui qui \u00e9tait l\u2019adjoint d\u2019Erik ten Hag a assur\u00e9 l\u2019int\u00e9rim [&hellip;]","og_url":"https:\/\/www.nettali.com\/2024\/11\/12\/manchester-united-van-nistelrooy-non-conserve\/","og_site_name":"Nettali.com","article_publisher":"https:\/\/www.facebook.com\/nettalicom","article_published_time":"2024-11-12T12:00:33+00:00","og_image":[{"width":960,"height":640,"url":"https:\/\/www.nettali.com\/wp-content\/uploads\/2024\/11\/SOCCER-M-540.jpg","type":"image\/jpeg"}],"twitter_card":"summary_large_image","twitter_misc":{"\u00c9crit par":"Ibrahima","Dur\u00e9e de lecture estim\u00e9e":"1 minute"},"schema":{"@context":"https:\/\/schema.org","@graph":[{"@type":"WebSite","@id":"https:\/\/www.nettali.com\/#website","url":"https:\/\/www.nettali.com\/","name":"Nettali.com","description":"Le rendez-vous critique du Net","potentialAction":[{"@type":"SearchAction","target":{"@type":"EntryPoint","urlTemplate":"https:\/\/www.nettali.com\/?s={search_term_string}"},"query-input":"required name=search_term_string"}],"inLanguage":"fr-FR"},{"@type":"ImageObject","@id":"https:\/\/www.nettali.com\/2024\/11\/12\/manchester-united-van-nistelrooy-non-conserve\/#primaryimage","inLanguage":"fr-FR","url":"https:\/\/www.nettali.com\/wp-content\/uploads\/2024\/11\/SOCCER-M-540.jpg","contentUrl":"https:\/\/www.nettali.com\/wp-content\/uploads\/2024\/11\/SOCCER-M-540.jpg","width":960,"height":640},{"@type":"WebPage","@id":"https:\/\/www.nettali.com\/2024\/11\/12\/manchester-united-van-nistelrooy-non-conserve\/#webpage","url":"https:\/\/www.nettali.com\/2024\/11\/12\/manchester-united-van-nistelrooy-non-conserve\/","name":"MANCHESTER UNITED - Van Nistelrooy non conserv\u00e9 | Nettali.com","isPartOf":{"@id":"https:\/\/www.nettali.com\/#website"},"primaryImageOfPage":{"@id":"https:\/\/www.nettali.com\/2024\/11\/12\/manchester-united-van-nistelrooy-non-conserve\/#primaryimage"},"datePublished":"2024-11-12T12:00:33+00:00","dateModified":"2024-11-12T12:00:33+00:00","author":{"@id":"https:\/\/www.nettali.com\/#\/schema\/person\/bb147657c2986240405a608162b9bb23"},"breadcrumb":{"@id":"https:\/\/www.nettali.com\/2024\/11\/12\/manchester-united-van-nistelrooy-non-conserve\/#breadcrumb"},"inLanguage":"fr-FR","potentialAction":[{"@type":"ReadAction","target":["https:\/\/www.nettali.com\/2024\/11\/12\/manchester-united-van-nistelrooy-non-conserve\/"]}]},{"@type":"BreadcrumbList","@id":"https:\/\/www.nettali.com\/2024\/11\/12\/manchester-united-van-nistelrooy-non-conserve\/#breadcrumb","itemListElement":[{"@type":"ListItem","position":1,"name":"Accueil","item":"https:\/\/www.nettali.com\/"},{"@type":"ListItem","position":2,"name":"MANCHESTER UNITED - Van Nistelrooy non conserv\u00e9"}]},{"@type":"Person","@id":"https:\/\/www.nettali.com\/#\/schema\/person\/bb147657c2986240405a608162b9bb23","name":"Ibrahima","image":{"@type":"ImageObject","@id":"https:\/\/www.nettali.com\/#personlogo","inLanguage":"fr-FR","url":"https:\/\/secure.gravatar.com\/avatar\/26a8a81f09f0dd7624c9d5c36c9ba3a2?s=96&d=mm&r=g","contentUrl":"https:\/\/secure.gravatar.com\/avatar\/26a8a81f09f0dd7624c9d5c36c9ba3a2?s=96&d=mm&r=g","caption":"Ibrahima"},"sameAs":["https:\/\/www.nettali.com"]}]}},"_links":{"self":[{"href":"https:\/\/www.nettali.com\/rest\/wp\/v2\/posts\/143654"}],"collection":[{"href":"https:\/\/www.nettali.com\/rest\/wp\/v2\/posts"}],"about":[{"href":"https:\/\/www.nettali.com\/rest\/wp\/v2\/types\/post"}],"author":[{"embeddable":true,"href":"https:\/\/www.nettali.com\/rest\/wp\/v2\/users\/5"}],"replies":[{"embeddable":true,"href":"https:\/\/www.nettali.com\/rest\/wp\/v2\/comments?post=143654"}],"version-history":[{"count":1,"href":"https:\/\/www.nettali.com\/rest\/wp\/v2\/posts\/143654\/revisions"}],"predecessor-version":[{"id":143655,"href":"https:\/\/www.nettali.com\/rest\/wp\/v2\/posts\/143654\/revisions\/143655"}],"wp:featuredmedia":[{"embeddable":true,"href":"https:\/\/www.nettali.com\/rest\/wp\/v2\/media\/143656"}],"wp:attachment":[{"href":"https:\/\/www.nettali.com\/rest\/wp\/v2\/media?parent=143654"}],"wp:term":[{"taxonomy":"category","embeddable":true,"href":"https:\/\/www.nettali.com\/rest\/wp\/v2\/categories?post=143654"},{"taxonomy":"post_tag","embeddable":true,"href":"https:\/\/www.nettali.com\/rest\/wp\/v2\/tags?post=143654"}],"curies":[{"name":"wp","href":"https:\/\/api.w.org\/{rel}","templated":true}]}}