{"id":143632,"date":"2024-11-12T07:38:54","date_gmt":"2024-11-12T07:38:54","guid":{"rendered":"https:\/\/www.nettali.com\/?p=143632"},"modified":"2024-11-12T07:52:23","modified_gmt":"2024-11-12T07:52:23","slug":"barthelemy-dias-repond-au-pastef-personne-ne-peut-arreter-ma-campagne","status":"publish","type":"post","link":"https:\/\/www.nettali.com\/2024\/11\/12\/barthelemy-dias-repond-au-pastef-personne-ne-peut-arreter-ma-campagne\/","title":{"rendered":"BARTH\u00c9L\u00c9MY DIAS R\u00c9POND AU PASTEF - \"Personne ne peut arr\u00eater ma campagne\""},"content":{"rendered":"<p><strong>NETTALI.COM - Accus\u00e9 d'\u00eatre \u00e0 l'origine de l'attaque subie par le Pastef \u00e0 Saint-Louis, le leader de la coalition Sam Sa Kadu n'a pas manqu\u00e9 de Barth\u00e9l\u00e9my Dias soutient que personne ne peut l'emp\u00eacher de continuer sa campagne \u00e9lectorale.<\/strong><\/p>\n<p>Apr\u00e8s avoir trait\u00e9 par le Premier ministre de tous les noms d'oiseaux, Barth\u00e9l\u00e9my Dias a demand\u00e9 au Pr\u00e9sident et au ministre de l'Int\u00e9rieur de prendre leurs responsabilit\u00e9s.<\/p>\n<p>\u00ab<em>Je serai \u00e0 Dakar mercredi et personne ne peut m'emp\u00eacher de poursuivre ma campagne<\/em>\u00bb, a\u2010t\u2010il lanc\u00e9.<\/p>\n<p>Pour rappel, au cours d'une sortie muscl\u00e9e, le lundi 11 novembre, Ousmane a fait savoir qu'\"<em>\u00e0 compter d\u2019aujourd\u2019hui, ces gens ne battront plus campagne ici. Je vous le garantis. On verra qui assure l\u2019autorit\u00e9 dans ce pays. C\u2019est le retour du \u2018gatsa-gatsa\u2019<\/em>.\u201d<\/p>\n<p>Pour clore son speech, il a demand\u00e9 \u00e0 tous ses militants de le rejoindre aujourd\u2019hui \u00e0 Baobab o\u00f9 il battra campagne. \u201cJ<em>e ferai ma d\u00e9claration devant le domicile de Barth\u00e9lemy Dias<\/em>\u201d, a-t-il d\u00e9clar\u00e9.<\/p>\n<div class='share-to-whatsapp-wrapper'><div class='share-on-whsp'>PARTAGER SUR : <\/div><a data-text='BARTH\u00c9L\u00c9MY DIAS R\u00c9POND AU PASTEF - \"Personne ne peut arr\u00eater ma campagne\"' data-link='https:\/\/www.nettali.com\/2024\/11\/12\/barthelemy-dias-repond-au-pastef-personne-ne-peut-arreter-ma-campagne\/' class='whatsapp-button whatsapp-share'>WhatsApp<\/a><div class='clear '><\/div><\/div>","protected":false},"excerpt":{"rendered":"<p>NETTALI.COM - Accus\u00e9 d'\u00eatre \u00e0 l'origine de l'attaque subie par le Pastef \u00e0 Saint-Louis, le leader de la coalition Sam Sa Kadu n'a pas manqu\u00e9 de Barth\u00e9l\u00e9my Dias soutient que personne ne peut l'emp\u00eacher de continuer sa campagne \u00e9lectorale. Apr\u00e8s avoir trait\u00e9 par le Premier ministre de tous les noms d'oiseaux, Barth\u00e9l\u00e9my Dias a demand\u00e9 [&hellip;]<\/p>\n","protected":false},"author":6,"featured_media":49500,"comment_status":"open","ping_status":"open","sticky":false,"template":"","format":"standard","meta":{"_et_pb_use_builder":"","_et_pb_old_content":""},"categories":[2],"tags":[],"yoast_head":"<!-- This site is optimized with the Yoast SEO Premium plugin v17.8 (Yoast SEO v17.8) - https:\/\/yoast.com\/wordpress\/plugins\/seo\/ -->\n<title>BARTH\u00c9L\u00c9MY DIAS R\u00c9POND AU PASTEF - &quot;Personne ne peut arr\u00eater ma campagne&quot; | Nettali.com<\/title>\n<meta name=\"robots\" content=\"index, follow, max-snippet:-1, max-image-preview:large, max-video-preview:-1\" \/>\n<link rel=\"canonical\" href=\"https:\/\/www.nettali.com\/2024\/11\/12\/barthelemy-dias-repond-au-pastef-personne-ne-peut-arreter-ma-campagne\/\" \/>\n<meta property=\"og:locale\" content=\"fr_FR\" \/>\n<meta property=\"og:type\" content=\"article\" \/>\n<meta property=\"og:title\" content=\"BARTH\u00c9L\u00c9MY DIAS R\u00c9POND AU PASTEF - &quot;Personne ne peut arr\u00eater ma campagne&quot;\" \/>\n<meta property=\"og:description\" content=\"NETTALI.COM - Accus\u00e9 d&#039;\u00eatre \u00e0 l&#039;origine de l&#039;attaque subie par le Pastef \u00e0 Saint-Louis, le leader de la coalition Sam Sa Kadu n&#039;a pas manqu\u00e9 de Barth\u00e9l\u00e9my Dias soutient que personne ne peut l&#039;emp\u00eacher de continuer sa campagne \u00e9lectorale. Apr\u00e8s avoir trait\u00e9 par le Premier ministre de tous les noms d&#039;oiseaux, Barth\u00e9l\u00e9my Dias a demand\u00e9 [&hellip;]\" \/>\n<meta property=\"og:url\" content=\"https:\/\/www.nettali.com\/2024\/11\/12\/barthelemy-dias-repond-au-pastef-personne-ne-peut-arreter-ma-campagne\/\" \/>\n<meta property=\"og:site_name\" content=\"Nettali.com\" \/>\n<meta property=\"article:publisher\" content=\"https:\/\/www.facebook.com\/nettalicom\" \/>\n<meta property=\"article:published_time\" content=\"2024-11-12T07:38:54+00:00\" \/>\n<meta property=\"article:modified_time\" content=\"2024-11-12T07:52:23+00:00\" \/>\n<meta property=\"og:image\" content=\"https:\/\/www.nettali.com\/wp-content\/uploads\/2020\/11\/barthelemy-dias.jpg\" \/>\n\t<meta property=\"og:image:width\" content=\"2510\" \/>\n\t<meta property=\"og:image:height\" content=\"1370\" \/>\n<meta name=\"twitter:card\" content=\"summary_large_image\" \/>\n<meta name=\"twitter:label1\" content=\"\u00c9crit par\" \/>\n\t<meta name=\"twitter:data1\" content=\"Fatou\" \/>\n\t<meta name=\"twitter:label2\" content=\"Dur\u00e9e de lecture estim\u00e9e\" \/>\n\t<meta name=\"twitter:data2\" content=\"1 minute\" \/>\n<script type=\"application\/ld+json\" class=\"yoast-schema-graph\">{\"@context\":\"https:\/\/schema.org\",\"@graph\":[{\"@type\":\"WebSite\",\"@id\":\"https:\/\/www.nettali.com\/#website\",\"url\":\"https:\/\/www.nettali.com\/\",\"name\":\"Nettali.com\",\"description\":\"Le rendez-vous critique du Net\",\"potentialAction\":[{\"@type\":\"SearchAction\",\"target\":{\"@type\":\"EntryPoint\",\"urlTemplate\":\"https:\/\/www.nettali.com\/?s={search_term_string}\"},\"query-input\":\"required name=search_term_string\"}],\"inLanguage\":\"fr-FR\"},{\"@type\":\"ImageObject\",\"@id\":\"https:\/\/www.nettali.com\/2024\/11\/12\/barthelemy-dias-repond-au-pastef-personne-ne-peut-arreter-ma-campagne\/#primaryimage\",\"inLanguage\":\"fr-FR\",\"url\":\"https:\/\/www.nettali.com\/wp-content\/uploads\/2020\/11\/barthelemy-dias.jpg\",\"contentUrl\":\"https:\/\/www.nettali.com\/wp-content\/uploads\/2020\/11\/barthelemy-dias.jpg\",\"width\":2510,\"height\":1370},{\"@type\":\"WebPage\",\"@id\":\"https:\/\/www.nettali.com\/2024\/11\/12\/barthelemy-dias-repond-au-pastef-personne-ne-peut-arreter-ma-campagne\/#webpage\",\"url\":\"https:\/\/www.nettali.com\/2024\/11\/12\/barthelemy-dias-repond-au-pastef-personne-ne-peut-arreter-ma-campagne\/\",\"name\":\"BARTH\\u00c9L\\u00c9MY DIAS R\\u00c9POND AU PASTEF - \\\"Personne ne peut arr\\u00eater ma campagne\\\" | Nettali.com\",\"isPartOf\":{\"@id\":\"https:\/\/www.nettali.com\/#website\"},\"primaryImageOfPage\":{\"@id\":\"https:\/\/www.nettali.com\/2024\/11\/12\/barthelemy-dias-repond-au-pastef-personne-ne-peut-arreter-ma-campagne\/#primaryimage\"},\"datePublished\":\"2024-11-12T07:38:54+00:00\",\"dateModified\":\"2024-11-12T07:52:23+00:00\",\"author\":{\"@id\":\"https:\/\/www.nettali.com\/#\/schema\/person\/418274a86bdf87caff7a3ef476bd0bbf\"},\"breadcrumb\":{\"@id\":\"https:\/\/www.nettali.com\/2024\/11\/12\/barthelemy-dias-repond-au-pastef-personne-ne-peut-arreter-ma-campagne\/#breadcrumb\"},\"inLanguage\":\"fr-FR\",\"potentialAction\":[{\"@type\":\"ReadAction\",\"target\":[\"https:\/\/www.nettali.com\/2024\/11\/12\/barthelemy-dias-repond-au-pastef-personne-ne-peut-arreter-ma-campagne\/\"]}]},{\"@type\":\"BreadcrumbList\",\"@id\":\"https:\/\/www.nettali.com\/2024\/11\/12\/barthelemy-dias-repond-au-pastef-personne-ne-peut-arreter-ma-campagne\/#breadcrumb\",\"itemListElement\":[{\"@type\":\"ListItem\",\"position\":1,\"name\":\"Accueil\",\"item\":\"https:\/\/www.nettali.com\/\"},{\"@type\":\"ListItem\",\"position\":2,\"name\":\"BARTH\\u00c9L\\u00c9MY DIAS R\\u00c9POND AU PASTEF - \\\"Personne ne peut arr\\u00eater ma campagne\\\"\"}]},{\"@type\":\"Person\",\"@id\":\"https:\/\/www.nettali.com\/#\/schema\/person\/418274a86bdf87caff7a3ef476bd0bbf\",\"name\":\"Fatou\",\"image\":{\"@type\":\"ImageObject\",\"@id\":\"https:\/\/www.nettali.com\/#personlogo\",\"inLanguage\":\"fr-FR\",\"url\":\"https:\/\/secure.gravatar.com\/avatar\/5a9442a2bee7b4dcf167cab035858e9a?s=96&d=mm&r=g\",\"contentUrl\":\"https:\/\/secure.gravatar.com\/avatar\/5a9442a2bee7b4dcf167cab035858e9a?s=96&d=mm&r=g\",\"caption\":\"Fatou\"},\"sameAs\":[\"https:\/\/www.nettali.com\"]}]}<\/script>\n<!-- \/ Yoast SEO Premium plugin. -->","yoast_head_json":{"title":"BARTH\u00c9L\u00c9MY DIAS R\u00c9POND AU PASTEF - \"Personne ne peut arr\u00eater ma campagne\" | Nettali.com","robots":{"index":"index","follow":"follow","max-snippet":"max-snippet:-1","max-image-preview":"max-image-preview:large","max-video-preview":"max-video-preview:-1"},"canonical":"https:\/\/www.nettali.com\/2024\/11\/12\/barthelemy-dias-repond-au-pastef-personne-ne-peut-arreter-ma-campagne\/","og_locale":"fr_FR","og_type":"article","og_title":"BARTH\u00c9L\u00c9MY DIAS R\u00c9POND AU PASTEF - \"Personne ne peut arr\u00eater ma campagne\"","og_description":"NETTALI.COM - Accus\u00e9 d'\u00eatre \u00e0 l'origine de l'attaque subie par le Pastef \u00e0 Saint-Louis, le leader de la coalition Sam Sa Kadu n'a pas manqu\u00e9 de Barth\u00e9l\u00e9my Dias soutient que personne ne peut l'emp\u00eacher de continuer sa campagne \u00e9lectorale. Apr\u00e8s avoir trait\u00e9 par le Premier ministre de tous les noms d'oiseaux, Barth\u00e9l\u00e9my Dias a demand\u00e9 [&hellip;]","og_url":"https:\/\/www.nettali.com\/2024\/11\/12\/barthelemy-dias-repond-au-pastef-personne-ne-peut-arreter-ma-campagne\/","og_site_name":"Nettali.com","article_publisher":"https:\/\/www.facebook.com\/nettalicom","article_published_time":"2024-11-12T07:38:54+00:00","article_modified_time":"2024-11-12T07:52:23+00:00","og_image":[{"width":2510,"height":1370,"url":"https:\/\/www.nettali.com\/wp-content\/uploads\/2020\/11\/barthelemy-dias.jpg","type":"image\/jpeg"}],"twitter_card":"summary_large_image","twitter_misc":{"\u00c9crit par":"Fatou","Dur\u00e9e de lecture estim\u00e9e":"1 minute"},"schema":{"@context":"https:\/\/schema.org","@graph":[{"@type":"WebSite","@id":"https:\/\/www.nettali.com\/#website","url":"https:\/\/www.nettali.com\/","name":"Nettali.com","description":"Le rendez-vous critique du Net","potentialAction":[{"@type":"SearchAction","target":{"@type":"EntryPoint","urlTemplate":"https:\/\/www.nettali.com\/?s={search_term_string}"},"query-input":"required name=search_term_string"}],"inLanguage":"fr-FR"},{"@type":"ImageObject","@id":"https:\/\/www.nettali.com\/2024\/11\/12\/barthelemy-dias-repond-au-pastef-personne-ne-peut-arreter-ma-campagne\/#primaryimage","inLanguage":"fr-FR","url":"https:\/\/www.nettali.com\/wp-content\/uploads\/2020\/11\/barthelemy-dias.jpg","contentUrl":"https:\/\/www.nettali.com\/wp-content\/uploads\/2020\/11\/barthelemy-dias.jpg","width":2510,"height":1370},{"@type":"WebPage","@id":"https:\/\/www.nettali.com\/2024\/11\/12\/barthelemy-dias-repond-au-pastef-personne-ne-peut-arreter-ma-campagne\/#webpage","url":"https:\/\/www.nettali.com\/2024\/11\/12\/barthelemy-dias-repond-au-pastef-personne-ne-peut-arreter-ma-campagne\/","name":"BARTH\u00c9L\u00c9MY DIAS R\u00c9POND AU PASTEF - \"Personne ne peut arr\u00eater ma campagne\" | Nettali.com","isPartOf":{"@id":"https:\/\/www.nettali.com\/#website"},"primaryImageOfPage":{"@id":"https:\/\/www.nettali.com\/2024\/11\/12\/barthelemy-dias-repond-au-pastef-personne-ne-peut-arreter-ma-campagne\/#primaryimage"},"datePublished":"2024-11-12T07:38:54+00:00","dateModified":"2024-11-12T07:52:23+00:00","author":{"@id":"https:\/\/www.nettali.com\/#\/schema\/person\/418274a86bdf87caff7a3ef476bd0bbf"},"breadcrumb":{"@id":"https:\/\/www.nettali.com\/2024\/11\/12\/barthelemy-dias-repond-au-pastef-personne-ne-peut-arreter-ma-campagne\/#breadcrumb"},"inLanguage":"fr-FR","potentialAction":[{"@type":"ReadAction","target":["https:\/\/www.nettali.com\/2024\/11\/12\/barthelemy-dias-repond-au-pastef-personne-ne-peut-arreter-ma-campagne\/"]}]},{"@type":"BreadcrumbList","@id":"https:\/\/www.nettali.com\/2024\/11\/12\/barthelemy-dias-repond-au-pastef-personne-ne-peut-arreter-ma-campagne\/#breadcrumb","itemListElement":[{"@type":"ListItem","position":1,"name":"Accueil","item":"https:\/\/www.nettali.com\/"},{"@type":"ListItem","position":2,"name":"BARTH\u00c9L\u00c9MY DIAS R\u00c9POND AU PASTEF - \"Personne ne peut arr\u00eater ma campagne\""}]},{"@type":"Person","@id":"https:\/\/www.nettali.com\/#\/schema\/person\/418274a86bdf87caff7a3ef476bd0bbf","name":"Fatou","image":{"@type":"ImageObject","@id":"https:\/\/www.nettali.com\/#personlogo","inLanguage":"fr-FR","url":"https:\/\/secure.gravatar.com\/avatar\/5a9442a2bee7b4dcf167cab035858e9a?s=96&d=mm&r=g","contentUrl":"https:\/\/secure.gravatar.com\/avatar\/5a9442a2bee7b4dcf167cab035858e9a?s=96&d=mm&r=g","caption":"Fatou"},"sameAs":["https:\/\/www.nettali.com"]}]}},"_links":{"self":[{"href":"https:\/\/www.nettali.com\/rest\/wp\/v2\/posts\/143632"}],"collection":[{"href":"https:\/\/www.nettali.com\/rest\/wp\/v2\/posts"}],"about":[{"href":"https:\/\/www.nettali.com\/rest\/wp\/v2\/types\/post"}],"author":[{"embeddable":true,"href":"https:\/\/www.nettali.com\/rest\/wp\/v2\/users\/6"}],"replies":[{"embeddable":true,"href":"https:\/\/www.nettali.com\/rest\/wp\/v2\/comments?post=143632"}],"version-history":[{"count":5,"href":"https:\/\/www.nettali.com\/rest\/wp\/v2\/posts\/143632\/revisions"}],"predecessor-version":[{"id":143645,"href":"https:\/\/www.nettali.com\/rest\/wp\/v2\/posts\/143632\/revisions\/143645"}],"wp:featuredmedia":[{"embeddable":true,"href":"https:\/\/www.nettali.com\/rest\/wp\/v2\/media\/49500"}],"wp:attachment":[{"href":"https:\/\/www.nettali.com\/rest\/wp\/v2\/media?parent=143632"}],"wp:term":[{"taxonomy":"category","embeddable":true,"href":"https:\/\/www.nettali.com\/rest\/wp\/v2\/categories?post=143632"},{"taxonomy":"post_tag","embeddable":true,"href":"https:\/\/www.nettali.com\/rest\/wp\/v2\/tags?post=143632"}],"curies":[{"name":"wp","href":"https:\/\/api.w.org\/{rel}","templated":true}]}}