{"id":143362,"date":"2024-11-07T11:16:15","date_gmt":"2024-11-07T11:16:15","guid":{"rendered":"https:\/\/www.nettali.com\/?p=143362"},"modified":"2024-11-07T11:18:06","modified_gmt":"2024-11-07T11:18:06","slug":"15eme-edition-de-la-biennale-de-dakar-le-president-diomaye-attendu-ce-jeudi-au-grand-theatre","status":"publish","type":"post","link":"https:\/\/www.nettali.com\/2024\/11\/07\/15eme-edition-de-la-biennale-de-dakar-le-president-diomaye-attendu-ce-jeudi-au-grand-theatre\/","title":{"rendered":"15EME \u00c9DITION DE LA BIENNALE DE DAKAR-Le Pr\u00e9sident Diomaye au Grand Th\u00e9\u00e2tre"},"content":{"rendered":"<p><strong>NETTALI.COM-Le Pr\u00e9sident Bassirou Diomaye Faye pr\u00e9side ce jeudi 07 novembre 2024, au Grand Th\u00e9\u00e2tre Doudou Ndiaye Coumba Rose de Dakar, la c\u00e9r\u00e9monie d\u2019ouverture de la 15e \u00e9dition de la Biennale de l\u2019Art africain contemporain.<\/strong><\/p>\n<p>Le pr\u00e9sident de la R\u00e9publique, Bassirou Diomaye Diakhar Faye, accompagn\u00e9 de son \u00e9pouse Marie Khone Faye, est arriv\u00e9 au Grand th\u00e9\u00e2tre national, o\u00f9 il va pr\u00e9sider la c\u00e9r\u00e9monie officielle d\u2019ouverture de la 15<sup>e<\/sup>\u00a0\u00e9dition de la Biennale de l\u2019art africain contemporain de Dakar (Dak\u2019art).<\/p>\n<p>La biennale de Dakar qui va se d\u00e9rouler du 7 novembre au 7 d\u00e9cembre prochain avait \u00e9t\u00e9 initialement pr\u00e9vue en mai (16 mai au 16 juin) avant d\u2019\u00eatre report\u00e9e.<\/p>\n<p>La journaliste Oumy Ndour Aw est la maitresse de c\u00e9r\u00e9monie. Des animations rythm\u00e9es par des assiko et des sonorit\u00e9s du sud du pays des supporters de l\u2019\u00e9quipe nationale ont accueilli le pr\u00e9sident de la R\u00e9publique.<\/p>\n<p>L\u2019\u00e9v\u00e8nement se d\u00e9roule en pr\u00e9sence des membres du gouvernement, le corps diplomatique accr\u00e9dit\u00e9 \u00e0 Dakar et des repr\u00e9sentants d\u2019institutions internationales.<\/p>\n<p>Les pays invit\u00e9s d\u2019honneur les Etats-Unis et le Cap-Vert sont repr\u00e9sent\u00e9s \u00e0 la c\u00e9r\u00e9monie.<\/p>\n<p>La directrice artistique Salimata Diop par ailleurs commissaire et critique d\u2019art franco-s\u00e9n\u00e9galaise a choisi comme th\u00e8me pour cette \u00e9dition \u2018\u2019The Wake\u2019\u2019 d\u00e9clin\u00e9 en fran\u00e7ais par \u2018\u2019Le sillage, l\u2019\u00e9veil\u2019\u2019.<\/p>\n<p>\u201dIl s\u2019agit de lier le pass\u00e9 et l\u2019avenir en leur conf\u00e9rant une importance \u00e9gale. Elle (la th\u00e9matique) est partiellement inspir\u00e9e de l\u2019ouvrage +In the Wake : On Blackness and Black Being+ de la professeure Christina Sharpe qui examine la condition noire, ses repr\u00e9sentations litt\u00e9raires, visuelles et artistiques, en rapport avec les notions d\u2019exhumation, de deuil et d\u2019arrachement\u2019\u2019, avait expliqu\u00e9 Salimata Diop dans sa note conceptuelle.<\/p>\n<p>Le Dak\u2019art est devenu une biennale en 1996 et depuis lors ces th\u00e8mes ont \u00e9t\u00e9 d\u00e9clin\u00e9s en fran\u00e7ais notamment \u201cL\u2019Heure rouge\u201d (2018), \u201cLa Cit\u00e9 dans le jour bleu\u201d (2016) ou encore \u201cCr\u00e9ation contemporaine et dynamiques sociales\u201d (2012).<\/p>\n<div class='share-to-whatsapp-wrapper'><div class='share-on-whsp'>PARTAGER SUR : <\/div><a data-text='15EME \u00c9DITION DE LA BIENNALE DE DAKAR-Le Pr\u00e9sident Diomaye au Grand Th\u00e9\u00e2tre' data-link='https:\/\/www.nettali.com\/2024\/11\/07\/15eme-edition-de-la-biennale-de-dakar-le-president-diomaye-attendu-ce-jeudi-au-grand-theatre\/' class='whatsapp-button whatsapp-share'>WhatsApp<\/a><div class='clear '><\/div><\/div>","protected":false},"excerpt":{"rendered":"<p>NETTALI.COM-Le Pr\u00e9sident Bassirou Diomaye Faye pr\u00e9side ce jeudi 07 novembre 2024, au Grand Th\u00e9\u00e2tre Doudou Ndiaye Coumba Rose de Dakar, la c\u00e9r\u00e9monie d\u2019ouverture de la 15e \u00e9dition de la Biennale de l\u2019Art africain contemporain. Le pr\u00e9sident de la R\u00e9publique, Bassirou Diomaye Diakhar Faye, accompagn\u00e9 de son \u00e9pouse Marie Khone Faye, est arriv\u00e9 au Grand th\u00e9\u00e2tre [&hellip;]<\/p>\n","protected":false},"author":6,"featured_media":143316,"comment_status":"open","ping_status":"open","sticky":false,"template":"","format":"standard","meta":{"_et_pb_use_builder":"","_et_pb_old_content":""},"categories":[5],"tags":[],"yoast_head":"<!-- This site is optimized with the Yoast SEO Premium plugin v17.8 (Yoast SEO v17.8) - https:\/\/yoast.com\/wordpress\/plugins\/seo\/ -->\n<title>15EME \u00c9DITION DE LA BIENNALE DE DAKAR-Le Pr\u00e9sident Diomaye au Grand Th\u00e9\u00e2tre | Nettali.com<\/title>\n<meta name=\"robots\" content=\"index, follow, max-snippet:-1, max-image-preview:large, max-video-preview:-1\" \/>\n<link rel=\"canonical\" href=\"https:\/\/www.nettali.com\/2024\/11\/07\/15eme-edition-de-la-biennale-de-dakar-le-president-diomaye-attendu-ce-jeudi-au-grand-theatre\/\" \/>\n<meta property=\"og:locale\" content=\"fr_FR\" \/>\n<meta property=\"og:type\" content=\"article\" \/>\n<meta property=\"og:title\" content=\"15EME \u00c9DITION DE LA BIENNALE DE DAKAR-Le Pr\u00e9sident Diomaye au Grand Th\u00e9\u00e2tre\" \/>\n<meta property=\"og:description\" content=\"NETTALI.COM-Le Pr\u00e9sident Bassirou Diomaye Faye pr\u00e9side ce jeudi 07 novembre 2024, au Grand Th\u00e9\u00e2tre Doudou Ndiaye Coumba Rose de Dakar, la c\u00e9r\u00e9monie d\u2019ouverture de la 15e \u00e9dition de la Biennale de l\u2019Art africain contemporain. Le pr\u00e9sident de la R\u00e9publique, Bassirou Diomaye Diakhar Faye, accompagn\u00e9 de son \u00e9pouse Marie Khone Faye, est arriv\u00e9 au Grand th\u00e9\u00e2tre [&hellip;]\" \/>\n<meta property=\"og:url\" content=\"https:\/\/www.nettali.com\/2024\/11\/07\/15eme-edition-de-la-biennale-de-dakar-le-president-diomaye-attendu-ce-jeudi-au-grand-theatre\/\" \/>\n<meta property=\"og:site_name\" content=\"Nettali.com\" \/>\n<meta property=\"article:publisher\" content=\"https:\/\/www.facebook.com\/nettalicom\" \/>\n<meta property=\"article:published_time\" content=\"2024-11-07T11:16:15+00:00\" \/>\n<meta property=\"article:modified_time\" content=\"2024-11-07T11:18:06+00:00\" \/>\n<meta property=\"og:image\" content=\"https:\/\/www.nettali.com\/wp-content\/uploads\/2024\/11\/Capture-de\u0301cran-2024-11-06-a\u0300-16.11.34.png\" \/>\n\t<meta property=\"og:image:width\" content=\"697\" \/>\n\t<meta property=\"og:image:height\" content=\"358\" \/>\n<meta name=\"twitter:card\" content=\"summary_large_image\" \/>\n<meta name=\"twitter:label1\" content=\"\u00c9crit par\" \/>\n\t<meta name=\"twitter:data1\" content=\"Fatou\" \/>\n\t<meta name=\"twitter:label2\" content=\"Dur\u00e9e de lecture estim\u00e9e\" \/>\n\t<meta name=\"twitter:data2\" content=\"2 minutes\" \/>\n<script type=\"application\/ld+json\" class=\"yoast-schema-graph\">{\"@context\":\"https:\/\/schema.org\",\"@graph\":[{\"@type\":\"WebSite\",\"@id\":\"https:\/\/www.nettali.com\/#website\",\"url\":\"https:\/\/www.nettali.com\/\",\"name\":\"Nettali.com\",\"description\":\"Le rendez-vous critique du Net\",\"potentialAction\":[{\"@type\":\"SearchAction\",\"target\":{\"@type\":\"EntryPoint\",\"urlTemplate\":\"https:\/\/www.nettali.com\/?s={search_term_string}\"},\"query-input\":\"required name=search_term_string\"}],\"inLanguage\":\"fr-FR\"},{\"@type\":\"ImageObject\",\"@id\":\"https:\/\/www.nettali.com\/2024\/11\/07\/15eme-edition-de-la-biennale-de-dakar-le-president-diomaye-attendu-ce-jeudi-au-grand-theatre\/#primaryimage\",\"inLanguage\":\"fr-FR\",\"url\":\"https:\/\/www.nettali.com\/wp-content\/uploads\/2024\/11\/Capture-de\\u0301cran-2024-11-06-a\\u0300-16.11.34.png\",\"contentUrl\":\"https:\/\/www.nettali.com\/wp-content\/uploads\/2024\/11\/Capture-de\\u0301cran-2024-11-06-a\\u0300-16.11.34.png\",\"width\":697,\"height\":358},{\"@type\":\"WebPage\",\"@id\":\"https:\/\/www.nettali.com\/2024\/11\/07\/15eme-edition-de-la-biennale-de-dakar-le-president-diomaye-attendu-ce-jeudi-au-grand-theatre\/#webpage\",\"url\":\"https:\/\/www.nettali.com\/2024\/11\/07\/15eme-edition-de-la-biennale-de-dakar-le-president-diomaye-attendu-ce-jeudi-au-grand-theatre\/\",\"name\":\"15EME \\u00c9DITION DE LA BIENNALE DE DAKAR-Le Pr\\u00e9sident Diomaye au Grand Th\\u00e9\\u00e2tre | Nettali.com\",\"isPartOf\":{\"@id\":\"https:\/\/www.nettali.com\/#website\"},\"primaryImageOfPage\":{\"@id\":\"https:\/\/www.nettali.com\/2024\/11\/07\/15eme-edition-de-la-biennale-de-dakar-le-president-diomaye-attendu-ce-jeudi-au-grand-theatre\/#primaryimage\"},\"datePublished\":\"2024-11-07T11:16:15+00:00\",\"dateModified\":\"2024-11-07T11:18:06+00:00\",\"author\":{\"@id\":\"https:\/\/www.nettali.com\/#\/schema\/person\/418274a86bdf87caff7a3ef476bd0bbf\"},\"breadcrumb\":{\"@id\":\"https:\/\/www.nettali.com\/2024\/11\/07\/15eme-edition-de-la-biennale-de-dakar-le-president-diomaye-attendu-ce-jeudi-au-grand-theatre\/#breadcrumb\"},\"inLanguage\":\"fr-FR\",\"potentialAction\":[{\"@type\":\"ReadAction\",\"target\":[\"https:\/\/www.nettali.com\/2024\/11\/07\/15eme-edition-de-la-biennale-de-dakar-le-president-diomaye-attendu-ce-jeudi-au-grand-theatre\/\"]}]},{\"@type\":\"BreadcrumbList\",\"@id\":\"https:\/\/www.nettali.com\/2024\/11\/07\/15eme-edition-de-la-biennale-de-dakar-le-president-diomaye-attendu-ce-jeudi-au-grand-theatre\/#breadcrumb\",\"itemListElement\":[{\"@type\":\"ListItem\",\"position\":1,\"name\":\"Accueil\",\"item\":\"https:\/\/www.nettali.com\/\"},{\"@type\":\"ListItem\",\"position\":2,\"name\":\"15EME \\u00c9DITION DE LA BIENNALE DE DAKAR-Le Pr\\u00e9sident Diomaye au Grand Th\\u00e9\\u00e2tre\"}]},{\"@type\":\"Person\",\"@id\":\"https:\/\/www.nettali.com\/#\/schema\/person\/418274a86bdf87caff7a3ef476bd0bbf\",\"name\":\"Fatou\",\"image\":{\"@type\":\"ImageObject\",\"@id\":\"https:\/\/www.nettali.com\/#personlogo\",\"inLanguage\":\"fr-FR\",\"url\":\"https:\/\/secure.gravatar.com\/avatar\/5a9442a2bee7b4dcf167cab035858e9a?s=96&d=mm&r=g\",\"contentUrl\":\"https:\/\/secure.gravatar.com\/avatar\/5a9442a2bee7b4dcf167cab035858e9a?s=96&d=mm&r=g\",\"caption\":\"Fatou\"},\"sameAs\":[\"https:\/\/www.nettali.com\"]}]}<\/script>\n<!-- \/ Yoast SEO Premium plugin. -->","yoast_head_json":{"title":"15EME \u00c9DITION DE LA BIENNALE DE DAKAR-Le Pr\u00e9sident Diomaye au Grand Th\u00e9\u00e2tre | Nettali.com","robots":{"index":"index","follow":"follow","max-snippet":"max-snippet:-1","max-image-preview":"max-image-preview:large","max-video-preview":"max-video-preview:-1"},"canonical":"https:\/\/www.nettali.com\/2024\/11\/07\/15eme-edition-de-la-biennale-de-dakar-le-president-diomaye-attendu-ce-jeudi-au-grand-theatre\/","og_locale":"fr_FR","og_type":"article","og_title":"15EME \u00c9DITION DE LA BIENNALE DE DAKAR-Le Pr\u00e9sident Diomaye au Grand Th\u00e9\u00e2tre","og_description":"NETTALI.COM-Le Pr\u00e9sident Bassirou Diomaye Faye pr\u00e9side ce jeudi 07 novembre 2024, au Grand Th\u00e9\u00e2tre Doudou Ndiaye Coumba Rose de Dakar, la c\u00e9r\u00e9monie d\u2019ouverture de la 15e \u00e9dition de la Biennale de l\u2019Art africain contemporain. Le pr\u00e9sident de la R\u00e9publique, Bassirou Diomaye Diakhar Faye, accompagn\u00e9 de son \u00e9pouse Marie Khone Faye, est arriv\u00e9 au Grand th\u00e9\u00e2tre [&hellip;]","og_url":"https:\/\/www.nettali.com\/2024\/11\/07\/15eme-edition-de-la-biennale-de-dakar-le-president-diomaye-attendu-ce-jeudi-au-grand-theatre\/","og_site_name":"Nettali.com","article_publisher":"https:\/\/www.facebook.com\/nettalicom","article_published_time":"2024-11-07T11:16:15+00:00","article_modified_time":"2024-11-07T11:18:06+00:00","og_image":[{"width":697,"height":358,"url":"https:\/\/www.nettali.com\/wp-content\/uploads\/2024\/11\/Capture-de\u0301cran-2024-11-06-a\u0300-16.11.34.png","type":"image\/png"}],"twitter_card":"summary_large_image","twitter_misc":{"\u00c9crit par":"Fatou","Dur\u00e9e de lecture estim\u00e9e":"2 minutes"},"schema":{"@context":"https:\/\/schema.org","@graph":[{"@type":"WebSite","@id":"https:\/\/www.nettali.com\/#website","url":"https:\/\/www.nettali.com\/","name":"Nettali.com","description":"Le rendez-vous critique du Net","potentialAction":[{"@type":"SearchAction","target":{"@type":"EntryPoint","urlTemplate":"https:\/\/www.nettali.com\/?s={search_term_string}"},"query-input":"required name=search_term_string"}],"inLanguage":"fr-FR"},{"@type":"ImageObject","@id":"https:\/\/www.nettali.com\/2024\/11\/07\/15eme-edition-de-la-biennale-de-dakar-le-president-diomaye-attendu-ce-jeudi-au-grand-theatre\/#primaryimage","inLanguage":"fr-FR","url":"https:\/\/www.nettali.com\/wp-content\/uploads\/2024\/11\/Capture-de\u0301cran-2024-11-06-a\u0300-16.11.34.png","contentUrl":"https:\/\/www.nettali.com\/wp-content\/uploads\/2024\/11\/Capture-de\u0301cran-2024-11-06-a\u0300-16.11.34.png","width":697,"height":358},{"@type":"WebPage","@id":"https:\/\/www.nettali.com\/2024\/11\/07\/15eme-edition-de-la-biennale-de-dakar-le-president-diomaye-attendu-ce-jeudi-au-grand-theatre\/#webpage","url":"https:\/\/www.nettali.com\/2024\/11\/07\/15eme-edition-de-la-biennale-de-dakar-le-president-diomaye-attendu-ce-jeudi-au-grand-theatre\/","name":"15EME \u00c9DITION DE LA BIENNALE DE DAKAR-Le Pr\u00e9sident Diomaye au Grand Th\u00e9\u00e2tre | Nettali.com","isPartOf":{"@id":"https:\/\/www.nettali.com\/#website"},"primaryImageOfPage":{"@id":"https:\/\/www.nettali.com\/2024\/11\/07\/15eme-edition-de-la-biennale-de-dakar-le-president-diomaye-attendu-ce-jeudi-au-grand-theatre\/#primaryimage"},"datePublished":"2024-11-07T11:16:15+00:00","dateModified":"2024-11-07T11:18:06+00:00","author":{"@id":"https:\/\/www.nettali.com\/#\/schema\/person\/418274a86bdf87caff7a3ef476bd0bbf"},"breadcrumb":{"@id":"https:\/\/www.nettali.com\/2024\/11\/07\/15eme-edition-de-la-biennale-de-dakar-le-president-diomaye-attendu-ce-jeudi-au-grand-theatre\/#breadcrumb"},"inLanguage":"fr-FR","potentialAction":[{"@type":"ReadAction","target":["https:\/\/www.nettali.com\/2024\/11\/07\/15eme-edition-de-la-biennale-de-dakar-le-president-diomaye-attendu-ce-jeudi-au-grand-theatre\/"]}]},{"@type":"BreadcrumbList","@id":"https:\/\/www.nettali.com\/2024\/11\/07\/15eme-edition-de-la-biennale-de-dakar-le-president-diomaye-attendu-ce-jeudi-au-grand-theatre\/#breadcrumb","itemListElement":[{"@type":"ListItem","position":1,"name":"Accueil","item":"https:\/\/www.nettali.com\/"},{"@type":"ListItem","position":2,"name":"15EME \u00c9DITION DE LA BIENNALE DE DAKAR-Le Pr\u00e9sident Diomaye au Grand Th\u00e9\u00e2tre"}]},{"@type":"Person","@id":"https:\/\/www.nettali.com\/#\/schema\/person\/418274a86bdf87caff7a3ef476bd0bbf","name":"Fatou","image":{"@type":"ImageObject","@id":"https:\/\/www.nettali.com\/#personlogo","inLanguage":"fr-FR","url":"https:\/\/secure.gravatar.com\/avatar\/5a9442a2bee7b4dcf167cab035858e9a?s=96&d=mm&r=g","contentUrl":"https:\/\/secure.gravatar.com\/avatar\/5a9442a2bee7b4dcf167cab035858e9a?s=96&d=mm&r=g","caption":"Fatou"},"sameAs":["https:\/\/www.nettali.com"]}]}},"_links":{"self":[{"href":"https:\/\/www.nettali.com\/rest\/wp\/v2\/posts\/143362"}],"collection":[{"href":"https:\/\/www.nettali.com\/rest\/wp\/v2\/posts"}],"about":[{"href":"https:\/\/www.nettali.com\/rest\/wp\/v2\/types\/post"}],"author":[{"embeddable":true,"href":"https:\/\/www.nettali.com\/rest\/wp\/v2\/users\/6"}],"replies":[{"embeddable":true,"href":"https:\/\/www.nettali.com\/rest\/wp\/v2\/comments?post=143362"}],"version-history":[{"count":3,"href":"https:\/\/www.nettali.com\/rest\/wp\/v2\/posts\/143362\/revisions"}],"predecessor-version":[{"id":143365,"href":"https:\/\/www.nettali.com\/rest\/wp\/v2\/posts\/143362\/revisions\/143365"}],"wp:featuredmedia":[{"embeddable":true,"href":"https:\/\/www.nettali.com\/rest\/wp\/v2\/media\/143316"}],"wp:attachment":[{"href":"https:\/\/www.nettali.com\/rest\/wp\/v2\/media?parent=143362"}],"wp:term":[{"taxonomy":"category","embeddable":true,"href":"https:\/\/www.nettali.com\/rest\/wp\/v2\/categories?post=143362"},{"taxonomy":"post_tag","embeddable":true,"href":"https:\/\/www.nettali.com\/rest\/wp\/v2\/tags?post=143362"}],"curies":[{"name":"wp","href":"https:\/\/api.w.org\/{rel}","templated":true}]}}