{"id":143328,"date":"2024-11-07T00:09:01","date_gmt":"2024-11-07T00:09:01","guid":{"rendered":"https:\/\/www.nettali.com\/?p=143328"},"modified":"2024-11-07T07:38:37","modified_gmt":"2024-11-07T07:38:37","slug":"fatick-amadou-ba-fait-une-promesse-a-macky-sall","status":"publish","type":"post","link":"https:\/\/www.nettali.com\/2024\/11\/07\/fatick-amadou-ba-fait-une-promesse-a-macky-sall\/","title":{"rendered":"FATICK - Amadou Ba fait une promesse \u00e0 Macky Sall"},"content":{"rendered":"<p><strong>NETTALI.COM - Apr\u00e8s une suspension de 24 heures due au rappel \u00e0 Dieu de Mamadou Moustapha Ba, Amadou Ba a repris sa campagne \u00e9lectorale ce mercredi. La t\u00eate de liste nationale de la coalition \"Jamm ak Njari\u00f1\" \u00e9tait \u00e0 Fatick o\u00f9 il a rendu hommage \u00e0 Macky Sall avant de lui faire une promesse.\u00a0<\/strong><\/p>\n<p>Fatick a accueilli ce mercredi la caravane de la coalition \"Jamm ak Njari\u00f1\". T\u00eate de liste nationale de ladite coalition, Amadou Ba a profit\u00e9 de l'occasion pour rendre hommage \u00e0 Macky Sall qui a aussi \u00e9t\u00e9 maire de la ville de Fatick avant de devenir pr\u00e9sident de la R\u00e9publique.<\/p>\n<p>\"<em>Je ne peux pas venir \u00e0 Fatick sans saluer le Pr\u00e9sident Macky Sall. Je suis dans sa ville o\u00f9 il m'a souvent accueilli. Je dois donc le saluer et lui rendre hommage ainsi\u00a0 qu'\u00e0 toute sa famille<\/em>\", a dit l'ancien Premier ministre. Et Amadou Ba de faire une promesse \u00e0 l'ancien pr\u00e9sident de la R\u00e9publique : \"<em>Je voulais lui dire que nous ferons tout pour sauvergarder l'h\u00e9ritage qu'il nous a laiss\u00e9. Rien de cet h\u00e9ritage ne sera perdu tant qu'il sera entre nous mains<\/em>.\"<\/p>\n<p>A en croire Amadou Ba, la ville de Fatick souffre des m\u00eames difficult\u00e9s que le reste du pays. \"<em>Le nouveau gouvernement est l\u00e0 depuis 7 mois. Mais nous constatons tous qu'ils n'ont rien fait. Tout ce qu'ils ont, ce sont des projets. Ils ne font que parler<\/em>\", mart\u00e8le la t\u00eate de liste nationale de \"Jamm ak Njari\u00f1\". \"<em>Ils nous ont promis la rupture, la fin du syst\u00e8me. Mais aujourd'hui, ils font ce qu'il y a pire dans le syst\u00e8me, c'est-\u00e0-dire parler. C'est pourquoi je vous demande de donner la majorit\u00e9 \u00e0 notre coalition<\/em>\", dit-il. Avant d'ajouter: \"<em>Si vous nous donnez la majorit\u00e9 \u00e0 l'Assembl\u00e9e nationale, tous les projets de notre r\u00e9gime pour Farick seront r\u00e9alis\u00e9s. Nous battrons \u00e0 l'Assembl\u00e9e nationale pour la r\u00e9alisation de tous ces projets parce que l'Etat, c'est aussi la continuit\u00e9<\/em>.\"<\/p>\n<div class='share-to-whatsapp-wrapper'><div class='share-on-whsp'>PARTAGER SUR : <\/div><a data-text='FATICK - Amadou Ba fait une promesse \u00e0 Macky Sall' data-link='https:\/\/www.nettali.com\/2024\/11\/07\/fatick-amadou-ba-fait-une-promesse-a-macky-sall\/' class='whatsapp-button whatsapp-share'>WhatsApp<\/a><div class='clear '><\/div><\/div>","protected":false},"excerpt":{"rendered":"<p>NETTALI.COM - Apr\u00e8s une suspension de 24 heures due au rappel \u00e0 Dieu de Mamadou Moustapha Ba, Amadou Ba a repris sa campagne \u00e9lectorale ce mercredi. La t\u00eate de liste nationale de la coalition \"Jamm ak Njari\u00f1\" \u00e9tait \u00e0 Fatick o\u00f9 il a rendu hommage \u00e0 Macky Sall avant de lui faire une promesse.\u00a0 Fatick [&hellip;]<\/p>\n","protected":false},"author":3,"featured_media":143329,"comment_status":"open","ping_status":"open","sticky":false,"template":"","format":"standard","meta":{"_et_pb_use_builder":"","_et_pb_old_content":""},"categories":[2],"tags":[],"yoast_head":"<!-- This site is optimized with the Yoast SEO Premium plugin v17.8 (Yoast SEO v17.8) - https:\/\/yoast.com\/wordpress\/plugins\/seo\/ -->\n<title>FATICK - Amadou Ba fait une promesse \u00e0 Macky Sall | Nettali.com<\/title>\n<meta name=\"robots\" content=\"index, follow, max-snippet:-1, max-image-preview:large, max-video-preview:-1\" \/>\n<link rel=\"canonical\" href=\"https:\/\/www.nettali.com\/2024\/11\/07\/fatick-amadou-ba-fait-une-promesse-a-macky-sall\/\" \/>\n<meta property=\"og:locale\" content=\"fr_FR\" \/>\n<meta property=\"og:type\" content=\"article\" \/>\n<meta property=\"og:title\" content=\"FATICK - Amadou Ba fait une promesse \u00e0 Macky Sall\" \/>\n<meta property=\"og:description\" content=\"NETTALI.COM - Apr\u00e8s une suspension de 24 heures due au rappel \u00e0 Dieu de Mamadou Moustapha Ba, Amadou Ba a repris sa campagne \u00e9lectorale ce mercredi. La t\u00eate de liste nationale de la coalition &quot;Jamm ak Njari\u00f1&quot; \u00e9tait \u00e0 Fatick o\u00f9 il a rendu hommage \u00e0 Macky Sall avant de lui faire une promesse.\u00a0 Fatick [&hellip;]\" \/>\n<meta property=\"og:url\" content=\"https:\/\/www.nettali.com\/2024\/11\/07\/fatick-amadou-ba-fait-une-promesse-a-macky-sall\/\" \/>\n<meta property=\"og:site_name\" content=\"Nettali.com\" \/>\n<meta property=\"article:publisher\" content=\"https:\/\/www.facebook.com\/nettalicom\" \/>\n<meta property=\"article:published_time\" content=\"2024-11-07T00:09:01+00:00\" \/>\n<meta property=\"article:modified_time\" content=\"2024-11-07T07:38:37+00:00\" \/>\n<meta property=\"og:image\" content=\"https:\/\/www.nettali.com\/wp-content\/uploads\/2024\/11\/Amadou-Ba-jamm.png\" \/>\n\t<meta property=\"og:image:width\" content=\"905\" \/>\n\t<meta property=\"og:image:height\" content=\"613\" \/>\n<meta name=\"twitter:card\" content=\"summary_large_image\" \/>\n<meta name=\"twitter:label1\" content=\"\u00c9crit par\" \/>\n\t<meta name=\"twitter:data1\" content=\"Moustapha\" \/>\n\t<meta name=\"twitter:label2\" content=\"Dur\u00e9e de lecture estim\u00e9e\" \/>\n\t<meta name=\"twitter:data2\" content=\"2 minutes\" \/>\n<script type=\"application\/ld+json\" class=\"yoast-schema-graph\">{\"@context\":\"https:\/\/schema.org\",\"@graph\":[{\"@type\":\"WebSite\",\"@id\":\"https:\/\/www.nettali.com\/#website\",\"url\":\"https:\/\/www.nettali.com\/\",\"name\":\"Nettali.com\",\"description\":\"Le rendez-vous critique du Net\",\"potentialAction\":[{\"@type\":\"SearchAction\",\"target\":{\"@type\":\"EntryPoint\",\"urlTemplate\":\"https:\/\/www.nettali.com\/?s={search_term_string}\"},\"query-input\":\"required name=search_term_string\"}],\"inLanguage\":\"fr-FR\"},{\"@type\":\"ImageObject\",\"@id\":\"https:\/\/www.nettali.com\/2024\/11\/07\/fatick-amadou-ba-fait-une-promesse-a-macky-sall\/#primaryimage\",\"inLanguage\":\"fr-FR\",\"url\":\"https:\/\/www.nettali.com\/wp-content\/uploads\/2024\/11\/Amadou-Ba-jamm.png\",\"contentUrl\":\"https:\/\/www.nettali.com\/wp-content\/uploads\/2024\/11\/Amadou-Ba-jamm.png\",\"width\":905,\"height\":613},{\"@type\":\"WebPage\",\"@id\":\"https:\/\/www.nettali.com\/2024\/11\/07\/fatick-amadou-ba-fait-une-promesse-a-macky-sall\/#webpage\",\"url\":\"https:\/\/www.nettali.com\/2024\/11\/07\/fatick-amadou-ba-fait-une-promesse-a-macky-sall\/\",\"name\":\"FATICK - Amadou Ba fait une promesse \\u00e0 Macky Sall | Nettali.com\",\"isPartOf\":{\"@id\":\"https:\/\/www.nettali.com\/#website\"},\"primaryImageOfPage\":{\"@id\":\"https:\/\/www.nettali.com\/2024\/11\/07\/fatick-amadou-ba-fait-une-promesse-a-macky-sall\/#primaryimage\"},\"datePublished\":\"2024-11-07T00:09:01+00:00\",\"dateModified\":\"2024-11-07T07:38:37+00:00\",\"author\":{\"@id\":\"https:\/\/www.nettali.com\/#\/schema\/person\/7962a12a6e0267f88f0ffa544c36469a\"},\"breadcrumb\":{\"@id\":\"https:\/\/www.nettali.com\/2024\/11\/07\/fatick-amadou-ba-fait-une-promesse-a-macky-sall\/#breadcrumb\"},\"inLanguage\":\"fr-FR\",\"potentialAction\":[{\"@type\":\"ReadAction\",\"target\":[\"https:\/\/www.nettali.com\/2024\/11\/07\/fatick-amadou-ba-fait-une-promesse-a-macky-sall\/\"]}]},{\"@type\":\"BreadcrumbList\",\"@id\":\"https:\/\/www.nettali.com\/2024\/11\/07\/fatick-amadou-ba-fait-une-promesse-a-macky-sall\/#breadcrumb\",\"itemListElement\":[{\"@type\":\"ListItem\",\"position\":1,\"name\":\"Accueil\",\"item\":\"https:\/\/www.nettali.com\/\"},{\"@type\":\"ListItem\",\"position\":2,\"name\":\"FATICK - Amadou Ba fait une promesse \\u00e0 Macky Sall\"}]},{\"@type\":\"Person\",\"@id\":\"https:\/\/www.nettali.com\/#\/schema\/person\/7962a12a6e0267f88f0ffa544c36469a\",\"name\":\"Moustapha\",\"image\":{\"@type\":\"ImageObject\",\"@id\":\"https:\/\/www.nettali.com\/#personlogo\",\"inLanguage\":\"fr-FR\",\"url\":\"https:\/\/secure.gravatar.com\/avatar\/10fdf6a071cccdcf374e3dbe45159590?s=96&d=mm&r=g\",\"contentUrl\":\"https:\/\/secure.gravatar.com\/avatar\/10fdf6a071cccdcf374e3dbe45159590?s=96&d=mm&r=g\",\"caption\":\"Moustapha\"},\"sameAs\":[\"https:\/\/www.nettali.com\"]}]}<\/script>\n<!-- \/ Yoast SEO Premium plugin. -->","yoast_head_json":{"title":"FATICK - Amadou Ba fait une promesse \u00e0 Macky Sall | Nettali.com","robots":{"index":"index","follow":"follow","max-snippet":"max-snippet:-1","max-image-preview":"max-image-preview:large","max-video-preview":"max-video-preview:-1"},"canonical":"https:\/\/www.nettali.com\/2024\/11\/07\/fatick-amadou-ba-fait-une-promesse-a-macky-sall\/","og_locale":"fr_FR","og_type":"article","og_title":"FATICK - Amadou Ba fait une promesse \u00e0 Macky Sall","og_description":"NETTALI.COM - Apr\u00e8s une suspension de 24 heures due au rappel \u00e0 Dieu de Mamadou Moustapha Ba, Amadou Ba a repris sa campagne \u00e9lectorale ce mercredi. La t\u00eate de liste nationale de la coalition \"Jamm ak Njari\u00f1\" \u00e9tait \u00e0 Fatick o\u00f9 il a rendu hommage \u00e0 Macky Sall avant de lui faire une promesse.\u00a0 Fatick [&hellip;]","og_url":"https:\/\/www.nettali.com\/2024\/11\/07\/fatick-amadou-ba-fait-une-promesse-a-macky-sall\/","og_site_name":"Nettali.com","article_publisher":"https:\/\/www.facebook.com\/nettalicom","article_published_time":"2024-11-07T00:09:01+00:00","article_modified_time":"2024-11-07T07:38:37+00:00","og_image":[{"width":905,"height":613,"url":"https:\/\/www.nettali.com\/wp-content\/uploads\/2024\/11\/Amadou-Ba-jamm.png","type":"image\/png"}],"twitter_card":"summary_large_image","twitter_misc":{"\u00c9crit par":"Moustapha","Dur\u00e9e de lecture estim\u00e9e":"2 minutes"},"schema":{"@context":"https:\/\/schema.org","@graph":[{"@type":"WebSite","@id":"https:\/\/www.nettali.com\/#website","url":"https:\/\/www.nettali.com\/","name":"Nettali.com","description":"Le rendez-vous critique du Net","potentialAction":[{"@type":"SearchAction","target":{"@type":"EntryPoint","urlTemplate":"https:\/\/www.nettali.com\/?s={search_term_string}"},"query-input":"required name=search_term_string"}],"inLanguage":"fr-FR"},{"@type":"ImageObject","@id":"https:\/\/www.nettali.com\/2024\/11\/07\/fatick-amadou-ba-fait-une-promesse-a-macky-sall\/#primaryimage","inLanguage":"fr-FR","url":"https:\/\/www.nettali.com\/wp-content\/uploads\/2024\/11\/Amadou-Ba-jamm.png","contentUrl":"https:\/\/www.nettali.com\/wp-content\/uploads\/2024\/11\/Amadou-Ba-jamm.png","width":905,"height":613},{"@type":"WebPage","@id":"https:\/\/www.nettali.com\/2024\/11\/07\/fatick-amadou-ba-fait-une-promesse-a-macky-sall\/#webpage","url":"https:\/\/www.nettali.com\/2024\/11\/07\/fatick-amadou-ba-fait-une-promesse-a-macky-sall\/","name":"FATICK - Amadou Ba fait une promesse \u00e0 Macky Sall | Nettali.com","isPartOf":{"@id":"https:\/\/www.nettali.com\/#website"},"primaryImageOfPage":{"@id":"https:\/\/www.nettali.com\/2024\/11\/07\/fatick-amadou-ba-fait-une-promesse-a-macky-sall\/#primaryimage"},"datePublished":"2024-11-07T00:09:01+00:00","dateModified":"2024-11-07T07:38:37+00:00","author":{"@id":"https:\/\/www.nettali.com\/#\/schema\/person\/7962a12a6e0267f88f0ffa544c36469a"},"breadcrumb":{"@id":"https:\/\/www.nettali.com\/2024\/11\/07\/fatick-amadou-ba-fait-une-promesse-a-macky-sall\/#breadcrumb"},"inLanguage":"fr-FR","potentialAction":[{"@type":"ReadAction","target":["https:\/\/www.nettali.com\/2024\/11\/07\/fatick-amadou-ba-fait-une-promesse-a-macky-sall\/"]}]},{"@type":"BreadcrumbList","@id":"https:\/\/www.nettali.com\/2024\/11\/07\/fatick-amadou-ba-fait-une-promesse-a-macky-sall\/#breadcrumb","itemListElement":[{"@type":"ListItem","position":1,"name":"Accueil","item":"https:\/\/www.nettali.com\/"},{"@type":"ListItem","position":2,"name":"FATICK - Amadou Ba fait une promesse \u00e0 Macky Sall"}]},{"@type":"Person","@id":"https:\/\/www.nettali.com\/#\/schema\/person\/7962a12a6e0267f88f0ffa544c36469a","name":"Moustapha","image":{"@type":"ImageObject","@id":"https:\/\/www.nettali.com\/#personlogo","inLanguage":"fr-FR","url":"https:\/\/secure.gravatar.com\/avatar\/10fdf6a071cccdcf374e3dbe45159590?s=96&d=mm&r=g","contentUrl":"https:\/\/secure.gravatar.com\/avatar\/10fdf6a071cccdcf374e3dbe45159590?s=96&d=mm&r=g","caption":"Moustapha"},"sameAs":["https:\/\/www.nettali.com"]}]}},"_links":{"self":[{"href":"https:\/\/www.nettali.com\/rest\/wp\/v2\/posts\/143328"}],"collection":[{"href":"https:\/\/www.nettali.com\/rest\/wp\/v2\/posts"}],"about":[{"href":"https:\/\/www.nettali.com\/rest\/wp\/v2\/types\/post"}],"author":[{"embeddable":true,"href":"https:\/\/www.nettali.com\/rest\/wp\/v2\/users\/3"}],"replies":[{"embeddable":true,"href":"https:\/\/www.nettali.com\/rest\/wp\/v2\/comments?post=143328"}],"version-history":[{"count":2,"href":"https:\/\/www.nettali.com\/rest\/wp\/v2\/posts\/143328\/revisions"}],"predecessor-version":[{"id":143346,"href":"https:\/\/www.nettali.com\/rest\/wp\/v2\/posts\/143328\/revisions\/143346"}],"wp:featuredmedia":[{"embeddable":true,"href":"https:\/\/www.nettali.com\/rest\/wp\/v2\/media\/143329"}],"wp:attachment":[{"href":"https:\/\/www.nettali.com\/rest\/wp\/v2\/media?parent=143328"}],"wp:term":[{"taxonomy":"category","embeddable":true,"href":"https:\/\/www.nettali.com\/rest\/wp\/v2\/categories?post=143328"},{"taxonomy":"post_tag","embeddable":true,"href":"https:\/\/www.nettali.com\/rest\/wp\/v2\/tags?post=143328"}],"curies":[{"name":"wp","href":"https:\/\/api.w.org\/{rel}","templated":true}]}}