{"id":143273,"date":"2024-11-06T05:42:06","date_gmt":"2024-11-06T05:42:06","guid":{"rendered":"https:\/\/www.nettali.com\/?p=143273"},"modified":"2024-11-06T05:42:06","modified_gmt":"2024-11-06T05:42:06","slug":"herve-renard-pourquoi-jai-renonce-au-poste-de-selectionneur-du-senegal","status":"publish","type":"post","link":"https:\/\/www.nettali.com\/2024\/11\/06\/herve-renard-pourquoi-jai-renonce-au-poste-de-selectionneur-du-senegal\/","title":{"rendered":"HERV\u00c9 RENARD - \"Pourquoi j'ai renonc\u00e9 au poste de s\u00e9lectionneur du S\u00e9n\u00e9gal\""},"content":{"rendered":"<p><strong>NETTALI.COM - Le Fran\u00e7ais Herv\u00e9 Renard, r\u00e9cemment nomm\u00e9 s\u00e9lectionneur de l\u2019Arabie saoudite, a r\u00e9v\u00e9l\u00e9 les raisons qui l\u2019ont pouss\u00e9 \u00e0 ne pas rejoindre les Lions de la Teranga, malgr\u00e9 son int\u00e9r\u00eat initial pour le poste.<\/strong><\/p>\n<p>L\u2019ancien entra\u00eeneur double vainqueur de la Coupe d\u2019Afrique des Nations (CAN) a expliqu\u00e9 dans Le Monde Afrique que sa candidature avait \u00e9t\u00e9 conditionn\u00e9e \u00e0 la pr\u00e9sence d\u2019Omar Daf, ex-international s\u00e9n\u00e9galais, comme entra\u00eeneur adjoint, une demande qui n \u2018a finalement pas pu \u00eatre satisfaite.<\/p>\n<p>\"<em>Il y a eu des discussions. J\u2019avais un souhait, avoir Omar Daf comme adjoint. Mais Omar est actuellement entra\u00eeneur d\u2019Amiens, en Ligue 2, et cette condition n\u2019\u00e9tait pas possible \u00e0 remplir dans l\u2019imm\u00e9diat. J\u2019ai donc d\u00e9cid\u00e9 de retirer ma candidature<\/em>\", a expliqu\u00e9 Renard.<\/p>\n<p>Conscient du potentiel de l\u2019\u00e9quipe s\u00e9n\u00e9galaise, Renard a toutefois reconnu que diriger les Lions de la Teranga aurait \u00e9t\u00e9 une belle opportunit\u00e9.<br \/>\n\"<em>Entra\u00eener le S\u00e9n\u00e9gal, l\u2019une des meilleures s\u00e9lections africaines, aurait \u00e9t\u00e9 un tr\u00e8s beau d\u00e9fi, c\u2019est vrai, mais toutes les conditions n\u2019\u00e9taient pas r\u00e9unies<\/em>\", a-t-il ajout\u00e9.<\/p>\n<p>Herv\u00e9 Renard a remport\u00e9 deux fois la CAN, en 2012 avec la Zambie et en 2015 avec la C\u00f4te d\u2019Ivoire. Son choix de prendre la t\u00eate de l\u2019\u00e9quipe saoudienne refl\u00e8te ainsi sa volont\u00e9 de poursuivre son parcours international, tout en restant fid\u00e8le \u00e0 ses conditions de travail id\u00e9ales.<\/p>\n<div class='share-to-whatsapp-wrapper'><div class='share-on-whsp'>PARTAGER SUR : <\/div><a data-text='HERV\u00c9 RENARD - \"Pourquoi j'ai renonc\u00e9 au poste de s\u00e9lectionneur du S\u00e9n\u00e9gal\"' data-link='https:\/\/www.nettali.com\/2024\/11\/06\/herve-renard-pourquoi-jai-renonce-au-poste-de-selectionneur-du-senegal\/' class='whatsapp-button whatsapp-share'>WhatsApp<\/a><div class='clear '><\/div><\/div>","protected":false},"excerpt":{"rendered":"<p>NETTALI.COM - Le Fran\u00e7ais Herv\u00e9 Renard, r\u00e9cemment nomm\u00e9 s\u00e9lectionneur de l\u2019Arabie saoudite, a r\u00e9v\u00e9l\u00e9 les raisons qui l\u2019ont pouss\u00e9 \u00e0 ne pas rejoindre les Lions de la Teranga, malgr\u00e9 son int\u00e9r\u00eat initial pour le poste. L\u2019ancien entra\u00eeneur double vainqueur de la Coupe d\u2019Afrique des Nations (CAN) a expliqu\u00e9 dans Le Monde Afrique que sa candidature [&hellip;]<\/p>\n","protected":false},"author":5,"featured_media":84092,"comment_status":"open","ping_status":"open","sticky":false,"template":"","format":"standard","meta":{"_et_pb_use_builder":"","_et_pb_old_content":""},"categories":[6],"tags":[],"yoast_head":"<!-- This site is optimized with the Yoast SEO Premium plugin v17.8 (Yoast SEO v17.8) - https:\/\/yoast.com\/wordpress\/plugins\/seo\/ -->\n<title>HERV\u00c9 RENARD - &quot;Pourquoi j&#039;ai renonc\u00e9 au poste de s\u00e9lectionneur du S\u00e9n\u00e9gal&quot; | Nettali.com<\/title>\n<meta name=\"robots\" content=\"index, follow, max-snippet:-1, max-image-preview:large, max-video-preview:-1\" \/>\n<link rel=\"canonical\" href=\"https:\/\/www.nettali.com\/2024\/11\/06\/herve-renard-pourquoi-jai-renonce-au-poste-de-selectionneur-du-senegal\/\" \/>\n<meta property=\"og:locale\" content=\"fr_FR\" \/>\n<meta property=\"og:type\" content=\"article\" \/>\n<meta property=\"og:title\" content=\"HERV\u00c9 RENARD - &quot;Pourquoi j&#039;ai renonc\u00e9 au poste de s\u00e9lectionneur du S\u00e9n\u00e9gal&quot;\" \/>\n<meta property=\"og:description\" content=\"NETTALI.COM - Le Fran\u00e7ais Herv\u00e9 Renard, r\u00e9cemment nomm\u00e9 s\u00e9lectionneur de l\u2019Arabie saoudite, a r\u00e9v\u00e9l\u00e9 les raisons qui l\u2019ont pouss\u00e9 \u00e0 ne pas rejoindre les Lions de la Teranga, malgr\u00e9 son int\u00e9r\u00eat initial pour le poste. L\u2019ancien entra\u00eeneur double vainqueur de la Coupe d\u2019Afrique des Nations (CAN) a expliqu\u00e9 dans Le Monde Afrique que sa candidature [&hellip;]\" \/>\n<meta property=\"og:url\" content=\"https:\/\/www.nettali.com\/2024\/11\/06\/herve-renard-pourquoi-jai-renonce-au-poste-de-selectionneur-du-senegal\/\" \/>\n<meta property=\"og:site_name\" content=\"Nettali.com\" \/>\n<meta property=\"article:publisher\" content=\"https:\/\/www.facebook.com\/nettalicom\" \/>\n<meta property=\"article:published_time\" content=\"2024-11-06T05:42:06+00:00\" \/>\n<meta property=\"og:image\" content=\"https:\/\/www.nettali.com\/wp-content\/uploads\/2022\/04\/2015-11-11-herve-renard_1.jpg\" \/>\n\t<meta property=\"og:image:width\" content=\"700\" \/>\n\t<meta property=\"og:image:height\" content=\"450\" \/>\n<meta name=\"twitter:card\" content=\"summary_large_image\" \/>\n<meta name=\"twitter:label1\" content=\"\u00c9crit par\" \/>\n\t<meta name=\"twitter:data1\" content=\"Ibrahima\" \/>\n\t<meta name=\"twitter:label2\" content=\"Dur\u00e9e de lecture estim\u00e9e\" \/>\n\t<meta name=\"twitter:data2\" content=\"2 minutes\" \/>\n<script type=\"application\/ld+json\" class=\"yoast-schema-graph\">{\"@context\":\"https:\/\/schema.org\",\"@graph\":[{\"@type\":\"WebSite\",\"@id\":\"https:\/\/www.nettali.com\/#website\",\"url\":\"https:\/\/www.nettali.com\/\",\"name\":\"Nettali.com\",\"description\":\"Le rendez-vous critique du Net\",\"potentialAction\":[{\"@type\":\"SearchAction\",\"target\":{\"@type\":\"EntryPoint\",\"urlTemplate\":\"https:\/\/www.nettali.com\/?s={search_term_string}\"},\"query-input\":\"required name=search_term_string\"}],\"inLanguage\":\"fr-FR\"},{\"@type\":\"ImageObject\",\"@id\":\"https:\/\/www.nettali.com\/2024\/11\/06\/herve-renard-pourquoi-jai-renonce-au-poste-de-selectionneur-du-senegal\/#primaryimage\",\"inLanguage\":\"fr-FR\",\"url\":\"https:\/\/www.nettali.com\/wp-content\/uploads\/2022\/04\/2015-11-11-herve-renard_1.jpg\",\"contentUrl\":\"https:\/\/www.nettali.com\/wp-content\/uploads\/2022\/04\/2015-11-11-herve-renard_1.jpg\",\"width\":700,\"height\":450},{\"@type\":\"WebPage\",\"@id\":\"https:\/\/www.nettali.com\/2024\/11\/06\/herve-renard-pourquoi-jai-renonce-au-poste-de-selectionneur-du-senegal\/#webpage\",\"url\":\"https:\/\/www.nettali.com\/2024\/11\/06\/herve-renard-pourquoi-jai-renonce-au-poste-de-selectionneur-du-senegal\/\",\"name\":\"HERV\\u00c9 RENARD - \\\"Pourquoi j'ai renonc\\u00e9 au poste de s\\u00e9lectionneur du S\\u00e9n\\u00e9gal\\\" | Nettali.com\",\"isPartOf\":{\"@id\":\"https:\/\/www.nettali.com\/#website\"},\"primaryImageOfPage\":{\"@id\":\"https:\/\/www.nettali.com\/2024\/11\/06\/herve-renard-pourquoi-jai-renonce-au-poste-de-selectionneur-du-senegal\/#primaryimage\"},\"datePublished\":\"2024-11-06T05:42:06+00:00\",\"dateModified\":\"2024-11-06T05:42:06+00:00\",\"author\":{\"@id\":\"https:\/\/www.nettali.com\/#\/schema\/person\/bb147657c2986240405a608162b9bb23\"},\"breadcrumb\":{\"@id\":\"https:\/\/www.nettali.com\/2024\/11\/06\/herve-renard-pourquoi-jai-renonce-au-poste-de-selectionneur-du-senegal\/#breadcrumb\"},\"inLanguage\":\"fr-FR\",\"potentialAction\":[{\"@type\":\"ReadAction\",\"target\":[\"https:\/\/www.nettali.com\/2024\/11\/06\/herve-renard-pourquoi-jai-renonce-au-poste-de-selectionneur-du-senegal\/\"]}]},{\"@type\":\"BreadcrumbList\",\"@id\":\"https:\/\/www.nettali.com\/2024\/11\/06\/herve-renard-pourquoi-jai-renonce-au-poste-de-selectionneur-du-senegal\/#breadcrumb\",\"itemListElement\":[{\"@type\":\"ListItem\",\"position\":1,\"name\":\"Accueil\",\"item\":\"https:\/\/www.nettali.com\/\"},{\"@type\":\"ListItem\",\"position\":2,\"name\":\"HERV\\u00c9 RENARD - \\\"Pourquoi j'ai renonc\\u00e9 au poste de s\\u00e9lectionneur du S\\u00e9n\\u00e9gal\\\"\"}]},{\"@type\":\"Person\",\"@id\":\"https:\/\/www.nettali.com\/#\/schema\/person\/bb147657c2986240405a608162b9bb23\",\"name\":\"Ibrahima\",\"image\":{\"@type\":\"ImageObject\",\"@id\":\"https:\/\/www.nettali.com\/#personlogo\",\"inLanguage\":\"fr-FR\",\"url\":\"https:\/\/secure.gravatar.com\/avatar\/26a8a81f09f0dd7624c9d5c36c9ba3a2?s=96&d=mm&r=g\",\"contentUrl\":\"https:\/\/secure.gravatar.com\/avatar\/26a8a81f09f0dd7624c9d5c36c9ba3a2?s=96&d=mm&r=g\",\"caption\":\"Ibrahima\"},\"sameAs\":[\"https:\/\/www.nettali.com\"]}]}<\/script>\n<!-- \/ Yoast SEO Premium plugin. -->","yoast_head_json":{"title":"HERV\u00c9 RENARD - \"Pourquoi j'ai renonc\u00e9 au poste de s\u00e9lectionneur du S\u00e9n\u00e9gal\" | Nettali.com","robots":{"index":"index","follow":"follow","max-snippet":"max-snippet:-1","max-image-preview":"max-image-preview:large","max-video-preview":"max-video-preview:-1"},"canonical":"https:\/\/www.nettali.com\/2024\/11\/06\/herve-renard-pourquoi-jai-renonce-au-poste-de-selectionneur-du-senegal\/","og_locale":"fr_FR","og_type":"article","og_title":"HERV\u00c9 RENARD - \"Pourquoi j'ai renonc\u00e9 au poste de s\u00e9lectionneur du S\u00e9n\u00e9gal\"","og_description":"NETTALI.COM - Le Fran\u00e7ais Herv\u00e9 Renard, r\u00e9cemment nomm\u00e9 s\u00e9lectionneur de l\u2019Arabie saoudite, a r\u00e9v\u00e9l\u00e9 les raisons qui l\u2019ont pouss\u00e9 \u00e0 ne pas rejoindre les Lions de la Teranga, malgr\u00e9 son int\u00e9r\u00eat initial pour le poste. L\u2019ancien entra\u00eeneur double vainqueur de la Coupe d\u2019Afrique des Nations (CAN) a expliqu\u00e9 dans Le Monde Afrique que sa candidature [&hellip;]","og_url":"https:\/\/www.nettali.com\/2024\/11\/06\/herve-renard-pourquoi-jai-renonce-au-poste-de-selectionneur-du-senegal\/","og_site_name":"Nettali.com","article_publisher":"https:\/\/www.facebook.com\/nettalicom","article_published_time":"2024-11-06T05:42:06+00:00","og_image":[{"width":700,"height":450,"url":"https:\/\/www.nettali.com\/wp-content\/uploads\/2022\/04\/2015-11-11-herve-renard_1.jpg","type":"image\/jpeg"}],"twitter_card":"summary_large_image","twitter_misc":{"\u00c9crit par":"Ibrahima","Dur\u00e9e de lecture estim\u00e9e":"2 minutes"},"schema":{"@context":"https:\/\/schema.org","@graph":[{"@type":"WebSite","@id":"https:\/\/www.nettali.com\/#website","url":"https:\/\/www.nettali.com\/","name":"Nettali.com","description":"Le rendez-vous critique du Net","potentialAction":[{"@type":"SearchAction","target":{"@type":"EntryPoint","urlTemplate":"https:\/\/www.nettali.com\/?s={search_term_string}"},"query-input":"required name=search_term_string"}],"inLanguage":"fr-FR"},{"@type":"ImageObject","@id":"https:\/\/www.nettali.com\/2024\/11\/06\/herve-renard-pourquoi-jai-renonce-au-poste-de-selectionneur-du-senegal\/#primaryimage","inLanguage":"fr-FR","url":"https:\/\/www.nettali.com\/wp-content\/uploads\/2022\/04\/2015-11-11-herve-renard_1.jpg","contentUrl":"https:\/\/www.nettali.com\/wp-content\/uploads\/2022\/04\/2015-11-11-herve-renard_1.jpg","width":700,"height":450},{"@type":"WebPage","@id":"https:\/\/www.nettali.com\/2024\/11\/06\/herve-renard-pourquoi-jai-renonce-au-poste-de-selectionneur-du-senegal\/#webpage","url":"https:\/\/www.nettali.com\/2024\/11\/06\/herve-renard-pourquoi-jai-renonce-au-poste-de-selectionneur-du-senegal\/","name":"HERV\u00c9 RENARD - \"Pourquoi j'ai renonc\u00e9 au poste de s\u00e9lectionneur du S\u00e9n\u00e9gal\" | Nettali.com","isPartOf":{"@id":"https:\/\/www.nettali.com\/#website"},"primaryImageOfPage":{"@id":"https:\/\/www.nettali.com\/2024\/11\/06\/herve-renard-pourquoi-jai-renonce-au-poste-de-selectionneur-du-senegal\/#primaryimage"},"datePublished":"2024-11-06T05:42:06+00:00","dateModified":"2024-11-06T05:42:06+00:00","author":{"@id":"https:\/\/www.nettali.com\/#\/schema\/person\/bb147657c2986240405a608162b9bb23"},"breadcrumb":{"@id":"https:\/\/www.nettali.com\/2024\/11\/06\/herve-renard-pourquoi-jai-renonce-au-poste-de-selectionneur-du-senegal\/#breadcrumb"},"inLanguage":"fr-FR","potentialAction":[{"@type":"ReadAction","target":["https:\/\/www.nettali.com\/2024\/11\/06\/herve-renard-pourquoi-jai-renonce-au-poste-de-selectionneur-du-senegal\/"]}]},{"@type":"BreadcrumbList","@id":"https:\/\/www.nettali.com\/2024\/11\/06\/herve-renard-pourquoi-jai-renonce-au-poste-de-selectionneur-du-senegal\/#breadcrumb","itemListElement":[{"@type":"ListItem","position":1,"name":"Accueil","item":"https:\/\/www.nettali.com\/"},{"@type":"ListItem","position":2,"name":"HERV\u00c9 RENARD - \"Pourquoi j'ai renonc\u00e9 au poste de s\u00e9lectionneur du S\u00e9n\u00e9gal\""}]},{"@type":"Person","@id":"https:\/\/www.nettali.com\/#\/schema\/person\/bb147657c2986240405a608162b9bb23","name":"Ibrahima","image":{"@type":"ImageObject","@id":"https:\/\/www.nettali.com\/#personlogo","inLanguage":"fr-FR","url":"https:\/\/secure.gravatar.com\/avatar\/26a8a81f09f0dd7624c9d5c36c9ba3a2?s=96&d=mm&r=g","contentUrl":"https:\/\/secure.gravatar.com\/avatar\/26a8a81f09f0dd7624c9d5c36c9ba3a2?s=96&d=mm&r=g","caption":"Ibrahima"},"sameAs":["https:\/\/www.nettali.com"]}]}},"_links":{"self":[{"href":"https:\/\/www.nettali.com\/rest\/wp\/v2\/posts\/143273"}],"collection":[{"href":"https:\/\/www.nettali.com\/rest\/wp\/v2\/posts"}],"about":[{"href":"https:\/\/www.nettali.com\/rest\/wp\/v2\/types\/post"}],"author":[{"embeddable":true,"href":"https:\/\/www.nettali.com\/rest\/wp\/v2\/users\/5"}],"replies":[{"embeddable":true,"href":"https:\/\/www.nettali.com\/rest\/wp\/v2\/comments?post=143273"}],"version-history":[{"count":1,"href":"https:\/\/www.nettali.com\/rest\/wp\/v2\/posts\/143273\/revisions"}],"predecessor-version":[{"id":143274,"href":"https:\/\/www.nettali.com\/rest\/wp\/v2\/posts\/143273\/revisions\/143274"}],"wp:featuredmedia":[{"embeddable":true,"href":"https:\/\/www.nettali.com\/rest\/wp\/v2\/media\/84092"}],"wp:attachment":[{"href":"https:\/\/www.nettali.com\/rest\/wp\/v2\/media?parent=143273"}],"wp:term":[{"taxonomy":"category","embeddable":true,"href":"https:\/\/www.nettali.com\/rest\/wp\/v2\/categories?post=143273"},{"taxonomy":"post_tag","embeddable":true,"href":"https:\/\/www.nettali.com\/rest\/wp\/v2\/tags?post=143273"}],"curies":[{"name":"wp","href":"https:\/\/api.w.org\/{rel}","templated":true}]}}