{"id":143100,"date":"2024-11-02T12:20:57","date_gmt":"2024-11-02T12:20:57","guid":{"rendered":"https:\/\/www.nettali.com\/?p=143100"},"modified":"2024-11-04T15:28:19","modified_gmt":"2024-11-04T15:28:19","slug":"ousmane-sonko-a-ziguinchor-nous-allons-retirer-la-loi-damnistie","status":"publish","type":"post","link":"https:\/\/www.nettali.com\/2024\/11\/02\/ousmane-sonko-a-ziguinchor-nous-allons-retirer-la-loi-damnistie\/","title":{"rendered":"OUSMANE SONKO A ZIGUINCHOR : \"Nous allons retirer la loi d'amnistie\""},"content":{"rendered":"<p><strong>NETTALI.COM - La loi d'amnistie vot\u00e9e par le r\u00e9gime de Macky Sall avant son d\u00e9part sera retir\u00e9e. Du moins si Pastef a la majorit\u00e9 dans la prochaine Assembl\u00e9e nationale. L'assurance a \u00e9t\u00e9 donn\u00e9e par Ousmane Sonko ce vendredi. La t\u00eate de liste de Pastef \u00e9tait en meeting \u00e0 Ziguinchor.\u00a0<\/strong><\/p>\n<p>\"<em>Beaucoup de gens ont perdu la vie, d'autres ont perdu leur int\u00e9grit\u00e9 physique, d'autres avaient perdu la libert\u00e9, d'autres ont perdu leur travail... Tout cela ne peut pas passer par pertes et profits<\/em>\", a laiss\u00e9 entendre, vendredi \u00e0 Ziguinchor, Ousmane Sonko. Et ce dernier de poursuivre: \"<em>C'est pourquoi le 17 novembre, apr\u00e8s avoir conquis une majorit\u00e9 \u00e9crasante \u00e0 l'Assembl\u00e9e nationale, une de nos priorit\u00e9s sera de retirer la loi d'amnistie. Il ne peut pas y avoir d'impunit\u00e9.<\/em>\" Parce que, selon lui, \"<em>si dans une soci\u00e9t\u00e9, les gens peuvent se cacher derri\u00e8re l'Etat, utiliser les moyens d'Etat pour comploter contre les gens, pour tirer sur les gens, pour tuer des manifestants d\u00e9sarm\u00e9s et vouloir effacer tout cela comme si \u00e7a n'avait jamais exist\u00e9, t\u00f4t\u00a0 ou tard, \u00e7a va se reproduire<\/em>\".<\/p>\n<p>\"<em>Ces gens<\/em> (les anciens tenants du pouvoir, <strong>ndlr<\/strong>) <em>ont la m\u00e9moire tr\u00e8s courte, ils pensent que la loi d'amnistie, c'est pour nous. Mais je vous garantis que nous n'avons pas besoin de loi d'amnistie<\/em>.\" Ousmane Sonko raconte : \"<em>Quand ils m'ont envoy\u00e9 des m\u00e9diateurs qui sont venus me trouver \u00e0 la prison du Cap Manuel pour me proposer une loi d'amnistie, je leur ai dit qu'on n'avait pas besoin de loi d'amnistie. La seule chose qui nous int\u00e9ressait, c'\u00e9tait la lib\u00e9ration des jeunes emprisonn\u00e9s injustement. Mais une loi d'amnistie qui cr\u00e9e l'impunit\u00e9 pour des assassins, nous ne pouvons pas l'accepter. Et j'avais donn\u00e9 des instructions aux d\u00e9put\u00e9s de Pastef pour voter contre cette loi d'amnistie si c'est pour prot\u00e9ger des assassins.<\/em>\" D'ailleurs, rassure Ousmane Sonko, \"<em>tous les dossiers qui sont sur la table de la Justice seront trait\u00e9s pour qu'on sache qui a fait quoi<\/em>\".<\/p>\n<p>Pour rappel, en mars 2024, juste avant la pr\u00e9sidentielle, Macky Sall avait fait voter par l'Assembl\u00e9e nationale une loi d'amnistie portant sur les faits li\u00e9s aux manifestations politiques ayant secou\u00e9 le S\u00e9n\u00e9gal entre f\u00e9vrier 2021 et f\u00e9vrier 2024.<\/p>\n<div class='share-to-whatsapp-wrapper'><div class='share-on-whsp'>PARTAGER SUR : <\/div><a data-text='OUSMANE SONKO A ZIGUINCHOR : \"Nous allons retirer la loi d'amnistie\"' data-link='https:\/\/www.nettali.com\/2024\/11\/02\/ousmane-sonko-a-ziguinchor-nous-allons-retirer-la-loi-damnistie\/' class='whatsapp-button whatsapp-share'>WhatsApp<\/a><div class='clear '><\/div><\/div>","protected":false},"excerpt":{"rendered":"<p>NETTALI.COM - La loi d'amnistie vot\u00e9e par le r\u00e9gime de Macky Sall avant son d\u00e9part sera retir\u00e9e. Du moins si Pastef a la majorit\u00e9 dans la prochaine Assembl\u00e9e nationale. L'assurance a \u00e9t\u00e9 donn\u00e9e par Ousmane Sonko ce vendredi. La t\u00eate de liste de Pastef \u00e9tait en meeting \u00e0 Ziguinchor.\u00a0 \"Beaucoup de gens ont perdu la [&hellip;]<\/p>\n","protected":false},"author":3,"featured_media":137872,"comment_status":"open","ping_status":"open","sticky":false,"template":"","format":"standard","meta":{"_et_pb_use_builder":"","_et_pb_old_content":""},"categories":[2],"tags":[],"yoast_head":"<!-- This site is optimized with the Yoast SEO Premium plugin v17.8 (Yoast SEO v17.8) - https:\/\/yoast.com\/wordpress\/plugins\/seo\/ -->\n<title>OUSMANE SONKO A ZIGUINCHOR : &quot;Nous allons retirer la loi d&#039;amnistie&quot; | Nettali.com<\/title>\n<meta name=\"robots\" content=\"index, follow, max-snippet:-1, max-image-preview:large, max-video-preview:-1\" \/>\n<link rel=\"canonical\" href=\"https:\/\/www.nettali.com\/2024\/11\/02\/ousmane-sonko-a-ziguinchor-nous-allons-retirer-la-loi-damnistie\/\" \/>\n<meta property=\"og:locale\" content=\"fr_FR\" \/>\n<meta property=\"og:type\" content=\"article\" \/>\n<meta property=\"og:title\" content=\"OUSMANE SONKO A ZIGUINCHOR : &quot;Nous allons retirer la loi d&#039;amnistie&quot;\" \/>\n<meta property=\"og:description\" content=\"NETTALI.COM - La loi d&#039;amnistie vot\u00e9e par le r\u00e9gime de Macky Sall avant son d\u00e9part sera retir\u00e9e. Du moins si Pastef a la majorit\u00e9 dans la prochaine Assembl\u00e9e nationale. L&#039;assurance a \u00e9t\u00e9 donn\u00e9e par Ousmane Sonko ce vendredi. La t\u00eate de liste de Pastef \u00e9tait en meeting \u00e0 Ziguinchor.\u00a0 &quot;Beaucoup de gens ont perdu la [&hellip;]\" \/>\n<meta property=\"og:url\" content=\"https:\/\/www.nettali.com\/2024\/11\/02\/ousmane-sonko-a-ziguinchor-nous-allons-retirer-la-loi-damnistie\/\" \/>\n<meta property=\"og:site_name\" content=\"Nettali.com\" \/>\n<meta property=\"article:publisher\" content=\"https:\/\/www.facebook.com\/nettalicom\" \/>\n<meta property=\"article:published_time\" content=\"2024-11-02T12:20:57+00:00\" \/>\n<meta property=\"article:modified_time\" content=\"2024-11-04T15:28:19+00:00\" \/>\n<meta property=\"og:image\" content=\"https:\/\/www.nettali.com\/wp-content\/uploads\/2024\/07\/ousmane-sonko-4.jpg\" \/>\n\t<meta property=\"og:image:width\" content=\"822\" \/>\n\t<meta property=\"og:image:height\" content=\"452\" \/>\n<meta name=\"twitter:card\" content=\"summary_large_image\" \/>\n<meta name=\"twitter:label1\" content=\"\u00c9crit par\" \/>\n\t<meta name=\"twitter:data1\" content=\"Moustapha\" \/>\n\t<meta name=\"twitter:label2\" content=\"Dur\u00e9e de lecture estim\u00e9e\" \/>\n\t<meta name=\"twitter:data2\" content=\"2 minutes\" \/>\n<script type=\"application\/ld+json\" class=\"yoast-schema-graph\">{\"@context\":\"https:\/\/schema.org\",\"@graph\":[{\"@type\":\"WebSite\",\"@id\":\"https:\/\/www.nettali.com\/#website\",\"url\":\"https:\/\/www.nettali.com\/\",\"name\":\"Nettali.com\",\"description\":\"Le rendez-vous critique du Net\",\"potentialAction\":[{\"@type\":\"SearchAction\",\"target\":{\"@type\":\"EntryPoint\",\"urlTemplate\":\"https:\/\/www.nettali.com\/?s={search_term_string}\"},\"query-input\":\"required name=search_term_string\"}],\"inLanguage\":\"fr-FR\"},{\"@type\":\"ImageObject\",\"@id\":\"https:\/\/www.nettali.com\/2024\/11\/02\/ousmane-sonko-a-ziguinchor-nous-allons-retirer-la-loi-damnistie\/#primaryimage\",\"inLanguage\":\"fr-FR\",\"url\":\"https:\/\/www.nettali.com\/wp-content\/uploads\/2024\/07\/ousmane-sonko-4.jpg\",\"contentUrl\":\"https:\/\/www.nettali.com\/wp-content\/uploads\/2024\/07\/ousmane-sonko-4.jpg\",\"width\":822,\"height\":452},{\"@type\":\"WebPage\",\"@id\":\"https:\/\/www.nettali.com\/2024\/11\/02\/ousmane-sonko-a-ziguinchor-nous-allons-retirer-la-loi-damnistie\/#webpage\",\"url\":\"https:\/\/www.nettali.com\/2024\/11\/02\/ousmane-sonko-a-ziguinchor-nous-allons-retirer-la-loi-damnistie\/\",\"name\":\"OUSMANE SONKO A ZIGUINCHOR : \\\"Nous allons retirer la loi d'amnistie\\\" | Nettali.com\",\"isPartOf\":{\"@id\":\"https:\/\/www.nettali.com\/#website\"},\"primaryImageOfPage\":{\"@id\":\"https:\/\/www.nettali.com\/2024\/11\/02\/ousmane-sonko-a-ziguinchor-nous-allons-retirer-la-loi-damnistie\/#primaryimage\"},\"datePublished\":\"2024-11-02T12:20:57+00:00\",\"dateModified\":\"2024-11-04T15:28:19+00:00\",\"author\":{\"@id\":\"https:\/\/www.nettali.com\/#\/schema\/person\/7962a12a6e0267f88f0ffa544c36469a\"},\"breadcrumb\":{\"@id\":\"https:\/\/www.nettali.com\/2024\/11\/02\/ousmane-sonko-a-ziguinchor-nous-allons-retirer-la-loi-damnistie\/#breadcrumb\"},\"inLanguage\":\"fr-FR\",\"potentialAction\":[{\"@type\":\"ReadAction\",\"target\":[\"https:\/\/www.nettali.com\/2024\/11\/02\/ousmane-sonko-a-ziguinchor-nous-allons-retirer-la-loi-damnistie\/\"]}]},{\"@type\":\"BreadcrumbList\",\"@id\":\"https:\/\/www.nettali.com\/2024\/11\/02\/ousmane-sonko-a-ziguinchor-nous-allons-retirer-la-loi-damnistie\/#breadcrumb\",\"itemListElement\":[{\"@type\":\"ListItem\",\"position\":1,\"name\":\"Accueil\",\"item\":\"https:\/\/www.nettali.com\/\"},{\"@type\":\"ListItem\",\"position\":2,\"name\":\"OUSMANE SONKO A ZIGUINCHOR : \\\"Nous allons retirer la loi d'amnistie\\\"\"}]},{\"@type\":\"Person\",\"@id\":\"https:\/\/www.nettali.com\/#\/schema\/person\/7962a12a6e0267f88f0ffa544c36469a\",\"name\":\"Moustapha\",\"image\":{\"@type\":\"ImageObject\",\"@id\":\"https:\/\/www.nettali.com\/#personlogo\",\"inLanguage\":\"fr-FR\",\"url\":\"https:\/\/secure.gravatar.com\/avatar\/10fdf6a071cccdcf374e3dbe45159590?s=96&d=mm&r=g\",\"contentUrl\":\"https:\/\/secure.gravatar.com\/avatar\/10fdf6a071cccdcf374e3dbe45159590?s=96&d=mm&r=g\",\"caption\":\"Moustapha\"},\"sameAs\":[\"https:\/\/www.nettali.com\"]}]}<\/script>\n<!-- \/ Yoast SEO Premium plugin. -->","yoast_head_json":{"title":"OUSMANE SONKO A ZIGUINCHOR : \"Nous allons retirer la loi d'amnistie\" | Nettali.com","robots":{"index":"index","follow":"follow","max-snippet":"max-snippet:-1","max-image-preview":"max-image-preview:large","max-video-preview":"max-video-preview:-1"},"canonical":"https:\/\/www.nettali.com\/2024\/11\/02\/ousmane-sonko-a-ziguinchor-nous-allons-retirer-la-loi-damnistie\/","og_locale":"fr_FR","og_type":"article","og_title":"OUSMANE SONKO A ZIGUINCHOR : \"Nous allons retirer la loi d'amnistie\"","og_description":"NETTALI.COM - La loi d'amnistie vot\u00e9e par le r\u00e9gime de Macky Sall avant son d\u00e9part sera retir\u00e9e. Du moins si Pastef a la majorit\u00e9 dans la prochaine Assembl\u00e9e nationale. L'assurance a \u00e9t\u00e9 donn\u00e9e par Ousmane Sonko ce vendredi. La t\u00eate de liste de Pastef \u00e9tait en meeting \u00e0 Ziguinchor.\u00a0 \"Beaucoup de gens ont perdu la [&hellip;]","og_url":"https:\/\/www.nettali.com\/2024\/11\/02\/ousmane-sonko-a-ziguinchor-nous-allons-retirer-la-loi-damnistie\/","og_site_name":"Nettali.com","article_publisher":"https:\/\/www.facebook.com\/nettalicom","article_published_time":"2024-11-02T12:20:57+00:00","article_modified_time":"2024-11-04T15:28:19+00:00","og_image":[{"width":822,"height":452,"url":"https:\/\/www.nettali.com\/wp-content\/uploads\/2024\/07\/ousmane-sonko-4.jpg","type":"image\/jpeg"}],"twitter_card":"summary_large_image","twitter_misc":{"\u00c9crit par":"Moustapha","Dur\u00e9e de lecture estim\u00e9e":"2 minutes"},"schema":{"@context":"https:\/\/schema.org","@graph":[{"@type":"WebSite","@id":"https:\/\/www.nettali.com\/#website","url":"https:\/\/www.nettali.com\/","name":"Nettali.com","description":"Le rendez-vous critique du Net","potentialAction":[{"@type":"SearchAction","target":{"@type":"EntryPoint","urlTemplate":"https:\/\/www.nettali.com\/?s={search_term_string}"},"query-input":"required name=search_term_string"}],"inLanguage":"fr-FR"},{"@type":"ImageObject","@id":"https:\/\/www.nettali.com\/2024\/11\/02\/ousmane-sonko-a-ziguinchor-nous-allons-retirer-la-loi-damnistie\/#primaryimage","inLanguage":"fr-FR","url":"https:\/\/www.nettali.com\/wp-content\/uploads\/2024\/07\/ousmane-sonko-4.jpg","contentUrl":"https:\/\/www.nettali.com\/wp-content\/uploads\/2024\/07\/ousmane-sonko-4.jpg","width":822,"height":452},{"@type":"WebPage","@id":"https:\/\/www.nettali.com\/2024\/11\/02\/ousmane-sonko-a-ziguinchor-nous-allons-retirer-la-loi-damnistie\/#webpage","url":"https:\/\/www.nettali.com\/2024\/11\/02\/ousmane-sonko-a-ziguinchor-nous-allons-retirer-la-loi-damnistie\/","name":"OUSMANE SONKO A ZIGUINCHOR : \"Nous allons retirer la loi d'amnistie\" | Nettali.com","isPartOf":{"@id":"https:\/\/www.nettali.com\/#website"},"primaryImageOfPage":{"@id":"https:\/\/www.nettali.com\/2024\/11\/02\/ousmane-sonko-a-ziguinchor-nous-allons-retirer-la-loi-damnistie\/#primaryimage"},"datePublished":"2024-11-02T12:20:57+00:00","dateModified":"2024-11-04T15:28:19+00:00","author":{"@id":"https:\/\/www.nettali.com\/#\/schema\/person\/7962a12a6e0267f88f0ffa544c36469a"},"breadcrumb":{"@id":"https:\/\/www.nettali.com\/2024\/11\/02\/ousmane-sonko-a-ziguinchor-nous-allons-retirer-la-loi-damnistie\/#breadcrumb"},"inLanguage":"fr-FR","potentialAction":[{"@type":"ReadAction","target":["https:\/\/www.nettali.com\/2024\/11\/02\/ousmane-sonko-a-ziguinchor-nous-allons-retirer-la-loi-damnistie\/"]}]},{"@type":"BreadcrumbList","@id":"https:\/\/www.nettali.com\/2024\/11\/02\/ousmane-sonko-a-ziguinchor-nous-allons-retirer-la-loi-damnistie\/#breadcrumb","itemListElement":[{"@type":"ListItem","position":1,"name":"Accueil","item":"https:\/\/www.nettali.com\/"},{"@type":"ListItem","position":2,"name":"OUSMANE SONKO A ZIGUINCHOR : \"Nous allons retirer la loi d'amnistie\""}]},{"@type":"Person","@id":"https:\/\/www.nettali.com\/#\/schema\/person\/7962a12a6e0267f88f0ffa544c36469a","name":"Moustapha","image":{"@type":"ImageObject","@id":"https:\/\/www.nettali.com\/#personlogo","inLanguage":"fr-FR","url":"https:\/\/secure.gravatar.com\/avatar\/10fdf6a071cccdcf374e3dbe45159590?s=96&d=mm&r=g","contentUrl":"https:\/\/secure.gravatar.com\/avatar\/10fdf6a071cccdcf374e3dbe45159590?s=96&d=mm&r=g","caption":"Moustapha"},"sameAs":["https:\/\/www.nettali.com"]}]}},"_links":{"self":[{"href":"https:\/\/www.nettali.com\/rest\/wp\/v2\/posts\/143100"}],"collection":[{"href":"https:\/\/www.nettali.com\/rest\/wp\/v2\/posts"}],"about":[{"href":"https:\/\/www.nettali.com\/rest\/wp\/v2\/types\/post"}],"author":[{"embeddable":true,"href":"https:\/\/www.nettali.com\/rest\/wp\/v2\/users\/3"}],"replies":[{"embeddable":true,"href":"https:\/\/www.nettali.com\/rest\/wp\/v2\/comments?post=143100"}],"version-history":[{"count":1,"href":"https:\/\/www.nettali.com\/rest\/wp\/v2\/posts\/143100\/revisions"}],"predecessor-version":[{"id":143103,"href":"https:\/\/www.nettali.com\/rest\/wp\/v2\/posts\/143100\/revisions\/143103"}],"wp:featuredmedia":[{"embeddable":true,"href":"https:\/\/www.nettali.com\/rest\/wp\/v2\/media\/137872"}],"wp:attachment":[{"href":"https:\/\/www.nettali.com\/rest\/wp\/v2\/media?parent=143100"}],"wp:term":[{"taxonomy":"category","embeddable":true,"href":"https:\/\/www.nettali.com\/rest\/wp\/v2\/categories?post=143100"},{"taxonomy":"post_tag","embeddable":true,"href":"https:\/\/www.nettali.com\/rest\/wp\/v2\/tags?post=143100"}],"curies":[{"name":"wp","href":"https:\/\/api.w.org\/{rel}","templated":true}]}}