{"id":143080,"date":"2024-11-02T07:49:51","date_gmt":"2024-11-02T07:49:51","guid":{"rendered":"https:\/\/www.nettali.com\/?p=143080"},"modified":"2024-11-02T08:12:00","modified_gmt":"2024-11-02T08:12:00","slug":"ousmane-sonko-a-medina-baye","status":"publish","type":"post","link":"https:\/\/www.nettali.com\/2024\/11\/02\/ousmane-sonko-a-medina-baye\/","title":{"rendered":"CAMPAGNE DES LEGISLATIVES - Ousmane Sonko \u00e0 M\u00e9dina Baye"},"content":{"rendered":"<p><strong>NETTALI.COM -<\/strong> Le Pr\u00e9sident du parti Pastef, Ousmane Sonko, accompagn\u00e9 d\u2019une d\u00e9l\u00e9gation et du Maire de la commune de Kaolack, a rendu visite au Khalife g\u00e9n\u00e9ral de M\u00e9dina Baye, Cheikh Mouhamed Mahi Niasse. Ils se sont entretenus en priv\u00e9. \u00c0 la sortie, Cheikh Mahi Niasse a demand\u00e9 \u00e0 Ousmane Sonko d\u2019aider Kaolack dans le domaine de l\u2019assainissement, m\u00eame si le maire Serigne Mboup fait des efforts importants dans ce domaine.<\/p>\n<p>Apr\u00e8s cette \u00e9tape, il s'est rendu chez le Khalife de L\u00e9ona Niass\u00e8ne, Cheikh Ahmed Tidiane Niasse. \u201c<em>Depuis 2022, nous \u00e9tions dans des difficult\u00e9s, c\u2019est pour cela que nous ne pouvions pas venir vous rendre visite<\/em>\u201d, a d\u00e9clar\u00e9 Ousmane Sonko.<\/p>\n<p>Il annonce qu\u2019un budget sera d\u00e9gag\u00e9 pour assurer les besoins des foyers religieux.<\/p>\n<div class='share-to-whatsapp-wrapper'><div class='share-on-whsp'>PARTAGER SUR : <\/div><a data-text='CAMPAGNE DES LEGISLATIVES - Ousmane Sonko \u00e0 M\u00e9dina Baye' data-link='https:\/\/www.nettali.com\/2024\/11\/02\/ousmane-sonko-a-medina-baye\/' class='whatsapp-button whatsapp-share'>WhatsApp<\/a><div class='clear '><\/div><\/div>","protected":false},"excerpt":{"rendered":"<p>NETTALI.COM - Le Pr\u00e9sident du parti Pastef, Ousmane Sonko, accompagn\u00e9 d\u2019une d\u00e9l\u00e9gation et du Maire de la commune de Kaolack, a rendu visite au Khalife g\u00e9n\u00e9ral de M\u00e9dina Baye, Cheikh Mouhamed Mahi Niasse. Ils se sont entretenus en priv\u00e9. \u00c0 la sortie, Cheikh Mahi Niasse a demand\u00e9 \u00e0 Ousmane Sonko d\u2019aider Kaolack dans le domaine [&hellip;]<\/p>\n","protected":false},"author":2,"featured_media":143081,"comment_status":"open","ping_status":"open","sticky":false,"template":"","format":"standard","meta":{"_et_pb_use_builder":"","_et_pb_old_content":""},"categories":[2],"tags":[],"yoast_head":"<!-- This site is optimized with the Yoast SEO Premium plugin v17.8 (Yoast SEO v17.8) - https:\/\/yoast.com\/wordpress\/plugins\/seo\/ -->\n<title>CAMPAGNE DES LEGISLATIVES - Ousmane Sonko \u00e0 M\u00e9dina Baye | Nettali.com<\/title>\n<meta name=\"robots\" content=\"index, follow, max-snippet:-1, max-image-preview:large, max-video-preview:-1\" \/>\n<link rel=\"canonical\" href=\"https:\/\/www.nettali.com\/2024\/11\/02\/ousmane-sonko-a-medina-baye\/\" \/>\n<meta property=\"og:locale\" content=\"fr_FR\" \/>\n<meta property=\"og:type\" content=\"article\" \/>\n<meta property=\"og:title\" content=\"CAMPAGNE DES LEGISLATIVES - Ousmane Sonko \u00e0 M\u00e9dina Baye\" \/>\n<meta property=\"og:description\" content=\"NETTALI.COM - Le Pr\u00e9sident du parti Pastef, Ousmane Sonko, accompagn\u00e9 d\u2019une d\u00e9l\u00e9gation et du Maire de la commune de Kaolack, a rendu visite au Khalife g\u00e9n\u00e9ral de M\u00e9dina Baye, Cheikh Mouhamed Mahi Niasse. Ils se sont entretenus en priv\u00e9. \u00c0 la sortie, Cheikh Mahi Niasse a demand\u00e9 \u00e0 Ousmane Sonko d\u2019aider Kaolack dans le domaine [&hellip;]\" \/>\n<meta property=\"og:url\" content=\"https:\/\/www.nettali.com\/2024\/11\/02\/ousmane-sonko-a-medina-baye\/\" \/>\n<meta property=\"og:site_name\" content=\"Nettali.com\" \/>\n<meta property=\"article:publisher\" content=\"https:\/\/www.facebook.com\/nettalicom\" \/>\n<meta property=\"article:published_time\" content=\"2024-11-02T07:49:51+00:00\" \/>\n<meta property=\"article:modified_time\" content=\"2024-11-02T08:12:00+00:00\" \/>\n<meta property=\"og:image\" content=\"https:\/\/www.nettali.com\/wp-content\/uploads\/2024\/11\/83894466-59969944.jpg\" \/>\n\t<meta property=\"og:image:width\" content=\"2560\" \/>\n\t<meta property=\"og:image:height\" content=\"1706\" \/>\n<meta name=\"twitter:card\" content=\"summary_large_image\" \/>\n<meta name=\"twitter:label1\" content=\"\u00c9crit par\" \/>\n\t<meta name=\"twitter:data1\" content=\"CK\" \/>\n\t<meta name=\"twitter:label2\" content=\"Dur\u00e9e de lecture estim\u00e9e\" \/>\n\t<meta name=\"twitter:data2\" content=\"1 minute\" \/>\n<script type=\"application\/ld+json\" class=\"yoast-schema-graph\">{\"@context\":\"https:\/\/schema.org\",\"@graph\":[{\"@type\":\"WebSite\",\"@id\":\"https:\/\/www.nettali.com\/#website\",\"url\":\"https:\/\/www.nettali.com\/\",\"name\":\"Nettali.com\",\"description\":\"Le rendez-vous critique du Net\",\"potentialAction\":[{\"@type\":\"SearchAction\",\"target\":{\"@type\":\"EntryPoint\",\"urlTemplate\":\"https:\/\/www.nettali.com\/?s={search_term_string}\"},\"query-input\":\"required name=search_term_string\"}],\"inLanguage\":\"fr-FR\"},{\"@type\":\"ImageObject\",\"@id\":\"https:\/\/www.nettali.com\/2024\/11\/02\/ousmane-sonko-a-medina-baye\/#primaryimage\",\"inLanguage\":\"fr-FR\",\"url\":\"https:\/\/www.nettali.com\/wp-content\/uploads\/2024\/11\/83894466-59969944.jpg\",\"contentUrl\":\"https:\/\/www.nettali.com\/wp-content\/uploads\/2024\/11\/83894466-59969944.jpg\",\"width\":2560,\"height\":1706},{\"@type\":\"WebPage\",\"@id\":\"https:\/\/www.nettali.com\/2024\/11\/02\/ousmane-sonko-a-medina-baye\/#webpage\",\"url\":\"https:\/\/www.nettali.com\/2024\/11\/02\/ousmane-sonko-a-medina-baye\/\",\"name\":\"CAMPAGNE DES LEGISLATIVES - Ousmane Sonko \\u00e0 M\\u00e9dina Baye | Nettali.com\",\"isPartOf\":{\"@id\":\"https:\/\/www.nettali.com\/#website\"},\"primaryImageOfPage\":{\"@id\":\"https:\/\/www.nettali.com\/2024\/11\/02\/ousmane-sonko-a-medina-baye\/#primaryimage\"},\"datePublished\":\"2024-11-02T07:49:51+00:00\",\"dateModified\":\"2024-11-02T08:12:00+00:00\",\"author\":{\"@id\":\"https:\/\/www.nettali.com\/#\/schema\/person\/d8ac7b7e27ddad43f1c0d2ef090d7f71\"},\"breadcrumb\":{\"@id\":\"https:\/\/www.nettali.com\/2024\/11\/02\/ousmane-sonko-a-medina-baye\/#breadcrumb\"},\"inLanguage\":\"fr-FR\",\"potentialAction\":[{\"@type\":\"ReadAction\",\"target\":[\"https:\/\/www.nettali.com\/2024\/11\/02\/ousmane-sonko-a-medina-baye\/\"]}]},{\"@type\":\"BreadcrumbList\",\"@id\":\"https:\/\/www.nettali.com\/2024\/11\/02\/ousmane-sonko-a-medina-baye\/#breadcrumb\",\"itemListElement\":[{\"@type\":\"ListItem\",\"position\":1,\"name\":\"Accueil\",\"item\":\"https:\/\/www.nettali.com\/\"},{\"@type\":\"ListItem\",\"position\":2,\"name\":\"CAMPAGNE DES LEGISLATIVES - Ousmane Sonko \\u00e0 M\\u00e9dina Baye\"}]},{\"@type\":\"Person\",\"@id\":\"https:\/\/www.nettali.com\/#\/schema\/person\/d8ac7b7e27ddad43f1c0d2ef090d7f71\",\"name\":\"CK\",\"image\":{\"@type\":\"ImageObject\",\"@id\":\"https:\/\/www.nettali.com\/#personlogo\",\"inLanguage\":\"fr-FR\",\"url\":\"https:\/\/secure.gravatar.com\/avatar\/1d8d5118b9327d94da7cd4ce7f17fec2?s=96&d=mm&r=g\",\"contentUrl\":\"https:\/\/secure.gravatar.com\/avatar\/1d8d5118b9327d94da7cd4ce7f17fec2?s=96&d=mm&r=g\",\"caption\":\"CK\"},\"sameAs\":[\"https:\/\/www.nettali.com\"]}]}<\/script>\n<!-- \/ Yoast SEO Premium plugin. -->","yoast_head_json":{"title":"CAMPAGNE DES LEGISLATIVES - Ousmane Sonko \u00e0 M\u00e9dina Baye | Nettali.com","robots":{"index":"index","follow":"follow","max-snippet":"max-snippet:-1","max-image-preview":"max-image-preview:large","max-video-preview":"max-video-preview:-1"},"canonical":"https:\/\/www.nettali.com\/2024\/11\/02\/ousmane-sonko-a-medina-baye\/","og_locale":"fr_FR","og_type":"article","og_title":"CAMPAGNE DES LEGISLATIVES - Ousmane Sonko \u00e0 M\u00e9dina Baye","og_description":"NETTALI.COM - Le Pr\u00e9sident du parti Pastef, Ousmane Sonko, accompagn\u00e9 d\u2019une d\u00e9l\u00e9gation et du Maire de la commune de Kaolack, a rendu visite au Khalife g\u00e9n\u00e9ral de M\u00e9dina Baye, Cheikh Mouhamed Mahi Niasse. Ils se sont entretenus en priv\u00e9. \u00c0 la sortie, Cheikh Mahi Niasse a demand\u00e9 \u00e0 Ousmane Sonko d\u2019aider Kaolack dans le domaine [&hellip;]","og_url":"https:\/\/www.nettali.com\/2024\/11\/02\/ousmane-sonko-a-medina-baye\/","og_site_name":"Nettali.com","article_publisher":"https:\/\/www.facebook.com\/nettalicom","article_published_time":"2024-11-02T07:49:51+00:00","article_modified_time":"2024-11-02T08:12:00+00:00","og_image":[{"width":2560,"height":1706,"url":"https:\/\/www.nettali.com\/wp-content\/uploads\/2024\/11\/83894466-59969944.jpg","type":"image\/jpeg"}],"twitter_card":"summary_large_image","twitter_misc":{"\u00c9crit par":"CK","Dur\u00e9e de lecture estim\u00e9e":"1 minute"},"schema":{"@context":"https:\/\/schema.org","@graph":[{"@type":"WebSite","@id":"https:\/\/www.nettali.com\/#website","url":"https:\/\/www.nettali.com\/","name":"Nettali.com","description":"Le rendez-vous critique du Net","potentialAction":[{"@type":"SearchAction","target":{"@type":"EntryPoint","urlTemplate":"https:\/\/www.nettali.com\/?s={search_term_string}"},"query-input":"required name=search_term_string"}],"inLanguage":"fr-FR"},{"@type":"ImageObject","@id":"https:\/\/www.nettali.com\/2024\/11\/02\/ousmane-sonko-a-medina-baye\/#primaryimage","inLanguage":"fr-FR","url":"https:\/\/www.nettali.com\/wp-content\/uploads\/2024\/11\/83894466-59969944.jpg","contentUrl":"https:\/\/www.nettali.com\/wp-content\/uploads\/2024\/11\/83894466-59969944.jpg","width":2560,"height":1706},{"@type":"WebPage","@id":"https:\/\/www.nettali.com\/2024\/11\/02\/ousmane-sonko-a-medina-baye\/#webpage","url":"https:\/\/www.nettali.com\/2024\/11\/02\/ousmane-sonko-a-medina-baye\/","name":"CAMPAGNE DES LEGISLATIVES - Ousmane Sonko \u00e0 M\u00e9dina Baye | Nettali.com","isPartOf":{"@id":"https:\/\/www.nettali.com\/#website"},"primaryImageOfPage":{"@id":"https:\/\/www.nettali.com\/2024\/11\/02\/ousmane-sonko-a-medina-baye\/#primaryimage"},"datePublished":"2024-11-02T07:49:51+00:00","dateModified":"2024-11-02T08:12:00+00:00","author":{"@id":"https:\/\/www.nettali.com\/#\/schema\/person\/d8ac7b7e27ddad43f1c0d2ef090d7f71"},"breadcrumb":{"@id":"https:\/\/www.nettali.com\/2024\/11\/02\/ousmane-sonko-a-medina-baye\/#breadcrumb"},"inLanguage":"fr-FR","potentialAction":[{"@type":"ReadAction","target":["https:\/\/www.nettali.com\/2024\/11\/02\/ousmane-sonko-a-medina-baye\/"]}]},{"@type":"BreadcrumbList","@id":"https:\/\/www.nettali.com\/2024\/11\/02\/ousmane-sonko-a-medina-baye\/#breadcrumb","itemListElement":[{"@type":"ListItem","position":1,"name":"Accueil","item":"https:\/\/www.nettali.com\/"},{"@type":"ListItem","position":2,"name":"CAMPAGNE DES LEGISLATIVES - Ousmane Sonko \u00e0 M\u00e9dina Baye"}]},{"@type":"Person","@id":"https:\/\/www.nettali.com\/#\/schema\/person\/d8ac7b7e27ddad43f1c0d2ef090d7f71","name":"CK","image":{"@type":"ImageObject","@id":"https:\/\/www.nettali.com\/#personlogo","inLanguage":"fr-FR","url":"https:\/\/secure.gravatar.com\/avatar\/1d8d5118b9327d94da7cd4ce7f17fec2?s=96&d=mm&r=g","contentUrl":"https:\/\/secure.gravatar.com\/avatar\/1d8d5118b9327d94da7cd4ce7f17fec2?s=96&d=mm&r=g","caption":"CK"},"sameAs":["https:\/\/www.nettali.com"]}]}},"_links":{"self":[{"href":"https:\/\/www.nettali.com\/rest\/wp\/v2\/posts\/143080"}],"collection":[{"href":"https:\/\/www.nettali.com\/rest\/wp\/v2\/posts"}],"about":[{"href":"https:\/\/www.nettali.com\/rest\/wp\/v2\/types\/post"}],"author":[{"embeddable":true,"href":"https:\/\/www.nettali.com\/rest\/wp\/v2\/users\/2"}],"replies":[{"embeddable":true,"href":"https:\/\/www.nettali.com\/rest\/wp\/v2\/comments?post=143080"}],"version-history":[{"count":2,"href":"https:\/\/www.nettali.com\/rest\/wp\/v2\/posts\/143080\/revisions"}],"predecessor-version":[{"id":143090,"href":"https:\/\/www.nettali.com\/rest\/wp\/v2\/posts\/143080\/revisions\/143090"}],"wp:featuredmedia":[{"embeddable":true,"href":"https:\/\/www.nettali.com\/rest\/wp\/v2\/media\/143081"}],"wp:attachment":[{"href":"https:\/\/www.nettali.com\/rest\/wp\/v2\/media?parent=143080"}],"wp:term":[{"taxonomy":"category","embeddable":true,"href":"https:\/\/www.nettali.com\/rest\/wp\/v2\/categories?post=143080"},{"taxonomy":"post_tag","embeddable":true,"href":"https:\/\/www.nettali.com\/rest\/wp\/v2\/tags?post=143080"}],"curies":[{"name":"wp","href":"https:\/\/api.w.org\/{rel}","templated":true}]}}