{"id":143037,"date":"2024-11-01T10:04:38","date_gmt":"2024-11-01T10:04:38","guid":{"rendered":"https:\/\/www.nettali.com\/?p=143037"},"modified":"2024-11-01T10:04:38","modified_gmt":"2024-11-01T10:04:38","slug":"liga-le-match-valence-vs-real-madrid-reporte","status":"publish","type":"post","link":"https:\/\/www.nettali.com\/2024\/11\/01\/liga-le-match-valence-vs-real-madrid-reporte\/","title":{"rendered":"LIGA - Le match Valence vs Real Madrid report\u00e9"},"content":{"rendered":"<p><strong>NETTALI.COM - Le club de Valence CF a annonc\u00e9 ce jeudi 31 octobre le report de son match de Liga contre le Real Madrid, initialement pr\u00e9vu pour ce samedi. Cette d\u00e9cision fait suite aux graves inondations caus\u00e9es par la DANA qui ont frapp\u00e9 la r\u00e9gion de Valence, entra\u00eenant de nombreuses pertes humaines et mat\u00e9rielles.<\/strong><\/p>\n<p>\"<em>En raison de la catastrophe naturelle qui s\u2019est produite dans la Communaut\u00e9 de Valence \u00e0 la suite d\u2019un ouragan, ayant d\u00e9cr\u00e9t\u00e9 trois jours de deuil officiel avec la suspension des comp\u00e9titions sportives dans ladite Communaut\u00e9 autonome, une demande de report a \u00e9t\u00e9 re\u00e7ue de la LIGA F, apr\u00e8s avoir discut\u00e9 avec tous les clubs impliqu\u00e9s.<\/em><\/p>\n<p><em>Compte tenu de l\u2019existence d\u2019une cause de force majeure d\u00e9riv\u00e9e des \u00e9v\u00e9nements mentionn\u00e9s, il convient d\u2019accepter le report des matchs pr\u00e9vus<\/em>\" , a expliqu\u00e9 le juge unique des comp\u00e9titions professionnelles en Espagne.<\/p>\n<p>Dans un communiqu\u00e9 officiel publi\u00e9 sur ses r\u00e9seaux sociaux, le club de Valence exprime ses plus sinc\u00e8res condol\u00e9ances aux familles des victimes et assure son soutien aux autorit\u00e9s locales dans les op\u00e9rations de secours et de reconstruction.<\/p>\n<p>\"<em>En ces temps difficiles, nos pens\u00e9es vont tout d\u2019abord aux victimes de cette catastrophe naturelle<\/em>\", a d\u00e9clar\u00e9 le club dans son communiqu\u00e9. \"<em>Le football passe au second plan face \u00e0 l\u2019ampleur du drame que nous traversons<\/em>.\"<\/p>\n<p>La nouvelle date de ce match, qui devait initialement compter pour la 12\u00e8me journ\u00e9e de Liga, n\u2019a pas encore \u00e9t\u00e9 communiqu\u00e9e.<\/p>\n<div class='share-to-whatsapp-wrapper'><div class='share-on-whsp'>PARTAGER SUR : <\/div><a data-text='LIGA - Le match Valence vs Real Madrid report\u00e9' data-link='https:\/\/www.nettali.com\/2024\/11\/01\/liga-le-match-valence-vs-real-madrid-reporte\/' class='whatsapp-button whatsapp-share'>WhatsApp<\/a><div class='clear '><\/div><\/div>","protected":false},"excerpt":{"rendered":"<p>NETTALI.COM - Le club de Valence CF a annonc\u00e9 ce jeudi 31 octobre le report de son match de Liga contre le Real Madrid, initialement pr\u00e9vu pour ce samedi. Cette d\u00e9cision fait suite aux graves inondations caus\u00e9es par la DANA qui ont frapp\u00e9 la r\u00e9gion de Valence, entra\u00eenant de nombreuses pertes humaines et mat\u00e9rielles. \"En [&hellip;]<\/p>\n","protected":false},"author":5,"featured_media":143034,"comment_status":"open","ping_status":"open","sticky":false,"template":"","format":"standard","meta":{"_et_pb_use_builder":"","_et_pb_old_content":""},"categories":[6],"tags":[],"yoast_head":"<!-- This site is optimized with the Yoast SEO Premium plugin v17.8 (Yoast SEO v17.8) - https:\/\/yoast.com\/wordpress\/plugins\/seo\/ -->\n<title>LIGA - Le match Valence vs Real Madrid report\u00e9 | Nettali.com<\/title>\n<meta name=\"robots\" content=\"index, follow, max-snippet:-1, max-image-preview:large, max-video-preview:-1\" \/>\n<link rel=\"canonical\" href=\"https:\/\/www.nettali.com\/2024\/11\/01\/liga-le-match-valence-vs-real-madrid-reporte\/\" \/>\n<meta property=\"og:locale\" content=\"fr_FR\" \/>\n<meta property=\"og:type\" content=\"article\" \/>\n<meta property=\"og:title\" content=\"LIGA - Le match Valence vs Real Madrid report\u00e9\" \/>\n<meta property=\"og:description\" content=\"NETTALI.COM - Le club de Valence CF a annonc\u00e9 ce jeudi 31 octobre le report de son match de Liga contre le Real Madrid, initialement pr\u00e9vu pour ce samedi. Cette d\u00e9cision fait suite aux graves inondations caus\u00e9es par la DANA qui ont frapp\u00e9 la r\u00e9gion de Valence, entra\u00eenant de nombreuses pertes humaines et mat\u00e9rielles. &quot;En [&hellip;]\" \/>\n<meta property=\"og:url\" content=\"https:\/\/www.nettali.com\/2024\/11\/01\/liga-le-match-valence-vs-real-madrid-reporte\/\" \/>\n<meta property=\"og:site_name\" content=\"Nettali.com\" \/>\n<meta property=\"article:publisher\" content=\"https:\/\/www.facebook.com\/nettalicom\" \/>\n<meta property=\"article:published_time\" content=\"2024-11-01T10:04:38+00:00\" \/>\n<meta property=\"og:image\" content=\"https:\/\/www.nettali.com\/wp-content\/uploads\/2024\/10\/3709607-75482068-2560-1440.png\" \/>\n\t<meta property=\"og:image:width\" content=\"1200\" \/>\n\t<meta property=\"og:image:height\" content=\"675\" \/>\n<meta name=\"twitter:card\" content=\"summary_large_image\" \/>\n<meta name=\"twitter:label1\" content=\"\u00c9crit par\" \/>\n\t<meta name=\"twitter:data1\" content=\"Ibrahima\" \/>\n\t<meta name=\"twitter:label2\" content=\"Dur\u00e9e de lecture estim\u00e9e\" \/>\n\t<meta name=\"twitter:data2\" content=\"2 minutes\" \/>\n<script type=\"application\/ld+json\" class=\"yoast-schema-graph\">{\"@context\":\"https:\/\/schema.org\",\"@graph\":[{\"@type\":\"WebSite\",\"@id\":\"https:\/\/www.nettali.com\/#website\",\"url\":\"https:\/\/www.nettali.com\/\",\"name\":\"Nettali.com\",\"description\":\"Le rendez-vous critique du Net\",\"potentialAction\":[{\"@type\":\"SearchAction\",\"target\":{\"@type\":\"EntryPoint\",\"urlTemplate\":\"https:\/\/www.nettali.com\/?s={search_term_string}\"},\"query-input\":\"required name=search_term_string\"}],\"inLanguage\":\"fr-FR\"},{\"@type\":\"ImageObject\",\"@id\":\"https:\/\/www.nettali.com\/2024\/11\/01\/liga-le-match-valence-vs-real-madrid-reporte\/#primaryimage\",\"inLanguage\":\"fr-FR\",\"url\":\"https:\/\/www.nettali.com\/wp-content\/uploads\/2024\/10\/3709607-75482068-2560-1440.png\",\"contentUrl\":\"https:\/\/www.nettali.com\/wp-content\/uploads\/2024\/10\/3709607-75482068-2560-1440.png\",\"width\":1200,\"height\":675},{\"@type\":\"WebPage\",\"@id\":\"https:\/\/www.nettali.com\/2024\/11\/01\/liga-le-match-valence-vs-real-madrid-reporte\/#webpage\",\"url\":\"https:\/\/www.nettali.com\/2024\/11\/01\/liga-le-match-valence-vs-real-madrid-reporte\/\",\"name\":\"LIGA - Le match Valence vs Real Madrid report\\u00e9 | Nettali.com\",\"isPartOf\":{\"@id\":\"https:\/\/www.nettali.com\/#website\"},\"primaryImageOfPage\":{\"@id\":\"https:\/\/www.nettali.com\/2024\/11\/01\/liga-le-match-valence-vs-real-madrid-reporte\/#primaryimage\"},\"datePublished\":\"2024-11-01T10:04:38+00:00\",\"dateModified\":\"2024-11-01T10:04:38+00:00\",\"author\":{\"@id\":\"https:\/\/www.nettali.com\/#\/schema\/person\/bb147657c2986240405a608162b9bb23\"},\"breadcrumb\":{\"@id\":\"https:\/\/www.nettali.com\/2024\/11\/01\/liga-le-match-valence-vs-real-madrid-reporte\/#breadcrumb\"},\"inLanguage\":\"fr-FR\",\"potentialAction\":[{\"@type\":\"ReadAction\",\"target\":[\"https:\/\/www.nettali.com\/2024\/11\/01\/liga-le-match-valence-vs-real-madrid-reporte\/\"]}]},{\"@type\":\"BreadcrumbList\",\"@id\":\"https:\/\/www.nettali.com\/2024\/11\/01\/liga-le-match-valence-vs-real-madrid-reporte\/#breadcrumb\",\"itemListElement\":[{\"@type\":\"ListItem\",\"position\":1,\"name\":\"Accueil\",\"item\":\"https:\/\/www.nettali.com\/\"},{\"@type\":\"ListItem\",\"position\":2,\"name\":\"LIGA - Le match Valence vs Real Madrid report\\u00e9\"}]},{\"@type\":\"Person\",\"@id\":\"https:\/\/www.nettali.com\/#\/schema\/person\/bb147657c2986240405a608162b9bb23\",\"name\":\"Ibrahima\",\"image\":{\"@type\":\"ImageObject\",\"@id\":\"https:\/\/www.nettali.com\/#personlogo\",\"inLanguage\":\"fr-FR\",\"url\":\"https:\/\/secure.gravatar.com\/avatar\/26a8a81f09f0dd7624c9d5c36c9ba3a2?s=96&d=mm&r=g\",\"contentUrl\":\"https:\/\/secure.gravatar.com\/avatar\/26a8a81f09f0dd7624c9d5c36c9ba3a2?s=96&d=mm&r=g\",\"caption\":\"Ibrahima\"},\"sameAs\":[\"https:\/\/www.nettali.com\"]}]}<\/script>\n<!-- \/ Yoast SEO Premium plugin. -->","yoast_head_json":{"title":"LIGA - Le match Valence vs Real Madrid report\u00e9 | Nettali.com","robots":{"index":"index","follow":"follow","max-snippet":"max-snippet:-1","max-image-preview":"max-image-preview:large","max-video-preview":"max-video-preview:-1"},"canonical":"https:\/\/www.nettali.com\/2024\/11\/01\/liga-le-match-valence-vs-real-madrid-reporte\/","og_locale":"fr_FR","og_type":"article","og_title":"LIGA - Le match Valence vs Real Madrid report\u00e9","og_description":"NETTALI.COM - Le club de Valence CF a annonc\u00e9 ce jeudi 31 octobre le report de son match de Liga contre le Real Madrid, initialement pr\u00e9vu pour ce samedi. Cette d\u00e9cision fait suite aux graves inondations caus\u00e9es par la DANA qui ont frapp\u00e9 la r\u00e9gion de Valence, entra\u00eenant de nombreuses pertes humaines et mat\u00e9rielles. \"En [&hellip;]","og_url":"https:\/\/www.nettali.com\/2024\/11\/01\/liga-le-match-valence-vs-real-madrid-reporte\/","og_site_name":"Nettali.com","article_publisher":"https:\/\/www.facebook.com\/nettalicom","article_published_time":"2024-11-01T10:04:38+00:00","og_image":[{"width":1200,"height":675,"url":"https:\/\/www.nettali.com\/wp-content\/uploads\/2024\/10\/3709607-75482068-2560-1440.png","type":"image\/png"}],"twitter_card":"summary_large_image","twitter_misc":{"\u00c9crit par":"Ibrahima","Dur\u00e9e de lecture estim\u00e9e":"2 minutes"},"schema":{"@context":"https:\/\/schema.org","@graph":[{"@type":"WebSite","@id":"https:\/\/www.nettali.com\/#website","url":"https:\/\/www.nettali.com\/","name":"Nettali.com","description":"Le rendez-vous critique du Net","potentialAction":[{"@type":"SearchAction","target":{"@type":"EntryPoint","urlTemplate":"https:\/\/www.nettali.com\/?s={search_term_string}"},"query-input":"required name=search_term_string"}],"inLanguage":"fr-FR"},{"@type":"ImageObject","@id":"https:\/\/www.nettali.com\/2024\/11\/01\/liga-le-match-valence-vs-real-madrid-reporte\/#primaryimage","inLanguage":"fr-FR","url":"https:\/\/www.nettali.com\/wp-content\/uploads\/2024\/10\/3709607-75482068-2560-1440.png","contentUrl":"https:\/\/www.nettali.com\/wp-content\/uploads\/2024\/10\/3709607-75482068-2560-1440.png","width":1200,"height":675},{"@type":"WebPage","@id":"https:\/\/www.nettali.com\/2024\/11\/01\/liga-le-match-valence-vs-real-madrid-reporte\/#webpage","url":"https:\/\/www.nettali.com\/2024\/11\/01\/liga-le-match-valence-vs-real-madrid-reporte\/","name":"LIGA - Le match Valence vs Real Madrid report\u00e9 | Nettali.com","isPartOf":{"@id":"https:\/\/www.nettali.com\/#website"},"primaryImageOfPage":{"@id":"https:\/\/www.nettali.com\/2024\/11\/01\/liga-le-match-valence-vs-real-madrid-reporte\/#primaryimage"},"datePublished":"2024-11-01T10:04:38+00:00","dateModified":"2024-11-01T10:04:38+00:00","author":{"@id":"https:\/\/www.nettali.com\/#\/schema\/person\/bb147657c2986240405a608162b9bb23"},"breadcrumb":{"@id":"https:\/\/www.nettali.com\/2024\/11\/01\/liga-le-match-valence-vs-real-madrid-reporte\/#breadcrumb"},"inLanguage":"fr-FR","potentialAction":[{"@type":"ReadAction","target":["https:\/\/www.nettali.com\/2024\/11\/01\/liga-le-match-valence-vs-real-madrid-reporte\/"]}]},{"@type":"BreadcrumbList","@id":"https:\/\/www.nettali.com\/2024\/11\/01\/liga-le-match-valence-vs-real-madrid-reporte\/#breadcrumb","itemListElement":[{"@type":"ListItem","position":1,"name":"Accueil","item":"https:\/\/www.nettali.com\/"},{"@type":"ListItem","position":2,"name":"LIGA - Le match Valence vs Real Madrid report\u00e9"}]},{"@type":"Person","@id":"https:\/\/www.nettali.com\/#\/schema\/person\/bb147657c2986240405a608162b9bb23","name":"Ibrahima","image":{"@type":"ImageObject","@id":"https:\/\/www.nettali.com\/#personlogo","inLanguage":"fr-FR","url":"https:\/\/secure.gravatar.com\/avatar\/26a8a81f09f0dd7624c9d5c36c9ba3a2?s=96&d=mm&r=g","contentUrl":"https:\/\/secure.gravatar.com\/avatar\/26a8a81f09f0dd7624c9d5c36c9ba3a2?s=96&d=mm&r=g","caption":"Ibrahima"},"sameAs":["https:\/\/www.nettali.com"]}]}},"_links":{"self":[{"href":"https:\/\/www.nettali.com\/rest\/wp\/v2\/posts\/143037"}],"collection":[{"href":"https:\/\/www.nettali.com\/rest\/wp\/v2\/posts"}],"about":[{"href":"https:\/\/www.nettali.com\/rest\/wp\/v2\/types\/post"}],"author":[{"embeddable":true,"href":"https:\/\/www.nettali.com\/rest\/wp\/v2\/users\/5"}],"replies":[{"embeddable":true,"href":"https:\/\/www.nettali.com\/rest\/wp\/v2\/comments?post=143037"}],"version-history":[{"count":1,"href":"https:\/\/www.nettali.com\/rest\/wp\/v2\/posts\/143037\/revisions"}],"predecessor-version":[{"id":143039,"href":"https:\/\/www.nettali.com\/rest\/wp\/v2\/posts\/143037\/revisions\/143039"}],"wp:featuredmedia":[{"embeddable":true,"href":"https:\/\/www.nettali.com\/rest\/wp\/v2\/media\/143034"}],"wp:attachment":[{"href":"https:\/\/www.nettali.com\/rest\/wp\/v2\/media?parent=143037"}],"wp:term":[{"taxonomy":"category","embeddable":true,"href":"https:\/\/www.nettali.com\/rest\/wp\/v2\/categories?post=143037"},{"taxonomy":"post_tag","embeddable":true,"href":"https:\/\/www.nettali.com\/rest\/wp\/v2\/tags?post=143037"}],"curies":[{"name":"wp","href":"https:\/\/api.w.org\/{rel}","templated":true}]}}