{"id":142877,"date":"2024-10-29T08:04:58","date_gmt":"2024-10-29T08:04:58","guid":{"rendered":"https:\/\/www.nettali.com\/?p=142877"},"modified":"2024-10-29T08:04:58","modified_gmt":"2024-10-29T08:04:58","slug":"thies-reunion-de-linter-coalition-le-coup-de-fil-de-macky","status":"publish","type":"post","link":"https:\/\/www.nettali.com\/2024\/10\/29\/thies-reunion-de-linter-coalition-le-coup-de-fil-de-macky\/","title":{"rendered":"THI\u00c8S - R\u00c9UNION DE L'INTER-COALITION - Le coup de fil de Macky"},"content":{"rendered":"<p><strong>NETTALI.COM - Invitant les leaders \u00e0 v\u00e9hiculer la proximit\u00e9 et la communication, l\u2019ancien pr\u00e9sident de la R\u00e9publique du S\u00e9n\u00e9gal, Macky Sall, par ailleurs pr\u00e9sident de l\u2019Alliance pour la R\u00e9publique (APR), \u00e9tait au coeur des d\u00e9bats par son coup de fil lors de la rencontre de l\u2019inter-coalition S\u00e0mm sa K\u00e0ddu-Takku Wallu qui s'est tenue dans un h\u00f4tel \u00e0 Thi\u00e8s.<\/strong><\/p>\n<p>\u201c<em>J\u2019 ai d\u00e9cid\u00e9 de diriger une coalition pour l'int\u00e9r\u00eat du S\u00e9n\u00e9gal. Ce n'est pas pour chercher \u00e0 \u00eatre \u00e9lu<\/em>\u201d. En effet, son coup de fil sur le t\u00e9l\u00e9phone du d\u00e9put\u00e9 Abdou Mbow mis sous haut-parleur a \u00e9t\u00e9 \u00e9cout\u00e9 dans la salle. \u201c<em>Il est vrai que c\u2019est dans des difficult\u00e9s que les investitures ont \u00e9t\u00e9 faites, mais les enjeux de ce scrutin font que chacun doit se donner sans compter, afin que tout le monde puisse d\u00e9passer ces difficult\u00e9s<\/em>\u201d, a d\u00e9clar\u00e9, le lundi 28 octobre, Macky Sall au cours d\u2019un appel t\u00e9l\u00e9phonique. Mis sous haut-parleur, il a d\u00e9clar\u00e9 que le combat en valait la peine, car \u00e0 travers ces \u00e9lections, il faudra consolider la d\u00e9mocratie, pr\u00e9server les acquis en ce qui concerne notamment l\u2019\u00e9conomie. C\u2019est d\u2019ailleurs dans ce cadre qu\u2019il situe sa d\u00e9cision allant dans le sens de prendre la t\u00eate de liste proportionnelle de la coalition Takku Wallu S\u00e9n\u00e9gal.<\/p>\n<p>\u201c<em>Tout le monde sait que si j\u2019ai accept\u00e9 d\u2019\u00eatre la t\u00eate de liste nationale de la coalition, ce n\u2019est nullement pour me faire \u00e9lire, mais c\u2019est dans l\u2019int\u00e9r\u00eat du pays et c\u2019est la m\u00eame posture adopt\u00e9e par tous les leaders, tous les responsables qui se sont ainsi engag\u00e9s pour la bonne caus<\/em>e\u201d, a-t-il indiqu\u00e9.<\/p>\n<p>La t\u00eate de liste proportionnelle a, par ailleurs, salu\u00e9 le choix d\u2019Abdoulaye Di\u00e8ye de le soutenir et pour lui, \u201c<em>c\u2019est un bel exemple d\u2019acte de courage, de g\u00e9n\u00e9rosit\u00e9 qu\u2019il faut saluer \u00e0 sa juste mesure<\/em>\u201d.<\/p>\n<p>Il est d\u2019avis que Thi\u00e8s a toujours \u00e9t\u00e9 une ville de refus et plusieurs faits historiques le confirment avec pertinence. Il s\u2019agit donc, \u00e0 ses yeux, d\u2019un d\u00e9partement strat\u00e9gique notamment avec quatre si\u00e8ges parlementaires en jeu et l\u2019inter-coalition devra n\u00e9cessairement le gagner. Pour ce faire, il faudra privil\u00e9gier la proximit\u00e9, \u00eatre en contact direct avec les populations, pour insuffler une belle dynamique. D\u2019apr\u00e8s lui, le d\u00e9partement de Thi\u00e8s a le devoir encore une fois de faire \u00e9talage de l\u2019image qu\u2019il a toujours montr\u00e9e, dans les diff\u00e9rents combats politiques qui jalonnent l\u2019histoire du S\u00e9n\u00e9gal.<\/p>\n<p>Pour Augustin Tine, maire de Fand\u00e8ne, ces \u00e9lections l\u00e9gislatives ne doivent faire peur \u00e0 personne, elles constituent une belle occasion de remettre ce pays sur les rails, \u00e0 travers l\u2019\u00e9quilibre du syst\u00e8me de gouvernance et c\u2019est cela la d\u00e9mocratie. Pour lui, il y a de l\u2019espoir, car ces derni\u00e8res heures, le camp d\u2019en face a appel\u00e9 \u00e0 la paix, contrairement \u00e0 ses habitudes.<\/p>\n<p>\u201c<em>Les investitures \u00e9taient tr\u00e8s difficiles, c\u2019est ainsi que je ne figure sur aucune liste. Mais je m\u2019investirai mille fois plus que d\u2019habitude pour que notre coalition puisse gagner ces \u00e9lections<\/em>\u201d, a soulign\u00e9 M. Tine. Moustapha Mbaye du Parti de l\u2019unit\u00e9 et du rassemblement (Pur), t\u00eate de liste d\u00e9partementale de Thi\u00e8s, pense qu\u2019il y a un d\u00e9fi \u00e0 relever, mais avec tous les Thiessois.<\/p>\n<p>Il soutient que tous ceux qui sont du c\u00f4t\u00e9 de l\u2019opposition et qui l\u2019ont exprim\u00e9, sont en r\u00e9alit\u00e9 les vrais courageux.<\/p>\n<p>Il a lanc\u00e9 un appel aux S\u00e9n\u00e9galais \u00e0 choisir le bulletin qui va changer leur v\u00e9cu, \u00e0 travers une rupture \u00e0 l\u2019Assembl\u00e9e nationale. \u201c<em>Nous avons pris l\u2019engagement de ne pas y aller pour plaire \u00e0 qui que ce soit, mais pour dire la v\u00e9rit\u00e9 en toutes circonstances et quel que soit le c\u00f4t\u00e9 o\u00f9 elle se trouve. L\u2019opposition doit \u00eatre forte \u00e0 l\u2019Assembl\u00e9e nationale, pour y jouer son v\u00e9ritable r\u00f4le et tous ceux qui disent que si elle y d\u00e9tient la majorit\u00e9, le pays sera bloqu\u00e9 ne racontent que des histoires<\/em>\u201d exhorte la t\u00eate de liste d\u00e9partementale.<\/p>\n<div class='share-to-whatsapp-wrapper'><div class='share-on-whsp'>PARTAGER SUR : <\/div><a data-text='THI\u00c8S - R\u00c9UNION DE L'INTER-COALITION - Le coup de fil de Macky' data-link='https:\/\/www.nettali.com\/2024\/10\/29\/thies-reunion-de-linter-coalition-le-coup-de-fil-de-macky\/' class='whatsapp-button whatsapp-share'>WhatsApp<\/a><div class='clear '><\/div><\/div>","protected":false},"excerpt":{"rendered":"<p>NETTALI.COM - Invitant les leaders \u00e0 v\u00e9hiculer la proximit\u00e9 et la communication, l\u2019ancien pr\u00e9sident de la R\u00e9publique du S\u00e9n\u00e9gal, Macky Sall, par ailleurs pr\u00e9sident de l\u2019Alliance pour la R\u00e9publique (APR), \u00e9tait au coeur des d\u00e9bats par son coup de fil lors de la rencontre de l\u2019inter-coalition S\u00e0mm sa K\u00e0ddu-Takku Wallu qui s'est tenue dans un [&hellip;]<\/p>\n","protected":false},"author":2,"featured_media":142878,"comment_status":"open","ping_status":"open","sticky":false,"template":"","format":"standard","meta":{"_et_pb_use_builder":"","_et_pb_old_content":""},"categories":[2],"tags":[],"yoast_head":"<!-- This site is optimized with the Yoast SEO Premium plugin v17.8 (Yoast SEO v17.8) - https:\/\/yoast.com\/wordpress\/plugins\/seo\/ -->\n<title>THI\u00c8S - R\u00c9UNION DE L&#039;INTER-COALITION - Le coup de fil de Macky | Nettali.com<\/title>\n<meta name=\"robots\" content=\"index, follow, max-snippet:-1, max-image-preview:large, max-video-preview:-1\" \/>\n<link rel=\"canonical\" href=\"https:\/\/www.nettali.com\/2024\/10\/29\/thies-reunion-de-linter-coalition-le-coup-de-fil-de-macky\/\" \/>\n<meta property=\"og:locale\" content=\"fr_FR\" \/>\n<meta property=\"og:type\" content=\"article\" \/>\n<meta property=\"og:title\" content=\"THI\u00c8S - R\u00c9UNION DE L&#039;INTER-COALITION - Le coup de fil de Macky\" \/>\n<meta property=\"og:description\" content=\"NETTALI.COM - Invitant les leaders \u00e0 v\u00e9hiculer la proximit\u00e9 et la communication, l\u2019ancien pr\u00e9sident de la R\u00e9publique du S\u00e9n\u00e9gal, Macky Sall, par ailleurs pr\u00e9sident de l\u2019Alliance pour la R\u00e9publique (APR), \u00e9tait au coeur des d\u00e9bats par son coup de fil lors de la rencontre de l\u2019inter-coalition S\u00e0mm sa K\u00e0ddu-Takku Wallu qui s&#039;est tenue dans un [&hellip;]\" \/>\n<meta property=\"og:url\" content=\"https:\/\/www.nettali.com\/2024\/10\/29\/thies-reunion-de-linter-coalition-le-coup-de-fil-de-macky\/\" \/>\n<meta property=\"og:site_name\" content=\"Nettali.com\" \/>\n<meta property=\"article:publisher\" content=\"https:\/\/www.facebook.com\/nettalicom\" \/>\n<meta property=\"article:published_time\" content=\"2024-10-29T08:04:58+00:00\" \/>\n<meta property=\"og:image\" content=\"https:\/\/www.nettali.com\/wp-content\/uploads\/2024\/10\/108608356_01ms02.jpg\" \/>\n\t<meta property=\"og:image:width\" content=\"976\" \/>\n\t<meta property=\"og:image:height\" content=\"549\" \/>\n<meta name=\"twitter:card\" content=\"summary_large_image\" \/>\n<meta name=\"twitter:label1\" content=\"\u00c9crit par\" \/>\n\t<meta name=\"twitter:data1\" content=\"CK\" \/>\n\t<meta name=\"twitter:label2\" content=\"Dur\u00e9e de lecture estim\u00e9e\" \/>\n\t<meta name=\"twitter:data2\" content=\"4 minutes\" \/>\n<script type=\"application\/ld+json\" class=\"yoast-schema-graph\">{\"@context\":\"https:\/\/schema.org\",\"@graph\":[{\"@type\":\"WebSite\",\"@id\":\"https:\/\/www.nettali.com\/#website\",\"url\":\"https:\/\/www.nettali.com\/\",\"name\":\"Nettali.com\",\"description\":\"Le rendez-vous critique du Net\",\"potentialAction\":[{\"@type\":\"SearchAction\",\"target\":{\"@type\":\"EntryPoint\",\"urlTemplate\":\"https:\/\/www.nettali.com\/?s={search_term_string}\"},\"query-input\":\"required name=search_term_string\"}],\"inLanguage\":\"fr-FR\"},{\"@type\":\"ImageObject\",\"@id\":\"https:\/\/www.nettali.com\/2024\/10\/29\/thies-reunion-de-linter-coalition-le-coup-de-fil-de-macky\/#primaryimage\",\"inLanguage\":\"fr-FR\",\"url\":\"https:\/\/www.nettali.com\/wp-content\/uploads\/2024\/10\/108608356_01ms02.jpg\",\"contentUrl\":\"https:\/\/www.nettali.com\/wp-content\/uploads\/2024\/10\/108608356_01ms02.jpg\",\"width\":976,\"height\":549},{\"@type\":\"WebPage\",\"@id\":\"https:\/\/www.nettali.com\/2024\/10\/29\/thies-reunion-de-linter-coalition-le-coup-de-fil-de-macky\/#webpage\",\"url\":\"https:\/\/www.nettali.com\/2024\/10\/29\/thies-reunion-de-linter-coalition-le-coup-de-fil-de-macky\/\",\"name\":\"THI\\u00c8S - R\\u00c9UNION DE L'INTER-COALITION - Le coup de fil de Macky | Nettali.com\",\"isPartOf\":{\"@id\":\"https:\/\/www.nettali.com\/#website\"},\"primaryImageOfPage\":{\"@id\":\"https:\/\/www.nettali.com\/2024\/10\/29\/thies-reunion-de-linter-coalition-le-coup-de-fil-de-macky\/#primaryimage\"},\"datePublished\":\"2024-10-29T08:04:58+00:00\",\"dateModified\":\"2024-10-29T08:04:58+00:00\",\"author\":{\"@id\":\"https:\/\/www.nettali.com\/#\/schema\/person\/d8ac7b7e27ddad43f1c0d2ef090d7f71\"},\"breadcrumb\":{\"@id\":\"https:\/\/www.nettali.com\/2024\/10\/29\/thies-reunion-de-linter-coalition-le-coup-de-fil-de-macky\/#breadcrumb\"},\"inLanguage\":\"fr-FR\",\"potentialAction\":[{\"@type\":\"ReadAction\",\"target\":[\"https:\/\/www.nettali.com\/2024\/10\/29\/thies-reunion-de-linter-coalition-le-coup-de-fil-de-macky\/\"]}]},{\"@type\":\"BreadcrumbList\",\"@id\":\"https:\/\/www.nettali.com\/2024\/10\/29\/thies-reunion-de-linter-coalition-le-coup-de-fil-de-macky\/#breadcrumb\",\"itemListElement\":[{\"@type\":\"ListItem\",\"position\":1,\"name\":\"Accueil\",\"item\":\"https:\/\/www.nettali.com\/\"},{\"@type\":\"ListItem\",\"position\":2,\"name\":\"THI\\u00c8S - R\\u00c9UNION DE L'INTER-COALITION - Le coup de fil de Macky\"}]},{\"@type\":\"Person\",\"@id\":\"https:\/\/www.nettali.com\/#\/schema\/person\/d8ac7b7e27ddad43f1c0d2ef090d7f71\",\"name\":\"CK\",\"image\":{\"@type\":\"ImageObject\",\"@id\":\"https:\/\/www.nettali.com\/#personlogo\",\"inLanguage\":\"fr-FR\",\"url\":\"https:\/\/secure.gravatar.com\/avatar\/1d8d5118b9327d94da7cd4ce7f17fec2?s=96&d=mm&r=g\",\"contentUrl\":\"https:\/\/secure.gravatar.com\/avatar\/1d8d5118b9327d94da7cd4ce7f17fec2?s=96&d=mm&r=g\",\"caption\":\"CK\"},\"sameAs\":[\"https:\/\/www.nettali.com\"]}]}<\/script>\n<!-- \/ Yoast SEO Premium plugin. -->","yoast_head_json":{"title":"THI\u00c8S - R\u00c9UNION DE L'INTER-COALITION - Le coup de fil de Macky | Nettali.com","robots":{"index":"index","follow":"follow","max-snippet":"max-snippet:-1","max-image-preview":"max-image-preview:large","max-video-preview":"max-video-preview:-1"},"canonical":"https:\/\/www.nettali.com\/2024\/10\/29\/thies-reunion-de-linter-coalition-le-coup-de-fil-de-macky\/","og_locale":"fr_FR","og_type":"article","og_title":"THI\u00c8S - R\u00c9UNION DE L'INTER-COALITION - Le coup de fil de Macky","og_description":"NETTALI.COM - Invitant les leaders \u00e0 v\u00e9hiculer la proximit\u00e9 et la communication, l\u2019ancien pr\u00e9sident de la R\u00e9publique du S\u00e9n\u00e9gal, Macky Sall, par ailleurs pr\u00e9sident de l\u2019Alliance pour la R\u00e9publique (APR), \u00e9tait au coeur des d\u00e9bats par son coup de fil lors de la rencontre de l\u2019inter-coalition S\u00e0mm sa K\u00e0ddu-Takku Wallu qui s'est tenue dans un [&hellip;]","og_url":"https:\/\/www.nettali.com\/2024\/10\/29\/thies-reunion-de-linter-coalition-le-coup-de-fil-de-macky\/","og_site_name":"Nettali.com","article_publisher":"https:\/\/www.facebook.com\/nettalicom","article_published_time":"2024-10-29T08:04:58+00:00","og_image":[{"width":976,"height":549,"url":"https:\/\/www.nettali.com\/wp-content\/uploads\/2024\/10\/108608356_01ms02.jpg","type":"image\/jpeg"}],"twitter_card":"summary_large_image","twitter_misc":{"\u00c9crit par":"CK","Dur\u00e9e de lecture estim\u00e9e":"4 minutes"},"schema":{"@context":"https:\/\/schema.org","@graph":[{"@type":"WebSite","@id":"https:\/\/www.nettali.com\/#website","url":"https:\/\/www.nettali.com\/","name":"Nettali.com","description":"Le rendez-vous critique du Net","potentialAction":[{"@type":"SearchAction","target":{"@type":"EntryPoint","urlTemplate":"https:\/\/www.nettali.com\/?s={search_term_string}"},"query-input":"required name=search_term_string"}],"inLanguage":"fr-FR"},{"@type":"ImageObject","@id":"https:\/\/www.nettali.com\/2024\/10\/29\/thies-reunion-de-linter-coalition-le-coup-de-fil-de-macky\/#primaryimage","inLanguage":"fr-FR","url":"https:\/\/www.nettali.com\/wp-content\/uploads\/2024\/10\/108608356_01ms02.jpg","contentUrl":"https:\/\/www.nettali.com\/wp-content\/uploads\/2024\/10\/108608356_01ms02.jpg","width":976,"height":549},{"@type":"WebPage","@id":"https:\/\/www.nettali.com\/2024\/10\/29\/thies-reunion-de-linter-coalition-le-coup-de-fil-de-macky\/#webpage","url":"https:\/\/www.nettali.com\/2024\/10\/29\/thies-reunion-de-linter-coalition-le-coup-de-fil-de-macky\/","name":"THI\u00c8S - R\u00c9UNION DE L'INTER-COALITION - Le coup de fil de Macky | Nettali.com","isPartOf":{"@id":"https:\/\/www.nettali.com\/#website"},"primaryImageOfPage":{"@id":"https:\/\/www.nettali.com\/2024\/10\/29\/thies-reunion-de-linter-coalition-le-coup-de-fil-de-macky\/#primaryimage"},"datePublished":"2024-10-29T08:04:58+00:00","dateModified":"2024-10-29T08:04:58+00:00","author":{"@id":"https:\/\/www.nettali.com\/#\/schema\/person\/d8ac7b7e27ddad43f1c0d2ef090d7f71"},"breadcrumb":{"@id":"https:\/\/www.nettali.com\/2024\/10\/29\/thies-reunion-de-linter-coalition-le-coup-de-fil-de-macky\/#breadcrumb"},"inLanguage":"fr-FR","potentialAction":[{"@type":"ReadAction","target":["https:\/\/www.nettali.com\/2024\/10\/29\/thies-reunion-de-linter-coalition-le-coup-de-fil-de-macky\/"]}]},{"@type":"BreadcrumbList","@id":"https:\/\/www.nettali.com\/2024\/10\/29\/thies-reunion-de-linter-coalition-le-coup-de-fil-de-macky\/#breadcrumb","itemListElement":[{"@type":"ListItem","position":1,"name":"Accueil","item":"https:\/\/www.nettali.com\/"},{"@type":"ListItem","position":2,"name":"THI\u00c8S - R\u00c9UNION DE L'INTER-COALITION - Le coup de fil de Macky"}]},{"@type":"Person","@id":"https:\/\/www.nettali.com\/#\/schema\/person\/d8ac7b7e27ddad43f1c0d2ef090d7f71","name":"CK","image":{"@type":"ImageObject","@id":"https:\/\/www.nettali.com\/#personlogo","inLanguage":"fr-FR","url":"https:\/\/secure.gravatar.com\/avatar\/1d8d5118b9327d94da7cd4ce7f17fec2?s=96&d=mm&r=g","contentUrl":"https:\/\/secure.gravatar.com\/avatar\/1d8d5118b9327d94da7cd4ce7f17fec2?s=96&d=mm&r=g","caption":"CK"},"sameAs":["https:\/\/www.nettali.com"]}]}},"_links":{"self":[{"href":"https:\/\/www.nettali.com\/rest\/wp\/v2\/posts\/142877"}],"collection":[{"href":"https:\/\/www.nettali.com\/rest\/wp\/v2\/posts"}],"about":[{"href":"https:\/\/www.nettali.com\/rest\/wp\/v2\/types\/post"}],"author":[{"embeddable":true,"href":"https:\/\/www.nettali.com\/rest\/wp\/v2\/users\/2"}],"replies":[{"embeddable":true,"href":"https:\/\/www.nettali.com\/rest\/wp\/v2\/comments?post=142877"}],"version-history":[{"count":1,"href":"https:\/\/www.nettali.com\/rest\/wp\/v2\/posts\/142877\/revisions"}],"predecessor-version":[{"id":142879,"href":"https:\/\/www.nettali.com\/rest\/wp\/v2\/posts\/142877\/revisions\/142879"}],"wp:featuredmedia":[{"embeddable":true,"href":"https:\/\/www.nettali.com\/rest\/wp\/v2\/media\/142878"}],"wp:attachment":[{"href":"https:\/\/www.nettali.com\/rest\/wp\/v2\/media?parent=142877"}],"wp:term":[{"taxonomy":"category","embeddable":true,"href":"https:\/\/www.nettali.com\/rest\/wp\/v2\/categories?post=142877"},{"taxonomy":"post_tag","embeddable":true,"href":"https:\/\/www.nettali.com\/rest\/wp\/v2\/tags?post=142877"}],"curies":[{"name":"wp","href":"https:\/\/api.w.org\/{rel}","templated":true}]}}