{"id":142874,"date":"2024-10-29T07:59:44","date_gmt":"2024-10-29T07:59:44","guid":{"rendered":"https:\/\/www.nettali.com\/?p=142874"},"modified":"2024-10-29T07:59:44","modified_gmt":"2024-10-29T07:59:44","slug":"linguere-le-senegal-va-changer-des-que-nous-aurons-une-nouvelle-majorite-a-lassemblee-nationale","status":"publish","type":"post","link":"https:\/\/www.nettali.com\/2024\/10\/29\/linguere-le-senegal-va-changer-des-que-nous-aurons-une-nouvelle-majorite-a-lassemblee-nationale\/","title":{"rendered":"LINGU\u00c8RE - \"Le S\u00e9n\u00e9gal va changer d\u00e8s que nous aurons une nouvelle majorit\u00e9 \u00e0 l\u2019Assembl\u00e9e nationale\""},"content":{"rendered":"<p><strong>NETTALI.COM - El Malick Ndiaye, ministre des Infrastructures, des Transports terrestres et a\u00e9riens (Mitta) a ouvert sa campagne \u00e9lectorale \u00e0 Lingu\u00e8re, ce weekend, en pr\u00e9sence de tous les militants et sympathisants du parti Pastef.<\/strong><\/p>\n<p>Un meeting riche en folklore et une ambiance indescriptible ont \u00e9t\u00e9 not\u00e9s au terrain de basketball de Keur Samba Lingu\u00e8re. Dans ce rendez-vous, le ministre El Malick Ndiaye s\u2019est d\u00e9plac\u00e9 \u00e0 Dahra Djolof en compagnie d\u2019autres responsables politiques pour lancer sa campagne. \u201c<em>Nous avons deux camps en comp\u00e9tition pour avoir la majorit\u00e9 \u00e0 l\u2019Assembl\u00e9e nationale, autrement dit un camp antisyst\u00e8me qui pr\u00f4ne la transparence et la justice et un autre camp qui veut implanter un syst\u00e8me pourri. Main-tenant, le peuple doit choisir entre ces deux lequel lui sont favorable. \u00c0 mon humble avis, il n\u2019y a m\u00eame pas d\u2019opposition dans cette campagne \u00e9lectorale, car beaucoup de leaders de partis politiques rallient le Pastef. Le syst\u00e8me est mort depuis notre accession \u00e0 la t\u00eate de ce pays. Je lance un appel \u00e0 tous les militants d\u2019aller retirer leurs cartes aupr\u00e8s des commissions avant le 17 novembre, au moins d\u2019avoir 150 d\u00e9put\u00e9s \u00e0 l\u2019Assembl\u00e9e nationale. Et maintenant, laisser \u00e0 l\u2019opposition le plus fort reste. Le S\u00e9n\u00e9gal va changer d\u00e8s que nous aurons une nouvelle majorit\u00e9 \u00e0 l\u2019Assembl\u00e9e nationale pour enfin voter les budgets<\/em>\u201d, lance le leader d\u00e9partemental du Pastef devant ses militants \u00e0 Lingu\u00e8re.<\/p>\n<p>Mieux, dit-il, \u201c<em>il y a un leader politique de l\u2019opposition qui pr\u00e9f\u00e8re battre campagne dans les r\u00e9seaux sociaux au lieu de descendre sur le terrain comme le font d\u2019autres<\/em>\u201d.<\/p>\n<p>Il poursuit : \u201c<em>Nous avons une vision S\u00e9n\u00e9gal 2050 au cours de laquelle le S\u00e9n\u00e9gal conna\u00eetra son v\u00e9ritable d\u00e9veloppement \u00e0 l\u2019instar des pays d\u00e9velopp\u00e9s \u00e0 travers des programmes quinquennaux et d\u00e9cennaux. Dans ce r\u00e9f\u00e9rentiel, nous avons plusieurs p\u00f4les y compris le p\u00f4le Ferlo. Les travaux de revitalisation des vall\u00e9es fossiles sont tr\u00e8s avanc\u00e9s. Nous compatissons toujours avec les populations de Bakel et du Dande Mayo sur les inondations qui ont fait beaucoup de d\u00e9g\u00e2ts<\/em>\u201d.<\/p>\n<p>Pour lui, ces d\u00e9g\u00e2ts sont caus\u00e9s par la pluie, mais aussi par un d\u00e9r\u00e8glement climatique. Des solutions devront \u00eatre envisag\u00e9es en ouvrant les barrages par moments ou construire une autoroute de l\u2019eau qui permettra de cultiver pendant la saison s\u00e8che et la saison des pluies afin d\u2019avoir des p\u00f4les de d\u00e9veloppement agricoles. Selon le ministre, il est envisag\u00e9 aussi de r\u00e9habiliter la voie ferroviaire Louga - Lingu\u00e8re.<\/p>\n<div class='share-to-whatsapp-wrapper'><div class='share-on-whsp'>PARTAGER SUR : <\/div><a data-text='LINGU\u00c8RE - \"Le S\u00e9n\u00e9gal va changer d\u00e8s que nous aurons une nouvelle majorit\u00e9 \u00e0 l\u2019Assembl\u00e9e nationale\"' data-link='https:\/\/www.nettali.com\/2024\/10\/29\/linguere-le-senegal-va-changer-des-que-nous-aurons-une-nouvelle-majorite-a-lassemblee-nationale\/' class='whatsapp-button whatsapp-share'>WhatsApp<\/a><div class='clear '><\/div><\/div>","protected":false},"excerpt":{"rendered":"<p>NETTALI.COM - El Malick Ndiaye, ministre des Infrastructures, des Transports terrestres et a\u00e9riens (Mitta) a ouvert sa campagne \u00e9lectorale \u00e0 Lingu\u00e8re, ce weekend, en pr\u00e9sence de tous les militants et sympathisants du parti Pastef. Un meeting riche en folklore et une ambiance indescriptible ont \u00e9t\u00e9 not\u00e9s au terrain de basketball de Keur Samba Lingu\u00e8re. Dans [&hellip;]<\/p>\n","protected":false},"author":2,"featured_media":142875,"comment_status":"open","ping_status":"open","sticky":false,"template":"","format":"standard","meta":{"_et_pb_use_builder":"","_et_pb_old_content":""},"categories":[2],"tags":[],"yoast_head":"<!-- This site is optimized with the Yoast SEO Premium plugin v17.8 (Yoast SEO v17.8) - https:\/\/yoast.com\/wordpress\/plugins\/seo\/ -->\n<title>LINGU\u00c8RE - &quot;Le S\u00e9n\u00e9gal va changer d\u00e8s que nous aurons une nouvelle majorit\u00e9 \u00e0 l\u2019Assembl\u00e9e nationale&quot; | Nettali.com<\/title>\n<meta name=\"robots\" content=\"index, follow, max-snippet:-1, max-image-preview:large, max-video-preview:-1\" \/>\n<link rel=\"canonical\" href=\"https:\/\/www.nettali.com\/2024\/10\/29\/linguere-le-senegal-va-changer-des-que-nous-aurons-une-nouvelle-majorite-a-lassemblee-nationale\/\" \/>\n<meta property=\"og:locale\" content=\"fr_FR\" \/>\n<meta property=\"og:type\" content=\"article\" \/>\n<meta property=\"og:title\" content=\"LINGU\u00c8RE - &quot;Le S\u00e9n\u00e9gal va changer d\u00e8s que nous aurons une nouvelle majorit\u00e9 \u00e0 l\u2019Assembl\u00e9e nationale&quot;\" \/>\n<meta property=\"og:description\" content=\"NETTALI.COM - El Malick Ndiaye, ministre des Infrastructures, des Transports terrestres et a\u00e9riens (Mitta) a ouvert sa campagne \u00e9lectorale \u00e0 Lingu\u00e8re, ce weekend, en pr\u00e9sence de tous les militants et sympathisants du parti Pastef. Un meeting riche en folklore et une ambiance indescriptible ont \u00e9t\u00e9 not\u00e9s au terrain de basketball de Keur Samba Lingu\u00e8re. Dans [&hellip;]\" \/>\n<meta property=\"og:url\" content=\"https:\/\/www.nettali.com\/2024\/10\/29\/linguere-le-senegal-va-changer-des-que-nous-aurons-une-nouvelle-majorite-a-lassemblee-nationale\/\" \/>\n<meta property=\"og:site_name\" content=\"Nettali.com\" \/>\n<meta property=\"article:publisher\" content=\"https:\/\/www.facebook.com\/nettalicom\" \/>\n<meta property=\"article:published_time\" content=\"2024-10-29T07:59:44+00:00\" \/>\n<meta property=\"og:image\" content=\"https:\/\/www.nettali.com\/wp-content\/uploads\/2024\/10\/Ga8QIAYWQAAqUtZ.jpg\" \/>\n\t<meta property=\"og:image:width\" content=\"1200\" \/>\n\t<meta property=\"og:image:height\" content=\"799\" \/>\n<meta name=\"twitter:card\" content=\"summary_large_image\" \/>\n<meta name=\"twitter:label1\" content=\"\u00c9crit par\" \/>\n\t<meta name=\"twitter:data1\" content=\"CK\" \/>\n\t<meta name=\"twitter:label2\" content=\"Dur\u00e9e de lecture estim\u00e9e\" \/>\n\t<meta name=\"twitter:data2\" content=\"2 minutes\" \/>\n<script type=\"application\/ld+json\" class=\"yoast-schema-graph\">{\"@context\":\"https:\/\/schema.org\",\"@graph\":[{\"@type\":\"WebSite\",\"@id\":\"https:\/\/www.nettali.com\/#website\",\"url\":\"https:\/\/www.nettali.com\/\",\"name\":\"Nettali.com\",\"description\":\"Le rendez-vous critique du Net\",\"potentialAction\":[{\"@type\":\"SearchAction\",\"target\":{\"@type\":\"EntryPoint\",\"urlTemplate\":\"https:\/\/www.nettali.com\/?s={search_term_string}\"},\"query-input\":\"required name=search_term_string\"}],\"inLanguage\":\"fr-FR\"},{\"@type\":\"ImageObject\",\"@id\":\"https:\/\/www.nettali.com\/2024\/10\/29\/linguere-le-senegal-va-changer-des-que-nous-aurons-une-nouvelle-majorite-a-lassemblee-nationale\/#primaryimage\",\"inLanguage\":\"fr-FR\",\"url\":\"https:\/\/www.nettali.com\/wp-content\/uploads\/2024\/10\/Ga8QIAYWQAAqUtZ.jpg\",\"contentUrl\":\"https:\/\/www.nettali.com\/wp-content\/uploads\/2024\/10\/Ga8QIAYWQAAqUtZ.jpg\",\"width\":1200,\"height\":799},{\"@type\":\"WebPage\",\"@id\":\"https:\/\/www.nettali.com\/2024\/10\/29\/linguere-le-senegal-va-changer-des-que-nous-aurons-une-nouvelle-majorite-a-lassemblee-nationale\/#webpage\",\"url\":\"https:\/\/www.nettali.com\/2024\/10\/29\/linguere-le-senegal-va-changer-des-que-nous-aurons-une-nouvelle-majorite-a-lassemblee-nationale\/\",\"name\":\"LINGU\\u00c8RE - \\\"Le S\\u00e9n\\u00e9gal va changer d\\u00e8s que nous aurons une nouvelle majorit\\u00e9 \\u00e0 l\\u2019Assembl\\u00e9e nationale\\\" | Nettali.com\",\"isPartOf\":{\"@id\":\"https:\/\/www.nettali.com\/#website\"},\"primaryImageOfPage\":{\"@id\":\"https:\/\/www.nettali.com\/2024\/10\/29\/linguere-le-senegal-va-changer-des-que-nous-aurons-une-nouvelle-majorite-a-lassemblee-nationale\/#primaryimage\"},\"datePublished\":\"2024-10-29T07:59:44+00:00\",\"dateModified\":\"2024-10-29T07:59:44+00:00\",\"author\":{\"@id\":\"https:\/\/www.nettali.com\/#\/schema\/person\/d8ac7b7e27ddad43f1c0d2ef090d7f71\"},\"breadcrumb\":{\"@id\":\"https:\/\/www.nettali.com\/2024\/10\/29\/linguere-le-senegal-va-changer-des-que-nous-aurons-une-nouvelle-majorite-a-lassemblee-nationale\/#breadcrumb\"},\"inLanguage\":\"fr-FR\",\"potentialAction\":[{\"@type\":\"ReadAction\",\"target\":[\"https:\/\/www.nettali.com\/2024\/10\/29\/linguere-le-senegal-va-changer-des-que-nous-aurons-une-nouvelle-majorite-a-lassemblee-nationale\/\"]}]},{\"@type\":\"BreadcrumbList\",\"@id\":\"https:\/\/www.nettali.com\/2024\/10\/29\/linguere-le-senegal-va-changer-des-que-nous-aurons-une-nouvelle-majorite-a-lassemblee-nationale\/#breadcrumb\",\"itemListElement\":[{\"@type\":\"ListItem\",\"position\":1,\"name\":\"Accueil\",\"item\":\"https:\/\/www.nettali.com\/\"},{\"@type\":\"ListItem\",\"position\":2,\"name\":\"LINGU\\u00c8RE - \\\"Le S\\u00e9n\\u00e9gal va changer d\\u00e8s que nous aurons une nouvelle majorit\\u00e9 \\u00e0 l\\u2019Assembl\\u00e9e nationale\\\"\"}]},{\"@type\":\"Person\",\"@id\":\"https:\/\/www.nettali.com\/#\/schema\/person\/d8ac7b7e27ddad43f1c0d2ef090d7f71\",\"name\":\"CK\",\"image\":{\"@type\":\"ImageObject\",\"@id\":\"https:\/\/www.nettali.com\/#personlogo\",\"inLanguage\":\"fr-FR\",\"url\":\"https:\/\/secure.gravatar.com\/avatar\/1d8d5118b9327d94da7cd4ce7f17fec2?s=96&d=mm&r=g\",\"contentUrl\":\"https:\/\/secure.gravatar.com\/avatar\/1d8d5118b9327d94da7cd4ce7f17fec2?s=96&d=mm&r=g\",\"caption\":\"CK\"},\"sameAs\":[\"https:\/\/www.nettali.com\"]}]}<\/script>\n<!-- \/ Yoast SEO Premium plugin. -->","yoast_head_json":{"title":"LINGU\u00c8RE - \"Le S\u00e9n\u00e9gal va changer d\u00e8s que nous aurons une nouvelle majorit\u00e9 \u00e0 l\u2019Assembl\u00e9e nationale\" | Nettali.com","robots":{"index":"index","follow":"follow","max-snippet":"max-snippet:-1","max-image-preview":"max-image-preview:large","max-video-preview":"max-video-preview:-1"},"canonical":"https:\/\/www.nettali.com\/2024\/10\/29\/linguere-le-senegal-va-changer-des-que-nous-aurons-une-nouvelle-majorite-a-lassemblee-nationale\/","og_locale":"fr_FR","og_type":"article","og_title":"LINGU\u00c8RE - \"Le S\u00e9n\u00e9gal va changer d\u00e8s que nous aurons une nouvelle majorit\u00e9 \u00e0 l\u2019Assembl\u00e9e nationale\"","og_description":"NETTALI.COM - El Malick Ndiaye, ministre des Infrastructures, des Transports terrestres et a\u00e9riens (Mitta) a ouvert sa campagne \u00e9lectorale \u00e0 Lingu\u00e8re, ce weekend, en pr\u00e9sence de tous les militants et sympathisants du parti Pastef. Un meeting riche en folklore et une ambiance indescriptible ont \u00e9t\u00e9 not\u00e9s au terrain de basketball de Keur Samba Lingu\u00e8re. Dans [&hellip;]","og_url":"https:\/\/www.nettali.com\/2024\/10\/29\/linguere-le-senegal-va-changer-des-que-nous-aurons-une-nouvelle-majorite-a-lassemblee-nationale\/","og_site_name":"Nettali.com","article_publisher":"https:\/\/www.facebook.com\/nettalicom","article_published_time":"2024-10-29T07:59:44+00:00","og_image":[{"width":1200,"height":799,"url":"https:\/\/www.nettali.com\/wp-content\/uploads\/2024\/10\/Ga8QIAYWQAAqUtZ.jpg","type":"image\/jpeg"}],"twitter_card":"summary_large_image","twitter_misc":{"\u00c9crit par":"CK","Dur\u00e9e de lecture estim\u00e9e":"2 minutes"},"schema":{"@context":"https:\/\/schema.org","@graph":[{"@type":"WebSite","@id":"https:\/\/www.nettali.com\/#website","url":"https:\/\/www.nettali.com\/","name":"Nettali.com","description":"Le rendez-vous critique du Net","potentialAction":[{"@type":"SearchAction","target":{"@type":"EntryPoint","urlTemplate":"https:\/\/www.nettali.com\/?s={search_term_string}"},"query-input":"required name=search_term_string"}],"inLanguage":"fr-FR"},{"@type":"ImageObject","@id":"https:\/\/www.nettali.com\/2024\/10\/29\/linguere-le-senegal-va-changer-des-que-nous-aurons-une-nouvelle-majorite-a-lassemblee-nationale\/#primaryimage","inLanguage":"fr-FR","url":"https:\/\/www.nettali.com\/wp-content\/uploads\/2024\/10\/Ga8QIAYWQAAqUtZ.jpg","contentUrl":"https:\/\/www.nettali.com\/wp-content\/uploads\/2024\/10\/Ga8QIAYWQAAqUtZ.jpg","width":1200,"height":799},{"@type":"WebPage","@id":"https:\/\/www.nettali.com\/2024\/10\/29\/linguere-le-senegal-va-changer-des-que-nous-aurons-une-nouvelle-majorite-a-lassemblee-nationale\/#webpage","url":"https:\/\/www.nettali.com\/2024\/10\/29\/linguere-le-senegal-va-changer-des-que-nous-aurons-une-nouvelle-majorite-a-lassemblee-nationale\/","name":"LINGU\u00c8RE - \"Le S\u00e9n\u00e9gal va changer d\u00e8s que nous aurons une nouvelle majorit\u00e9 \u00e0 l\u2019Assembl\u00e9e nationale\" | Nettali.com","isPartOf":{"@id":"https:\/\/www.nettali.com\/#website"},"primaryImageOfPage":{"@id":"https:\/\/www.nettali.com\/2024\/10\/29\/linguere-le-senegal-va-changer-des-que-nous-aurons-une-nouvelle-majorite-a-lassemblee-nationale\/#primaryimage"},"datePublished":"2024-10-29T07:59:44+00:00","dateModified":"2024-10-29T07:59:44+00:00","author":{"@id":"https:\/\/www.nettali.com\/#\/schema\/person\/d8ac7b7e27ddad43f1c0d2ef090d7f71"},"breadcrumb":{"@id":"https:\/\/www.nettali.com\/2024\/10\/29\/linguere-le-senegal-va-changer-des-que-nous-aurons-une-nouvelle-majorite-a-lassemblee-nationale\/#breadcrumb"},"inLanguage":"fr-FR","potentialAction":[{"@type":"ReadAction","target":["https:\/\/www.nettali.com\/2024\/10\/29\/linguere-le-senegal-va-changer-des-que-nous-aurons-une-nouvelle-majorite-a-lassemblee-nationale\/"]}]},{"@type":"BreadcrumbList","@id":"https:\/\/www.nettali.com\/2024\/10\/29\/linguere-le-senegal-va-changer-des-que-nous-aurons-une-nouvelle-majorite-a-lassemblee-nationale\/#breadcrumb","itemListElement":[{"@type":"ListItem","position":1,"name":"Accueil","item":"https:\/\/www.nettali.com\/"},{"@type":"ListItem","position":2,"name":"LINGU\u00c8RE - \"Le S\u00e9n\u00e9gal va changer d\u00e8s que nous aurons une nouvelle majorit\u00e9 \u00e0 l\u2019Assembl\u00e9e nationale\""}]},{"@type":"Person","@id":"https:\/\/www.nettali.com\/#\/schema\/person\/d8ac7b7e27ddad43f1c0d2ef090d7f71","name":"CK","image":{"@type":"ImageObject","@id":"https:\/\/www.nettali.com\/#personlogo","inLanguage":"fr-FR","url":"https:\/\/secure.gravatar.com\/avatar\/1d8d5118b9327d94da7cd4ce7f17fec2?s=96&d=mm&r=g","contentUrl":"https:\/\/secure.gravatar.com\/avatar\/1d8d5118b9327d94da7cd4ce7f17fec2?s=96&d=mm&r=g","caption":"CK"},"sameAs":["https:\/\/www.nettali.com"]}]}},"_links":{"self":[{"href":"https:\/\/www.nettali.com\/rest\/wp\/v2\/posts\/142874"}],"collection":[{"href":"https:\/\/www.nettali.com\/rest\/wp\/v2\/posts"}],"about":[{"href":"https:\/\/www.nettali.com\/rest\/wp\/v2\/types\/post"}],"author":[{"embeddable":true,"href":"https:\/\/www.nettali.com\/rest\/wp\/v2\/users\/2"}],"replies":[{"embeddable":true,"href":"https:\/\/www.nettali.com\/rest\/wp\/v2\/comments?post=142874"}],"version-history":[{"count":1,"href":"https:\/\/www.nettali.com\/rest\/wp\/v2\/posts\/142874\/revisions"}],"predecessor-version":[{"id":142876,"href":"https:\/\/www.nettali.com\/rest\/wp\/v2\/posts\/142874\/revisions\/142876"}],"wp:featuredmedia":[{"embeddable":true,"href":"https:\/\/www.nettali.com\/rest\/wp\/v2\/media\/142875"}],"wp:attachment":[{"href":"https:\/\/www.nettali.com\/rest\/wp\/v2\/media?parent=142874"}],"wp:term":[{"taxonomy":"category","embeddable":true,"href":"https:\/\/www.nettali.com\/rest\/wp\/v2\/categories?post=142874"},{"taxonomy":"post_tag","embeddable":true,"href":"https:\/\/www.nettali.com\/rest\/wp\/v2\/tags?post=142874"}],"curies":[{"name":"wp","href":"https:\/\/api.w.org\/{rel}","templated":true}]}}