{"id":142871,"date":"2024-10-29T07:54:15","date_gmt":"2024-10-29T07:54:15","guid":{"rendered":"https:\/\/www.nettali.com\/?p=142871"},"modified":"2024-10-29T07:54:15","modified_gmt":"2024-10-29T07:54:15","slug":"immunite-electorale-abass-fall-a-vu-les-choses-trop-en-grand","status":"publish","type":"post","link":"https:\/\/www.nettali.com\/2024\/10\/29\/immunite-electorale-abass-fall-a-vu-les-choses-trop-en-grand\/","title":{"rendered":"IMMUNIT\u00c9 \u00c9LECTORALE - Abass Fall a vu les choses trop en grand"},"content":{"rendered":"<p><strong>NETTALI.COM - Dimanche dernier, Abass Fall a \u00e9voqu\u00e9 l'existence d'une super immunit\u00e9 \u00e9lectorale susceptible de prot\u00e9ger, envers et contre tous, tout acte durant cette p\u00e9riode \u00e9lectorale. Qu'en est-il r\u00e9ellement ? Le journal \u201cEnQu\u00eate\u201d a v\u00e9rifi\u00e9 pour vous.<\/strong><\/p>\n<p>La premi\u00e8re journ\u00e9e de campagne \u00e9lectorale a \u00e9t\u00e9 marqu\u00e9e par des sc\u00e8nes de violence dans le d\u00e9partement de Dakar. Les sympathisants de Barth\u00e9lemy Dias d'un c\u00f4t\u00e9 et ceux d'Abass Fall de l'autre se disputent d'ores et d\u00e9j\u00e0 le contr\u00f4le de la capitale. \u00c0 la suite d'un pugilat, avant-hier dimanche, Abass Fall, la t\u00eate de liste d\u00e9partementale de Pastef, a invit\u00e9 ses soutiens \u00e0 la riposte. Car pour celui qui se surnomme aussi \u201cBorom Ndakaru\u201d, une certaine immunit\u00e9 prot\u00e9gerait tout le monde, \u00e0 toutva, durant cette p\u00e9riode de campagne.<\/p>\n<p>\u201c<em>Nous sommes en campagne \u00e9lectorale, il y a une immunit\u00e9 totale. C\u2019est pourquoi ils se comportent ainsi. Les textes disent qu\u2019en campagne \u00e9lectorale, si tu tues quelqu\u2019un ou si tu le blesses, tu es couvert par une immunit\u00e9. C\u2019est ce qu\u2019ils savent, c\u2019est pourquoi ils se permettent de se comporter ainsi. On ne va pas se laisser attaquer. Qui s\u2019y frotte s\u2019y pique<\/em>\u201d, hurle-t-il.<\/p>\n<p>Ce qu'il faut retenir d'embl\u00e9e, c'est que le membre du Pastef n\u2019a pas eu une bonne lecture des dispositions de la loi \u00e9lectorale. En fait, ceux qui tiennent ce genre de propos s\u2019appuient sur les articles L117 et suivants intitul\u00e9 (section intitul\u00e9e immunit\u00e9 et prescription en mati\u00e8re \u00e9lectorale).<\/p>\n<p>Aux termes de l\u2019article L117 : \u201c<em>De l'ouverture officielle de la campagne \u00e9lectorale jusqu\u2019\u00e0 la proclamation des r\u00e9sultats du scrutin, aucun candidat ne peut \u00eatre poursuivi, recherch\u00e9, arr\u00eat\u00e9, d\u00e9tenu ou jug\u00e9 pour des propos tenus ou des actes commis durant cette p\u00e9riode et qui se rattachent directement \u00e0 la comp\u00e9tition.<\/em>\u201d<\/p>\n<p>Selon cet expert, cette disposition ne concerne que les d\u00e9clarations et actes en lien direct avec la comp\u00e9tition. \u201c<em>Il va sans dire que tuer quelqu\u2019un, incendier, s\u2019attenter \u00e0 l\u2019int\u00e9grit\u00e9 physique de quelqu\u2019un n\u2019a rien \u00e0 voir avec la comp\u00e9tition \u00e9lectorale. Ce sont des actes r\u00e9prim\u00e9s par le Code p\u00e9nal et la loi \u00e9lectorale ne saurait y apporter aucune d\u00e9rogation<\/em>\u201d, souligne notre interlocuteur.<\/p>\n<p>En outre, la jurisprudence des violences \u00e9lectorales de la Pr\u00e9sidentielle 2019 est l\u00e0 pour prouver qu\u2019Abass est effectivement pass\u00e9 \u00e0 c\u00f4t\u00e9. En effet, les affrontements \u00e0 Tambacounda entre partisans de l'ancien r\u00e9gime de Macky Sall et la garde rapproch\u00e9e du candidat du Pur avaient notamment caus\u00e9 la mort d'Ibrahima Diop. Les personnes responsables de ces actes ont \u00e9t\u00e9 arr\u00eat\u00e9s jug\u00e9s deux ans plus tard. L\u2019un d\u2019eux a d\u2019ailleurs \u00e9t\u00e9 condamn\u00e9 \u00e0 une peine de 15 ans de r\u00e9clusion criminelle. C'est l\u00e0 une preuve suppl\u00e9mentaire que le lieutenant d'Ousmane Sonko s'est tromp\u00e9 dans son interpr\u00e9tation des dispositions de la loi \u00e9lectorale.<\/p>\n<p>L'autre aspect qui vient un peu contredire Abass Fall est la sortie du ministre de la Justice. S'exprimant \u00e0 travers un communiqu\u00e9 ce lundi, le garde des Sceaux s'est dit aux aguets des moindres faits et gestes des acteurs. \u201c<em>Dans le cadre de la campagne pour les \u00e9lections l\u00e9gislatives anticip\u00e9es pr\u00e9vues le 17 novembre 2024, le minist\u00e8re de la Justice a pris note de comportements et de propos qui pourraient constituer des infractions susceptibles d\u2019entra\u00eener des poursuites judiciaires. Ces agissements, survenus notamment dans le d\u00e9partement de Dakar en ce d\u00e9but de campagne, ont suscit\u00e9 une r\u00e9action ferme des autorit\u00e9s<\/em>\u201d.<\/p>\n<p>C'est dans ce sillage qu\u2019Ousmane Diagne a \u201c<em>ordonn\u00e9 l\u2019ouverture d\u2019enqu\u00eates pour faire la lumi\u00e8re sur ces \u00e9v\u00e9nements et identifier les responsabilit\u00e9s<\/em>\u201d.<\/p>\n<p>Il est rappel\u00e9 dans la note re\u00e7ue l\u2019importance du respect des lois et des r\u00e8glements en vigueur, soulignant que \u201c<em>toute atteinte \u00e0 l\u2019ordre public sera trait\u00e9e conform\u00e9ment aux proc\u00e9dures l\u00e9gales<\/em>\u201d.<\/p>\n<p>Enfin, en appelant les acteurs politiques et leurs partisans \u00e0 faire preuve de retenue, le minist\u00e8re de la Justice invite chacun \u00e0 s\u2019abstenir de tout \u201c<em>acte ou discours pouvant compromettre la tranquillit\u00e9 publique ou alimenter les tensions<\/em>\u201d.<\/p>\n<p>Selon le minist\u00e8re de la Justice, cet appel \u00e0 la responsabilit\u00e9 et \u00e0 la discipline vise \u00e0 \u201cassurer un climat de s\u00e9r\u00e9nit\u00e9 tout au long de la campagne, garantissant ainsi un processus \u00e9lectoral pacifique et exemplaire conforme aux valeurs d\u00e9mocratiques du S\u00e9n\u00e9gal\u201d.<\/p>\n<div class='share-to-whatsapp-wrapper'><div class='share-on-whsp'>PARTAGER SUR : <\/div><a data-text='IMMUNIT\u00c9 \u00c9LECTORALE - Abass Fall a vu les choses trop en grand' data-link='https:\/\/www.nettali.com\/2024\/10\/29\/immunite-electorale-abass-fall-a-vu-les-choses-trop-en-grand\/' class='whatsapp-button whatsapp-share'>WhatsApp<\/a><div class='clear '><\/div><\/div>","protected":false},"excerpt":{"rendered":"<p>NETTALI.COM - Dimanche dernier, Abass Fall a \u00e9voqu\u00e9 l'existence d'une super immunit\u00e9 \u00e9lectorale susceptible de prot\u00e9ger, envers et contre tous, tout acte durant cette p\u00e9riode \u00e9lectorale. Qu'en est-il r\u00e9ellement ? Le journal \u201cEnQu\u00eate\u201d a v\u00e9rifi\u00e9 pour vous. La premi\u00e8re journ\u00e9e de campagne \u00e9lectorale a \u00e9t\u00e9 marqu\u00e9e par des sc\u00e8nes de violence dans le d\u00e9partement de [&hellip;]<\/p>\n","protected":false},"author":2,"featured_media":142872,"comment_status":"open","ping_status":"open","sticky":false,"template":"","format":"standard","meta":{"_et_pb_use_builder":"","_et_pb_old_content":""},"categories":[2],"tags":[],"yoast_head":"<!-- This site is optimized with the Yoast SEO Premium plugin v17.8 (Yoast SEO v17.8) - https:\/\/yoast.com\/wordpress\/plugins\/seo\/ -->\n<title>IMMUNIT\u00c9 \u00c9LECTORALE - Abass Fall a vu les choses trop en grand | Nettali.com<\/title>\n<meta name=\"robots\" content=\"index, follow, max-snippet:-1, max-image-preview:large, max-video-preview:-1\" \/>\n<link rel=\"canonical\" href=\"https:\/\/www.nettali.com\/2024\/10\/29\/immunite-electorale-abass-fall-a-vu-les-choses-trop-en-grand\/\" \/>\n<meta property=\"og:locale\" content=\"fr_FR\" \/>\n<meta property=\"og:type\" content=\"article\" \/>\n<meta property=\"og:title\" content=\"IMMUNIT\u00c9 \u00c9LECTORALE - Abass Fall a vu les choses trop en grand\" \/>\n<meta property=\"og:description\" content=\"NETTALI.COM - Dimanche dernier, Abass Fall a \u00e9voqu\u00e9 l&#039;existence d&#039;une super immunit\u00e9 \u00e9lectorale susceptible de prot\u00e9ger, envers et contre tous, tout acte durant cette p\u00e9riode \u00e9lectorale. Qu&#039;en est-il r\u00e9ellement ? Le journal \u201cEnQu\u00eate\u201d a v\u00e9rifi\u00e9 pour vous. La premi\u00e8re journ\u00e9e de campagne \u00e9lectorale a \u00e9t\u00e9 marqu\u00e9e par des sc\u00e8nes de violence dans le d\u00e9partement de [&hellip;]\" \/>\n<meta property=\"og:url\" content=\"https:\/\/www.nettali.com\/2024\/10\/29\/immunite-electorale-abass-fall-a-vu-les-choses-trop-en-grand\/\" \/>\n<meta property=\"og:site_name\" content=\"Nettali.com\" \/>\n<meta property=\"article:publisher\" content=\"https:\/\/www.facebook.com\/nettalicom\" \/>\n<meta property=\"article:published_time\" content=\"2024-10-29T07:54:15+00:00\" \/>\n<meta property=\"og:image\" content=\"https:\/\/www.nettali.com\/wp-content\/uploads\/2024\/10\/IMG-20240330-WA0004.jpg\" \/>\n\t<meta property=\"og:image:width\" content=\"1280\" \/>\n\t<meta property=\"og:image:height\" content=\"960\" \/>\n<meta name=\"twitter:card\" content=\"summary_large_image\" \/>\n<meta name=\"twitter:label1\" content=\"\u00c9crit par\" \/>\n\t<meta name=\"twitter:data1\" content=\"CK\" \/>\n\t<meta name=\"twitter:label2\" content=\"Dur\u00e9e de lecture estim\u00e9e\" \/>\n\t<meta name=\"twitter:data2\" content=\"4 minutes\" \/>\n<script type=\"application\/ld+json\" class=\"yoast-schema-graph\">{\"@context\":\"https:\/\/schema.org\",\"@graph\":[{\"@type\":\"WebSite\",\"@id\":\"https:\/\/www.nettali.com\/#website\",\"url\":\"https:\/\/www.nettali.com\/\",\"name\":\"Nettali.com\",\"description\":\"Le rendez-vous critique du Net\",\"potentialAction\":[{\"@type\":\"SearchAction\",\"target\":{\"@type\":\"EntryPoint\",\"urlTemplate\":\"https:\/\/www.nettali.com\/?s={search_term_string}\"},\"query-input\":\"required name=search_term_string\"}],\"inLanguage\":\"fr-FR\"},{\"@type\":\"ImageObject\",\"@id\":\"https:\/\/www.nettali.com\/2024\/10\/29\/immunite-electorale-abass-fall-a-vu-les-choses-trop-en-grand\/#primaryimage\",\"inLanguage\":\"fr-FR\",\"url\":\"https:\/\/www.nettali.com\/wp-content\/uploads\/2024\/10\/IMG-20240330-WA0004.jpg\",\"contentUrl\":\"https:\/\/www.nettali.com\/wp-content\/uploads\/2024\/10\/IMG-20240330-WA0004.jpg\",\"width\":1280,\"height\":960},{\"@type\":\"WebPage\",\"@id\":\"https:\/\/www.nettali.com\/2024\/10\/29\/immunite-electorale-abass-fall-a-vu-les-choses-trop-en-grand\/#webpage\",\"url\":\"https:\/\/www.nettali.com\/2024\/10\/29\/immunite-electorale-abass-fall-a-vu-les-choses-trop-en-grand\/\",\"name\":\"IMMUNIT\\u00c9 \\u00c9LECTORALE - Abass Fall a vu les choses trop en grand | Nettali.com\",\"isPartOf\":{\"@id\":\"https:\/\/www.nettali.com\/#website\"},\"primaryImageOfPage\":{\"@id\":\"https:\/\/www.nettali.com\/2024\/10\/29\/immunite-electorale-abass-fall-a-vu-les-choses-trop-en-grand\/#primaryimage\"},\"datePublished\":\"2024-10-29T07:54:15+00:00\",\"dateModified\":\"2024-10-29T07:54:15+00:00\",\"author\":{\"@id\":\"https:\/\/www.nettali.com\/#\/schema\/person\/d8ac7b7e27ddad43f1c0d2ef090d7f71\"},\"breadcrumb\":{\"@id\":\"https:\/\/www.nettali.com\/2024\/10\/29\/immunite-electorale-abass-fall-a-vu-les-choses-trop-en-grand\/#breadcrumb\"},\"inLanguage\":\"fr-FR\",\"potentialAction\":[{\"@type\":\"ReadAction\",\"target\":[\"https:\/\/www.nettali.com\/2024\/10\/29\/immunite-electorale-abass-fall-a-vu-les-choses-trop-en-grand\/\"]}]},{\"@type\":\"BreadcrumbList\",\"@id\":\"https:\/\/www.nettali.com\/2024\/10\/29\/immunite-electorale-abass-fall-a-vu-les-choses-trop-en-grand\/#breadcrumb\",\"itemListElement\":[{\"@type\":\"ListItem\",\"position\":1,\"name\":\"Accueil\",\"item\":\"https:\/\/www.nettali.com\/\"},{\"@type\":\"ListItem\",\"position\":2,\"name\":\"IMMUNIT\\u00c9 \\u00c9LECTORALE - Abass Fall a vu les choses trop en grand\"}]},{\"@type\":\"Person\",\"@id\":\"https:\/\/www.nettali.com\/#\/schema\/person\/d8ac7b7e27ddad43f1c0d2ef090d7f71\",\"name\":\"CK\",\"image\":{\"@type\":\"ImageObject\",\"@id\":\"https:\/\/www.nettali.com\/#personlogo\",\"inLanguage\":\"fr-FR\",\"url\":\"https:\/\/secure.gravatar.com\/avatar\/1d8d5118b9327d94da7cd4ce7f17fec2?s=96&d=mm&r=g\",\"contentUrl\":\"https:\/\/secure.gravatar.com\/avatar\/1d8d5118b9327d94da7cd4ce7f17fec2?s=96&d=mm&r=g\",\"caption\":\"CK\"},\"sameAs\":[\"https:\/\/www.nettali.com\"]}]}<\/script>\n<!-- \/ Yoast SEO Premium plugin. -->","yoast_head_json":{"title":"IMMUNIT\u00c9 \u00c9LECTORALE - Abass Fall a vu les choses trop en grand | Nettali.com","robots":{"index":"index","follow":"follow","max-snippet":"max-snippet:-1","max-image-preview":"max-image-preview:large","max-video-preview":"max-video-preview:-1"},"canonical":"https:\/\/www.nettali.com\/2024\/10\/29\/immunite-electorale-abass-fall-a-vu-les-choses-trop-en-grand\/","og_locale":"fr_FR","og_type":"article","og_title":"IMMUNIT\u00c9 \u00c9LECTORALE - Abass Fall a vu les choses trop en grand","og_description":"NETTALI.COM - Dimanche dernier, Abass Fall a \u00e9voqu\u00e9 l'existence d'une super immunit\u00e9 \u00e9lectorale susceptible de prot\u00e9ger, envers et contre tous, tout acte durant cette p\u00e9riode \u00e9lectorale. Qu'en est-il r\u00e9ellement ? Le journal \u201cEnQu\u00eate\u201d a v\u00e9rifi\u00e9 pour vous. La premi\u00e8re journ\u00e9e de campagne \u00e9lectorale a \u00e9t\u00e9 marqu\u00e9e par des sc\u00e8nes de violence dans le d\u00e9partement de [&hellip;]","og_url":"https:\/\/www.nettali.com\/2024\/10\/29\/immunite-electorale-abass-fall-a-vu-les-choses-trop-en-grand\/","og_site_name":"Nettali.com","article_publisher":"https:\/\/www.facebook.com\/nettalicom","article_published_time":"2024-10-29T07:54:15+00:00","og_image":[{"width":1280,"height":960,"url":"https:\/\/www.nettali.com\/wp-content\/uploads\/2024\/10\/IMG-20240330-WA0004.jpg","type":"image\/jpeg"}],"twitter_card":"summary_large_image","twitter_misc":{"\u00c9crit par":"CK","Dur\u00e9e de lecture estim\u00e9e":"4 minutes"},"schema":{"@context":"https:\/\/schema.org","@graph":[{"@type":"WebSite","@id":"https:\/\/www.nettali.com\/#website","url":"https:\/\/www.nettali.com\/","name":"Nettali.com","description":"Le rendez-vous critique du Net","potentialAction":[{"@type":"SearchAction","target":{"@type":"EntryPoint","urlTemplate":"https:\/\/www.nettali.com\/?s={search_term_string}"},"query-input":"required name=search_term_string"}],"inLanguage":"fr-FR"},{"@type":"ImageObject","@id":"https:\/\/www.nettali.com\/2024\/10\/29\/immunite-electorale-abass-fall-a-vu-les-choses-trop-en-grand\/#primaryimage","inLanguage":"fr-FR","url":"https:\/\/www.nettali.com\/wp-content\/uploads\/2024\/10\/IMG-20240330-WA0004.jpg","contentUrl":"https:\/\/www.nettali.com\/wp-content\/uploads\/2024\/10\/IMG-20240330-WA0004.jpg","width":1280,"height":960},{"@type":"WebPage","@id":"https:\/\/www.nettali.com\/2024\/10\/29\/immunite-electorale-abass-fall-a-vu-les-choses-trop-en-grand\/#webpage","url":"https:\/\/www.nettali.com\/2024\/10\/29\/immunite-electorale-abass-fall-a-vu-les-choses-trop-en-grand\/","name":"IMMUNIT\u00c9 \u00c9LECTORALE - Abass Fall a vu les choses trop en grand | Nettali.com","isPartOf":{"@id":"https:\/\/www.nettali.com\/#website"},"primaryImageOfPage":{"@id":"https:\/\/www.nettali.com\/2024\/10\/29\/immunite-electorale-abass-fall-a-vu-les-choses-trop-en-grand\/#primaryimage"},"datePublished":"2024-10-29T07:54:15+00:00","dateModified":"2024-10-29T07:54:15+00:00","author":{"@id":"https:\/\/www.nettali.com\/#\/schema\/person\/d8ac7b7e27ddad43f1c0d2ef090d7f71"},"breadcrumb":{"@id":"https:\/\/www.nettali.com\/2024\/10\/29\/immunite-electorale-abass-fall-a-vu-les-choses-trop-en-grand\/#breadcrumb"},"inLanguage":"fr-FR","potentialAction":[{"@type":"ReadAction","target":["https:\/\/www.nettali.com\/2024\/10\/29\/immunite-electorale-abass-fall-a-vu-les-choses-trop-en-grand\/"]}]},{"@type":"BreadcrumbList","@id":"https:\/\/www.nettali.com\/2024\/10\/29\/immunite-electorale-abass-fall-a-vu-les-choses-trop-en-grand\/#breadcrumb","itemListElement":[{"@type":"ListItem","position":1,"name":"Accueil","item":"https:\/\/www.nettali.com\/"},{"@type":"ListItem","position":2,"name":"IMMUNIT\u00c9 \u00c9LECTORALE - Abass Fall a vu les choses trop en grand"}]},{"@type":"Person","@id":"https:\/\/www.nettali.com\/#\/schema\/person\/d8ac7b7e27ddad43f1c0d2ef090d7f71","name":"CK","image":{"@type":"ImageObject","@id":"https:\/\/www.nettali.com\/#personlogo","inLanguage":"fr-FR","url":"https:\/\/secure.gravatar.com\/avatar\/1d8d5118b9327d94da7cd4ce7f17fec2?s=96&d=mm&r=g","contentUrl":"https:\/\/secure.gravatar.com\/avatar\/1d8d5118b9327d94da7cd4ce7f17fec2?s=96&d=mm&r=g","caption":"CK"},"sameAs":["https:\/\/www.nettali.com"]}]}},"_links":{"self":[{"href":"https:\/\/www.nettali.com\/rest\/wp\/v2\/posts\/142871"}],"collection":[{"href":"https:\/\/www.nettali.com\/rest\/wp\/v2\/posts"}],"about":[{"href":"https:\/\/www.nettali.com\/rest\/wp\/v2\/types\/post"}],"author":[{"embeddable":true,"href":"https:\/\/www.nettali.com\/rest\/wp\/v2\/users\/2"}],"replies":[{"embeddable":true,"href":"https:\/\/www.nettali.com\/rest\/wp\/v2\/comments?post=142871"}],"version-history":[{"count":1,"href":"https:\/\/www.nettali.com\/rest\/wp\/v2\/posts\/142871\/revisions"}],"predecessor-version":[{"id":142873,"href":"https:\/\/www.nettali.com\/rest\/wp\/v2\/posts\/142871\/revisions\/142873"}],"wp:featuredmedia":[{"embeddable":true,"href":"https:\/\/www.nettali.com\/rest\/wp\/v2\/media\/142872"}],"wp:attachment":[{"href":"https:\/\/www.nettali.com\/rest\/wp\/v2\/media?parent=142871"}],"wp:term":[{"taxonomy":"category","embeddable":true,"href":"https:\/\/www.nettali.com\/rest\/wp\/v2\/categories?post=142871"},{"taxonomy":"post_tag","embeddable":true,"href":"https:\/\/www.nettali.com\/rest\/wp\/v2\/tags?post=142871"}],"curies":[{"name":"wp","href":"https:\/\/api.w.org\/{rel}","templated":true}]}}