{"id":142783,"date":"2024-10-28T07:35:20","date_gmt":"2024-10-28T07:35:20","guid":{"rendered":"https:\/\/www.nettali.com\/?p=142783"},"modified":"2024-10-28T07:35:20","modified_gmt":"2024-10-28T07:35:20","slug":"greve-emedia-les-travailleurs-decretent-a-nouveau-une-semaine","status":"publish","type":"post","link":"https:\/\/www.nettali.com\/2024\/10\/28\/greve-emedia-les-travailleurs-decretent-a-nouveau-une-semaine\/","title":{"rendered":"GR\u00c8VE EMEDIA - Les travailleurs d\u00e9cr\u00e8tent \u00e0 nouveau une semaine"},"content":{"rendered":"<p><strong>NETTALI.COM -<\/strong> Rien ne va plus dans le secteur de la presse o\u00f9 la situation va de mal en pis \u00e0 cause notamment de la d\u00e9cision du gouvernement de suspendre les conventions de publicit\u00e9. Dans la plupart des entreprises, la situation est devenue intenable. Au groupe Emedia Invest, les travailleurs, qui n\u2019en peuvent plus de supporter les arri\u00e9r\u00e9s de salaire, sont en gr\u00e8ve depuis une semaine. Et ils sont pr\u00eats \u00e0 continuer leur mot d\u2019ordre pour exiger le paiement de leurs salaires.<\/p>\n<p>Dans un communiqu\u00e9 re\u00e7u \u00e0 \u201cNettali.com\u201d, ils d\u00e9noncent : \"<em>Cinq mois maintenant que nous n'avons pas re\u00e7u nos salaires, une situation difficile et intenable pour tout le personnel.<\/em>\u201d<\/p>\n<p>Durant cette semaine \u00e9coul\u00e9e, regrettent-ils, malgr\u00e9 les actions qui ont \u00e9t\u00e9 men\u00e9es, les interpellations de la direction et les efforts de m\u00e9diations, les choses n\u2019ont pas boug\u00e9. \u201c<em>La direction g\u00e9n\u00e9rale d\u2019Emedia se montre insensible face aux difficult\u00e9s auxquelles font face les travailleurs. Aucun acte, aucune proposition, aucune promesse. La direction g\u00e9n\u00e9rale se braque et montre ainsi son manque de respect envers des p\u00e8res, m\u00e8res et soutiens de famille<\/em>\", a d\u00e9plor\u00e9 la section Synpics de ce groupe de presse.<\/p>\n<p>Face \u00e0 cette situation, insistent- ils dans le communiqu\u00e9, ils n\u2019avaient d\u2019autre choix que de continuer la lutte. \u201c<em>Le personnel reste uni et d\u00e9termin\u00e9 dans cette \u00e9preuve. C\u2019est pourquoi les travailleurs ont d\u00e9cid\u00e9 de suspendre \u00e0 nouveau leurs activit\u00e9s pour une semaine<\/em>\u201d.<\/p>\n<p>Il convient de noter que cette situation est loin d\u2019\u00eatre sp\u00e9cifique \u00e0 Emedia. Elles sont nombreuses, en effet, les entreprises de presse \u00e0 souffrir de cette suspension des conventions par l\u2019\u00c9tat et ses d\u00e9membrements.<\/p>\n<div class='share-to-whatsapp-wrapper'><div class='share-on-whsp'>PARTAGER SUR : <\/div><a data-text='GR\u00c8VE EMEDIA - Les travailleurs d\u00e9cr\u00e8tent \u00e0 nouveau une semaine' data-link='https:\/\/www.nettali.com\/2024\/10\/28\/greve-emedia-les-travailleurs-decretent-a-nouveau-une-semaine\/' class='whatsapp-button whatsapp-share'>WhatsApp<\/a><div class='clear '><\/div><\/div>","protected":false},"excerpt":{"rendered":"<p>NETTALI.COM - Rien ne va plus dans le secteur de la presse o\u00f9 la situation va de mal en pis \u00e0 cause notamment de la d\u00e9cision du gouvernement de suspendre les conventions de publicit\u00e9. Dans la plupart des entreprises, la situation est devenue intenable. Au groupe Emedia Invest, les travailleurs, qui n\u2019en peuvent plus de [&hellip;]<\/p>\n","protected":false},"author":2,"featured_media":142784,"comment_status":"open","ping_status":"open","sticky":false,"template":"","format":"standard","meta":{"_et_pb_use_builder":"","_et_pb_old_content":""},"categories":[3],"tags":[],"yoast_head":"<!-- This site is optimized with the Yoast SEO Premium plugin v17.8 (Yoast SEO v17.8) - https:\/\/yoast.com\/wordpress\/plugins\/seo\/ -->\n<title>GR\u00c8VE EMEDIA - Les travailleurs d\u00e9cr\u00e8tent \u00e0 nouveau une semaine | Nettali.com<\/title>\n<meta name=\"robots\" content=\"index, follow, max-snippet:-1, max-image-preview:large, max-video-preview:-1\" \/>\n<link rel=\"canonical\" href=\"https:\/\/www.nettali.com\/2024\/10\/28\/greve-emedia-les-travailleurs-decretent-a-nouveau-une-semaine\/\" \/>\n<meta property=\"og:locale\" content=\"fr_FR\" \/>\n<meta property=\"og:type\" content=\"article\" \/>\n<meta property=\"og:title\" content=\"GR\u00c8VE EMEDIA - Les travailleurs d\u00e9cr\u00e8tent \u00e0 nouveau une semaine\" \/>\n<meta property=\"og:description\" content=\"NETTALI.COM - Rien ne va plus dans le secteur de la presse o\u00f9 la situation va de mal en pis \u00e0 cause notamment de la d\u00e9cision du gouvernement de suspendre les conventions de publicit\u00e9. Dans la plupart des entreprises, la situation est devenue intenable. Au groupe Emedia Invest, les travailleurs, qui n\u2019en peuvent plus de [&hellip;]\" \/>\n<meta property=\"og:url\" content=\"https:\/\/www.nettali.com\/2024\/10\/28\/greve-emedia-les-travailleurs-decretent-a-nouveau-une-semaine\/\" \/>\n<meta property=\"og:site_name\" content=\"Nettali.com\" \/>\n<meta property=\"article:publisher\" content=\"https:\/\/www.facebook.com\/nettalicom\" \/>\n<meta property=\"article:published_time\" content=\"2024-10-28T07:35:20+00:00\" \/>\n<meta property=\"og:image\" content=\"https:\/\/www.nettali.com\/wp-content\/uploads\/2024\/10\/49051e6a30e33f71129e9ab2bd8118201af4afac-1.jpg\" \/>\n\t<meta property=\"og:image:width\" content=\"612\" \/>\n\t<meta property=\"og:image:height\" content=\"298\" \/>\n<meta name=\"twitter:card\" content=\"summary_large_image\" \/>\n<meta name=\"twitter:label1\" content=\"\u00c9crit par\" \/>\n\t<meta name=\"twitter:data1\" content=\"CK\" \/>\n\t<meta name=\"twitter:label2\" content=\"Dur\u00e9e de lecture estim\u00e9e\" \/>\n\t<meta name=\"twitter:data2\" content=\"1 minute\" \/>\n<script type=\"application\/ld+json\" class=\"yoast-schema-graph\">{\"@context\":\"https:\/\/schema.org\",\"@graph\":[{\"@type\":\"WebSite\",\"@id\":\"https:\/\/www.nettali.com\/#website\",\"url\":\"https:\/\/www.nettali.com\/\",\"name\":\"Nettali.com\",\"description\":\"Le rendez-vous critique du Net\",\"potentialAction\":[{\"@type\":\"SearchAction\",\"target\":{\"@type\":\"EntryPoint\",\"urlTemplate\":\"https:\/\/www.nettali.com\/?s={search_term_string}\"},\"query-input\":\"required name=search_term_string\"}],\"inLanguage\":\"fr-FR\"},{\"@type\":\"ImageObject\",\"@id\":\"https:\/\/www.nettali.com\/2024\/10\/28\/greve-emedia-les-travailleurs-decretent-a-nouveau-une-semaine\/#primaryimage\",\"inLanguage\":\"fr-FR\",\"url\":\"https:\/\/www.nettali.com\/wp-content\/uploads\/2024\/10\/49051e6a30e33f71129e9ab2bd8118201af4afac-1.jpg\",\"contentUrl\":\"https:\/\/www.nettali.com\/wp-content\/uploads\/2024\/10\/49051e6a30e33f71129e9ab2bd8118201af4afac-1.jpg\",\"width\":612,\"height\":298},{\"@type\":\"WebPage\",\"@id\":\"https:\/\/www.nettali.com\/2024\/10\/28\/greve-emedia-les-travailleurs-decretent-a-nouveau-une-semaine\/#webpage\",\"url\":\"https:\/\/www.nettali.com\/2024\/10\/28\/greve-emedia-les-travailleurs-decretent-a-nouveau-une-semaine\/\",\"name\":\"GR\\u00c8VE EMEDIA - Les travailleurs d\\u00e9cr\\u00e8tent \\u00e0 nouveau une semaine | Nettali.com\",\"isPartOf\":{\"@id\":\"https:\/\/www.nettali.com\/#website\"},\"primaryImageOfPage\":{\"@id\":\"https:\/\/www.nettali.com\/2024\/10\/28\/greve-emedia-les-travailleurs-decretent-a-nouveau-une-semaine\/#primaryimage\"},\"datePublished\":\"2024-10-28T07:35:20+00:00\",\"dateModified\":\"2024-10-28T07:35:20+00:00\",\"author\":{\"@id\":\"https:\/\/www.nettali.com\/#\/schema\/person\/d8ac7b7e27ddad43f1c0d2ef090d7f71\"},\"breadcrumb\":{\"@id\":\"https:\/\/www.nettali.com\/2024\/10\/28\/greve-emedia-les-travailleurs-decretent-a-nouveau-une-semaine\/#breadcrumb\"},\"inLanguage\":\"fr-FR\",\"potentialAction\":[{\"@type\":\"ReadAction\",\"target\":[\"https:\/\/www.nettali.com\/2024\/10\/28\/greve-emedia-les-travailleurs-decretent-a-nouveau-une-semaine\/\"]}]},{\"@type\":\"BreadcrumbList\",\"@id\":\"https:\/\/www.nettali.com\/2024\/10\/28\/greve-emedia-les-travailleurs-decretent-a-nouveau-une-semaine\/#breadcrumb\",\"itemListElement\":[{\"@type\":\"ListItem\",\"position\":1,\"name\":\"Accueil\",\"item\":\"https:\/\/www.nettali.com\/\"},{\"@type\":\"ListItem\",\"position\":2,\"name\":\"GR\\u00c8VE EMEDIA - Les travailleurs d\\u00e9cr\\u00e8tent \\u00e0 nouveau une semaine\"}]},{\"@type\":\"Person\",\"@id\":\"https:\/\/www.nettali.com\/#\/schema\/person\/d8ac7b7e27ddad43f1c0d2ef090d7f71\",\"name\":\"CK\",\"image\":{\"@type\":\"ImageObject\",\"@id\":\"https:\/\/www.nettali.com\/#personlogo\",\"inLanguage\":\"fr-FR\",\"url\":\"https:\/\/secure.gravatar.com\/avatar\/1d8d5118b9327d94da7cd4ce7f17fec2?s=96&d=mm&r=g\",\"contentUrl\":\"https:\/\/secure.gravatar.com\/avatar\/1d8d5118b9327d94da7cd4ce7f17fec2?s=96&d=mm&r=g\",\"caption\":\"CK\"},\"sameAs\":[\"https:\/\/www.nettali.com\"]}]}<\/script>\n<!-- \/ Yoast SEO Premium plugin. -->","yoast_head_json":{"title":"GR\u00c8VE EMEDIA - Les travailleurs d\u00e9cr\u00e8tent \u00e0 nouveau une semaine | Nettali.com","robots":{"index":"index","follow":"follow","max-snippet":"max-snippet:-1","max-image-preview":"max-image-preview:large","max-video-preview":"max-video-preview:-1"},"canonical":"https:\/\/www.nettali.com\/2024\/10\/28\/greve-emedia-les-travailleurs-decretent-a-nouveau-une-semaine\/","og_locale":"fr_FR","og_type":"article","og_title":"GR\u00c8VE EMEDIA - Les travailleurs d\u00e9cr\u00e8tent \u00e0 nouveau une semaine","og_description":"NETTALI.COM - Rien ne va plus dans le secteur de la presse o\u00f9 la situation va de mal en pis \u00e0 cause notamment de la d\u00e9cision du gouvernement de suspendre les conventions de publicit\u00e9. Dans la plupart des entreprises, la situation est devenue intenable. Au groupe Emedia Invest, les travailleurs, qui n\u2019en peuvent plus de [&hellip;]","og_url":"https:\/\/www.nettali.com\/2024\/10\/28\/greve-emedia-les-travailleurs-decretent-a-nouveau-une-semaine\/","og_site_name":"Nettali.com","article_publisher":"https:\/\/www.facebook.com\/nettalicom","article_published_time":"2024-10-28T07:35:20+00:00","og_image":[{"width":612,"height":298,"url":"https:\/\/www.nettali.com\/wp-content\/uploads\/2024\/10\/49051e6a30e33f71129e9ab2bd8118201af4afac-1.jpg","type":"image\/jpeg"}],"twitter_card":"summary_large_image","twitter_misc":{"\u00c9crit par":"CK","Dur\u00e9e de lecture estim\u00e9e":"1 minute"},"schema":{"@context":"https:\/\/schema.org","@graph":[{"@type":"WebSite","@id":"https:\/\/www.nettali.com\/#website","url":"https:\/\/www.nettali.com\/","name":"Nettali.com","description":"Le rendez-vous critique du Net","potentialAction":[{"@type":"SearchAction","target":{"@type":"EntryPoint","urlTemplate":"https:\/\/www.nettali.com\/?s={search_term_string}"},"query-input":"required name=search_term_string"}],"inLanguage":"fr-FR"},{"@type":"ImageObject","@id":"https:\/\/www.nettali.com\/2024\/10\/28\/greve-emedia-les-travailleurs-decretent-a-nouveau-une-semaine\/#primaryimage","inLanguage":"fr-FR","url":"https:\/\/www.nettali.com\/wp-content\/uploads\/2024\/10\/49051e6a30e33f71129e9ab2bd8118201af4afac-1.jpg","contentUrl":"https:\/\/www.nettali.com\/wp-content\/uploads\/2024\/10\/49051e6a30e33f71129e9ab2bd8118201af4afac-1.jpg","width":612,"height":298},{"@type":"WebPage","@id":"https:\/\/www.nettali.com\/2024\/10\/28\/greve-emedia-les-travailleurs-decretent-a-nouveau-une-semaine\/#webpage","url":"https:\/\/www.nettali.com\/2024\/10\/28\/greve-emedia-les-travailleurs-decretent-a-nouveau-une-semaine\/","name":"GR\u00c8VE EMEDIA - Les travailleurs d\u00e9cr\u00e8tent \u00e0 nouveau une semaine | Nettali.com","isPartOf":{"@id":"https:\/\/www.nettali.com\/#website"},"primaryImageOfPage":{"@id":"https:\/\/www.nettali.com\/2024\/10\/28\/greve-emedia-les-travailleurs-decretent-a-nouveau-une-semaine\/#primaryimage"},"datePublished":"2024-10-28T07:35:20+00:00","dateModified":"2024-10-28T07:35:20+00:00","author":{"@id":"https:\/\/www.nettali.com\/#\/schema\/person\/d8ac7b7e27ddad43f1c0d2ef090d7f71"},"breadcrumb":{"@id":"https:\/\/www.nettali.com\/2024\/10\/28\/greve-emedia-les-travailleurs-decretent-a-nouveau-une-semaine\/#breadcrumb"},"inLanguage":"fr-FR","potentialAction":[{"@type":"ReadAction","target":["https:\/\/www.nettali.com\/2024\/10\/28\/greve-emedia-les-travailleurs-decretent-a-nouveau-une-semaine\/"]}]},{"@type":"BreadcrumbList","@id":"https:\/\/www.nettali.com\/2024\/10\/28\/greve-emedia-les-travailleurs-decretent-a-nouveau-une-semaine\/#breadcrumb","itemListElement":[{"@type":"ListItem","position":1,"name":"Accueil","item":"https:\/\/www.nettali.com\/"},{"@type":"ListItem","position":2,"name":"GR\u00c8VE EMEDIA - Les travailleurs d\u00e9cr\u00e8tent \u00e0 nouveau une semaine"}]},{"@type":"Person","@id":"https:\/\/www.nettali.com\/#\/schema\/person\/d8ac7b7e27ddad43f1c0d2ef090d7f71","name":"CK","image":{"@type":"ImageObject","@id":"https:\/\/www.nettali.com\/#personlogo","inLanguage":"fr-FR","url":"https:\/\/secure.gravatar.com\/avatar\/1d8d5118b9327d94da7cd4ce7f17fec2?s=96&d=mm&r=g","contentUrl":"https:\/\/secure.gravatar.com\/avatar\/1d8d5118b9327d94da7cd4ce7f17fec2?s=96&d=mm&r=g","caption":"CK"},"sameAs":["https:\/\/www.nettali.com"]}]}},"_links":{"self":[{"href":"https:\/\/www.nettali.com\/rest\/wp\/v2\/posts\/142783"}],"collection":[{"href":"https:\/\/www.nettali.com\/rest\/wp\/v2\/posts"}],"about":[{"href":"https:\/\/www.nettali.com\/rest\/wp\/v2\/types\/post"}],"author":[{"embeddable":true,"href":"https:\/\/www.nettali.com\/rest\/wp\/v2\/users\/2"}],"replies":[{"embeddable":true,"href":"https:\/\/www.nettali.com\/rest\/wp\/v2\/comments?post=142783"}],"version-history":[{"count":1,"href":"https:\/\/www.nettali.com\/rest\/wp\/v2\/posts\/142783\/revisions"}],"predecessor-version":[{"id":142785,"href":"https:\/\/www.nettali.com\/rest\/wp\/v2\/posts\/142783\/revisions\/142785"}],"wp:featuredmedia":[{"embeddable":true,"href":"https:\/\/www.nettali.com\/rest\/wp\/v2\/media\/142784"}],"wp:attachment":[{"href":"https:\/\/www.nettali.com\/rest\/wp\/v2\/media?parent=142783"}],"wp:term":[{"taxonomy":"category","embeddable":true,"href":"https:\/\/www.nettali.com\/rest\/wp\/v2\/categories?post=142783"},{"taxonomy":"post_tag","embeddable":true,"href":"https:\/\/www.nettali.com\/rest\/wp\/v2\/tags?post=142783"}],"curies":[{"name":"wp","href":"https:\/\/api.w.org\/{rel}","templated":true}]}}