{"id":142653,"date":"2024-10-25T11:43:13","date_gmt":"2024-10-25T11:43:13","guid":{"rendered":"https:\/\/www.nettali.com\/?p=142653"},"modified":"2024-10-25T11:43:13","modified_gmt":"2024-10-25T11:43:13","slug":"sebikotane-le-chroniqueur-ameth-ndoye-place-en-garde-a-vue","status":"publish","type":"post","link":"https:\/\/www.nettali.com\/2024\/10\/25\/sebikotane-le-chroniqueur-ameth-ndoye-place-en-garde-a-vue\/","title":{"rendered":"SEBIKOTANE - Le chroniqueur Ameth Ndoye plac\u00e9 en garde \u00e0 vue"},"content":{"rendered":"<div class=\"xdj266r x11i5rnm xat24cr x1mh8g0r x1vvkbs x126k92a\">\n<div dir=\"auto\"><strong>NETTALI.COM - Le chroniqueur Ameth Ndoye a \u00e9t\u00e9 plac\u00e9 en garde \u00e0 vue par la gendarmerie, suite \u00e0 des accusations de d\u00e9faut de permis de conduire ainsi que de faux et usage de faux.<\/strong><\/div>\n<div dir=\"auto\"><\/div>\n<\/div>\n<div class=\"x11i5rnm xat24cr x1mh8g0r x1vvkbs xtlvy1s x126k92a\">\n<div dir=\"auto\">Son arrestation a eu lieu, ce jeudi soir, dans un h\u00f4tel, apr\u00e8s un point de presse, par les agents de la Brigade de recherches de Faidherbe. Il a ensuite \u00e9t\u00e9 transf\u00e9r\u00e9 \u00e0 la brigade de S\u00e9bikotane pour \u00eatre auditionn\u00e9.<\/div>\n<\/div>\n<div class=\"x11i5rnm xat24cr x1mh8g0r x1vvkbs xtlvy1s x126k92a\">\n<div dir=\"auto\">L'affaire remonte \u00e0 un accident de la circulation survenu, il y a quelques jours, \u00e0 S\u00e9bikotane. Selon les informations recueillies, M. Ndoye ne poss\u00e9dait pas de permis de conduire au moment de l'accident. De plus, le num\u00e9ro de permis qu'il a pr\u00e9sent\u00e9, associ\u00e9 \u00e0 une contravention pour non-port de ceinture de s\u00e9curit\u00e9, n\u2019est pas enregistr\u00e9 \u00e0 son nom.<\/div>\n<\/div>\n<div class=\"x11i5rnm xat24cr x1mh8g0r x1vvkbs xtlvy1s x126k92a\">\n<div dir=\"auto\">Des v\u00e9rifications effectu\u00e9es aupr\u00e8s du service des mines ont r\u00e9v\u00e9l\u00e9 qu'un autre conducteur est le titulaire de ce permis, selon les premiers \u00e9l\u00e9ments de l'enqu\u00eate.<\/div>\n<\/div>\n<div class=\"x11i5rnm xat24cr x1mh8g0r x1vvkbs xtlvy1s x126k92a\">\n<div dir=\"auto\">Il a affirm\u00e9 quelques instants avant son arrestation qu'il \u00e9tait en r\u00e8gle et en possession de tous les documents n\u00e9cessaires pour conduire sans probl\u00e8me.<\/div>\n<div dir=\"auto\">L\u2019enqu\u00eate se poursuit pour \u00e9tablir les faits.<\/div>\n<\/div>\n<div class='share-to-whatsapp-wrapper'><div class='share-on-whsp'>PARTAGER SUR : <\/div><a data-text='SEBIKOTANE - Le chroniqueur Ameth Ndoye plac\u00e9 en garde \u00e0 vue' data-link='https:\/\/www.nettali.com\/2024\/10\/25\/sebikotane-le-chroniqueur-ameth-ndoye-place-en-garde-a-vue\/' class='whatsapp-button whatsapp-share'>WhatsApp<\/a><div class='clear '><\/div><\/div>","protected":false},"excerpt":{"rendered":"<p>NETTALI.COM - Le chroniqueur Ameth Ndoye a \u00e9t\u00e9 plac\u00e9 en garde \u00e0 vue par la gendarmerie, suite \u00e0 des accusations de d\u00e9faut de permis de conduire ainsi que de faux et usage de faux. Son arrestation a eu lieu, ce jeudi soir, dans un h\u00f4tel, apr\u00e8s un point de presse, par les agents de la [&hellip;]<\/p>\n","protected":false},"author":4,"featured_media":142656,"comment_status":"open","ping_status":"open","sticky":false,"template":"","format":"standard","meta":{"_et_pb_use_builder":"","_et_pb_old_content":""},"categories":[3],"tags":[],"yoast_head":"<!-- This site is optimized with the Yoast SEO Premium plugin v17.8 (Yoast SEO v17.8) - https:\/\/yoast.com\/wordpress\/plugins\/seo\/ -->\n<title>SEBIKOTANE - Le chroniqueur Ameth Ndoye plac\u00e9 en garde \u00e0 vue | Nettali.com<\/title>\n<meta name=\"robots\" content=\"index, follow, max-snippet:-1, max-image-preview:large, max-video-preview:-1\" \/>\n<link rel=\"canonical\" href=\"https:\/\/www.nettali.com\/2024\/10\/25\/sebikotane-le-chroniqueur-ameth-ndoye-place-en-garde-a-vue\/\" \/>\n<meta property=\"og:locale\" content=\"fr_FR\" \/>\n<meta property=\"og:type\" content=\"article\" \/>\n<meta property=\"og:title\" content=\"SEBIKOTANE - Le chroniqueur Ameth Ndoye plac\u00e9 en garde \u00e0 vue\" \/>\n<meta property=\"og:description\" content=\"NETTALI.COM - Le chroniqueur Ameth Ndoye a \u00e9t\u00e9 plac\u00e9 en garde \u00e0 vue par la gendarmerie, suite \u00e0 des accusations de d\u00e9faut de permis de conduire ainsi que de faux et usage de faux. Son arrestation a eu lieu, ce jeudi soir, dans un h\u00f4tel, apr\u00e8s un point de presse, par les agents de la [&hellip;]\" \/>\n<meta property=\"og:url\" content=\"https:\/\/www.nettali.com\/2024\/10\/25\/sebikotane-le-chroniqueur-ameth-ndoye-place-en-garde-a-vue\/\" \/>\n<meta property=\"og:site_name\" content=\"Nettali.com\" \/>\n<meta property=\"article:publisher\" content=\"https:\/\/www.facebook.com\/nettalicom\" \/>\n<meta property=\"article:published_time\" content=\"2024-10-25T11:43:13+00:00\" \/>\n<meta property=\"og:image\" content=\"https:\/\/www.nettali.com\/wp-content\/uploads\/2024\/10\/Ameth-Ndoye.jpeg\" \/>\n\t<meta property=\"og:image:width\" content=\"828\" \/>\n\t<meta property=\"og:image:height\" content=\"732\" \/>\n<meta name=\"twitter:card\" content=\"summary_large_image\" \/>\n<meta name=\"twitter:label1\" content=\"\u00c9crit par\" \/>\n\t<meta name=\"twitter:data1\" content=\"Daouda\" \/>\n\t<meta name=\"twitter:label2\" content=\"Dur\u00e9e de lecture estim\u00e9e\" \/>\n\t<meta name=\"twitter:data2\" content=\"1 minute\" \/>\n<script type=\"application\/ld+json\" class=\"yoast-schema-graph\">{\"@context\":\"https:\/\/schema.org\",\"@graph\":[{\"@type\":\"WebSite\",\"@id\":\"https:\/\/www.nettali.com\/#website\",\"url\":\"https:\/\/www.nettali.com\/\",\"name\":\"Nettali.com\",\"description\":\"Le rendez-vous critique du Net\",\"potentialAction\":[{\"@type\":\"SearchAction\",\"target\":{\"@type\":\"EntryPoint\",\"urlTemplate\":\"https:\/\/www.nettali.com\/?s={search_term_string}\"},\"query-input\":\"required name=search_term_string\"}],\"inLanguage\":\"fr-FR\"},{\"@type\":\"ImageObject\",\"@id\":\"https:\/\/www.nettali.com\/2024\/10\/25\/sebikotane-le-chroniqueur-ameth-ndoye-place-en-garde-a-vue\/#primaryimage\",\"inLanguage\":\"fr-FR\",\"url\":\"https:\/\/www.nettali.com\/wp-content\/uploads\/2024\/10\/Ameth-Ndoye.jpeg\",\"contentUrl\":\"https:\/\/www.nettali.com\/wp-content\/uploads\/2024\/10\/Ameth-Ndoye.jpeg\",\"width\":828,\"height\":732},{\"@type\":\"WebPage\",\"@id\":\"https:\/\/www.nettali.com\/2024\/10\/25\/sebikotane-le-chroniqueur-ameth-ndoye-place-en-garde-a-vue\/#webpage\",\"url\":\"https:\/\/www.nettali.com\/2024\/10\/25\/sebikotane-le-chroniqueur-ameth-ndoye-place-en-garde-a-vue\/\",\"name\":\"SEBIKOTANE - Le chroniqueur Ameth Ndoye plac\\u00e9 en garde \\u00e0 vue | Nettali.com\",\"isPartOf\":{\"@id\":\"https:\/\/www.nettali.com\/#website\"},\"primaryImageOfPage\":{\"@id\":\"https:\/\/www.nettali.com\/2024\/10\/25\/sebikotane-le-chroniqueur-ameth-ndoye-place-en-garde-a-vue\/#primaryimage\"},\"datePublished\":\"2024-10-25T11:43:13+00:00\",\"dateModified\":\"2024-10-25T11:43:13+00:00\",\"author\":{\"@id\":\"https:\/\/www.nettali.com\/#\/schema\/person\/3317e0bb3aa1da309fbf7b2780901bf4\"},\"breadcrumb\":{\"@id\":\"https:\/\/www.nettali.com\/2024\/10\/25\/sebikotane-le-chroniqueur-ameth-ndoye-place-en-garde-a-vue\/#breadcrumb\"},\"inLanguage\":\"fr-FR\",\"potentialAction\":[{\"@type\":\"ReadAction\",\"target\":[\"https:\/\/www.nettali.com\/2024\/10\/25\/sebikotane-le-chroniqueur-ameth-ndoye-place-en-garde-a-vue\/\"]}]},{\"@type\":\"BreadcrumbList\",\"@id\":\"https:\/\/www.nettali.com\/2024\/10\/25\/sebikotane-le-chroniqueur-ameth-ndoye-place-en-garde-a-vue\/#breadcrumb\",\"itemListElement\":[{\"@type\":\"ListItem\",\"position\":1,\"name\":\"Accueil\",\"item\":\"https:\/\/www.nettali.com\/\"},{\"@type\":\"ListItem\",\"position\":2,\"name\":\"SEBIKOTANE - Le chroniqueur Ameth Ndoye plac\\u00e9 en garde \\u00e0 vue\"}]},{\"@type\":\"Person\",\"@id\":\"https:\/\/www.nettali.com\/#\/schema\/person\/3317e0bb3aa1da309fbf7b2780901bf4\",\"name\":\"Daouda\",\"image\":{\"@type\":\"ImageObject\",\"@id\":\"https:\/\/www.nettali.com\/#personlogo\",\"inLanguage\":\"fr-FR\",\"url\":\"https:\/\/secure.gravatar.com\/avatar\/8d143b5a49345098ddcfee1c49c2f47c?s=96&d=mm&r=g\",\"contentUrl\":\"https:\/\/secure.gravatar.com\/avatar\/8d143b5a49345098ddcfee1c49c2f47c?s=96&d=mm&r=g\",\"caption\":\"Daouda\"},\"sameAs\":[\"https:\/\/www.nettali.com\"]}]}<\/script>\n<!-- \/ Yoast SEO Premium plugin. -->","yoast_head_json":{"title":"SEBIKOTANE - Le chroniqueur Ameth Ndoye plac\u00e9 en garde \u00e0 vue | Nettali.com","robots":{"index":"index","follow":"follow","max-snippet":"max-snippet:-1","max-image-preview":"max-image-preview:large","max-video-preview":"max-video-preview:-1"},"canonical":"https:\/\/www.nettali.com\/2024\/10\/25\/sebikotane-le-chroniqueur-ameth-ndoye-place-en-garde-a-vue\/","og_locale":"fr_FR","og_type":"article","og_title":"SEBIKOTANE - Le chroniqueur Ameth Ndoye plac\u00e9 en garde \u00e0 vue","og_description":"NETTALI.COM - Le chroniqueur Ameth Ndoye a \u00e9t\u00e9 plac\u00e9 en garde \u00e0 vue par la gendarmerie, suite \u00e0 des accusations de d\u00e9faut de permis de conduire ainsi que de faux et usage de faux. Son arrestation a eu lieu, ce jeudi soir, dans un h\u00f4tel, apr\u00e8s un point de presse, par les agents de la [&hellip;]","og_url":"https:\/\/www.nettali.com\/2024\/10\/25\/sebikotane-le-chroniqueur-ameth-ndoye-place-en-garde-a-vue\/","og_site_name":"Nettali.com","article_publisher":"https:\/\/www.facebook.com\/nettalicom","article_published_time":"2024-10-25T11:43:13+00:00","og_image":[{"width":828,"height":732,"url":"https:\/\/www.nettali.com\/wp-content\/uploads\/2024\/10\/Ameth-Ndoye.jpeg","type":"image\/jpeg"}],"twitter_card":"summary_large_image","twitter_misc":{"\u00c9crit par":"Daouda","Dur\u00e9e de lecture estim\u00e9e":"1 minute"},"schema":{"@context":"https:\/\/schema.org","@graph":[{"@type":"WebSite","@id":"https:\/\/www.nettali.com\/#website","url":"https:\/\/www.nettali.com\/","name":"Nettali.com","description":"Le rendez-vous critique du Net","potentialAction":[{"@type":"SearchAction","target":{"@type":"EntryPoint","urlTemplate":"https:\/\/www.nettali.com\/?s={search_term_string}"},"query-input":"required name=search_term_string"}],"inLanguage":"fr-FR"},{"@type":"ImageObject","@id":"https:\/\/www.nettali.com\/2024\/10\/25\/sebikotane-le-chroniqueur-ameth-ndoye-place-en-garde-a-vue\/#primaryimage","inLanguage":"fr-FR","url":"https:\/\/www.nettali.com\/wp-content\/uploads\/2024\/10\/Ameth-Ndoye.jpeg","contentUrl":"https:\/\/www.nettali.com\/wp-content\/uploads\/2024\/10\/Ameth-Ndoye.jpeg","width":828,"height":732},{"@type":"WebPage","@id":"https:\/\/www.nettali.com\/2024\/10\/25\/sebikotane-le-chroniqueur-ameth-ndoye-place-en-garde-a-vue\/#webpage","url":"https:\/\/www.nettali.com\/2024\/10\/25\/sebikotane-le-chroniqueur-ameth-ndoye-place-en-garde-a-vue\/","name":"SEBIKOTANE - Le chroniqueur Ameth Ndoye plac\u00e9 en garde \u00e0 vue | Nettali.com","isPartOf":{"@id":"https:\/\/www.nettali.com\/#website"},"primaryImageOfPage":{"@id":"https:\/\/www.nettali.com\/2024\/10\/25\/sebikotane-le-chroniqueur-ameth-ndoye-place-en-garde-a-vue\/#primaryimage"},"datePublished":"2024-10-25T11:43:13+00:00","dateModified":"2024-10-25T11:43:13+00:00","author":{"@id":"https:\/\/www.nettali.com\/#\/schema\/person\/3317e0bb3aa1da309fbf7b2780901bf4"},"breadcrumb":{"@id":"https:\/\/www.nettali.com\/2024\/10\/25\/sebikotane-le-chroniqueur-ameth-ndoye-place-en-garde-a-vue\/#breadcrumb"},"inLanguage":"fr-FR","potentialAction":[{"@type":"ReadAction","target":["https:\/\/www.nettali.com\/2024\/10\/25\/sebikotane-le-chroniqueur-ameth-ndoye-place-en-garde-a-vue\/"]}]},{"@type":"BreadcrumbList","@id":"https:\/\/www.nettali.com\/2024\/10\/25\/sebikotane-le-chroniqueur-ameth-ndoye-place-en-garde-a-vue\/#breadcrumb","itemListElement":[{"@type":"ListItem","position":1,"name":"Accueil","item":"https:\/\/www.nettali.com\/"},{"@type":"ListItem","position":2,"name":"SEBIKOTANE - Le chroniqueur Ameth Ndoye plac\u00e9 en garde \u00e0 vue"}]},{"@type":"Person","@id":"https:\/\/www.nettali.com\/#\/schema\/person\/3317e0bb3aa1da309fbf7b2780901bf4","name":"Daouda","image":{"@type":"ImageObject","@id":"https:\/\/www.nettali.com\/#personlogo","inLanguage":"fr-FR","url":"https:\/\/secure.gravatar.com\/avatar\/8d143b5a49345098ddcfee1c49c2f47c?s=96&d=mm&r=g","contentUrl":"https:\/\/secure.gravatar.com\/avatar\/8d143b5a49345098ddcfee1c49c2f47c?s=96&d=mm&r=g","caption":"Daouda"},"sameAs":["https:\/\/www.nettali.com"]}]}},"_links":{"self":[{"href":"https:\/\/www.nettali.com\/rest\/wp\/v2\/posts\/142653"}],"collection":[{"href":"https:\/\/www.nettali.com\/rest\/wp\/v2\/posts"}],"about":[{"href":"https:\/\/www.nettali.com\/rest\/wp\/v2\/types\/post"}],"author":[{"embeddable":true,"href":"https:\/\/www.nettali.com\/rest\/wp\/v2\/users\/4"}],"replies":[{"embeddable":true,"href":"https:\/\/www.nettali.com\/rest\/wp\/v2\/comments?post=142653"}],"version-history":[{"count":1,"href":"https:\/\/www.nettali.com\/rest\/wp\/v2\/posts\/142653\/revisions"}],"predecessor-version":[{"id":142658,"href":"https:\/\/www.nettali.com\/rest\/wp\/v2\/posts\/142653\/revisions\/142658"}],"wp:featuredmedia":[{"embeddable":true,"href":"https:\/\/www.nettali.com\/rest\/wp\/v2\/media\/142656"}],"wp:attachment":[{"href":"https:\/\/www.nettali.com\/rest\/wp\/v2\/media?parent=142653"}],"wp:term":[{"taxonomy":"category","embeddable":true,"href":"https:\/\/www.nettali.com\/rest\/wp\/v2\/categories?post=142653"},{"taxonomy":"post_tag","embeddable":true,"href":"https:\/\/www.nettali.com\/rest\/wp\/v2\/tags?post=142653"}],"curies":[{"name":"wp","href":"https:\/\/api.w.org\/{rel}","templated":true}]}}