{"id":142600,"date":"2024-10-24T16:28:13","date_gmt":"2024-10-24T16:28:13","guid":{"rendered":"https:\/\/www.nettali.com\/?p=142600"},"modified":"2024-10-26T00:13:14","modified_gmt":"2024-10-26T00:13:14","slug":"amadou-ba-a-sonko-jaccepte-de-debattre-avec-vous","status":"publish","type":"post","link":"https:\/\/www.nettali.com\/2024\/10\/24\/amadou-ba-a-sonko-jaccepte-de-debattre-avec-vous\/","title":{"rendered":"AMADOU BA A SONKO - \"J'accepte de d\u00e9battre avec vous...!\""},"content":{"rendered":"<p><strong>NETTALI.COM -L\u2019ancien Premier ministre, Amadou B\u00e2, a d\u00e9clar\u00e9 ce jeudi 24 octobre, r\u00e9pondant \u00e0 Ousmane Sonko qui lui a lanc\u00e9 un d\u00e9fi lundi dernier, qu'il accepte de d\u00e9battre avec lui. \u00ab J'accepte l'invitation de Mr Sonko \u00e0 un d\u00e9bat public. Nous discuterons des rapports \u00e9voqu\u00e9s et de sujets cruciaux comme l'\u00e9conomie, les libert\u00e9s et les ressources naturelles, pour confronter nos id\u00e9es au service du peuple \u00bb.\u00a0<\/strong><\/p>\n<p>Manifestement, estime Amadou B\u00e2, <em>\"Ousmane Sonko \u00e9prouve une nostalgie sans doute l\u00e9gitime que sa volont\u00e9 de se mesurer \u00e0 moi ne le g\u00eane aucunement. J\u2019accepte volontiers son invitation \u00e0 un d\u00e9bat public et contradictoire. Nos \u00e9quipes respectives pourraient se rencontrer pour d\u00e9terminer les modalit\u00e9s pratiques\". \"D\u2019ici l\u00e0, j\u2019esp\u00e8re qu\u2019il mettra \u00e0 ma disposition les rapports qu\u2019il a \u00e9voqu\u00e9s et rendra publics tous les \u00e9changes entre le Premier ministre que j\u2019\u00e9tais et les ministres concern\u00e9s par les all\u00e9gations, pour que l\u2019on puisse discuter utilement de toutes les questions soulev\u00e9es dans lesdits rapports\"<\/em>, lui a signifi\u00e9 la t\u00eate de liste de la coalition Jam Ak Jari\u00f1.<\/p>\n<p>Au-del\u00e0 des sujets que propose Ousmane Sonko, Amadou B\u00e2 consid\u00e8re que bien qu\u2019il soit curieux que l\u2019actuel Premier ministre d\u00e9limite lui-m\u00eame les sujets, <em>\u00ab le d\u00e9bat devra porter sur tous les aspects de la vie de notre nation (\u00e9conomie, finances publiques, pouvoir d\u2019achat, emploi, libert\u00e9s publiques, institutions, justice, ressources naturelles, inondations, \u00e9ducation, sant\u00e9, s\u00e9curit\u00e9, diplomatie, etc.) \u00bb<\/em>. Car, dira Amadou B\u00e2, <em>\u00ab au regard des solutions aux probl\u00e8mes de notre peuple, il ne peut se r\u00e9jouir que la politique soit une confrontation d\u2019id\u00e9es \u00bb.<\/em><\/p>\n<div class='share-to-whatsapp-wrapper'><div class='share-on-whsp'>PARTAGER SUR : <\/div><a data-text='AMADOU BA A SONKO - \"J'accepte de d\u00e9battre avec vous...!\"' data-link='https:\/\/www.nettali.com\/2024\/10\/24\/amadou-ba-a-sonko-jaccepte-de-debattre-avec-vous\/' class='whatsapp-button whatsapp-share'>WhatsApp<\/a><div class='clear '><\/div><\/div>","protected":false},"excerpt":{"rendered":"<p>NETTALI.COM -L\u2019ancien Premier ministre, Amadou B\u00e2, a d\u00e9clar\u00e9 ce jeudi 24 octobre, r\u00e9pondant \u00e0 Ousmane Sonko qui lui a lanc\u00e9 un d\u00e9fi lundi dernier, qu'il accepte de d\u00e9battre avec lui. \u00ab J'accepte l'invitation de Mr Sonko \u00e0 un d\u00e9bat public. Nous discuterons des rapports \u00e9voqu\u00e9s et de sujets cruciaux comme l'\u00e9conomie, les libert\u00e9s et les [&hellip;]<\/p>\n","protected":false},"author":4,"featured_media":127612,"comment_status":"open","ping_status":"open","sticky":false,"template":"","format":"standard","meta":{"_et_pb_use_builder":"","_et_pb_old_content":""},"categories":[2],"tags":[],"yoast_head":"<!-- This site is optimized with the Yoast SEO Premium plugin v17.8 (Yoast SEO v17.8) - https:\/\/yoast.com\/wordpress\/plugins\/seo\/ -->\n<title>AMADOU BA A SONKO - &quot;J&#039;accepte de d\u00e9battre avec vous...!&quot; | Nettali.com<\/title>\n<meta name=\"robots\" content=\"index, follow, max-snippet:-1, max-image-preview:large, max-video-preview:-1\" \/>\n<link rel=\"canonical\" href=\"https:\/\/www.nettali.com\/2024\/10\/24\/amadou-ba-a-sonko-jaccepte-de-debattre-avec-vous\/\" \/>\n<meta property=\"og:locale\" content=\"fr_FR\" \/>\n<meta property=\"og:type\" content=\"article\" \/>\n<meta property=\"og:title\" content=\"AMADOU BA A SONKO - &quot;J&#039;accepte de d\u00e9battre avec vous...!&quot;\" \/>\n<meta property=\"og:description\" content=\"NETTALI.COM -L\u2019ancien Premier ministre, Amadou B\u00e2, a d\u00e9clar\u00e9 ce jeudi 24 octobre, r\u00e9pondant \u00e0 Ousmane Sonko qui lui a lanc\u00e9 un d\u00e9fi lundi dernier, qu&#039;il accepte de d\u00e9battre avec lui. \u00ab J&#039;accepte l&#039;invitation de Mr Sonko \u00e0 un d\u00e9bat public. Nous discuterons des rapports \u00e9voqu\u00e9s et de sujets cruciaux comme l&#039;\u00e9conomie, les libert\u00e9s et les [&hellip;]\" \/>\n<meta property=\"og:url\" content=\"https:\/\/www.nettali.com\/2024\/10\/24\/amadou-ba-a-sonko-jaccepte-de-debattre-avec-vous\/\" \/>\n<meta property=\"og:site_name\" content=\"Nettali.com\" \/>\n<meta property=\"article:publisher\" content=\"https:\/\/www.facebook.com\/nettalicom\" \/>\n<meta property=\"article:published_time\" content=\"2024-10-24T16:28:13+00:00\" \/>\n<meta property=\"article:modified_time\" content=\"2024-10-26T00:13:14+00:00\" \/>\n<meta property=\"og:image\" content=\"https:\/\/www.nettali.com\/wp-content\/uploads\/2024\/02\/amadou-ba_0.jpeg\" \/>\n\t<meta property=\"og:image:width\" content=\"480\" \/>\n\t<meta property=\"og:image:height\" content=\"319\" \/>\n<meta name=\"twitter:card\" content=\"summary_large_image\" \/>\n<meta name=\"twitter:label1\" content=\"\u00c9crit par\" \/>\n\t<meta name=\"twitter:data1\" content=\"Daouda\" \/>\n\t<meta name=\"twitter:label2\" content=\"Dur\u00e9e de lecture estim\u00e9e\" \/>\n\t<meta name=\"twitter:data2\" content=\"2 minutes\" \/>\n<script type=\"application\/ld+json\" class=\"yoast-schema-graph\">{\"@context\":\"https:\/\/schema.org\",\"@graph\":[{\"@type\":\"WebSite\",\"@id\":\"https:\/\/www.nettali.com\/#website\",\"url\":\"https:\/\/www.nettali.com\/\",\"name\":\"Nettali.com\",\"description\":\"Le rendez-vous critique du Net\",\"potentialAction\":[{\"@type\":\"SearchAction\",\"target\":{\"@type\":\"EntryPoint\",\"urlTemplate\":\"https:\/\/www.nettali.com\/?s={search_term_string}\"},\"query-input\":\"required name=search_term_string\"}],\"inLanguage\":\"fr-FR\"},{\"@type\":\"ImageObject\",\"@id\":\"https:\/\/www.nettali.com\/2024\/10\/24\/amadou-ba-a-sonko-jaccepte-de-debattre-avec-vous\/#primaryimage\",\"inLanguage\":\"fr-FR\",\"url\":\"https:\/\/www.nettali.com\/wp-content\/uploads\/2024\/02\/amadou-ba_0.jpeg\",\"contentUrl\":\"https:\/\/www.nettali.com\/wp-content\/uploads\/2024\/02\/amadou-ba_0.jpeg\",\"width\":480,\"height\":319},{\"@type\":\"WebPage\",\"@id\":\"https:\/\/www.nettali.com\/2024\/10\/24\/amadou-ba-a-sonko-jaccepte-de-debattre-avec-vous\/#webpage\",\"url\":\"https:\/\/www.nettali.com\/2024\/10\/24\/amadou-ba-a-sonko-jaccepte-de-debattre-avec-vous\/\",\"name\":\"AMADOU BA A SONKO - \\\"J'accepte de d\\u00e9battre avec vous...!\\\" | Nettali.com\",\"isPartOf\":{\"@id\":\"https:\/\/www.nettali.com\/#website\"},\"primaryImageOfPage\":{\"@id\":\"https:\/\/www.nettali.com\/2024\/10\/24\/amadou-ba-a-sonko-jaccepte-de-debattre-avec-vous\/#primaryimage\"},\"datePublished\":\"2024-10-24T16:28:13+00:00\",\"dateModified\":\"2024-10-26T00:13:14+00:00\",\"author\":{\"@id\":\"https:\/\/www.nettali.com\/#\/schema\/person\/3317e0bb3aa1da309fbf7b2780901bf4\"},\"breadcrumb\":{\"@id\":\"https:\/\/www.nettali.com\/2024\/10\/24\/amadou-ba-a-sonko-jaccepte-de-debattre-avec-vous\/#breadcrumb\"},\"inLanguage\":\"fr-FR\",\"potentialAction\":[{\"@type\":\"ReadAction\",\"target\":[\"https:\/\/www.nettali.com\/2024\/10\/24\/amadou-ba-a-sonko-jaccepte-de-debattre-avec-vous\/\"]}]},{\"@type\":\"BreadcrumbList\",\"@id\":\"https:\/\/www.nettali.com\/2024\/10\/24\/amadou-ba-a-sonko-jaccepte-de-debattre-avec-vous\/#breadcrumb\",\"itemListElement\":[{\"@type\":\"ListItem\",\"position\":1,\"name\":\"Accueil\",\"item\":\"https:\/\/www.nettali.com\/\"},{\"@type\":\"ListItem\",\"position\":2,\"name\":\"AMADOU BA A SONKO - \\\"J'accepte de d\\u00e9battre avec vous...!\\\"\"}]},{\"@type\":\"Person\",\"@id\":\"https:\/\/www.nettali.com\/#\/schema\/person\/3317e0bb3aa1da309fbf7b2780901bf4\",\"name\":\"Daouda\",\"image\":{\"@type\":\"ImageObject\",\"@id\":\"https:\/\/www.nettali.com\/#personlogo\",\"inLanguage\":\"fr-FR\",\"url\":\"https:\/\/secure.gravatar.com\/avatar\/8d143b5a49345098ddcfee1c49c2f47c?s=96&d=mm&r=g\",\"contentUrl\":\"https:\/\/secure.gravatar.com\/avatar\/8d143b5a49345098ddcfee1c49c2f47c?s=96&d=mm&r=g\",\"caption\":\"Daouda\"},\"sameAs\":[\"https:\/\/www.nettali.com\"]}]}<\/script>\n<!-- \/ Yoast SEO Premium plugin. -->","yoast_head_json":{"title":"AMADOU BA A SONKO - \"J'accepte de d\u00e9battre avec vous...!\" | Nettali.com","robots":{"index":"index","follow":"follow","max-snippet":"max-snippet:-1","max-image-preview":"max-image-preview:large","max-video-preview":"max-video-preview:-1"},"canonical":"https:\/\/www.nettali.com\/2024\/10\/24\/amadou-ba-a-sonko-jaccepte-de-debattre-avec-vous\/","og_locale":"fr_FR","og_type":"article","og_title":"AMADOU BA A SONKO - \"J'accepte de d\u00e9battre avec vous...!\"","og_description":"NETTALI.COM -L\u2019ancien Premier ministre, Amadou B\u00e2, a d\u00e9clar\u00e9 ce jeudi 24 octobre, r\u00e9pondant \u00e0 Ousmane Sonko qui lui a lanc\u00e9 un d\u00e9fi lundi dernier, qu'il accepte de d\u00e9battre avec lui. \u00ab J'accepte l'invitation de Mr Sonko \u00e0 un d\u00e9bat public. Nous discuterons des rapports \u00e9voqu\u00e9s et de sujets cruciaux comme l'\u00e9conomie, les libert\u00e9s et les [&hellip;]","og_url":"https:\/\/www.nettali.com\/2024\/10\/24\/amadou-ba-a-sonko-jaccepte-de-debattre-avec-vous\/","og_site_name":"Nettali.com","article_publisher":"https:\/\/www.facebook.com\/nettalicom","article_published_time":"2024-10-24T16:28:13+00:00","article_modified_time":"2024-10-26T00:13:14+00:00","og_image":[{"width":480,"height":319,"url":"https:\/\/www.nettali.com\/wp-content\/uploads\/2024\/02\/amadou-ba_0.jpeg","type":"image\/jpeg"}],"twitter_card":"summary_large_image","twitter_misc":{"\u00c9crit par":"Daouda","Dur\u00e9e de lecture estim\u00e9e":"2 minutes"},"schema":{"@context":"https:\/\/schema.org","@graph":[{"@type":"WebSite","@id":"https:\/\/www.nettali.com\/#website","url":"https:\/\/www.nettali.com\/","name":"Nettali.com","description":"Le rendez-vous critique du Net","potentialAction":[{"@type":"SearchAction","target":{"@type":"EntryPoint","urlTemplate":"https:\/\/www.nettali.com\/?s={search_term_string}"},"query-input":"required name=search_term_string"}],"inLanguage":"fr-FR"},{"@type":"ImageObject","@id":"https:\/\/www.nettali.com\/2024\/10\/24\/amadou-ba-a-sonko-jaccepte-de-debattre-avec-vous\/#primaryimage","inLanguage":"fr-FR","url":"https:\/\/www.nettali.com\/wp-content\/uploads\/2024\/02\/amadou-ba_0.jpeg","contentUrl":"https:\/\/www.nettali.com\/wp-content\/uploads\/2024\/02\/amadou-ba_0.jpeg","width":480,"height":319},{"@type":"WebPage","@id":"https:\/\/www.nettali.com\/2024\/10\/24\/amadou-ba-a-sonko-jaccepte-de-debattre-avec-vous\/#webpage","url":"https:\/\/www.nettali.com\/2024\/10\/24\/amadou-ba-a-sonko-jaccepte-de-debattre-avec-vous\/","name":"AMADOU BA A SONKO - \"J'accepte de d\u00e9battre avec vous...!\" | Nettali.com","isPartOf":{"@id":"https:\/\/www.nettali.com\/#website"},"primaryImageOfPage":{"@id":"https:\/\/www.nettali.com\/2024\/10\/24\/amadou-ba-a-sonko-jaccepte-de-debattre-avec-vous\/#primaryimage"},"datePublished":"2024-10-24T16:28:13+00:00","dateModified":"2024-10-26T00:13:14+00:00","author":{"@id":"https:\/\/www.nettali.com\/#\/schema\/person\/3317e0bb3aa1da309fbf7b2780901bf4"},"breadcrumb":{"@id":"https:\/\/www.nettali.com\/2024\/10\/24\/amadou-ba-a-sonko-jaccepte-de-debattre-avec-vous\/#breadcrumb"},"inLanguage":"fr-FR","potentialAction":[{"@type":"ReadAction","target":["https:\/\/www.nettali.com\/2024\/10\/24\/amadou-ba-a-sonko-jaccepte-de-debattre-avec-vous\/"]}]},{"@type":"BreadcrumbList","@id":"https:\/\/www.nettali.com\/2024\/10\/24\/amadou-ba-a-sonko-jaccepte-de-debattre-avec-vous\/#breadcrumb","itemListElement":[{"@type":"ListItem","position":1,"name":"Accueil","item":"https:\/\/www.nettali.com\/"},{"@type":"ListItem","position":2,"name":"AMADOU BA A SONKO - \"J'accepte de d\u00e9battre avec vous...!\""}]},{"@type":"Person","@id":"https:\/\/www.nettali.com\/#\/schema\/person\/3317e0bb3aa1da309fbf7b2780901bf4","name":"Daouda","image":{"@type":"ImageObject","@id":"https:\/\/www.nettali.com\/#personlogo","inLanguage":"fr-FR","url":"https:\/\/secure.gravatar.com\/avatar\/8d143b5a49345098ddcfee1c49c2f47c?s=96&d=mm&r=g","contentUrl":"https:\/\/secure.gravatar.com\/avatar\/8d143b5a49345098ddcfee1c49c2f47c?s=96&d=mm&r=g","caption":"Daouda"},"sameAs":["https:\/\/www.nettali.com"]}]}},"_links":{"self":[{"href":"https:\/\/www.nettali.com\/rest\/wp\/v2\/posts\/142600"}],"collection":[{"href":"https:\/\/www.nettali.com\/rest\/wp\/v2\/posts"}],"about":[{"href":"https:\/\/www.nettali.com\/rest\/wp\/v2\/types\/post"}],"author":[{"embeddable":true,"href":"https:\/\/www.nettali.com\/rest\/wp\/v2\/users\/4"}],"replies":[{"embeddable":true,"href":"https:\/\/www.nettali.com\/rest\/wp\/v2\/comments?post=142600"}],"version-history":[{"count":2,"href":"https:\/\/www.nettali.com\/rest\/wp\/v2\/posts\/142600\/revisions"}],"predecessor-version":[{"id":142619,"href":"https:\/\/www.nettali.com\/rest\/wp\/v2\/posts\/142600\/revisions\/142619"}],"wp:featuredmedia":[{"embeddable":true,"href":"https:\/\/www.nettali.com\/rest\/wp\/v2\/media\/127612"}],"wp:attachment":[{"href":"https:\/\/www.nettali.com\/rest\/wp\/v2\/media?parent=142600"}],"wp:term":[{"taxonomy":"category","embeddable":true,"href":"https:\/\/www.nettali.com\/rest\/wp\/v2\/categories?post=142600"},{"taxonomy":"post_tag","embeddable":true,"href":"https:\/\/www.nettali.com\/rest\/wp\/v2\/tags?post=142600"}],"curies":[{"name":"wp","href":"https:\/\/api.w.org\/{rel}","templated":true}]}}