{"id":142597,"date":"2024-10-24T15:25:09","date_gmt":"2024-10-24T15:25:09","guid":{"rendered":"https:\/\/www.nettali.com\/?p=142597"},"modified":"2024-10-26T00:14:33","modified_gmt":"2024-10-26T00:14:33","slug":"ousmane-sonko-la-loi-sur-le-cnra-avec-des-dispositions-obsoletes-ne-saurait-constituer-un-obstacle-a-sa-tenue-dun-debat","status":"publish","type":"post","link":"https:\/\/www.nettali.com\/2024\/10\/24\/ousmane-sonko-la-loi-sur-le-cnra-avec-des-dispositions-obsoletes-ne-saurait-constituer-un-obstacle-a-sa-tenue-dun-debat\/","title":{"rendered":"OUSMANE SONKO - \"La loi sur le CNRA avec des dispositions obsol\u00e8tes ne saurait constituer un obstacle \u00e0 sa tenue d'un d\u00e9bat\""},"content":{"rendered":"<div><strong><span style=\"font-size: 16px;\">NETTALI.COM - Le Premier ministre Ousmane Sonko a r\u00e9agi \u00e0 la r\u00e9ponse d'Amadou Ba, qui dit avoir accept\u00e9 son invitation pour un d\u00e9bat public. Mais le leader de Pastef a tir\u00e9 sur la t\u00eate de liste de \"Jamm ak Ndiarigne\", qui, selon lui, a tard\u00e9 \u00e0 r\u00e9agir sachant que le Cnra a \u00e9mis des r\u00e9serves. Il a tout de m\u00eame promis de sortir les \"cafards\" de son vis-\u00e0-vis. <\/span><\/strong><\/div>\n<div><\/div>\n<div><span style=\"font-size: 16px;\"><em>\"Chacun pr\u00e9sentera ses arguments au peuple s\u00e9n\u00e9galais le jour J, et je puis vous promettre, que les stigmates de mauvaise gestion de l\u2019ancien Premier ministre seront aussi criards que les rayures d\u2019un z\u00e8bre\"<\/em>, a d\u00e9clar\u00e9 Ousmane Sonko, dans un post.<\/span><\/div>\n<div><span style=\"font-size: 16px;\">\u00a0<\/span><\/div>\n<div><em><span style=\"font-size: 16px;\">\"Je me r\u00e9jouis de l\u2019acceptation annonc\u00e9e par M. Amadou BA du d\u00e9bat auquel je l\u2019ai convi\u00e9. <\/span><span style=\"font-size: 16px;\">Je suis \u00e9tonn\u00e9 qu\u2019il ait attendu des rumeurs d\u2019interdiction du d\u00e9bat par le CNRA pour donner une r\u00e9ponse somme toute timor\u00e9e, et enrob\u00e9e de conditionnalit\u00e9s et d\u00e9robades, comme \u00e0 son habitude. <\/span><span style=\"font-size: 16px;\">Les \u00e9ventuelles lacunes du code \u00e9lectoral ou de la loi sur le CNRA avec des dispositions obsol\u00e8tes quant \u00e0 l\u2019organisation des d\u00e9bats \u00e0 l\u2019occasion des \u00e9lections au S\u00e9n\u00e9gal, ne sauraient constituer un obstacle dirimant \u00e0 sa tenue. <\/span><\/em><span style=\"font-size: 16px;\"><em>Nous n\u2019avons pos\u00e9 aucune condition \u00e0 M. Amadou Ba, qu\u2019il en fasse de m\u00eame\"<\/em>, d\u00e9clare le Premier ministre.<\/span><\/div>\n<div><span style=\"font-size: 16px;\">\u00a0<\/span><\/div>\n<div><em><span style=\"font-size: 16px;\">\"Chacun pr\u00e9sentera ses arguments au peuple s\u00e9n\u00e9galais le jour J, et je puis vous promettre, que les stigmates de mauvaise gestion de l\u2019ancien Premier ministre seront aussi criards que les rayures d\u2019un z\u00e8bre. <\/span><\/em><span style=\"font-size: 16px;\"><em>Tout est r\u00e9f\u00e9renc\u00e9, sourc\u00e9 et renseign\u00e9 \u00e0 partir de documents officiels irr\u00e9futables (y compris des rapports qui l\u2019ont mis en cause) et sera mis \u00e0 la disposition du peuple s\u00e9n\u00e9galais\"<\/em>, prmet-il.<\/span><\/div>\n<div class='share-to-whatsapp-wrapper'><div class='share-on-whsp'>PARTAGER SUR : <\/div><a data-text='OUSMANE SONKO - \"La loi sur le CNRA avec des dispositions obsol\u00e8tes ne saurait constituer un obstacle \u00e0 sa tenue d'un d\u00e9bat\"' data-link='https:\/\/www.nettali.com\/2024\/10\/24\/ousmane-sonko-la-loi-sur-le-cnra-avec-des-dispositions-obsoletes-ne-saurait-constituer-un-obstacle-a-sa-tenue-dun-debat\/' class='whatsapp-button whatsapp-share'>WhatsApp<\/a><div class='clear '><\/div><\/div>","protected":false},"excerpt":{"rendered":"<p>NETTALI.COM - Le Premier ministre Ousmane Sonko a r\u00e9agi \u00e0 la r\u00e9ponse d'Amadou Ba, qui dit avoir accept\u00e9 son invitation pour un d\u00e9bat public. Mais le leader de Pastef a tir\u00e9 sur la t\u00eate de liste de \"Jamm ak Ndiarigne\", qui, selon lui, a tard\u00e9 \u00e0 r\u00e9agir sachant que le Cnra a \u00e9mis des r\u00e9serves. [&hellip;]<\/p>\n","protected":false},"author":4,"featured_media":11913,"comment_status":"open","ping_status":"open","sticky":false,"template":"","format":"standard","meta":{"_et_pb_use_builder":"","_et_pb_old_content":""},"categories":[2],"tags":[],"yoast_head":"<!-- This site is optimized with the Yoast SEO Premium plugin v17.8 (Yoast SEO v17.8) - https:\/\/yoast.com\/wordpress\/plugins\/seo\/ -->\n<title>OUSMANE SONKO - &quot;La loi sur le CNRA avec des dispositions obsol\u00e8tes ne saurait constituer un obstacle \u00e0 sa tenue d&#039;un d\u00e9bat&quot; | Nettali.com<\/title>\n<meta name=\"robots\" content=\"index, follow, max-snippet:-1, max-image-preview:large, max-video-preview:-1\" \/>\n<link rel=\"canonical\" href=\"https:\/\/www.nettali.com\/2024\/10\/24\/ousmane-sonko-la-loi-sur-le-cnra-avec-des-dispositions-obsoletes-ne-saurait-constituer-un-obstacle-a-sa-tenue-dun-debat\/\" \/>\n<meta property=\"og:locale\" content=\"fr_FR\" \/>\n<meta property=\"og:type\" content=\"article\" \/>\n<meta property=\"og:title\" content=\"OUSMANE SONKO - &quot;La loi sur le CNRA avec des dispositions obsol\u00e8tes ne saurait constituer un obstacle \u00e0 sa tenue d&#039;un d\u00e9bat&quot;\" \/>\n<meta property=\"og:description\" content=\"NETTALI.COM - Le Premier ministre Ousmane Sonko a r\u00e9agi \u00e0 la r\u00e9ponse d&#039;Amadou Ba, qui dit avoir accept\u00e9 son invitation pour un d\u00e9bat public. Mais le leader de Pastef a tir\u00e9 sur la t\u00eate de liste de &quot;Jamm ak Ndiarigne&quot;, qui, selon lui, a tard\u00e9 \u00e0 r\u00e9agir sachant que le Cnra a \u00e9mis des r\u00e9serves. [&hellip;]\" \/>\n<meta property=\"og:url\" content=\"https:\/\/www.nettali.com\/2024\/10\/24\/ousmane-sonko-la-loi-sur-le-cnra-avec-des-dispositions-obsoletes-ne-saurait-constituer-un-obstacle-a-sa-tenue-dun-debat\/\" \/>\n<meta property=\"og:site_name\" content=\"Nettali.com\" \/>\n<meta property=\"article:publisher\" content=\"https:\/\/www.facebook.com\/nettalicom\" \/>\n<meta property=\"article:published_time\" content=\"2024-10-24T15:25:09+00:00\" \/>\n<meta property=\"article:modified_time\" content=\"2024-10-26T00:14:33+00:00\" \/>\n<meta property=\"og:image\" content=\"https:\/\/www.nettali.com\/wp-content\/uploads\/2019\/06\/amadou-ba-sonko.jpg\" \/>\n\t<meta property=\"og:image:width\" content=\"858\" \/>\n\t<meta property=\"og:image:height\" content=\"686\" \/>\n<meta name=\"twitter:card\" content=\"summary_large_image\" \/>\n<meta name=\"twitter:label1\" content=\"\u00c9crit par\" \/>\n\t<meta name=\"twitter:data1\" content=\"Daouda\" \/>\n\t<meta name=\"twitter:label2\" content=\"Dur\u00e9e de lecture estim\u00e9e\" \/>\n\t<meta name=\"twitter:data2\" content=\"2 minutes\" \/>\n<script type=\"application\/ld+json\" class=\"yoast-schema-graph\">{\"@context\":\"https:\/\/schema.org\",\"@graph\":[{\"@type\":\"WebSite\",\"@id\":\"https:\/\/www.nettali.com\/#website\",\"url\":\"https:\/\/www.nettali.com\/\",\"name\":\"Nettali.com\",\"description\":\"Le rendez-vous critique du Net\",\"potentialAction\":[{\"@type\":\"SearchAction\",\"target\":{\"@type\":\"EntryPoint\",\"urlTemplate\":\"https:\/\/www.nettali.com\/?s={search_term_string}\"},\"query-input\":\"required name=search_term_string\"}],\"inLanguage\":\"fr-FR\"},{\"@type\":\"ImageObject\",\"@id\":\"https:\/\/www.nettali.com\/2024\/10\/24\/ousmane-sonko-la-loi-sur-le-cnra-avec-des-dispositions-obsoletes-ne-saurait-constituer-un-obstacle-a-sa-tenue-dun-debat\/#primaryimage\",\"inLanguage\":\"fr-FR\",\"url\":\"https:\/\/www.nettali.com\/wp-content\/uploads\/2019\/06\/amadou-ba-sonko.jpg\",\"contentUrl\":\"https:\/\/www.nettali.com\/wp-content\/uploads\/2019\/06\/amadou-ba-sonko.jpg\",\"width\":858,\"height\":686},{\"@type\":\"WebPage\",\"@id\":\"https:\/\/www.nettali.com\/2024\/10\/24\/ousmane-sonko-la-loi-sur-le-cnra-avec-des-dispositions-obsoletes-ne-saurait-constituer-un-obstacle-a-sa-tenue-dun-debat\/#webpage\",\"url\":\"https:\/\/www.nettali.com\/2024\/10\/24\/ousmane-sonko-la-loi-sur-le-cnra-avec-des-dispositions-obsoletes-ne-saurait-constituer-un-obstacle-a-sa-tenue-dun-debat\/\",\"name\":\"OUSMANE SONKO - \\\"La loi sur le CNRA avec des dispositions obsol\\u00e8tes ne saurait constituer un obstacle \\u00e0 sa tenue d'un d\\u00e9bat\\\" | Nettali.com\",\"isPartOf\":{\"@id\":\"https:\/\/www.nettali.com\/#website\"},\"primaryImageOfPage\":{\"@id\":\"https:\/\/www.nettali.com\/2024\/10\/24\/ousmane-sonko-la-loi-sur-le-cnra-avec-des-dispositions-obsoletes-ne-saurait-constituer-un-obstacle-a-sa-tenue-dun-debat\/#primaryimage\"},\"datePublished\":\"2024-10-24T15:25:09+00:00\",\"dateModified\":\"2024-10-26T00:14:33+00:00\",\"author\":{\"@id\":\"https:\/\/www.nettali.com\/#\/schema\/person\/3317e0bb3aa1da309fbf7b2780901bf4\"},\"breadcrumb\":{\"@id\":\"https:\/\/www.nettali.com\/2024\/10\/24\/ousmane-sonko-la-loi-sur-le-cnra-avec-des-dispositions-obsoletes-ne-saurait-constituer-un-obstacle-a-sa-tenue-dun-debat\/#breadcrumb\"},\"inLanguage\":\"fr-FR\",\"potentialAction\":[{\"@type\":\"ReadAction\",\"target\":[\"https:\/\/www.nettali.com\/2024\/10\/24\/ousmane-sonko-la-loi-sur-le-cnra-avec-des-dispositions-obsoletes-ne-saurait-constituer-un-obstacle-a-sa-tenue-dun-debat\/\"]}]},{\"@type\":\"BreadcrumbList\",\"@id\":\"https:\/\/www.nettali.com\/2024\/10\/24\/ousmane-sonko-la-loi-sur-le-cnra-avec-des-dispositions-obsoletes-ne-saurait-constituer-un-obstacle-a-sa-tenue-dun-debat\/#breadcrumb\",\"itemListElement\":[{\"@type\":\"ListItem\",\"position\":1,\"name\":\"Accueil\",\"item\":\"https:\/\/www.nettali.com\/\"},{\"@type\":\"ListItem\",\"position\":2,\"name\":\"OUSMANE SONKO - \\\"La loi sur le CNRA avec des dispositions obsol\\u00e8tes ne saurait constituer un obstacle \\u00e0 sa tenue d'un d\\u00e9bat\\\"\"}]},{\"@type\":\"Person\",\"@id\":\"https:\/\/www.nettali.com\/#\/schema\/person\/3317e0bb3aa1da309fbf7b2780901bf4\",\"name\":\"Daouda\",\"image\":{\"@type\":\"ImageObject\",\"@id\":\"https:\/\/www.nettali.com\/#personlogo\",\"inLanguage\":\"fr-FR\",\"url\":\"https:\/\/secure.gravatar.com\/avatar\/8d143b5a49345098ddcfee1c49c2f47c?s=96&d=mm&r=g\",\"contentUrl\":\"https:\/\/secure.gravatar.com\/avatar\/8d143b5a49345098ddcfee1c49c2f47c?s=96&d=mm&r=g\",\"caption\":\"Daouda\"},\"sameAs\":[\"https:\/\/www.nettali.com\"]}]}<\/script>\n<!-- \/ Yoast SEO Premium plugin. -->","yoast_head_json":{"title":"OUSMANE SONKO - \"La loi sur le CNRA avec des dispositions obsol\u00e8tes ne saurait constituer un obstacle \u00e0 sa tenue d'un d\u00e9bat\" | Nettali.com","robots":{"index":"index","follow":"follow","max-snippet":"max-snippet:-1","max-image-preview":"max-image-preview:large","max-video-preview":"max-video-preview:-1"},"canonical":"https:\/\/www.nettali.com\/2024\/10\/24\/ousmane-sonko-la-loi-sur-le-cnra-avec-des-dispositions-obsoletes-ne-saurait-constituer-un-obstacle-a-sa-tenue-dun-debat\/","og_locale":"fr_FR","og_type":"article","og_title":"OUSMANE SONKO - \"La loi sur le CNRA avec des dispositions obsol\u00e8tes ne saurait constituer un obstacle \u00e0 sa tenue d'un d\u00e9bat\"","og_description":"NETTALI.COM - Le Premier ministre Ousmane Sonko a r\u00e9agi \u00e0 la r\u00e9ponse d'Amadou Ba, qui dit avoir accept\u00e9 son invitation pour un d\u00e9bat public. Mais le leader de Pastef a tir\u00e9 sur la t\u00eate de liste de \"Jamm ak Ndiarigne\", qui, selon lui, a tard\u00e9 \u00e0 r\u00e9agir sachant que le Cnra a \u00e9mis des r\u00e9serves. [&hellip;]","og_url":"https:\/\/www.nettali.com\/2024\/10\/24\/ousmane-sonko-la-loi-sur-le-cnra-avec-des-dispositions-obsoletes-ne-saurait-constituer-un-obstacle-a-sa-tenue-dun-debat\/","og_site_name":"Nettali.com","article_publisher":"https:\/\/www.facebook.com\/nettalicom","article_published_time":"2024-10-24T15:25:09+00:00","article_modified_time":"2024-10-26T00:14:33+00:00","og_image":[{"width":858,"height":686,"url":"https:\/\/www.nettali.com\/wp-content\/uploads\/2019\/06\/amadou-ba-sonko.jpg","type":"image\/jpeg"}],"twitter_card":"summary_large_image","twitter_misc":{"\u00c9crit par":"Daouda","Dur\u00e9e de lecture estim\u00e9e":"2 minutes"},"schema":{"@context":"https:\/\/schema.org","@graph":[{"@type":"WebSite","@id":"https:\/\/www.nettali.com\/#website","url":"https:\/\/www.nettali.com\/","name":"Nettali.com","description":"Le rendez-vous critique du Net","potentialAction":[{"@type":"SearchAction","target":{"@type":"EntryPoint","urlTemplate":"https:\/\/www.nettali.com\/?s={search_term_string}"},"query-input":"required name=search_term_string"}],"inLanguage":"fr-FR"},{"@type":"ImageObject","@id":"https:\/\/www.nettali.com\/2024\/10\/24\/ousmane-sonko-la-loi-sur-le-cnra-avec-des-dispositions-obsoletes-ne-saurait-constituer-un-obstacle-a-sa-tenue-dun-debat\/#primaryimage","inLanguage":"fr-FR","url":"https:\/\/www.nettali.com\/wp-content\/uploads\/2019\/06\/amadou-ba-sonko.jpg","contentUrl":"https:\/\/www.nettali.com\/wp-content\/uploads\/2019\/06\/amadou-ba-sonko.jpg","width":858,"height":686},{"@type":"WebPage","@id":"https:\/\/www.nettali.com\/2024\/10\/24\/ousmane-sonko-la-loi-sur-le-cnra-avec-des-dispositions-obsoletes-ne-saurait-constituer-un-obstacle-a-sa-tenue-dun-debat\/#webpage","url":"https:\/\/www.nettali.com\/2024\/10\/24\/ousmane-sonko-la-loi-sur-le-cnra-avec-des-dispositions-obsoletes-ne-saurait-constituer-un-obstacle-a-sa-tenue-dun-debat\/","name":"OUSMANE SONKO - \"La loi sur le CNRA avec des dispositions obsol\u00e8tes ne saurait constituer un obstacle \u00e0 sa tenue d'un d\u00e9bat\" | Nettali.com","isPartOf":{"@id":"https:\/\/www.nettali.com\/#website"},"primaryImageOfPage":{"@id":"https:\/\/www.nettali.com\/2024\/10\/24\/ousmane-sonko-la-loi-sur-le-cnra-avec-des-dispositions-obsoletes-ne-saurait-constituer-un-obstacle-a-sa-tenue-dun-debat\/#primaryimage"},"datePublished":"2024-10-24T15:25:09+00:00","dateModified":"2024-10-26T00:14:33+00:00","author":{"@id":"https:\/\/www.nettali.com\/#\/schema\/person\/3317e0bb3aa1da309fbf7b2780901bf4"},"breadcrumb":{"@id":"https:\/\/www.nettali.com\/2024\/10\/24\/ousmane-sonko-la-loi-sur-le-cnra-avec-des-dispositions-obsoletes-ne-saurait-constituer-un-obstacle-a-sa-tenue-dun-debat\/#breadcrumb"},"inLanguage":"fr-FR","potentialAction":[{"@type":"ReadAction","target":["https:\/\/www.nettali.com\/2024\/10\/24\/ousmane-sonko-la-loi-sur-le-cnra-avec-des-dispositions-obsoletes-ne-saurait-constituer-un-obstacle-a-sa-tenue-dun-debat\/"]}]},{"@type":"BreadcrumbList","@id":"https:\/\/www.nettali.com\/2024\/10\/24\/ousmane-sonko-la-loi-sur-le-cnra-avec-des-dispositions-obsoletes-ne-saurait-constituer-un-obstacle-a-sa-tenue-dun-debat\/#breadcrumb","itemListElement":[{"@type":"ListItem","position":1,"name":"Accueil","item":"https:\/\/www.nettali.com\/"},{"@type":"ListItem","position":2,"name":"OUSMANE SONKO - \"La loi sur le CNRA avec des dispositions obsol\u00e8tes ne saurait constituer un obstacle \u00e0 sa tenue d'un d\u00e9bat\""}]},{"@type":"Person","@id":"https:\/\/www.nettali.com\/#\/schema\/person\/3317e0bb3aa1da309fbf7b2780901bf4","name":"Daouda","image":{"@type":"ImageObject","@id":"https:\/\/www.nettali.com\/#personlogo","inLanguage":"fr-FR","url":"https:\/\/secure.gravatar.com\/avatar\/8d143b5a49345098ddcfee1c49c2f47c?s=96&d=mm&r=g","contentUrl":"https:\/\/secure.gravatar.com\/avatar\/8d143b5a49345098ddcfee1c49c2f47c?s=96&d=mm&r=g","caption":"Daouda"},"sameAs":["https:\/\/www.nettali.com"]}]}},"_links":{"self":[{"href":"https:\/\/www.nettali.com\/rest\/wp\/v2\/posts\/142597"}],"collection":[{"href":"https:\/\/www.nettali.com\/rest\/wp\/v2\/posts"}],"about":[{"href":"https:\/\/www.nettali.com\/rest\/wp\/v2\/types\/post"}],"author":[{"embeddable":true,"href":"https:\/\/www.nettali.com\/rest\/wp\/v2\/users\/4"}],"replies":[{"embeddable":true,"href":"https:\/\/www.nettali.com\/rest\/wp\/v2\/comments?post=142597"}],"version-history":[{"count":1,"href":"https:\/\/www.nettali.com\/rest\/wp\/v2\/posts\/142597\/revisions"}],"predecessor-version":[{"id":142599,"href":"https:\/\/www.nettali.com\/rest\/wp\/v2\/posts\/142597\/revisions\/142599"}],"wp:featuredmedia":[{"embeddable":true,"href":"https:\/\/www.nettali.com\/rest\/wp\/v2\/media\/11913"}],"wp:attachment":[{"href":"https:\/\/www.nettali.com\/rest\/wp\/v2\/media?parent=142597"}],"wp:term":[{"taxonomy":"category","embeddable":true,"href":"https:\/\/www.nettali.com\/rest\/wp\/v2\/categories?post=142597"},{"taxonomy":"post_tag","embeddable":true,"href":"https:\/\/www.nettali.com\/rest\/wp\/v2\/tags?post=142597"}],"curies":[{"name":"wp","href":"https:\/\/api.w.org\/{rel}","templated":true}]}}