{"id":142500,"date":"2024-10-22T21:15:44","date_gmt":"2024-10-22T21:15:44","guid":{"rendered":"https:\/\/www.nettali.com\/?p=142500"},"modified":"2024-10-24T07:14:04","modified_gmt":"2024-10-24T07:14:04","slug":"prison-de-tamba-bougane-enferme-dans-une-cellule-avec-48-autres-detenus-gueum-sa-bopp","status":"publish","type":"post","link":"https:\/\/www.nettali.com\/2024\/10\/22\/prison-de-tamba-bougane-enferme-dans-une-cellule-avec-48-autres-detenus-gueum-sa-bopp\/","title":{"rendered":"PRISON DE TAMBA - Bougane, enferm\u00e9 dans une cellule avec 48 autres d\u00e9tenus (Gueum sa bopp)"},"content":{"rendered":"<div><span style=\"font-size: 16px;\"><b>NETTALI.COM - Plac\u00e9 le mardi 22 octobre sous mandat de d\u00e9p\u00f4t pour refus d'obtemp\u00e9rer, r\u00e9bellion et outrage \u00e0 agent (...), Bougane Gu\u00e8ye dort actuellement \u00e0 la prison centrale de Tambacounda en attendant son proc\u00e8s pr\u00e9vu le 30 octobre prochain. Mais les membres de Gueum sa bopp d\u00e9noncent les conditions de d\u00e9tention de leur leader politique. Pour eux, le patron du Groupe D-m\u00e9dias est enferm\u00e9 dans une cellule avec 48 autres d\u00e9tenus. <\/b><\/span><\/div>\n<div><\/div>\n<div><span style=\"font-size: 16px;\">Le Mouvement \" Geum Sa Bopp, Les Jambaars\" informe l'opinion nationale et internationale des conditions de d\u00e9tention inhumaines que subit notre leader, Bougane Gu\u00e8ye Dany, depuis son placement sous mandat de d\u00e9p\u00f4t \u00e0 la prison de Tambacounda.<\/span><\/div>\n<div><span style=\"font-size: 16px;\">\u00a0<\/span><\/div>\n<div><span style=\"font-size: 16px;\">Nous d\u00e9non\u00e7ons avec la plus grande fermet\u00e9 le traitement d\u00e9gradant et contraire aux droits fondamentaux auquel il est soumis. Bougane Gu\u00e8ye Dany est actuellement enferm\u00e9 dans une cellule surpeupl\u00e9e, partageant un espace exigu avec 48 autres d\u00e9tenus. Ces <\/span><span style=\"font-size: 16px;\">conditions d'hygi\u00e8ne d\u00e9plorables, indignes de toute personne humaine, mettent en <\/span><span style=\"font-size: 16px;\">p\u00e9ril non seulement sa sant\u00e9, mais \u00e9galement sa dignit\u00e9.<\/span><\/div>\n<div><span style=\"font-size: 16px;\">\u00a0<\/span><\/div>\n<div><span style=\"font-size: 16px;\">Bougane Gu\u00e8ye Dany, candidat aux prochaines \u00e9lections l\u00e9gislatives, \u00e9tait en mission humanitaire dans le d\u00e9partement de Bakel au moment de son arrestation. Accompagn\u00e9 d'autres leaders de la coalition ''Sam Sa Kaddu\", il se rendait aupr\u00e8s des populations sinistr\u00e9es, victimes de la saison des pluies, pour leur apporter aide et r\u00e9confort. Son action, motiv\u00e9e par un devoir de solidarit\u00e9 et de compassion envers pr\u00e8s de 60 000 sinistr\u00e9s, a \u00e9t\u00e9 stopp\u00e9e\u00a0 par des forces de s\u00e9curit\u00e9 dans des conditions injustifi\u00e9es et brutales.<\/span><\/div>\n<div><span style=\"font-size: 16px;\">\u00a0<\/span><\/div>\n<div><span style=\"font-size: 16px;\">Le Mouvement \"Geum Sa Bopp, Les Jambaars\" appelle solennellement la soci\u00e9t\u00e9 civile, les organisations de d\u00e9fense des droits humains, ainsi que les personnalit\u00e9s \u00e9prises de justice \u00e0 se mobiliser pour d\u00e9noncer cette r\u00e9pression politique intol\u00e9rable. Nous demandons une action urgente afin que Bougane Gu\u00e8ye Dany puisse retrouver sa libert\u00e9 dans les plus brefs d\u00e9lais.<\/span><\/div>\n<div><span style=\"font-size: 16px;\">\u00a0<\/span><\/div>\n<div><span style=\"font-size: 16px;\">Nous tenons \u00e0 rappeler que Bougane Gu\u00e8ye Dany n'a fait que r\u00e9pondre \u00e0 l'appel des populations de Bakel en menant une mission humanitaire. Il n'est en aucun cas coupable des accusations port\u00e9es contre lui, qui rel\u00e8vent davantage de la man\u0153uvre politique que du droit.<\/span><\/div>\n<div><span style=\"font-size: 16px;\">\u00a0<\/span><\/div>\n<div><span style=\"font-size: 16px;\">Le Mouvement \"Geum Sa Bopp, Les Jambaars\" r\u00e9clame ainsi la lib\u00e9ration imm\u00e9diate et sans condition de Bougane Gu\u00e8ye Dany et exige la cessation imm\u00e9diate des pers\u00e9cutions orchestr\u00e9es \u00e0 son encontre.<\/span><\/div>\n<div><span style=\"font-size: 16px;\">\u00a0<\/span><\/div>\n<div><\/div>\n<div class='share-to-whatsapp-wrapper'><div class='share-on-whsp'>PARTAGER SUR : <\/div><a data-text='PRISON DE TAMBA - Bougane, enferm\u00e9 dans une cellule avec 48 autres d\u00e9tenus (Gueum sa bopp)' data-link='https:\/\/www.nettali.com\/2024\/10\/22\/prison-de-tamba-bougane-enferme-dans-une-cellule-avec-48-autres-detenus-gueum-sa-bopp\/' class='whatsapp-button whatsapp-share'>WhatsApp<\/a><div class='clear '><\/div><\/div>","protected":false},"excerpt":{"rendered":"<p>NETTALI.COM - Plac\u00e9 le mardi 22 octobre sous mandat de d\u00e9p\u00f4t pour refus d'obtemp\u00e9rer, r\u00e9bellion et outrage \u00e0 agent (...), Bougane Gu\u00e8ye dort actuellement \u00e0 la prison centrale de Tambacounda en attendant son proc\u00e8s pr\u00e9vu le 30 octobre prochain. Mais les membres de Gueum sa bopp d\u00e9noncent les conditions de d\u00e9tention de leur leader politique. [&hellip;]<\/p>\n","protected":false},"author":4,"featured_media":142316,"comment_status":"open","ping_status":"open","sticky":false,"template":"","format":"standard","meta":{"_et_pb_use_builder":"","_et_pb_old_content":""},"categories":[3],"tags":[],"yoast_head":"<!-- This site is optimized with the Yoast SEO Premium plugin v17.8 (Yoast SEO v17.8) - https:\/\/yoast.com\/wordpress\/plugins\/seo\/ -->\n<title>PRISON DE TAMBA - Bougane, enferm\u00e9 dans une cellule avec 48 autres d\u00e9tenus (Gueum sa bopp) | Nettali.com<\/title>\n<meta name=\"robots\" content=\"index, follow, max-snippet:-1, max-image-preview:large, max-video-preview:-1\" \/>\n<link rel=\"canonical\" href=\"https:\/\/www.nettali.com\/2024\/10\/22\/prison-de-tamba-bougane-enferme-dans-une-cellule-avec-48-autres-detenus-gueum-sa-bopp\/\" \/>\n<meta property=\"og:locale\" content=\"fr_FR\" \/>\n<meta property=\"og:type\" content=\"article\" \/>\n<meta property=\"og:title\" content=\"PRISON DE TAMBA - Bougane, enferm\u00e9 dans une cellule avec 48 autres d\u00e9tenus (Gueum sa bopp)\" \/>\n<meta property=\"og:description\" content=\"NETTALI.COM - Plac\u00e9 le mardi 22 octobre sous mandat de d\u00e9p\u00f4t pour refus d&#039;obtemp\u00e9rer, r\u00e9bellion et outrage \u00e0 agent (...), Bougane Gu\u00e8ye dort actuellement \u00e0 la prison centrale de Tambacounda en attendant son proc\u00e8s pr\u00e9vu le 30 octobre prochain. Mais les membres de Gueum sa bopp d\u00e9noncent les conditions de d\u00e9tention de leur leader politique. [&hellip;]\" \/>\n<meta property=\"og:url\" content=\"https:\/\/www.nettali.com\/2024\/10\/22\/prison-de-tamba-bougane-enferme-dans-une-cellule-avec-48-autres-detenus-gueum-sa-bopp\/\" \/>\n<meta property=\"og:site_name\" content=\"Nettali.com\" \/>\n<meta property=\"article:publisher\" content=\"https:\/\/www.facebook.com\/nettalicom\" \/>\n<meta property=\"article:published_time\" content=\"2024-10-22T21:15:44+00:00\" \/>\n<meta property=\"article:modified_time\" content=\"2024-10-24T07:14:04+00:00\" \/>\n<meta property=\"og:image\" content=\"https:\/\/www.nettali.com\/wp-content\/uploads\/2024\/10\/IMG-20241019-WA0135.jpg\" \/>\n\t<meta property=\"og:image:width\" content=\"776\" \/>\n\t<meta property=\"og:image:height\" content=\"1280\" \/>\n<meta name=\"twitter:card\" content=\"summary_large_image\" \/>\n<meta name=\"twitter:label1\" content=\"\u00c9crit par\" \/>\n\t<meta name=\"twitter:data1\" content=\"Daouda\" \/>\n\t<meta name=\"twitter:label2\" content=\"Dur\u00e9e de lecture estim\u00e9e\" \/>\n\t<meta name=\"twitter:data2\" content=\"2 minutes\" \/>\n<script type=\"application\/ld+json\" class=\"yoast-schema-graph\">{\"@context\":\"https:\/\/schema.org\",\"@graph\":[{\"@type\":\"WebSite\",\"@id\":\"https:\/\/www.nettali.com\/#website\",\"url\":\"https:\/\/www.nettali.com\/\",\"name\":\"Nettali.com\",\"description\":\"Le rendez-vous critique du Net\",\"potentialAction\":[{\"@type\":\"SearchAction\",\"target\":{\"@type\":\"EntryPoint\",\"urlTemplate\":\"https:\/\/www.nettali.com\/?s={search_term_string}\"},\"query-input\":\"required name=search_term_string\"}],\"inLanguage\":\"fr-FR\"},{\"@type\":\"ImageObject\",\"@id\":\"https:\/\/www.nettali.com\/2024\/10\/22\/prison-de-tamba-bougane-enferme-dans-une-cellule-avec-48-autres-detenus-gueum-sa-bopp\/#primaryimage\",\"inLanguage\":\"fr-FR\",\"url\":\"https:\/\/www.nettali.com\/wp-content\/uploads\/2024\/10\/IMG-20241019-WA0135.jpg\",\"contentUrl\":\"https:\/\/www.nettali.com\/wp-content\/uploads\/2024\/10\/IMG-20241019-WA0135.jpg\",\"width\":776,\"height\":1280},{\"@type\":\"WebPage\",\"@id\":\"https:\/\/www.nettali.com\/2024\/10\/22\/prison-de-tamba-bougane-enferme-dans-une-cellule-avec-48-autres-detenus-gueum-sa-bopp\/#webpage\",\"url\":\"https:\/\/www.nettali.com\/2024\/10\/22\/prison-de-tamba-bougane-enferme-dans-une-cellule-avec-48-autres-detenus-gueum-sa-bopp\/\",\"name\":\"PRISON DE TAMBA - Bougane, enferm\\u00e9 dans une cellule avec 48 autres d\\u00e9tenus (Gueum sa bopp) | Nettali.com\",\"isPartOf\":{\"@id\":\"https:\/\/www.nettali.com\/#website\"},\"primaryImageOfPage\":{\"@id\":\"https:\/\/www.nettali.com\/2024\/10\/22\/prison-de-tamba-bougane-enferme-dans-une-cellule-avec-48-autres-detenus-gueum-sa-bopp\/#primaryimage\"},\"datePublished\":\"2024-10-22T21:15:44+00:00\",\"dateModified\":\"2024-10-24T07:14:04+00:00\",\"author\":{\"@id\":\"https:\/\/www.nettali.com\/#\/schema\/person\/3317e0bb3aa1da309fbf7b2780901bf4\"},\"breadcrumb\":{\"@id\":\"https:\/\/www.nettali.com\/2024\/10\/22\/prison-de-tamba-bougane-enferme-dans-une-cellule-avec-48-autres-detenus-gueum-sa-bopp\/#breadcrumb\"},\"inLanguage\":\"fr-FR\",\"potentialAction\":[{\"@type\":\"ReadAction\",\"target\":[\"https:\/\/www.nettali.com\/2024\/10\/22\/prison-de-tamba-bougane-enferme-dans-une-cellule-avec-48-autres-detenus-gueum-sa-bopp\/\"]}]},{\"@type\":\"BreadcrumbList\",\"@id\":\"https:\/\/www.nettali.com\/2024\/10\/22\/prison-de-tamba-bougane-enferme-dans-une-cellule-avec-48-autres-detenus-gueum-sa-bopp\/#breadcrumb\",\"itemListElement\":[{\"@type\":\"ListItem\",\"position\":1,\"name\":\"Accueil\",\"item\":\"https:\/\/www.nettali.com\/\"},{\"@type\":\"ListItem\",\"position\":2,\"name\":\"PRISON DE TAMBA - Bougane, enferm\\u00e9 dans une cellule avec 48 autres d\\u00e9tenus (Gueum sa bopp)\"}]},{\"@type\":\"Person\",\"@id\":\"https:\/\/www.nettali.com\/#\/schema\/person\/3317e0bb3aa1da309fbf7b2780901bf4\",\"name\":\"Daouda\",\"image\":{\"@type\":\"ImageObject\",\"@id\":\"https:\/\/www.nettali.com\/#personlogo\",\"inLanguage\":\"fr-FR\",\"url\":\"https:\/\/secure.gravatar.com\/avatar\/8d143b5a49345098ddcfee1c49c2f47c?s=96&d=mm&r=g\",\"contentUrl\":\"https:\/\/secure.gravatar.com\/avatar\/8d143b5a49345098ddcfee1c49c2f47c?s=96&d=mm&r=g\",\"caption\":\"Daouda\"},\"sameAs\":[\"https:\/\/www.nettali.com\"]}]}<\/script>\n<!-- \/ Yoast SEO Premium plugin. -->","yoast_head_json":{"title":"PRISON DE TAMBA - Bougane, enferm\u00e9 dans une cellule avec 48 autres d\u00e9tenus (Gueum sa bopp) | Nettali.com","robots":{"index":"index","follow":"follow","max-snippet":"max-snippet:-1","max-image-preview":"max-image-preview:large","max-video-preview":"max-video-preview:-1"},"canonical":"https:\/\/www.nettali.com\/2024\/10\/22\/prison-de-tamba-bougane-enferme-dans-une-cellule-avec-48-autres-detenus-gueum-sa-bopp\/","og_locale":"fr_FR","og_type":"article","og_title":"PRISON DE TAMBA - Bougane, enferm\u00e9 dans une cellule avec 48 autres d\u00e9tenus (Gueum sa bopp)","og_description":"NETTALI.COM - Plac\u00e9 le mardi 22 octobre sous mandat de d\u00e9p\u00f4t pour refus d'obtemp\u00e9rer, r\u00e9bellion et outrage \u00e0 agent (...), Bougane Gu\u00e8ye dort actuellement \u00e0 la prison centrale de Tambacounda en attendant son proc\u00e8s pr\u00e9vu le 30 octobre prochain. Mais les membres de Gueum sa bopp d\u00e9noncent les conditions de d\u00e9tention de leur leader politique. [&hellip;]","og_url":"https:\/\/www.nettali.com\/2024\/10\/22\/prison-de-tamba-bougane-enferme-dans-une-cellule-avec-48-autres-detenus-gueum-sa-bopp\/","og_site_name":"Nettali.com","article_publisher":"https:\/\/www.facebook.com\/nettalicom","article_published_time":"2024-10-22T21:15:44+00:00","article_modified_time":"2024-10-24T07:14:04+00:00","og_image":[{"width":776,"height":1280,"url":"https:\/\/www.nettali.com\/wp-content\/uploads\/2024\/10\/IMG-20241019-WA0135.jpg","type":"image\/jpeg"}],"twitter_card":"summary_large_image","twitter_misc":{"\u00c9crit par":"Daouda","Dur\u00e9e de lecture estim\u00e9e":"2 minutes"},"schema":{"@context":"https:\/\/schema.org","@graph":[{"@type":"WebSite","@id":"https:\/\/www.nettali.com\/#website","url":"https:\/\/www.nettali.com\/","name":"Nettali.com","description":"Le rendez-vous critique du Net","potentialAction":[{"@type":"SearchAction","target":{"@type":"EntryPoint","urlTemplate":"https:\/\/www.nettali.com\/?s={search_term_string}"},"query-input":"required name=search_term_string"}],"inLanguage":"fr-FR"},{"@type":"ImageObject","@id":"https:\/\/www.nettali.com\/2024\/10\/22\/prison-de-tamba-bougane-enferme-dans-une-cellule-avec-48-autres-detenus-gueum-sa-bopp\/#primaryimage","inLanguage":"fr-FR","url":"https:\/\/www.nettali.com\/wp-content\/uploads\/2024\/10\/IMG-20241019-WA0135.jpg","contentUrl":"https:\/\/www.nettali.com\/wp-content\/uploads\/2024\/10\/IMG-20241019-WA0135.jpg","width":776,"height":1280},{"@type":"WebPage","@id":"https:\/\/www.nettali.com\/2024\/10\/22\/prison-de-tamba-bougane-enferme-dans-une-cellule-avec-48-autres-detenus-gueum-sa-bopp\/#webpage","url":"https:\/\/www.nettali.com\/2024\/10\/22\/prison-de-tamba-bougane-enferme-dans-une-cellule-avec-48-autres-detenus-gueum-sa-bopp\/","name":"PRISON DE TAMBA - Bougane, enferm\u00e9 dans une cellule avec 48 autres d\u00e9tenus (Gueum sa bopp) | Nettali.com","isPartOf":{"@id":"https:\/\/www.nettali.com\/#website"},"primaryImageOfPage":{"@id":"https:\/\/www.nettali.com\/2024\/10\/22\/prison-de-tamba-bougane-enferme-dans-une-cellule-avec-48-autres-detenus-gueum-sa-bopp\/#primaryimage"},"datePublished":"2024-10-22T21:15:44+00:00","dateModified":"2024-10-24T07:14:04+00:00","author":{"@id":"https:\/\/www.nettali.com\/#\/schema\/person\/3317e0bb3aa1da309fbf7b2780901bf4"},"breadcrumb":{"@id":"https:\/\/www.nettali.com\/2024\/10\/22\/prison-de-tamba-bougane-enferme-dans-une-cellule-avec-48-autres-detenus-gueum-sa-bopp\/#breadcrumb"},"inLanguage":"fr-FR","potentialAction":[{"@type":"ReadAction","target":["https:\/\/www.nettali.com\/2024\/10\/22\/prison-de-tamba-bougane-enferme-dans-une-cellule-avec-48-autres-detenus-gueum-sa-bopp\/"]}]},{"@type":"BreadcrumbList","@id":"https:\/\/www.nettali.com\/2024\/10\/22\/prison-de-tamba-bougane-enferme-dans-une-cellule-avec-48-autres-detenus-gueum-sa-bopp\/#breadcrumb","itemListElement":[{"@type":"ListItem","position":1,"name":"Accueil","item":"https:\/\/www.nettali.com\/"},{"@type":"ListItem","position":2,"name":"PRISON DE TAMBA - Bougane, enferm\u00e9 dans une cellule avec 48 autres d\u00e9tenus (Gueum sa bopp)"}]},{"@type":"Person","@id":"https:\/\/www.nettali.com\/#\/schema\/person\/3317e0bb3aa1da309fbf7b2780901bf4","name":"Daouda","image":{"@type":"ImageObject","@id":"https:\/\/www.nettali.com\/#personlogo","inLanguage":"fr-FR","url":"https:\/\/secure.gravatar.com\/avatar\/8d143b5a49345098ddcfee1c49c2f47c?s=96&d=mm&r=g","contentUrl":"https:\/\/secure.gravatar.com\/avatar\/8d143b5a49345098ddcfee1c49c2f47c?s=96&d=mm&r=g","caption":"Daouda"},"sameAs":["https:\/\/www.nettali.com"]}]}},"_links":{"self":[{"href":"https:\/\/www.nettali.com\/rest\/wp\/v2\/posts\/142500"}],"collection":[{"href":"https:\/\/www.nettali.com\/rest\/wp\/v2\/posts"}],"about":[{"href":"https:\/\/www.nettali.com\/rest\/wp\/v2\/types\/post"}],"author":[{"embeddable":true,"href":"https:\/\/www.nettali.com\/rest\/wp\/v2\/users\/4"}],"replies":[{"embeddable":true,"href":"https:\/\/www.nettali.com\/rest\/wp\/v2\/comments?post=142500"}],"version-history":[{"count":4,"href":"https:\/\/www.nettali.com\/rest\/wp\/v2\/posts\/142500\/revisions"}],"predecessor-version":[{"id":142511,"href":"https:\/\/www.nettali.com\/rest\/wp\/v2\/posts\/142500\/revisions\/142511"}],"wp:featuredmedia":[{"embeddable":true,"href":"https:\/\/www.nettali.com\/rest\/wp\/v2\/media\/142316"}],"wp:attachment":[{"href":"https:\/\/www.nettali.com\/rest\/wp\/v2\/media?parent=142500"}],"wp:term":[{"taxonomy":"category","embeddable":true,"href":"https:\/\/www.nettali.com\/rest\/wp\/v2\/categories?post=142500"},{"taxonomy":"post_tag","embeddable":true,"href":"https:\/\/www.nettali.com\/rest\/wp\/v2\/tags?post=142500"}],"curies":[{"name":"wp","href":"https:\/\/api.w.org\/{rel}","templated":true}]}}