{"id":142497,"date":"2024-10-22T21:06:42","date_gmt":"2024-10-22T21:06:42","guid":{"rendered":"https:\/\/www.nettali.com\/?p=142497"},"modified":"2024-10-22T21:06:42","modified_gmt":"2024-10-22T21:06:42","slug":"legislatives-interdiction-du-port-darmes-dans-la-periode-allant-du-17-octobre-au-17-decembre-2024","status":"publish","type":"post","link":"https:\/\/www.nettali.com\/2024\/10\/22\/legislatives-interdiction-du-port-darmes-dans-la-periode-allant-du-17-octobre-au-17-decembre-2024\/","title":{"rendered":"LEGISLATIVES - Interdiction du port d'armes dans la p\u00e9riode allant du 17 octobre au 17 d\u00e9cembre 2024"},"content":{"rendered":"<div dir=\"auto\"><strong>NETTALI.COM - Le Ministre de l\u2019Int\u00e9rieur et de la S\u00e9curit\u00e9 publique vient de rendre public un arr\u00eat\u00e9 portant interdiction du port d'armes, de munitions et d'explosifs. <\/strong><\/div>\n<div dir=\"auto\"><\/div>\n<div dir=\"auto\">En son article premier, il est <em>\"interdit sur l'ensemble du territoire national, dans la p\u00e9riode allant du 17 octobre 2024 au 17 d\u00e9cembre 2024, le port d'armes de toutes cat\u00e9gories et de mati\u00e8res explosives\"<\/em>.<\/div>\n<div>\n<div id=\":2dm\" tabindex=\"0\" role=\"button\" aria-expanded=\"true\" aria-label=\"Masquer le contenu d\u00e9velopp\u00e9\" data-tooltip=\"Masquer le contenu d\u00e9velopp\u00e9\"><img src=\"https:\/\/ssl.gstatic.com\/ui\/v1\/icons\/mail\/images\/cleardot.gif\" \/><\/div>\n<\/div>\n<div>\n<div>\n<div dir=\"auto\">D'apr\u00e8s ledit document, <em>\"durant cette p\u00e9riode, aucune arme, quelle que soit sa cat\u00e9gorie ou sa nature, ne pourra \u00eatre transport\u00e9e hors des domiciles ou des lieux de travail\".<\/em><\/div>\n<div dir=\"auto\"><\/div>\n<div dir=\"auto\">Avant de pr\u00e9ciser que cette <em>\"interdiction est applicable aux nationaux, ainsi qu'aux \u00e9trangers ayant leur r\u00e9sidence habituelle au S\u00e9n\u00e9gal et titulaires du permis de port ou de d\u00e9tention d'armes...\"<\/em><\/div>\n<\/div>\n<\/div>\n<div class='share-to-whatsapp-wrapper'><div class='share-on-whsp'>PARTAGER SUR : <\/div><a data-text='LEGISLATIVES - Interdiction du port d'armes dans la p\u00e9riode allant du 17 octobre au 17 d\u00e9cembre 2024' data-link='https:\/\/www.nettali.com\/2024\/10\/22\/legislatives-interdiction-du-port-darmes-dans-la-periode-allant-du-17-octobre-au-17-decembre-2024\/' class='whatsapp-button whatsapp-share'>WhatsApp<\/a><div class='clear '><\/div><\/div>","protected":false},"excerpt":{"rendered":"<p>NETTALI.COM - Le Ministre de l\u2019Int\u00e9rieur et de la S\u00e9curit\u00e9 publique vient de rendre public un arr\u00eat\u00e9 portant interdiction du port d'armes, de munitions et d'explosifs. En son article premier, il est \"interdit sur l'ensemble du territoire national, dans la p\u00e9riode allant du 17 octobre 2024 au 17 d\u00e9cembre 2024, le port d'armes de toutes [&hellip;]<\/p>\n","protected":false},"author":4,"featured_media":142498,"comment_status":"open","ping_status":"open","sticky":false,"template":"","format":"standard","meta":{"_et_pb_use_builder":"","_et_pb_old_content":""},"categories":[3],"tags":[],"yoast_head":"<!-- This site is optimized with the Yoast SEO Premium plugin v17.8 (Yoast SEO v17.8) - https:\/\/yoast.com\/wordpress\/plugins\/seo\/ -->\n<title>LEGISLATIVES - Interdiction du port d&#039;armes dans la p\u00e9riode allant du 17 octobre au 17 d\u00e9cembre 2024 | Nettali.com<\/title>\n<meta name=\"robots\" content=\"index, follow, max-snippet:-1, max-image-preview:large, max-video-preview:-1\" \/>\n<link rel=\"canonical\" href=\"https:\/\/www.nettali.com\/2024\/10\/22\/legislatives-interdiction-du-port-darmes-dans-la-periode-allant-du-17-octobre-au-17-decembre-2024\/\" \/>\n<meta property=\"og:locale\" content=\"fr_FR\" \/>\n<meta property=\"og:type\" content=\"article\" \/>\n<meta property=\"og:title\" content=\"LEGISLATIVES - Interdiction du port d&#039;armes dans la p\u00e9riode allant du 17 octobre au 17 d\u00e9cembre 2024\" \/>\n<meta property=\"og:description\" content=\"NETTALI.COM - Le Ministre de l\u2019Int\u00e9rieur et de la S\u00e9curit\u00e9 publique vient de rendre public un arr\u00eat\u00e9 portant interdiction du port d&#039;armes, de munitions et d&#039;explosifs. En son article premier, il est &quot;interdit sur l&#039;ensemble du territoire national, dans la p\u00e9riode allant du 17 octobre 2024 au 17 d\u00e9cembre 2024, le port d&#039;armes de toutes [&hellip;]\" \/>\n<meta property=\"og:url\" content=\"https:\/\/www.nettali.com\/2024\/10\/22\/legislatives-interdiction-du-port-darmes-dans-la-periode-allant-du-17-octobre-au-17-decembre-2024\/\" \/>\n<meta property=\"og:site_name\" content=\"Nettali.com\" \/>\n<meta property=\"article:publisher\" content=\"https:\/\/www.facebook.com\/nettalicom\" \/>\n<meta property=\"article:published_time\" content=\"2024-10-22T21:06:42+00:00\" \/>\n<meta property=\"og:image\" content=\"https:\/\/www.nettali.com\/wp-content\/uploads\/2024\/10\/Capture-de\u0301cran-2024-10-22-a\u0300-21.04.38.png\" \/>\n\t<meta property=\"og:image:width\" content=\"915\" \/>\n\t<meta property=\"og:image:height\" content=\"571\" \/>\n<meta name=\"twitter:card\" content=\"summary_large_image\" \/>\n<meta name=\"twitter:label1\" content=\"\u00c9crit par\" \/>\n\t<meta name=\"twitter:data1\" content=\"Daouda\" \/>\n\t<meta name=\"twitter:label2\" content=\"Dur\u00e9e de lecture estim\u00e9e\" \/>\n\t<meta name=\"twitter:data2\" content=\"1 minute\" \/>\n<script type=\"application\/ld+json\" class=\"yoast-schema-graph\">{\"@context\":\"https:\/\/schema.org\",\"@graph\":[{\"@type\":\"WebSite\",\"@id\":\"https:\/\/www.nettali.com\/#website\",\"url\":\"https:\/\/www.nettali.com\/\",\"name\":\"Nettali.com\",\"description\":\"Le rendez-vous critique du Net\",\"potentialAction\":[{\"@type\":\"SearchAction\",\"target\":{\"@type\":\"EntryPoint\",\"urlTemplate\":\"https:\/\/www.nettali.com\/?s={search_term_string}\"},\"query-input\":\"required name=search_term_string\"}],\"inLanguage\":\"fr-FR\"},{\"@type\":\"ImageObject\",\"@id\":\"https:\/\/www.nettali.com\/2024\/10\/22\/legislatives-interdiction-du-port-darmes-dans-la-periode-allant-du-17-octobre-au-17-decembre-2024\/#primaryimage\",\"inLanguage\":\"fr-FR\",\"url\":\"https:\/\/www.nettali.com\/wp-content\/uploads\/2024\/10\/Capture-de\\u0301cran-2024-10-22-a\\u0300-21.04.38.png\",\"contentUrl\":\"https:\/\/www.nettali.com\/wp-content\/uploads\/2024\/10\/Capture-de\\u0301cran-2024-10-22-a\\u0300-21.04.38.png\",\"width\":915,\"height\":571},{\"@type\":\"WebPage\",\"@id\":\"https:\/\/www.nettali.com\/2024\/10\/22\/legislatives-interdiction-du-port-darmes-dans-la-periode-allant-du-17-octobre-au-17-decembre-2024\/#webpage\",\"url\":\"https:\/\/www.nettali.com\/2024\/10\/22\/legislatives-interdiction-du-port-darmes-dans-la-periode-allant-du-17-octobre-au-17-decembre-2024\/\",\"name\":\"LEGISLATIVES - Interdiction du port d'armes dans la p\\u00e9riode allant du 17 octobre au 17 d\\u00e9cembre 2024 | Nettali.com\",\"isPartOf\":{\"@id\":\"https:\/\/www.nettali.com\/#website\"},\"primaryImageOfPage\":{\"@id\":\"https:\/\/www.nettali.com\/2024\/10\/22\/legislatives-interdiction-du-port-darmes-dans-la-periode-allant-du-17-octobre-au-17-decembre-2024\/#primaryimage\"},\"datePublished\":\"2024-10-22T21:06:42+00:00\",\"dateModified\":\"2024-10-22T21:06:42+00:00\",\"author\":{\"@id\":\"https:\/\/www.nettali.com\/#\/schema\/person\/3317e0bb3aa1da309fbf7b2780901bf4\"},\"breadcrumb\":{\"@id\":\"https:\/\/www.nettali.com\/2024\/10\/22\/legislatives-interdiction-du-port-darmes-dans-la-periode-allant-du-17-octobre-au-17-decembre-2024\/#breadcrumb\"},\"inLanguage\":\"fr-FR\",\"potentialAction\":[{\"@type\":\"ReadAction\",\"target\":[\"https:\/\/www.nettali.com\/2024\/10\/22\/legislatives-interdiction-du-port-darmes-dans-la-periode-allant-du-17-octobre-au-17-decembre-2024\/\"]}]},{\"@type\":\"BreadcrumbList\",\"@id\":\"https:\/\/www.nettali.com\/2024\/10\/22\/legislatives-interdiction-du-port-darmes-dans-la-periode-allant-du-17-octobre-au-17-decembre-2024\/#breadcrumb\",\"itemListElement\":[{\"@type\":\"ListItem\",\"position\":1,\"name\":\"Accueil\",\"item\":\"https:\/\/www.nettali.com\/\"},{\"@type\":\"ListItem\",\"position\":2,\"name\":\"LEGISLATIVES - Interdiction du port d'armes dans la p\\u00e9riode allant du 17 octobre au 17 d\\u00e9cembre 2024\"}]},{\"@type\":\"Person\",\"@id\":\"https:\/\/www.nettali.com\/#\/schema\/person\/3317e0bb3aa1da309fbf7b2780901bf4\",\"name\":\"Daouda\",\"image\":{\"@type\":\"ImageObject\",\"@id\":\"https:\/\/www.nettali.com\/#personlogo\",\"inLanguage\":\"fr-FR\",\"url\":\"https:\/\/secure.gravatar.com\/avatar\/8d143b5a49345098ddcfee1c49c2f47c?s=96&d=mm&r=g\",\"contentUrl\":\"https:\/\/secure.gravatar.com\/avatar\/8d143b5a49345098ddcfee1c49c2f47c?s=96&d=mm&r=g\",\"caption\":\"Daouda\"},\"sameAs\":[\"https:\/\/www.nettali.com\"]}]}<\/script>\n<!-- \/ Yoast SEO Premium plugin. -->","yoast_head_json":{"title":"LEGISLATIVES - Interdiction du port d'armes dans la p\u00e9riode allant du 17 octobre au 17 d\u00e9cembre 2024 | Nettali.com","robots":{"index":"index","follow":"follow","max-snippet":"max-snippet:-1","max-image-preview":"max-image-preview:large","max-video-preview":"max-video-preview:-1"},"canonical":"https:\/\/www.nettali.com\/2024\/10\/22\/legislatives-interdiction-du-port-darmes-dans-la-periode-allant-du-17-octobre-au-17-decembre-2024\/","og_locale":"fr_FR","og_type":"article","og_title":"LEGISLATIVES - Interdiction du port d'armes dans la p\u00e9riode allant du 17 octobre au 17 d\u00e9cembre 2024","og_description":"NETTALI.COM - Le Ministre de l\u2019Int\u00e9rieur et de la S\u00e9curit\u00e9 publique vient de rendre public un arr\u00eat\u00e9 portant interdiction du port d'armes, de munitions et d'explosifs. En son article premier, il est \"interdit sur l'ensemble du territoire national, dans la p\u00e9riode allant du 17 octobre 2024 au 17 d\u00e9cembre 2024, le port d'armes de toutes [&hellip;]","og_url":"https:\/\/www.nettali.com\/2024\/10\/22\/legislatives-interdiction-du-port-darmes-dans-la-periode-allant-du-17-octobre-au-17-decembre-2024\/","og_site_name":"Nettali.com","article_publisher":"https:\/\/www.facebook.com\/nettalicom","article_published_time":"2024-10-22T21:06:42+00:00","og_image":[{"width":915,"height":571,"url":"https:\/\/www.nettali.com\/wp-content\/uploads\/2024\/10\/Capture-de\u0301cran-2024-10-22-a\u0300-21.04.38.png","type":"image\/png"}],"twitter_card":"summary_large_image","twitter_misc":{"\u00c9crit par":"Daouda","Dur\u00e9e de lecture estim\u00e9e":"1 minute"},"schema":{"@context":"https:\/\/schema.org","@graph":[{"@type":"WebSite","@id":"https:\/\/www.nettali.com\/#website","url":"https:\/\/www.nettali.com\/","name":"Nettali.com","description":"Le rendez-vous critique du Net","potentialAction":[{"@type":"SearchAction","target":{"@type":"EntryPoint","urlTemplate":"https:\/\/www.nettali.com\/?s={search_term_string}"},"query-input":"required name=search_term_string"}],"inLanguage":"fr-FR"},{"@type":"ImageObject","@id":"https:\/\/www.nettali.com\/2024\/10\/22\/legislatives-interdiction-du-port-darmes-dans-la-periode-allant-du-17-octobre-au-17-decembre-2024\/#primaryimage","inLanguage":"fr-FR","url":"https:\/\/www.nettali.com\/wp-content\/uploads\/2024\/10\/Capture-de\u0301cran-2024-10-22-a\u0300-21.04.38.png","contentUrl":"https:\/\/www.nettali.com\/wp-content\/uploads\/2024\/10\/Capture-de\u0301cran-2024-10-22-a\u0300-21.04.38.png","width":915,"height":571},{"@type":"WebPage","@id":"https:\/\/www.nettali.com\/2024\/10\/22\/legislatives-interdiction-du-port-darmes-dans-la-periode-allant-du-17-octobre-au-17-decembre-2024\/#webpage","url":"https:\/\/www.nettali.com\/2024\/10\/22\/legislatives-interdiction-du-port-darmes-dans-la-periode-allant-du-17-octobre-au-17-decembre-2024\/","name":"LEGISLATIVES - Interdiction du port d'armes dans la p\u00e9riode allant du 17 octobre au 17 d\u00e9cembre 2024 | Nettali.com","isPartOf":{"@id":"https:\/\/www.nettali.com\/#website"},"primaryImageOfPage":{"@id":"https:\/\/www.nettali.com\/2024\/10\/22\/legislatives-interdiction-du-port-darmes-dans-la-periode-allant-du-17-octobre-au-17-decembre-2024\/#primaryimage"},"datePublished":"2024-10-22T21:06:42+00:00","dateModified":"2024-10-22T21:06:42+00:00","author":{"@id":"https:\/\/www.nettali.com\/#\/schema\/person\/3317e0bb3aa1da309fbf7b2780901bf4"},"breadcrumb":{"@id":"https:\/\/www.nettali.com\/2024\/10\/22\/legislatives-interdiction-du-port-darmes-dans-la-periode-allant-du-17-octobre-au-17-decembre-2024\/#breadcrumb"},"inLanguage":"fr-FR","potentialAction":[{"@type":"ReadAction","target":["https:\/\/www.nettali.com\/2024\/10\/22\/legislatives-interdiction-du-port-darmes-dans-la-periode-allant-du-17-octobre-au-17-decembre-2024\/"]}]},{"@type":"BreadcrumbList","@id":"https:\/\/www.nettali.com\/2024\/10\/22\/legislatives-interdiction-du-port-darmes-dans-la-periode-allant-du-17-octobre-au-17-decembre-2024\/#breadcrumb","itemListElement":[{"@type":"ListItem","position":1,"name":"Accueil","item":"https:\/\/www.nettali.com\/"},{"@type":"ListItem","position":2,"name":"LEGISLATIVES - Interdiction du port d'armes dans la p\u00e9riode allant du 17 octobre au 17 d\u00e9cembre 2024"}]},{"@type":"Person","@id":"https:\/\/www.nettali.com\/#\/schema\/person\/3317e0bb3aa1da309fbf7b2780901bf4","name":"Daouda","image":{"@type":"ImageObject","@id":"https:\/\/www.nettali.com\/#personlogo","inLanguage":"fr-FR","url":"https:\/\/secure.gravatar.com\/avatar\/8d143b5a49345098ddcfee1c49c2f47c?s=96&d=mm&r=g","contentUrl":"https:\/\/secure.gravatar.com\/avatar\/8d143b5a49345098ddcfee1c49c2f47c?s=96&d=mm&r=g","caption":"Daouda"},"sameAs":["https:\/\/www.nettali.com"]}]}},"_links":{"self":[{"href":"https:\/\/www.nettali.com\/rest\/wp\/v2\/posts\/142497"}],"collection":[{"href":"https:\/\/www.nettali.com\/rest\/wp\/v2\/posts"}],"about":[{"href":"https:\/\/www.nettali.com\/rest\/wp\/v2\/types\/post"}],"author":[{"embeddable":true,"href":"https:\/\/www.nettali.com\/rest\/wp\/v2\/users\/4"}],"replies":[{"embeddable":true,"href":"https:\/\/www.nettali.com\/rest\/wp\/v2\/comments?post=142497"}],"version-history":[{"count":1,"href":"https:\/\/www.nettali.com\/rest\/wp\/v2\/posts\/142497\/revisions"}],"predecessor-version":[{"id":142499,"href":"https:\/\/www.nettali.com\/rest\/wp\/v2\/posts\/142497\/revisions\/142499"}],"wp:featuredmedia":[{"embeddable":true,"href":"https:\/\/www.nettali.com\/rest\/wp\/v2\/media\/142498"}],"wp:attachment":[{"href":"https:\/\/www.nettali.com\/rest\/wp\/v2\/media?parent=142497"}],"wp:term":[{"taxonomy":"category","embeddable":true,"href":"https:\/\/www.nettali.com\/rest\/wp\/v2\/categories?post=142497"},{"taxonomy":"post_tag","embeddable":true,"href":"https:\/\/www.nettali.com\/rest\/wp\/v2\/tags?post=142497"}],"curies":[{"name":"wp","href":"https:\/\/api.w.org\/{rel}","templated":true}]}}